{"id":11392,"date":"2023-05-23T15:50:00","date_gmt":"2023-05-23T13:50:00","guid":{"rendered":"https:\/\/nid.pl\/?p=11392"},"modified":"2023-06-22T12:07:31","modified_gmt":"2023-06-22T10:07:31","slug":"tradycje-od-pokolen-niematerialne-dziedzictwo-kulturowe-w-polsce-otwarcie-wystawy-w-muzeum-zamkowym-w-sandomierzu","status":"publish","type":"post","link":"https:\/\/nid.pl\/en\/2023\/05\/23\/tradycje-od-pokolen-niematerialne-dziedzictwo-kulturowe-w-polsce-otwarcie-wystawy-w-muzeum-zamkowym-w-sandomierzu\/","title":{"rendered":"Tradycje od pokole\u0144. Niematerialne dziedzictwo kulturowe w Polsce \u2013 otwarcie wystawy w Muzeum Zamkowym w Sandomierzu"},"content":{"rendered":"<p><strong>W Sandomierzu odby\u0142y si\u0119 obchody Jubileuszu 20-lecia Konwencji UNESCO w sprawie ochrony niematerialnego dziedzictwa kulturowego i 10-lecia Krajowej listy niematerialnego dziedzictwa kulturowego. Z tej okazji zosta\u0142a otwarta wystawa \u201eTradycje od pokole\u0144. Niematerialne dziedzictwo kulturowe w Polsce\u201d przygotowana przez Narodowy Instytut Dziedzictwa. Wydarzeniu towarzyszy\u0142a konferencja oraz prezentacja wybranych zjawisk z wojew\u00f3dztw \u015bwi\u0119tokrzyskiego, lubelskiego i podkarpackiego.<\/strong><\/p>\n\n\n\n<p>Sandomierz nazywany \u201eMa\u0142ym Rzymem\u201d, usytuowany jest na siedmiu wzg\u00f3rzach. &nbsp;Na jednym z nich, gdzie znajduje si\u0119 Muzeum Zamkowe, otwarto wystaw\u0119 po\u015bwi\u0119con\u0105 niematerialnemu dziedzictwu kulturowemu, kt\u00f3re obejmuje formy ludzkiej aktywno\u015bci z&nbsp;zakresu kultury spo\u0142ecznej i&nbsp;duchowej. Na Li\u015bcie reprezentatywnej niematerialnego dziedzictwa kulturowego ludzko\u015bci UNESCO znajduje si\u0119 ju\u017c pi\u0119\u0107 polskich wpis\u00f3w: szopkarstwo krakowskie, kultura bartnicza, sokolnictwo, dywany kwiatowe przygotowywane na procesje Bo\u017cego Cia\u0142a oraz tradycje flisackie.<\/p>\n\n\n\n<p>Od 2013 roku Narodowy Instytut Dziedzictwa w imieniu Ministra Kultury i Dziedzictwa Narodowego prowadzi Krajow\u0105 list\u0119 niematerialnego dziedzictwa kulturowego, kt\u00f3ra jest spisem r\u00f3\u017cnorodnych przejaw\u00f3w i bogactwa \u017cywego dziedzictwa niematerialnego z ca\u0142ej Polski, a tak\u017ce wyrazem uznania dla spo\u0142eczno\u015bci kultywuj\u0105cych w\u0142asne tradycje. Obecnie na li\u015bcie znajduje si\u0119 ponad 70 zjawisk, m.in. tradycja wytwarzania koronki koniakowskiej, kol\u0119dowanie, zabawkarstwo \u017cywiecko-suskie, bacowanie czy te\u017c czy te\u017c muzyka carillonowa.<\/p>\n\n\n\n<p>W wydarzeniu w sandomierskim Muzeum Zamkowym udzia\u0142 wzi\u0119li: Zbigniew Koniusz, wojewoda \u015bwi\u0119tokrzyski, Ewa Draus, Wicemarsza\u0142ek Wojew\u00f3dztwa Podkarpackiego, Marcin Marzec, burmistrz Sandomierza, Joanna Modras, \u015bwi\u0119tokrzyski wojew\u00f3dzki konserwator zabytk\u00f3w, dr hab. Miko\u0142aj Getka-Kenig, dyrektor Muzeum Zamkowego w Sandomierzu, dr hab. Katarzyna Zalasi\u0144ska, dyrektor Narodowego Instytutu Dziedzictwa oraz przedstawiciele wybranych zjawisk wpisanych na Krajow\u0105 list\u0119 niematerialnego dziedzictwa kulturowego.<\/p>\n\n\n\n<p>Bez depozytariuszy nie by\u0142oby jednak niematerialnego dziedzictwa kulturowego, dlatego nie zabrak\u0142o przedstawicieli takich zjawisk jak: Bziuki &#8211; wielkanocny zwyczaj dmuchania ogni w Koprzywnicy, Perebory &#8211; nadbu\u017ca\u0144skie tradycje tkackie, Zwyczaj dunajowania w \u0141ukowej i okolicach, Brodacze ze S\u0142awatycz \u2013 zwyczaj po\u017cegnania starego roku, Flisackie tradycje w Ulanowie, &#8220;Turki&#8221; grodziskie, Plecionkarstwo w Polsce, Sejmiki wiejskich zespo\u0142\u00f3w teatralnych i og\u00f3lnopolski ruch wiejskich amatorskich zespo\u0142\u00f3w teatralnych, Og\u00f3lnopolski Festiwal Kapel i \u015apiewak\u00f3w Ludowych z Targami Sztuki Ludowej, Reaktywacja i rozw\u00f3j drzeworytu p\u0142azowskiego.<\/p>\n\n\n\n<p>Otwieraj\u0105c wystaw\u0119, dyrektor NID, dr hab. Katarzyna Zalasi\u0144ska, przypomnia\u0142a, \u017ce w centrum dzia\u0142a\u0144 zwi\u0105zanych z dziedzictwem niematerialnym jest cz\u0142owiek: &nbsp;<\/p>\n\n\n\n<p>\u2013<em> Tradycje przekazywane z pokolenia na pokolenie s\u0105 jednym z najistotniejszych element\u00f3w dziedzictwa kulturowego ka\u017cdej spo\u0142eczno\u015bci. W przypadku niematerialnego dziedzictwa no\u015bnikiem pami\u0119ci nie s\u0105 mury, obiekty, forma architektoniczna, ale cz\u0142owiek, kt\u00f3ry to dziedzictwo piel\u0119gnuje, jako wyraz to\u017csamo\u015bci, poczucia przynale\u017cno\u015bci do wsp\u00f3lnoty i wi\u0119zi mi\u0119dzypokoleniowej. (\u2026) Najpierw trzeba go pozna\u0107, szanowa\u0107, i w ten spos\u00f3b ten element niematerialnego dziedzictwa si\u0119 chroni \u2013 <\/em>podkre\u015bli\u0142a dyrektor Zalasi\u0144ska.<\/p>\n\n\n\n<p>Wydarzenie by\u0142o r\u00f3wnie\u017c okazj\u0105 do wr\u0119czenia pami\u0105tkowych dyplom\u00f3w przedstawicielom zjawisk wpisanych na <a href=\"https:\/\/niematerialne.nid.pl\/niematerialne-dziedzictwo-kulturowe\/krajowa-lista-niematerialnego-dziedzictwa-kulturowego\/\" target=\"_blank\" rel=\"noreferrer noopener\">Krajow\u0105 list\u0119  niematerialnego dziedzictwa kulturowego<\/a> oraz do <a href=\"https:\/\/niematerialne.nid.pl\/niematerialne-dziedzictwo-kulturowe\/krajowy-rejestr-dobrych-praktyk\/\" target=\"_blank\" rel=\"noreferrer noopener\">Krajowego rejestru dobrych praktyk w ochronie niematerialnego dziedzictwa kulturowego<\/a>:<\/p>\n\n\n\n<ol class=\"wp-block-list\"><li>Bziuki &#8211; wielkanocny zwyczaj dmuchania ogni w Koprzywnicy,<\/li><li>Perebory &#8211; nadbu\u017ca\u0144skie tradycje tkackie,<\/li><li>Zwyczaj dunajowania w \u0141ukowej i okolicach,<\/li><li>Brodacze ze S\u0142awatycz \u2013 zwyczaj po\u017cegnania starego roku,<\/li><li>Flisackie tradycje w Ulanowie,<\/li><li>&#8220;Turki&#8221; grodziskie,<\/li><li>Plecionkarstwo w Polsce,<\/li><li>Sejmiki wiejskich zespo\u0142\u00f3w teatralnych i og\u00f3lnopolski ruch wiejskich amatorskich zespo\u0142\u00f3w teatralnych,<\/li><li>Og\u00f3lnopolski Festiwal Kapel i \u015apiewak\u00f3w Ludowych z Targami Sztuki Ludowej,<\/li><li>Reaktywacja i rozw\u00f3j drzeworytu p\u0142azowskiego.<\/li><\/ol>\n\n\n\n<p>Tego dnia nie zabrak\u0142o prezentacji tradycyjnych zwyczaj\u00f3w. Uczestnicy wydarzenia mogli podziwia\u0107 parad\u0119 \u201eTurk\u00f3w\u201d Grodziskich, a tak\u017ce zapozna\u0107 si\u0119 ze stoiskami depozytariuszy.<\/p>\n\n\n\n<p>\u201eTurki\u201d to potoczna nazwa oddzia\u0142\u00f3w wielkanocnej stra\u017cy grobowej, kt\u00f3re pe\u0142ni\u0105 wart\u0119 przy symbolicznych grobach Chrystusa w parafialnych ko\u015bcio\u0142ach, w okresie od Wielkiego Pi\u0105tku do Rezurekcji. Dla podtrzymania \u017cywotno\u015bci tej unikatowej tradycji wielkanocnej w 1993 roku w Grodzisku Dolnym O\u015brodek Kultury zorganizowa\u0142 widowisko pod nazw\u0105 Wielkanocna Parada Stra\u017cy Grobowych \u201eTurki\u201d. W 1998 roku przyj\u0119\u0142a nazw\u0119 Ma\u0142opolskiej Parady Stra\u017cy Wielkanocnych. Do tego czasu mia\u0142a ona zasi\u0119g jedynie regionalny. Bra\u0142y w nich udzia\u0142 podobne grupy obrz\u0119dowe z terenu Podkarpacia. Jej regionalny charakter podkre\u015bla\u0142a przyj\u0119ta w 2000 roku nazwa Podkarpacka Parada Stra\u017cy Wielkanocnych. Zainteresowanie udzia\u0142em w niej oddzia\u0142\u00f3w stra\u017cy wielkanocnych z innych region\u00f3w Polski rozszerzy\u0142o jej zasi\u0119g terytorialny na tyle, \u017ce uzyska\u0142a ona status og\u00f3lnokrajowy. W zwi\u0105zku z tym od 2003 roku jest to ju\u017c Og\u00f3lnopolska Parada Stra\u017cy Wielkanocnych. Zgodnie z przyj\u0119t\u0105 w 1995 roku zasad\u0105, co drugi rok Parada odbywa si\u0119 w innej miejscowo\u015bci regionu. Obyczaj \u201eTurk\u00f3w\u201d jest autentyczn\u0105 kontynuacj\u0105 wielkanocnej tradycji, kt\u00f3ra stanowi jeden z istotnych czynnik\u00f3w to\u017csamo\u015bci kulturowej mieszka\u0144c\u00f3w Grodziska. W 2017 roku zjawisko to zosta\u0142o pisane na <a href=\"https:\/\/niematerialne.nid.pl\/niematerialne-dziedzictwo-kulturowe\/krajowa-lista-niematerialnego-dziedzictwa-kulturowego\/\" target=\"_blank\" rel=\"noreferrer noopener\">Krajow\u0105 list\u0119 niematerialnego dziedzictwa kulturowego<\/a>.<\/p>\n\n\n\n<p>Otwarciu wystawy towarzyszy\u0142a konferencja po\u015bwi\u0119cona niematerialnemu dziedzictwu kulturowemu trzech wojew\u00f3dztw: \u015bwi\u0119tokrzyskiego, lubelskiego i podkarpackiego oraz prezentacja filmu po\u015bwi\u0119conego flisactwu, kt\u00f3re w 2022 roku zosta\u0142o wpisanemu na list\u0119 UNESCO.<\/p>\n\n\n\n<p>Wsp\u00f3\u0142organizatorem wydarzenia by\u0142o Muzeum Zamkowe w Sandomierzu.<\/p>\n\n\n\n<p><strong>Terminy i&nbsp;miejsca prezentacji wystawy:<\/strong><\/p>\n\n\n\n<ul class=\"wp-block-list\"><li>Pozna\u0144 \u2013 od 29 kwietnia do 17 maja, dziedziniec Og\u00f3lnokszta\u0142c\u0105cej Szko\u0142y Baletowej im. Olgi S\u0142awskiej-Lipczy\u0144skiej<\/li><li><strong>Sandomierz \u2013 od 19 maja do 3 czerwca, dziedziniec Muzeum Zamkowego w Sandomierzu<\/strong><\/li><li>\u0141\u00f3d\u017a \u2013 od 5 czerwca do 17 lipca, Rynek Manufaktury<\/li><li>Katowice \u2013 od 22 lipca do 13 sierpnia, teren Muzeum \u015al\u0105skiego<\/li><li>Niemodlin \u2013 od 15 sierpnia do 19 wrze\u015bnia, Zamek w Niemodlinie<\/li><li>Ostro\u0142\u0119ka \u2013 21 wrze\u015bnia do 21 pa\u017adziernika, Muzeum Kultury Kurpiowskiej<\/li><\/ul>\n\n\n\n<p>Ka\u017cdorazowo otwarciu wystawy towarzysz\u0105 sesje, spotkania oraz konferencje organizowane przez lokalne oddzia\u0142y NID. W pa\u017adzierniku Jubileusz zako\u0144czy uroczysta Gala wr\u0119czenia wpis\u00f3w na Krajow\u0105 list\u0119. Szczeg\u00f3\u0142owe informacje dotycz\u0105ce planowanych wydarze\u0144, dost\u0119pne b\u0119d\u0105 na stronie <a href=\"https:\/\/nid.pl\/en\/\" target=\"_blank\" rel=\"noreferrer noopener\">nid.pl<\/a>.<\/p>\n\n\n\n<p><strong>Wystawa zosta\u0142a obj\u0119ta honorowym patronatem Polskiego Komitetu do spraw UNESCO.<\/strong><\/p>\n\n\n\n<p>Organizacja jubileuszu \u201e10 lat Krajowej listy niematerialnego dziedzictwa kulturowego\u201d finansowana jest ze \u015brodk\u00f3w Ministerstwa Kultury i Dziedzictwa Narodowego.<\/p>\n\n\n\n<p><\/p>\n\n\n\n<figure class=\"wp-block-gallery has-nested-images columns-default is-cropped wp-block-gallery-1 is-layout-flex wp-block-gallery-is-layout-flex\">\n<figure class=\"wp-block-image size-large\"><img loading=\"lazy\" decoding=\"async\" width=\"768\" height=\"1024\" data-id=\"11393\" src=\"https:\/\/nid.pl\/wp-content\/uploads\/2023\/05\/Sandomierz-niematerialne-01-768x1024.jpeg\" alt=\"\" class=\"wp-image-11393\"\/><\/figure>\n<\/figure>\n\n\n\n<figure class=\"wp-block-gallery has-nested-images columns-default is-cropped wp-block-gallery-2 is-layout-flex wp-block-gallery-is-layout-flex\">\n<figure class=\"wp-block-image size-large\"><img loading=\"lazy\" decoding=\"async\" width=\"1490\" height=\"1512\" data-id=\"11394\" src=\"https:\/\/nid.pl\/wp-content\/uploads\/2023\/05\/Sandomierz-niematerialne-02.jpeg\" alt=\"\" class=\"wp-image-11394\" srcset=\"https:\/\/nid.pl\/wp-content\/uploads\/2023\/05\/Sandomierz-niematerialne-02.jpeg 1490w, https:\/\/nid.pl\/wp-content\/uploads\/2023\/05\/Sandomierz-niematerialne-02-1280x1299.jpeg 1280w, https:\/\/nid.pl\/wp-content\/uploads\/2023\/05\/Sandomierz-niematerialne-02-980x994.jpeg 980w, https:\/\/nid.pl\/wp-content\/uploads\/2023\/05\/Sandomierz-niematerialne-02-480x487.jpeg 480w\" sizes=\"(min-width: 0px) and (max-width: 480px) 480px, (min-width: 481px) and (max-width: 980px) 980px, (min-width: 981px) and (max-width: 1280px) 1280px, (min-width: 1281px) 1490px, 100vw\" \/><\/figure>\n<\/figure>\n\n\n\n<figure class=\"wp-block-image size-large is-style-default\"><img loading=\"lazy\" decoding=\"async\" width=\"2051\" height=\"2560\" src=\"https:\/\/nid.pl\/wp-content\/uploads\/2023\/05\/IMG_2816-scaled.jpeg\" alt=\"\" class=\"wp-image-11440\" srcset=\"https:\/\/nid.pl\/wp-content\/uploads\/2023\/05\/IMG_2816-scaled.jpeg 2051w, https:\/\/nid.pl\/wp-content\/uploads\/2023\/05\/IMG_2816-1280x1598.jpeg 1280w, https:\/\/nid.pl\/wp-content\/uploads\/2023\/05\/IMG_2816-980x1223.jpeg 980w, https:\/\/nid.pl\/wp-content\/uploads\/2023\/05\/IMG_2816-480x599.jpeg 480w\" sizes=\"(min-width: 0px) and (max-width: 480px) 480px, (min-width: 481px) and (max-width: 980px) 980px, (min-width: 981px) and (max-width: 1280px) 1280px, (min-width: 1281px) 2051px, 100vw\" \/><\/figure>\n\n\n\n<figure class=\"wp-block-image size-large is-style-default\"><img loading=\"lazy\" decoding=\"async\" width=\"1576\" height=\"2560\" src=\"https:\/\/nid.pl\/wp-content\/uploads\/2023\/05\/IMG_2820-scaled.jpeg\" alt=\"\" class=\"wp-image-11441\" srcset=\"https:\/\/nid.pl\/wp-content\/uploads\/2023\/05\/IMG_2820-scaled.jpeg 1576w, https:\/\/nid.pl\/wp-content\/uploads\/2023\/05\/IMG_2820-1280x2079.jpeg 1280w, https:\/\/nid.pl\/wp-content\/uploads\/2023\/05\/IMG_2820-980x1592.jpeg 980w, https:\/\/nid.pl\/wp-content\/uploads\/2023\/05\/IMG_2820-480x780.jpeg 480w\" sizes=\"(min-width: 0px) and (max-width: 480px) 480px, (min-width: 481px) and (max-width: 980px) 980px, (min-width: 981px) and (max-width: 1280px) 1280px, (min-width: 1281px) 1576px, 100vw\" \/><\/figure>\n\n\n\n<figure class=\"wp-block-image size-large is-style-default\"><img loading=\"lazy\" decoding=\"async\" width=\"1819\" height=\"2523\" src=\"https:\/\/nid.pl\/wp-content\/uploads\/2023\/05\/IMG_2823.jpeg\" alt=\"\" class=\"wp-image-11442\" srcset=\"https:\/\/nid.pl\/wp-content\/uploads\/2023\/05\/IMG_2823.jpeg 1819w, https:\/\/nid.pl\/wp-content\/uploads\/2023\/05\/IMG_2823-1280x1775.jpeg 1280w, https:\/\/nid.pl\/wp-content\/uploads\/2023\/05\/IMG_2823-980x1359.jpeg 980w, https:\/\/nid.pl\/wp-content\/uploads\/2023\/05\/IMG_2823-480x666.jpeg 480w\" sizes=\"(min-width: 0px) and (max-width: 480px) 480px, (min-width: 481px) and (max-width: 980px) 980px, (min-width: 981px) and (max-width: 1280px) 1280px, (min-width: 1281px) 1819px, 100vw\" \/><\/figure>\n\n\n\n<figure class=\"wp-block-image size-large is-style-default\"><img loading=\"lazy\" decoding=\"async\" width=\"1920\" height=\"2560\" src=\"https:\/\/nid.pl\/wp-content\/uploads\/2023\/05\/IMG_2835-scaled.jpeg\" alt=\"\" class=\"wp-image-11443\" srcset=\"https:\/\/nid.pl\/wp-content\/uploads\/2023\/05\/IMG_2835-scaled.jpeg 1920w, https:\/\/nid.pl\/wp-content\/uploads\/2023\/05\/IMG_2835-1280x1707.jpeg 1280w, https:\/\/nid.pl\/wp-content\/uploads\/2023\/05\/IMG_2835-980x1307.jpeg 980w, https:\/\/nid.pl\/wp-content\/uploads\/2023\/05\/IMG_2835-480x640.jpeg 480w\" sizes=\"(min-width: 0px) and (max-width: 480px) 480px, (min-width: 481px) and (max-width: 980px) 980px, (min-width: 981px) and (max-width: 1280px) 1280px, (min-width: 1281px) 1920px, 100vw\" \/><\/figure>\n\n\n\n<figure class=\"wp-block-gallery has-nested-images columns-default is-cropped wp-block-gallery-3 is-layout-flex wp-block-gallery-is-layout-flex\">\n<figure class=\"wp-block-image size-large\"><img loading=\"lazy\" decoding=\"async\" width=\"2016\" height=\"1512\" data-id=\"11414\" src=\"https:\/\/nid.pl\/wp-content\/uploads\/2023\/05\/Sandomierz-niematerialne-21.jpeg\" alt=\"\" class=\"wp-image-11414\" srcset=\"https:\/\/nid.pl\/wp-content\/uploads\/2023\/05\/Sandomierz-niematerialne-21.jpeg 2016w, https:\/\/nid.pl\/wp-content\/uploads\/2023\/05\/Sandomierz-niematerialne-21-1280x960.jpeg 1280w, https:\/\/nid.pl\/wp-content\/uploads\/2023\/05\/Sandomierz-niematerialne-21-980x735.jpeg 980w, https:\/\/nid.pl\/wp-content\/uploads\/2023\/05\/Sandomierz-niematerialne-21-480x360.jpeg 480w\" sizes=\"(min-width: 0px) and (max-width: 480px) 480px, (min-width: 481px) and (max-width: 980px) 980px, (min-width: 981px) and (max-width: 1280px) 1280px, (min-width: 1281px) 2016px, 100vw\" \/><\/figure>\n<\/figure>\n\n\n\n<figure class=\"wp-block-gallery has-nested-images columns-default is-cropped wp-block-gallery-4 is-layout-flex wp-block-gallery-is-layout-flex\">\n<figure class=\"wp-block-image size-large\"><img loading=\"lazy\" decoding=\"async\" width=\"1512\" height=\"2016\" data-id=\"11395\" src=\"https:\/\/nid.pl\/wp-content\/uploads\/2023\/05\/Sandomierz-niematerialne-03.jpeg\" alt=\"\" class=\"wp-image-11395\" srcset=\"https:\/\/nid.pl\/wp-content\/uploads\/2023\/05\/Sandomierz-niematerialne-03.jpeg 1512w, https:\/\/nid.pl\/wp-content\/uploads\/2023\/05\/Sandomierz-niematerialne-03-1280x1707.jpeg 1280w, https:\/\/nid.pl\/wp-content\/uploads\/2023\/05\/Sandomierz-niematerialne-03-980x1307.jpeg 980w, https:\/\/nid.pl\/wp-content\/uploads\/2023\/05\/Sandomierz-niematerialne-03-480x640.jpeg 480w\" sizes=\"(min-width: 0px) and (max-width: 480px) 480px, (min-width: 481px) and (max-width: 980px) 980px, (min-width: 981px) and (max-width: 1280px) 1280px, (min-width: 1281px) 1512px, 100vw\" \/><\/figure>\n<\/figure>\n\n\n\n<figure class=\"wp-block-gallery has-nested-images columns-default is-cropped wp-block-gallery-5 is-layout-flex wp-block-gallery-is-layout-flex\">\n<figure class=\"wp-block-image size-large\"><img loading=\"lazy\" decoding=\"async\" width=\"2016\" height=\"1512\" data-id=\"11396\" src=\"https:\/\/nid.pl\/wp-content\/uploads\/2023\/05\/Sandomierz-niematerialne-04.jpeg\" alt=\"\" class=\"wp-image-11396\" srcset=\"https:\/\/nid.pl\/wp-content\/uploads\/2023\/05\/Sandomierz-niematerialne-04.jpeg 2016w, https:\/\/nid.pl\/wp-content\/uploads\/2023\/05\/Sandomierz-niematerialne-04-1280x960.jpeg 1280w, https:\/\/nid.pl\/wp-content\/uploads\/2023\/05\/Sandomierz-niematerialne-04-980x735.jpeg 980w, https:\/\/nid.pl\/wp-content\/uploads\/2023\/05\/Sandomierz-niematerialne-04-480x360.jpeg 480w\" sizes=\"(min-width: 0px) and (max-width: 480px) 480px, (min-width: 481px) and (max-width: 980px) 980px, (min-width: 981px) and (max-width: 1280px) 1280px, (min-width: 1281px) 2016px, 100vw\" \/><\/figure>\n<\/figure>\n\n\n\n<figure class=\"wp-block-gallery has-nested-images columns-default is-cropped wp-block-gallery-6 is-layout-flex wp-block-gallery-is-layout-flex\">\n<figure class=\"wp-block-image size-large\"><img loading=\"lazy\" decoding=\"async\" width=\"2016\" height=\"1512\" data-id=\"11397\" src=\"https:\/\/nid.pl\/wp-content\/uploads\/2023\/05\/Sandomierz-niematerialne-05.jpeg\" alt=\"\" class=\"wp-image-11397\" srcset=\"https:\/\/nid.pl\/wp-content\/uploads\/2023\/05\/Sandomierz-niematerialne-05.jpeg 2016w, https:\/\/nid.pl\/wp-content\/uploads\/2023\/05\/Sandomierz-niematerialne-05-1280x960.jpeg 1280w, https:\/\/nid.pl\/wp-content\/uploads\/2023\/05\/Sandomierz-niematerialne-05-980x735.jpeg 980w, https:\/\/nid.pl\/wp-content\/uploads\/2023\/05\/Sandomierz-niematerialne-05-480x360.jpeg 480w\" sizes=\"(min-width: 0px) and (max-width: 480px) 480px, (min-width: 481px) and (max-width: 980px) 980px, (min-width: 981px) and (max-width: 1280px) 1280px, (min-width: 1281px) 2016px, 100vw\" \/><\/figure>\n<\/figure>\n\n\n\n<figure class=\"wp-block-gallery has-nested-images columns-default is-cropped wp-block-gallery-7 is-layout-flex wp-block-gallery-is-layout-flex\">\n<figure class=\"wp-block-image size-large\"><img loading=\"lazy\" decoding=\"async\" width=\"1512\" height=\"2016\" data-id=\"11398\" src=\"https:\/\/nid.pl\/wp-content\/uploads\/2023\/05\/Sandomierz-niematerialne-06.jpeg\" alt=\"\" class=\"wp-image-11398\" srcset=\"https:\/\/nid.pl\/wp-content\/uploads\/2023\/05\/Sandomierz-niematerialne-06.jpeg 1512w, https:\/\/nid.pl\/wp-content\/uploads\/2023\/05\/Sandomierz-niematerialne-06-1280x1707.jpeg 1280w, https:\/\/nid.pl\/wp-content\/uploads\/2023\/05\/Sandomierz-niematerialne-06-980x1307.jpeg 980w, https:\/\/nid.pl\/wp-content\/uploads\/2023\/05\/Sandomierz-niematerialne-06-480x640.jpeg 480w\" sizes=\"(min-width: 0px) and (max-width: 480px) 480px, (min-width: 481px) and (max-width: 980px) 980px, (min-width: 981px) and (max-width: 1280px) 1280px, (min-width: 1281px) 1512px, 100vw\" \/><\/figure>\n<\/figure>\n\n\n\n<figure class=\"wp-block-gallery has-nested-images columns-default is-cropped wp-block-gallery-8 is-layout-flex wp-block-gallery-is-layout-flex\">\n<figure class=\"wp-block-image size-large\"><img loading=\"lazy\" decoding=\"async\" width=\"2016\" height=\"1512\" data-id=\"11400\" src=\"https:\/\/nid.pl\/wp-content\/uploads\/2023\/05\/Sandomierz-niematerialne-08.jpeg\" alt=\"\" class=\"wp-image-11400\" srcset=\"https:\/\/nid.pl\/wp-content\/uploads\/2023\/05\/Sandomierz-niematerialne-08.jpeg 2016w, https:\/\/nid.pl\/wp-content\/uploads\/2023\/05\/Sandomierz-niematerialne-08-1280x960.jpeg 1280w, https:\/\/nid.pl\/wp-content\/uploads\/2023\/05\/Sandomierz-niematerialne-08-980x735.jpeg 980w, https:\/\/nid.pl\/wp-content\/uploads\/2023\/05\/Sandomierz-niematerialne-08-480x360.jpeg 480w\" sizes=\"(min-width: 0px) and (max-width: 480px) 480px, (min-width: 481px) and (max-width: 980px) 980px, (min-width: 981px) and (max-width: 1280px) 1280px, (min-width: 1281px) 2016px, 100vw\" \/><\/figure>\n<\/figure>\n\n\n\n<figure class=\"wp-block-gallery has-nested-images columns-default is-cropped wp-block-gallery-9 is-layout-flex wp-block-gallery-is-layout-flex\">\n<figure class=\"wp-block-image size-large\"><img loading=\"lazy\" decoding=\"async\" width=\"2016\" height=\"1512\" data-id=\"11399\" src=\"https:\/\/nid.pl\/wp-content\/uploads\/2023\/05\/Sandomierz-niematerialne-07.jpeg\" alt=\"\" class=\"wp-image-11399\" srcset=\"https:\/\/nid.pl\/wp-content\/uploads\/2023\/05\/Sandomierz-niematerialne-07.jpeg 2016w, https:\/\/nid.pl\/wp-content\/uploads\/2023\/05\/Sandomierz-niematerialne-07-1280x960.jpeg 1280w, https:\/\/nid.pl\/wp-content\/uploads\/2023\/05\/Sandomierz-niematerialne-07-980x735.jpeg 980w, https:\/\/nid.pl\/wp-content\/uploads\/2023\/05\/Sandomierz-niematerialne-07-480x360.jpeg 480w\" sizes=\"(min-width: 0px) and (max-width: 480px) 480px, (min-width: 481px) and (max-width: 980px) 980px, (min-width: 981px) and (max-width: 1280px) 1280px, (min-width: 1281px) 2016px, 100vw\" \/><\/figure>\n<\/figure>\n\n\n\n<figure class=\"wp-block-gallery has-nested-images columns-default is-cropped wp-block-gallery-10 is-layout-flex wp-block-gallery-is-layout-flex\">\n<figure class=\"wp-block-image size-large\"><img loading=\"lazy\" decoding=\"async\" width=\"2016\" height=\"1512\" data-id=\"11401\" src=\"https:\/\/nid.pl\/wp-content\/uploads\/2023\/05\/Sandomierz-niematerialne-09.jpeg\" alt=\"\" class=\"wp-image-11401\" srcset=\"https:\/\/nid.pl\/wp-content\/uploads\/2023\/05\/Sandomierz-niematerialne-09.jpeg 2016w, https:\/\/nid.pl\/wp-content\/uploads\/2023\/05\/Sandomierz-niematerialne-09-1280x960.jpeg 1280w, https:\/\/nid.pl\/wp-content\/uploads\/2023\/05\/Sandomierz-niematerialne-09-980x735.jpeg 980w, https:\/\/nid.pl\/wp-content\/uploads\/2023\/05\/Sandomierz-niematerialne-09-480x360.jpeg 480w\" sizes=\"(min-width: 0px) and (max-width: 480px) 480px, (min-width: 481px) and (max-width: 980px) 980px, (min-width: 981px) and (max-width: 1280px) 1280px, (min-width: 1281px) 2016px, 100vw\" \/><\/figure>\n<\/figure>\n\n\n\n<figure class=\"wp-block-gallery has-nested-images columns-default is-cropped wp-block-gallery-11 is-layout-flex wp-block-gallery-is-layout-flex\">\n<figure class=\"wp-block-image size-large\"><img loading=\"lazy\" decoding=\"async\" width=\"1512\" height=\"2016\" data-id=\"11402\" src=\"https:\/\/nid.pl\/wp-content\/uploads\/2023\/05\/Sandomierz-niematerialne-10.jpeg\" alt=\"\" class=\"wp-image-11402\" srcset=\"https:\/\/nid.pl\/wp-content\/uploads\/2023\/05\/Sandomierz-niematerialne-10.jpeg 1512w, https:\/\/nid.pl\/wp-content\/uploads\/2023\/05\/Sandomierz-niematerialne-10-1280x1707.jpeg 1280w, https:\/\/nid.pl\/wp-content\/uploads\/2023\/05\/Sandomierz-niematerialne-10-980x1307.jpeg 980w, https:\/\/nid.pl\/wp-content\/uploads\/2023\/05\/Sandomierz-niematerialne-10-480x640.jpeg 480w\" sizes=\"(min-width: 0px) and (max-width: 480px) 480px, (min-width: 481px) and (max-width: 980px) 980px, (min-width: 981px) and (max-width: 1280px) 1280px, (min-width: 1281px) 1512px, 100vw\" \/><\/figure>\n<\/figure>\n\n\n\n<figure class=\"wp-block-gallery has-nested-images columns-default is-cropped wp-block-gallery-12 is-layout-flex wp-block-gallery-is-layout-flex\">\n<figure class=\"wp-block-image size-large\"><img loading=\"lazy\" decoding=\"async\" width=\"2016\" height=\"1512\" data-id=\"11403\" src=\"https:\/\/nid.pl\/wp-content\/uploads\/2023\/05\/Sandomierz-niematerialne-11.jpeg\" alt=\"\" class=\"wp-image-11403\" srcset=\"https:\/\/nid.pl\/wp-content\/uploads\/2023\/05\/Sandomierz-niematerialne-11.jpeg 2016w, https:\/\/nid.pl\/wp-content\/uploads\/2023\/05\/Sandomierz-niematerialne-11-1280x960.jpeg 1280w, https:\/\/nid.pl\/wp-content\/uploads\/2023\/05\/Sandomierz-niematerialne-11-980x735.jpeg 980w, https:\/\/nid.pl\/wp-content\/uploads\/2023\/05\/Sandomierz-niematerialne-11-480x360.jpeg 480w\" sizes=\"(min-width: 0px) and (max-width: 480px) 480px, (min-width: 481px) and (max-width: 980px) 980px, (min-width: 981px) and (max-width: 1280px) 1280px, (min-width: 1281px) 2016px, 100vw\" \/><\/figure>\n<\/figure>\n\n\n\n<figure class=\"wp-block-gallery has-nested-images columns-default is-cropped wp-block-gallery-13 is-layout-flex wp-block-gallery-is-layout-flex\">\n<figure class=\"wp-block-image size-large\"><img loading=\"lazy\" decoding=\"async\" width=\"2016\" height=\"1512\" data-id=\"11404\" src=\"https:\/\/nid.pl\/wp-content\/uploads\/2023\/05\/Sandomierz-niematerialne-12.jpeg\" alt=\"\" class=\"wp-image-11404\" srcset=\"https:\/\/nid.pl\/wp-content\/uploads\/2023\/05\/Sandomierz-niematerialne-12.jpeg 2016w, https:\/\/nid.pl\/wp-content\/uploads\/2023\/05\/Sandomierz-niematerialne-12-1280x960.jpeg 1280w, https:\/\/nid.pl\/wp-content\/uploads\/2023\/05\/Sandomierz-niematerialne-12-980x735.jpeg 980w, https:\/\/nid.pl\/wp-content\/uploads\/2023\/05\/Sandomierz-niematerialne-12-480x360.jpeg 480w\" sizes=\"(min-width: 0px) and (max-width: 480px) 480px, (min-width: 481px) and (max-width: 980px) 980px, (min-width: 981px) and (max-width: 1280px) 1280px, (min-width: 1281px) 2016px, 100vw\" \/><\/figure>\n<\/figure>\n\n\n\n<figure class=\"wp-block-gallery has-nested-images columns-default is-cropped wp-block-gallery-14 is-layout-flex wp-block-gallery-is-layout-flex\">\n<figure class=\"wp-block-image size-large\"><img loading=\"lazy\" decoding=\"async\" width=\"1512\" height=\"2016\" data-id=\"11405\" src=\"https:\/\/nid.pl\/wp-content\/uploads\/2023\/05\/Sandomierz-niematerialne-13.jpeg\" alt=\"\" class=\"wp-image-11405\" srcset=\"https:\/\/nid.pl\/wp-content\/uploads\/2023\/05\/Sandomierz-niematerialne-13.jpeg 1512w, https:\/\/nid.pl\/wp-content\/uploads\/2023\/05\/Sandomierz-niematerialne-13-1280x1707.jpeg 1280w, https:\/\/nid.pl\/wp-content\/uploads\/2023\/05\/Sandomierz-niematerialne-13-980x1307.jpeg 980w, https:\/\/nid.pl\/wp-content\/uploads\/2023\/05\/Sandomierz-niematerialne-13-480x640.jpeg 480w\" sizes=\"(min-width: 0px) and (max-width: 480px) 480px, (min-width: 481px) and (max-width: 980px) 980px, (min-width: 981px) and (max-width: 1280px) 1280px, (min-width: 1281px) 1512px, 100vw\" \/><\/figure>\n<\/figure>\n\n\n\n<figure class=\"wp-block-gallery has-nested-images columns-default is-cropped wp-block-gallery-15 is-layout-flex wp-block-gallery-is-layout-flex\">\n<figure class=\"wp-block-image size-large\"><img loading=\"lazy\" decoding=\"async\" width=\"2016\" height=\"1512\" data-id=\"11406\" src=\"https:\/\/nid.pl\/wp-content\/uploads\/2023\/05\/Sandomierz-niematerialne-14.jpeg\" alt=\"\" class=\"wp-image-11406\" srcset=\"https:\/\/nid.pl\/wp-content\/uploads\/2023\/05\/Sandomierz-niematerialne-14.jpeg 2016w, https:\/\/nid.pl\/wp-content\/uploads\/2023\/05\/Sandomierz-niematerialne-14-1280x960.jpeg 1280w, https:\/\/nid.pl\/wp-content\/uploads\/2023\/05\/Sandomierz-niematerialne-14-980x735.jpeg 980w, https:\/\/nid.pl\/wp-content\/uploads\/2023\/05\/Sandomierz-niematerialne-14-480x360.jpeg 480w\" sizes=\"(min-width: 0px) and (max-width: 480px) 480px, (min-width: 481px) and (max-width: 980px) 980px, (min-width: 981px) and (max-width: 1280px) 1280px, (min-width: 1281px) 2016px, 100vw\" \/><\/figure>\n<\/figure>\n\n\n\n<figure class=\"wp-block-gallery has-nested-images columns-default is-cropped wp-block-gallery-16 is-layout-flex wp-block-gallery-is-layout-flex\">\n<figure class=\"wp-block-image size-large\"><img loading=\"lazy\" decoding=\"async\" width=\"2016\" height=\"1512\" data-id=\"11408\" src=\"https:\/\/nid.pl\/wp-content\/uploads\/2023\/05\/Sandomierz-niematerialne-15.jpeg\" alt=\"\" class=\"wp-image-11408\" srcset=\"https:\/\/nid.pl\/wp-content\/uploads\/2023\/05\/Sandomierz-niematerialne-15.jpeg 2016w, https:\/\/nid.pl\/wp-content\/uploads\/2023\/05\/Sandomierz-niematerialne-15-1280x960.jpeg 1280w, https:\/\/nid.pl\/wp-content\/uploads\/2023\/05\/Sandomierz-niematerialne-15-980x735.jpeg 980w, https:\/\/nid.pl\/wp-content\/uploads\/2023\/05\/Sandomierz-niematerialne-15-480x360.jpeg 480w\" sizes=\"(min-width: 0px) and (max-width: 480px) 480px, (min-width: 481px) and (max-width: 980px) 980px, (min-width: 981px) and (max-width: 1280px) 1280px, (min-width: 1281px) 2016px, 100vw\" \/><\/figure>\n<\/figure>\n\n\n\n<figure class=\"wp-block-gallery has-nested-images columns-default is-cropped wp-block-gallery-17 is-layout-flex wp-block-gallery-is-layout-flex\">\n<figure class=\"wp-block-image size-large\"><img loading=\"lazy\" decoding=\"async\" width=\"2016\" height=\"1512\" data-id=\"11407\" src=\"https:\/\/nid.pl\/wp-content\/uploads\/2023\/05\/Sandomierz-niematerialne-19.jpeg\" alt=\"\" class=\"wp-image-11407\" srcset=\"https:\/\/nid.pl\/wp-content\/uploads\/2023\/05\/Sandomierz-niematerialne-19.jpeg 2016w, https:\/\/nid.pl\/wp-content\/uploads\/2023\/05\/Sandomierz-niematerialne-19-1280x960.jpeg 1280w, https:\/\/nid.pl\/wp-content\/uploads\/2023\/05\/Sandomierz-niematerialne-19-980x735.jpeg 980w, https:\/\/nid.pl\/wp-content\/uploads\/2023\/05\/Sandomierz-niematerialne-19-480x360.jpeg 480w\" sizes=\"(min-width: 0px) and (max-width: 480px) 480px, (min-width: 481px) and (max-width: 980px) 980px, (min-width: 981px) and (max-width: 1280px) 1280px, (min-width: 1281px) 2016px, 100vw\" \/><\/figure>\n<\/figure>\n\n\n\n<figure class=\"wp-block-gallery has-nested-images columns-default is-cropped wp-block-gallery-18 is-layout-flex wp-block-gallery-is-layout-flex\">\n<figure class=\"wp-block-image size-large\"><img loading=\"lazy\" decoding=\"async\" width=\"756\" height=\"1008\" data-id=\"11410\" src=\"https:\/\/nid.pl\/wp-content\/uploads\/2023\/05\/Sandomierz-niematerialne-18.jpeg\" alt=\"\" class=\"wp-image-11410\" srcset=\"https:\/\/nid.pl\/wp-content\/uploads\/2023\/05\/Sandomierz-niematerialne-18.jpeg 756w, https:\/\/nid.pl\/wp-content\/uploads\/2023\/05\/Sandomierz-niematerialne-18-480x640.jpeg 480w\" sizes=\"(min-width: 0px) and (max-width: 480px) 480px, (min-width: 481px) 756px, 100vw\" \/><\/figure>\n<\/figure>\n\n\n\n<figure class=\"wp-block-gallery has-nested-images columns-default is-cropped wp-block-gallery-19 is-layout-flex wp-block-gallery-is-layout-flex\">\n<figure class=\"wp-block-image size-large\"><img loading=\"lazy\" decoding=\"async\" width=\"1388\" height=\"1825\" data-id=\"11409\" src=\"https:\/\/nid.pl\/wp-content\/uploads\/2023\/05\/Sandomierz-niematerialne-16.jpeg\" alt=\"\" class=\"wp-image-11409\" srcset=\"https:\/\/nid.pl\/wp-content\/uploads\/2023\/05\/Sandomierz-niematerialne-16.jpeg 1388w, https:\/\/nid.pl\/wp-content\/uploads\/2023\/05\/Sandomierz-niematerialne-16-1280x1683.jpeg 1280w, https:\/\/nid.pl\/wp-content\/uploads\/2023\/05\/Sandomierz-niematerialne-16-980x1289.jpeg 980w, https:\/\/nid.pl\/wp-content\/uploads\/2023\/05\/Sandomierz-niematerialne-16-480x631.jpeg 480w\" sizes=\"(min-width: 0px) and (max-width: 480px) 480px, (min-width: 481px) and (max-width: 980px) 980px, (min-width: 981px) and (max-width: 1280px) 1280px, (min-width: 1281px) 1388px, 100vw\" \/><\/figure>\n<\/figure>\n\n\n\n<figure class=\"wp-block-gallery has-nested-images columns-default is-cropped wp-block-gallery-20 is-layout-flex wp-block-gallery-is-layout-flex\">\n<figure class=\"wp-block-image size-large\"><img loading=\"lazy\" decoding=\"async\" width=\"1008\" height=\"756\" data-id=\"11413\" src=\"https:\/\/nid.pl\/wp-content\/uploads\/2023\/05\/Sandomierz-niematerialne-22.jpeg\" alt=\"\" class=\"wp-image-11413\" srcset=\"https:\/\/nid.pl\/wp-content\/uploads\/2023\/05\/Sandomierz-niematerialne-22.jpeg 1008w, https:\/\/nid.pl\/wp-content\/uploads\/2023\/05\/Sandomierz-niematerialne-22-980x735.jpeg 980w, https:\/\/nid.pl\/wp-content\/uploads\/2023\/05\/Sandomierz-niematerialne-22-480x360.jpeg 480w\" sizes=\"(min-width: 0px) and (max-width: 480px) 480px, (min-width: 481px) and (max-width: 980px) 980px, (min-width: 981px) 1008px, 100vw\" \/><\/figure>\n<\/figure>\n\n\n\n<figure class=\"wp-block-gallery has-nested-images columns-default is-cropped wp-block-gallery-21 is-layout-flex wp-block-gallery-is-layout-flex\">\n<figure class=\"wp-block-image size-large\"><img loading=\"lazy\" decoding=\"async\" width=\"1776\" height=\"1332\" data-id=\"11412\" src=\"https:\/\/nid.pl\/wp-content\/uploads\/2023\/05\/Sandomierz-niematerialne-20.jpeg\" alt=\"\" class=\"wp-image-11412\" srcset=\"https:\/\/nid.pl\/wp-content\/uploads\/2023\/05\/Sandomierz-niematerialne-20.jpeg 1776w, https:\/\/nid.pl\/wp-content\/uploads\/2023\/05\/Sandomierz-niematerialne-20-1280x960.jpeg 1280w, https:\/\/nid.pl\/wp-content\/uploads\/2023\/05\/Sandomierz-niematerialne-20-980x735.jpeg 980w, https:\/\/nid.pl\/wp-content\/uploads\/2023\/05\/Sandomierz-niematerialne-20-480x360.jpeg 480w\" sizes=\"(min-width: 0px) and (max-width: 480px) 480px, (min-width: 481px) and (max-width: 980px) 980px, (min-width: 981px) and (max-width: 1280px) 1280px, (min-width: 1281px) 1776px, 100vw\" \/><\/figure>\n<\/figure>\n\n\n\n<figure class=\"wp-block-gallery has-nested-images columns-default is-cropped wp-block-gallery-22 is-layout-flex wp-block-gallery-is-layout-flex\">\n<figure class=\"wp-block-image size-large\"><img loading=\"lazy\" decoding=\"async\" width=\"1008\" height=\"756\" data-id=\"11415\" src=\"https:\/\/nid.pl\/wp-content\/uploads\/2023\/05\/Sandomierz-niematerialne-23.jpeg\" alt=\"\" class=\"wp-image-11415\" srcset=\"https:\/\/nid.pl\/wp-content\/uploads\/2023\/05\/Sandomierz-niematerialne-23.jpeg 1008w, https:\/\/nid.pl\/wp-content\/uploads\/2023\/05\/Sandomierz-niematerialne-23-980x735.jpeg 980w, https:\/\/nid.pl\/wp-content\/uploads\/2023\/05\/Sandomierz-niematerialne-23-480x360.jpeg 480w\" sizes=\"(min-width: 0px) and (max-width: 480px) 480px, (min-width: 481px) and (max-width: 980px) 980px, (min-width: 981px) 1008px, 100vw\" \/><\/figure>\n<\/figure>\n\n\n\n<figure class=\"wp-block-gallery has-nested-images columns-default is-cropped wp-block-gallery-23 is-layout-flex wp-block-gallery-is-layout-flex\">\n<figure class=\"wp-block-image size-large\"><img loading=\"lazy\" decoding=\"async\" width=\"1776\" height=\"1332\" data-id=\"11416\" src=\"https:\/\/nid.pl\/wp-content\/uploads\/2023\/05\/Sandomierz-niematerialne-24.jpeg\" alt=\"\" class=\"wp-image-11416\" srcset=\"https:\/\/nid.pl\/wp-content\/uploads\/2023\/05\/Sandomierz-niematerialne-24.jpeg 1776w, https:\/\/nid.pl\/wp-content\/uploads\/2023\/05\/Sandomierz-niematerialne-24-1280x960.jpeg 1280w, https:\/\/nid.pl\/wp-content\/uploads\/2023\/05\/Sandomierz-niematerialne-24-980x735.jpeg 980w, https:\/\/nid.pl\/wp-content\/uploads\/2023\/05\/Sandomierz-niematerialne-24-480x360.jpeg 480w\" sizes=\"(min-width: 0px) and (max-width: 480px) 480px, (min-width: 481px) and (max-width: 980px) 980px, (min-width: 981px) and (max-width: 1280px) 1280px, (min-width: 1281px) 1776px, 100vw\" \/><\/figure>\n<\/figure>\n\n\n\n<figure class=\"wp-block-gallery has-nested-images columns-default is-cropped wp-block-gallery-24 is-layout-flex wp-block-gallery-is-layout-flex\">\n<figure class=\"wp-block-image size-large\"><img loading=\"lazy\" decoding=\"async\" width=\"2016\" height=\"1512\" data-id=\"11417\" src=\"https:\/\/nid.pl\/wp-content\/uploads\/2023\/05\/Sandomierz-niematerialne-25.jpeg\" alt=\"\" class=\"wp-image-11417\" srcset=\"https:\/\/nid.pl\/wp-content\/uploads\/2023\/05\/Sandomierz-niematerialne-25.jpeg 2016w, https:\/\/nid.pl\/wp-content\/uploads\/2023\/05\/Sandomierz-niematerialne-25-1280x960.jpeg 1280w, https:\/\/nid.pl\/wp-content\/uploads\/2023\/05\/Sandomierz-niematerialne-25-980x735.jpeg 980w, https:\/\/nid.pl\/wp-content\/uploads\/2023\/05\/Sandomierz-niematerialne-25-480x360.jpeg 480w\" sizes=\"(min-width: 0px) and (max-width: 480px) 480px, (min-width: 481px) and (max-width: 980px) 980px, (min-width: 981px) and (max-width: 1280px) 1280px, (min-width: 1281px) 2016px, 100vw\" \/><\/figure>\n<\/figure>\n\n\n\n<figure class=\"wp-block-gallery has-nested-images columns-default is-cropped wp-block-gallery-25 is-layout-flex wp-block-gallery-is-layout-flex\">\n<figure class=\"wp-block-image size-large\"><img loading=\"lazy\" decoding=\"async\" width=\"1512\" height=\"2016\" data-id=\"11420\" src=\"https:\/\/nid.pl\/wp-content\/uploads\/2023\/05\/Sandomierz-niematerialne-28.jpeg\" alt=\"\" class=\"wp-image-11420\" srcset=\"https:\/\/nid.pl\/wp-content\/uploads\/2023\/05\/Sandomierz-niematerialne-28.jpeg 1512w, https:\/\/nid.pl\/wp-content\/uploads\/2023\/05\/Sandomierz-niematerialne-28-1280x1707.jpeg 1280w, https:\/\/nid.pl\/wp-content\/uploads\/2023\/05\/Sandomierz-niematerialne-28-980x1307.jpeg 980w, https:\/\/nid.pl\/wp-content\/uploads\/2023\/05\/Sandomierz-niematerialne-28-480x640.jpeg 480w\" sizes=\"(min-width: 0px) and (max-width: 480px) 480px, (min-width: 481px) and (max-width: 980px) 980px, (min-width: 981px) and (max-width: 1280px) 1280px, (min-width: 1281px) 1512px, 100vw\" \/><\/figure>\n<\/figure>\n\n\n\n<figure class=\"wp-block-gallery has-nested-images columns-default is-cropped wp-block-gallery-26 is-layout-flex wp-block-gallery-is-layout-flex\">\n<figure class=\"wp-block-image size-large\"><img loading=\"lazy\" decoding=\"async\" width=\"2016\" height=\"1512\" data-id=\"11419\" src=\"https:\/\/nid.pl\/wp-content\/uploads\/2023\/05\/Sandomierz-niematerialne-26.jpeg\" alt=\"\" class=\"wp-image-11419\" srcset=\"https:\/\/nid.pl\/wp-content\/uploads\/2023\/05\/Sandomierz-niematerialne-26.jpeg 2016w, https:\/\/nid.pl\/wp-content\/uploads\/2023\/05\/Sandomierz-niematerialne-26-1280x960.jpeg 1280w, https:\/\/nid.pl\/wp-content\/uploads\/2023\/05\/Sandomierz-niematerialne-26-980x735.jpeg 980w, https:\/\/nid.pl\/wp-content\/uploads\/2023\/05\/Sandomierz-niematerialne-26-480x360.jpeg 480w\" sizes=\"(min-width: 0px) and (max-width: 480px) 480px, (min-width: 481px) and (max-width: 980px) 980px, (min-width: 981px) and (max-width: 1280px) 1280px, (min-width: 1281px) 2016px, 100vw\" \/><\/figure>\n<\/figure>\n\n\n\n<figure class=\"wp-block-gallery has-nested-images columns-default is-cropped wp-block-gallery-27 is-layout-flex wp-block-gallery-is-layout-flex\">\n<figure class=\"wp-block-image size-large\"><img loading=\"lazy\" decoding=\"async\" width=\"756\" height=\"1008\" data-id=\"11418\" src=\"https:\/\/nid.pl\/wp-content\/uploads\/2023\/05\/Sandomierz-niematerialne-27.jpeg\" alt=\"\" class=\"wp-image-11418\" srcset=\"https:\/\/nid.pl\/wp-content\/uploads\/2023\/05\/Sandomierz-niematerialne-27.jpeg 756w, https:\/\/nid.pl\/wp-content\/uploads\/2023\/05\/Sandomierz-niematerialne-27-480x640.jpeg 480w\" sizes=\"(min-width: 0px) and (max-width: 480px) 480px, (min-width: 481px) 756px, 100vw\" \/><\/figure>\n<\/figure>\n\n\n\n<figure class=\"wp-block-gallery has-nested-images columns-default is-cropped wp-block-gallery-28 is-layout-flex wp-block-gallery-is-layout-flex\">\n<figure class=\"wp-block-image size-large\"><img loading=\"lazy\" decoding=\"async\" width=\"2016\" height=\"1512\" data-id=\"11422\" src=\"https:\/\/nid.pl\/wp-content\/uploads\/2023\/05\/Sandomierz-niematerialne-30.jpeg\" alt=\"\" class=\"wp-image-11422\" srcset=\"https:\/\/nid.pl\/wp-content\/uploads\/2023\/05\/Sandomierz-niematerialne-30.jpeg 2016w, https:\/\/nid.pl\/wp-content\/uploads\/2023\/05\/Sandomierz-niematerialne-30-1280x960.jpeg 1280w, https:\/\/nid.pl\/wp-content\/uploads\/2023\/05\/Sandomierz-niematerialne-30-980x735.jpeg 980w, https:\/\/nid.pl\/wp-content\/uploads\/2023\/05\/Sandomierz-niematerialne-30-480x360.jpeg 480w\" sizes=\"(min-width: 0px) and (max-width: 480px) 480px, (min-width: 481px) and (max-width: 980px) 980px, (min-width: 981px) and (max-width: 1280px) 1280px, (min-width: 1281px) 2016px, 100vw\" \/><\/figure>\n<\/figure>\n\n\n\n<figure class=\"wp-block-gallery has-nested-images columns-default is-cropped wp-block-gallery-29 is-layout-flex wp-block-gallery-is-layout-flex\">\n<figure class=\"wp-block-image size-large\"><img loading=\"lazy\" decoding=\"async\" width=\"2016\" height=\"1512\" data-id=\"11423\" src=\"https:\/\/nid.pl\/wp-content\/uploads\/2023\/05\/Sandomierz-niematerialne-31.jpeg\" alt=\"\" class=\"wp-image-11423\" srcset=\"https:\/\/nid.pl\/wp-content\/uploads\/2023\/05\/Sandomierz-niematerialne-31.jpeg 2016w, https:\/\/nid.pl\/wp-content\/uploads\/2023\/05\/Sandomierz-niematerialne-31-1280x960.jpeg 1280w, https:\/\/nid.pl\/wp-content\/uploads\/2023\/05\/Sandomierz-niematerialne-31-980x735.jpeg 980w, https:\/\/nid.pl\/wp-content\/uploads\/2023\/05\/Sandomierz-niematerialne-31-480x360.jpeg 480w\" sizes=\"(min-width: 0px) and (max-width: 480px) 480px, (min-width: 481px) and (max-width: 980px) 980px, (min-width: 981px) and (max-width: 1280px) 1280px, (min-width: 1281px) 2016px, 100vw\" \/><\/figure>\n<\/figure>\n\n\n\n<figure class=\"wp-block-gallery has-nested-images columns-default is-cropped wp-block-gallery-30 is-layout-flex wp-block-gallery-is-layout-flex\">\n<figure class=\"wp-block-image size-large\"><img loading=\"lazy\" decoding=\"async\" width=\"2016\" height=\"1512\" data-id=\"11421\" src=\"https:\/\/nid.pl\/wp-content\/uploads\/2023\/05\/Sandomierz-niematerialne-29.jpeg\" alt=\"\" class=\"wp-image-11421\" srcset=\"https:\/\/nid.pl\/wp-content\/uploads\/2023\/05\/Sandomierz-niematerialne-29.jpeg 2016w, https:\/\/nid.pl\/wp-content\/uploads\/2023\/05\/Sandomierz-niematerialne-29-1280x960.jpeg 1280w, https:\/\/nid.pl\/wp-content\/uploads\/2023\/05\/Sandomierz-niematerialne-29-980x735.jpeg 980w, https:\/\/nid.pl\/wp-content\/uploads\/2023\/05\/Sandomierz-niematerialne-29-480x360.jpeg 480w\" sizes=\"(min-width: 0px) and (max-width: 480px) 480px, (min-width: 481px) and (max-width: 980px) 980px, (min-width: 981px) and (max-width: 1280px) 1280px, (min-width: 1281px) 2016px, 100vw\" \/><\/figure>\n<\/figure>\n\n\n\n<figure class=\"wp-block-gallery has-nested-images columns-default is-cropped wp-block-gallery-31 is-layout-flex wp-block-gallery-is-layout-flex\">\n<figure class=\"wp-block-image size-large\"><img loading=\"lazy\" decoding=\"async\" width=\"2016\" height=\"1512\" data-id=\"11425\" src=\"https:\/\/nid.pl\/wp-content\/uploads\/2023\/05\/Sandomierz-niematerialne-33.jpeg\" alt=\"\" class=\"wp-image-11425\" srcset=\"https:\/\/nid.pl\/wp-content\/uploads\/2023\/05\/Sandomierz-niematerialne-33.jpeg 2016w, https:\/\/nid.pl\/wp-content\/uploads\/2023\/05\/Sandomierz-niematerialne-33-1280x960.jpeg 1280w, https:\/\/nid.pl\/wp-content\/uploads\/2023\/05\/Sandomierz-niematerialne-33-980x735.jpeg 980w, https:\/\/nid.pl\/wp-content\/uploads\/2023\/05\/Sandomierz-niematerialne-33-480x360.jpeg 480w\" sizes=\"(min-width: 0px) and (max-width: 480px) 480px, (min-width: 481px) and (max-width: 980px) 980px, (min-width: 981px) and (max-width: 1280px) 1280px, (min-width: 1281px) 2016px, 100vw\" \/><\/figure>\n<\/figure>\n\n\n\n<figure class=\"wp-block-gallery has-nested-images columns-default is-cropped wp-block-gallery-32 is-layout-flex wp-block-gallery-is-layout-flex\">\n<figure class=\"wp-block-image size-large\"><img loading=\"lazy\" decoding=\"async\" width=\"2016\" height=\"1512\" data-id=\"11428\" src=\"https:\/\/nid.pl\/wp-content\/uploads\/2023\/05\/Sandomierz-niematerialne-36.jpeg\" alt=\"\" class=\"wp-image-11428\" srcset=\"https:\/\/nid.pl\/wp-content\/uploads\/2023\/05\/Sandomierz-niematerialne-36.jpeg 2016w, https:\/\/nid.pl\/wp-content\/uploads\/2023\/05\/Sandomierz-niematerialne-36-1280x960.jpeg 1280w, https:\/\/nid.pl\/wp-content\/uploads\/2023\/05\/Sandomierz-niematerialne-36-980x735.jpeg 980w, https:\/\/nid.pl\/wp-content\/uploads\/2023\/05\/Sandomierz-niematerialne-36-480x360.jpeg 480w\" sizes=\"(min-width: 0px) and (max-width: 480px) 480px, (min-width: 481px) and (max-width: 980px) 980px, (min-width: 981px) and (max-width: 1280px) 1280px, (min-width: 1281px) 2016px, 100vw\" \/><\/figure>\n<\/figure>","protected":false},"excerpt":{"rendered":"<p>W Sandomierzu odby\u0142y si\u0119 obchody Jubileuszu 20-lecia Konwencji UNESCO w sprawie ochrony niematerialnego dziedzictwa kulturowego i 10-lecia Krajowej listy niematerialnego dziedzictwa kulturowego. Z tej okazji zosta\u0142a otwarta wystawa \u201eTradycje od [&hellip;]<\/p>","protected":false},"author":7,"featured_media":11436,"comment_status":"open","ping_status":"open","sticky":false,"template":"","format":"standard","meta":{"_et_pb_use_builder":"off","_et_pb_old_content":"","_et_gb_content_width":"","_monsterinsights_skip_tracking":false,"_monsterinsights_sitenote_active":false,"_monsterinsights_sitenote_note":"","_monsterinsights_sitenote_category":0,"footnotes":""},"categories":[3,84],"tags":[],"class_list":["post-11392","post","type-post","status-publish","format-standard","has-post-thumbnail","hentry","category-aktualnosci","category-tradycje-od-pokolen"],"yoast_head":"<!-- This site is optimized with the Yoast SEO plugin v26.5 - https:\/\/yoast.com\/wordpress\/plugins\/seo\/ -->\n<title>Tradycje od pokole\u0144. Niematerialne dziedzictwo kulturowe w Polsce \u2013 otwarcie wystawy w Muzeum Zamkowym w Sandomierzu - NID<\/title>\n<meta name=\"robots\" content=\"index, follow, max-snippet:-1, max-image-preview:large, max-video-preview:-1\" \/>\n<link rel=\"canonical\" href=\"https:\/\/nid.pl\/en\/2023\/05\/23\/tradycje-od-pokolen-niematerialne-dziedzictwo-kulturowe-w-polsce-otwarcie-wystawy-w-muzeum-zamkowym-w-sandomierzu\/\" \/>\n<meta property=\"og:locale\" content=\"en_GB\" \/>\n<meta property=\"og:type\" content=\"article\" \/>\n<meta property=\"og:title\" content=\"Tradycje od pokole\u0144. Niematerialne dziedzictwo kulturowe w Polsce \u2013 otwarcie wystawy w Muzeum Zamkowym w Sandomierzu - NID\" \/>\n<meta property=\"og:description\" content=\"W Sandomierzu odby\u0142y si\u0119 obchody Jubileuszu 20-lecia Konwencji UNESCO w sprawie ochrony niematerialnego dziedzictwa kulturowego i 10-lecia Krajowej listy niematerialnego dziedzictwa kulturowego. Z tej okazji zosta\u0142a otwarta wystawa \u201eTradycje od [&hellip;]\" \/>\n<meta property=\"og:url\" content=\"https:\/\/nid.pl\/en\/2023\/05\/23\/tradycje-od-pokolen-niematerialne-dziedzictwo-kulturowe-w-polsce-otwarcie-wystawy-w-muzeum-zamkowym-w-sandomierzu\/\" \/>\n<meta property=\"og:site_name\" content=\"NID\" \/>\n<meta property=\"article:publisher\" content=\"https:\/\/www.facebook.com\/zabytek\" \/>\n<meta property=\"article:published_time\" content=\"2023-05-23T13:50:00+00:00\" \/>\n<meta property=\"article:modified_time\" content=\"2023-06-22T10:07:31+00:00\" \/>\n<meta property=\"og:image\" content=\"https:\/\/nid.pl\/wp-content\/uploads\/2023\/05\/NID-2023-www-1857\u00d71238-px-2.png\" \/>\n\t<meta property=\"og:image:width\" content=\"1857\" \/>\n\t<meta property=\"og:image:height\" content=\"1238\" \/>\n\t<meta property=\"og:image:type\" content=\"image\/png\" \/>\n<meta name=\"author\" content=\"Barbara Halliop\" \/>\n<meta name=\"twitter:card\" content=\"summary_large_image\" \/>\n<meta name=\"twitter:creator\" content=\"@NarIDpl\" \/>\n<meta name=\"twitter:site\" content=\"@NarIDpl\" \/>\n<meta name=\"twitter:label1\" content=\"Written by\" \/>\n\t<meta name=\"twitter:data1\" content=\"Barbara Halliop\" \/>\n\t<meta name=\"twitter:label2\" content=\"Estimated reading time\" \/>\n\t<meta name=\"twitter:data2\" content=\"11 minutes\" \/>\n<script type=\"application\/ld+json\" class=\"yoast-schema-graph\">{\"@context\":\"https:\/\/schema.org\",\"@graph\":[{\"@type\":\"Article\",\"@id\":\"https:\/\/nid.pl\/2023\/05\/23\/tradycje-od-pokolen-niematerialne-dziedzictwo-kulturowe-w-polsce-otwarcie-wystawy-w-muzeum-zamkowym-w-sandomierzu\/#article\",\"isPartOf\":{\"@id\":\"https:\/\/nid.pl\/2023\/05\/23\/tradycje-od-pokolen-niematerialne-dziedzictwo-kulturowe-w-polsce-otwarcie-wystawy-w-muzeum-zamkowym-w-sandomierzu\/\"},\"author\":{\"name\":\"Barbara Halliop\",\"@id\":\"https:\/\/nid.pl\/#\/schema\/person\/1b690a8998a5111cfb9f0ffe24195a15\"},\"headline\":\"Tradycje od pokole\u0144. Niematerialne dziedzictwo kulturowe w Polsce \u2013 otwarcie wystawy w Muzeum Zamkowym w Sandomierzu\",\"datePublished\":\"2023-05-23T13:50:00+00:00\",\"dateModified\":\"2023-06-22T10:07:31+00:00\",\"mainEntityOfPage\":{\"@id\":\"https:\/\/nid.pl\/2023\/05\/23\/tradycje-od-pokolen-niematerialne-dziedzictwo-kulturowe-w-polsce-otwarcie-wystawy-w-muzeum-zamkowym-w-sandomierzu\/\"},\"wordCount\":1014,\"commentCount\":0,\"publisher\":{\"@id\":\"https:\/\/nid.pl\/#organization\"},\"image\":{\"@id\":\"https:\/\/nid.pl\/2023\/05\/23\/tradycje-od-pokolen-niematerialne-dziedzictwo-kulturowe-w-polsce-otwarcie-wystawy-w-muzeum-zamkowym-w-sandomierzu\/#primaryimage\"},\"thumbnailUrl\":\"https:\/\/nid.pl\/wp-content\/uploads\/2023\/05\/NID-2023-www-1857\u00d71238-px-2.png\",\"articleSection\":[\"Aktualno\u015bci\",\"Tradycje od pokole\u0144. Niematerialne dziedzictwo kulturowe w Polsce\"],\"inLanguage\":\"en-GB\"},{\"@type\":\"WebPage\",\"@id\":\"https:\/\/nid.pl\/2023\/05\/23\/tradycje-od-pokolen-niematerialne-dziedzictwo-kulturowe-w-polsce-otwarcie-wystawy-w-muzeum-zamkowym-w-sandomierzu\/\",\"url\":\"https:\/\/nid.pl\/2023\/05\/23\/tradycje-od-pokolen-niematerialne-dziedzictwo-kulturowe-w-polsce-otwarcie-wystawy-w-muzeum-zamkowym-w-sandomierzu\/\",\"name\":\"Tradycje od pokole\u0144. Niematerialne dziedzictwo kulturowe w Polsce \u2013 otwarcie wystawy w Muzeum Zamkowym w Sandomierzu - NID\",\"isPartOf\":{\"@id\":\"https:\/\/nid.pl\/#website\"},\"primaryImageOfPage\":{\"@id\":\"https:\/\/nid.pl\/2023\/05\/23\/tradycje-od-pokolen-niematerialne-dziedzictwo-kulturowe-w-polsce-otwarcie-wystawy-w-muzeum-zamkowym-w-sandomierzu\/#primaryimage\"},\"image\":{\"@id\":\"https:\/\/nid.pl\/2023\/05\/23\/tradycje-od-pokolen-niematerialne-dziedzictwo-kulturowe-w-polsce-otwarcie-wystawy-w-muzeum-zamkowym-w-sandomierzu\/#primaryimage\"},\"thumbnailUrl\":\"https:\/\/nid.pl\/wp-content\/uploads\/2023\/05\/NID-2023-www-1857\u00d71238-px-2.png\",\"datePublished\":\"2023-05-23T13:50:00+00:00\",\"dateModified\":\"2023-06-22T10:07:31+00:00\",\"breadcrumb\":{\"@id\":\"https:\/\/nid.pl\/2023\/05\/23\/tradycje-od-pokolen-niematerialne-dziedzictwo-kulturowe-w-polsce-otwarcie-wystawy-w-muzeum-zamkowym-w-sandomierzu\/#breadcrumb\"},\"inLanguage\":\"en-GB\",\"potentialAction\":[{\"@type\":\"ReadAction\",\"target\":[\"https:\/\/nid.pl\/2023\/05\/23\/tradycje-od-pokolen-niematerialne-dziedzictwo-kulturowe-w-polsce-otwarcie-wystawy-w-muzeum-zamkowym-w-sandomierzu\/\"]}]},{\"@type\":\"ImageObject\",\"inLanguage\":\"en-GB\",\"@id\":\"https:\/\/nid.pl\/2023\/05\/23\/tradycje-od-pokolen-niematerialne-dziedzictwo-kulturowe-w-polsce-otwarcie-wystawy-w-muzeum-zamkowym-w-sandomierzu\/#primaryimage\",\"url\":\"https:\/\/nid.pl\/wp-content\/uploads\/2023\/05\/NID-2023-www-1857\u00d71238-px-2.png\",\"contentUrl\":\"https:\/\/nid.pl\/wp-content\/uploads\/2023\/05\/NID-2023-www-1857\u00d71238-px-2.png\",\"width\":1857,\"height\":1238,\"caption\":\"NID www \u00d7 px\"},{\"@type\":\"BreadcrumbList\",\"@id\":\"https:\/\/nid.pl\/2023\/05\/23\/tradycje-od-pokolen-niematerialne-dziedzictwo-kulturowe-w-polsce-otwarcie-wystawy-w-muzeum-zamkowym-w-sandomierzu\/#breadcrumb\",\"itemListElement\":[{\"@type\":\"ListItem\",\"position\":1,\"name\":\"Home\",\"item\":\"https:\/\/nid.pl\/\"},{\"@type\":\"ListItem\",\"position\":2,\"name\":\"Tradycje od pokole\u0144. Niematerialne dziedzictwo kulturowe w Polsce \u2013 otwarcie wystawy w Muzeum Zamkowym w Sandomierzu\"}]},{\"@type\":\"WebSite\",\"@id\":\"https:\/\/nid.pl\/#website\",\"url\":\"https:\/\/nid.pl\/\",\"name\":\"NID\",\"description\":\"Narodowy Instytut Dziedzictwa\",\"publisher\":{\"@id\":\"https:\/\/nid.pl\/#organization\"},\"potentialAction\":[{\"@type\":\"SearchAction\",\"target\":{\"@type\":\"EntryPoint\",\"urlTemplate\":\"https:\/\/nid.pl\/?s={search_term_string}\"},\"query-input\":{\"@type\":\"PropertyValueSpecification\",\"valueRequired\":true,\"valueName\":\"search_term_string\"}}],\"inLanguage\":\"en-GB\"},{\"@type\":\"Organization\",\"@id\":\"https:\/\/nid.pl\/#organization\",\"name\":\"Narodowy Instytut Dziedzictwa\",\"url\":\"https:\/\/nid.pl\/\",\"logo\":{\"@type\":\"ImageObject\",\"inLanguage\":\"en-GB\",\"@id\":\"https:\/\/nid.pl\/#\/schema\/logo\/image\/\",\"url\":\"https:\/\/nid.pl\/wp-content\/uploads\/2022\/10\/logoRedDark.png\",\"contentUrl\":\"https:\/\/nid.pl\/wp-content\/uploads\/2022\/10\/logoRedDark.png\",\"width\":200,\"height\":197,\"caption\":\"Narodowy Instytut Dziedzictwa\"},\"image\":{\"@id\":\"https:\/\/nid.pl\/#\/schema\/logo\/image\/\"},\"sameAs\":[\"https:\/\/www.facebook.com\/zabytek\",\"https:\/\/x.com\/NarIDpl\",\"https:\/\/www.instagram.com\/nid.pl\/?hl=pl\",\"https:\/\/www.linkedin.com\/company\/narodowy-instytut-dziedzictwa\",\"https:\/\/www.youtube.com\/channel\/UCQXuhKa2uHtmNvLRUSx40JA\"]},{\"@type\":\"Person\",\"@id\":\"https:\/\/nid.pl\/#\/schema\/person\/1b690a8998a5111cfb9f0ffe24195a15\",\"name\":\"Barbara Halliop\",\"image\":{\"@type\":\"ImageObject\",\"inLanguage\":\"en-GB\",\"@id\":\"https:\/\/nid.pl\/#\/schema\/person\/image\/\",\"url\":\"https:\/\/nid.pl\/wp-content\/litespeed\/avatar\/924046d17dd0c842c9fa9ccf489bc6dc.jpg?ver=1777444967\",\"contentUrl\":\"https:\/\/nid.pl\/wp-content\/litespeed\/avatar\/924046d17dd0c842c9fa9ccf489bc6dc.jpg?ver=1777444967\",\"caption\":\"Barbara Halliop\"},\"url\":\"https:\/\/nid.pl\/en\/author\/bhalliop\/\"}]}<\/script>\n<!-- \/ Yoast SEO plugin. -->","yoast_head_json":{"title":"Tradycje od pokole\u0144. Niematerialne dziedzictwo kulturowe w Polsce \u2013 otwarcie wystawy w Muzeum Zamkowym w Sandomierzu - NID","robots":{"index":"index","follow":"follow","max-snippet":"max-snippet:-1","max-image-preview":"max-image-preview:large","max-video-preview":"max-video-preview:-1"},"canonical":"https:\/\/nid.pl\/en\/2023\/05\/23\/tradycje-od-pokolen-niematerialne-dziedzictwo-kulturowe-w-polsce-otwarcie-wystawy-w-muzeum-zamkowym-w-sandomierzu\/","og_locale":"en_GB","og_type":"article","og_title":"Tradycje od pokole\u0144. Niematerialne dziedzictwo kulturowe w Polsce \u2013 otwarcie wystawy w Muzeum Zamkowym w Sandomierzu - NID","og_description":"W Sandomierzu odby\u0142y si\u0119 obchody Jubileuszu 20-lecia Konwencji UNESCO w sprawie ochrony niematerialnego dziedzictwa kulturowego i 10-lecia Krajowej listy niematerialnego dziedzictwa kulturowego. Z tej okazji zosta\u0142a otwarta wystawa \u201eTradycje od [&hellip;]","og_url":"https:\/\/nid.pl\/en\/2023\/05\/23\/tradycje-od-pokolen-niematerialne-dziedzictwo-kulturowe-w-polsce-otwarcie-wystawy-w-muzeum-zamkowym-w-sandomierzu\/","og_site_name":"NID","article_publisher":"https:\/\/www.facebook.com\/zabytek","article_published_time":"2023-05-23T13:50:00+00:00","article_modified_time":"2023-06-22T10:07:31+00:00","og_image":[{"width":1857,"height":1238,"url":"https:\/\/nid.pl\/wp-content\/uploads\/2023\/05\/NID-2023-www-1857\u00d71238-px-2.png","type":"image\/png"}],"author":"Barbara Halliop","twitter_card":"summary_large_image","twitter_creator":"@NarIDpl","twitter_site":"@NarIDpl","twitter_misc":{"Written by":"Barbara Halliop","Estimated reading time":"11 minutes"},"schema":{"@context":"https:\/\/schema.org","@graph":[{"@type":"Article","@id":"https:\/\/nid.pl\/2023\/05\/23\/tradycje-od-pokolen-niematerialne-dziedzictwo-kulturowe-w-polsce-otwarcie-wystawy-w-muzeum-zamkowym-w-sandomierzu\/#article","isPartOf":{"@id":"https:\/\/nid.pl\/2023\/05\/23\/tradycje-od-pokolen-niematerialne-dziedzictwo-kulturowe-w-polsce-otwarcie-wystawy-w-muzeum-zamkowym-w-sandomierzu\/"},"author":{"name":"Barbara Halliop","@id":"https:\/\/nid.pl\/#\/schema\/person\/1b690a8998a5111cfb9f0ffe24195a15"},"headline":"Tradycje od pokole\u0144. Niematerialne dziedzictwo kulturowe w Polsce \u2013 otwarcie wystawy w Muzeum Zamkowym w Sandomierzu","datePublished":"2023-05-23T13:50:00+00:00","dateModified":"2023-06-22T10:07:31+00:00","mainEntityOfPage":{"@id":"https:\/\/nid.pl\/2023\/05\/23\/tradycje-od-pokolen-niematerialne-dziedzictwo-kulturowe-w-polsce-otwarcie-wystawy-w-muzeum-zamkowym-w-sandomierzu\/"},"wordCount":1014,"commentCount":0,"publisher":{"@id":"https:\/\/nid.pl\/#organization"},"image":{"@id":"https:\/\/nid.pl\/2023\/05\/23\/tradycje-od-pokolen-niematerialne-dziedzictwo-kulturowe-w-polsce-otwarcie-wystawy-w-muzeum-zamkowym-w-sandomierzu\/#primaryimage"},"thumbnailUrl":"https:\/\/nid.pl\/wp-content\/uploads\/2023\/05\/NID-2023-www-1857\u00d71238-px-2.png","articleSection":["Aktualno\u015bci","Tradycje od pokole\u0144. Niematerialne dziedzictwo kulturowe w Polsce"],"inLanguage":"en-GB"},{"@type":"WebPage","@id":"https:\/\/nid.pl\/2023\/05\/23\/tradycje-od-pokolen-niematerialne-dziedzictwo-kulturowe-w-polsce-otwarcie-wystawy-w-muzeum-zamkowym-w-sandomierzu\/","url":"https:\/\/nid.pl\/2023\/05\/23\/tradycje-od-pokolen-niematerialne-dziedzictwo-kulturowe-w-polsce-otwarcie-wystawy-w-muzeum-zamkowym-w-sandomierzu\/","name":"Tradycje od pokole\u0144. Niematerialne dziedzictwo kulturowe w Polsce \u2013 otwarcie wystawy w Muzeum Zamkowym w Sandomierzu - NID","isPartOf":{"@id":"https:\/\/nid.pl\/#website"},"primaryImageOfPage":{"@id":"https:\/\/nid.pl\/2023\/05\/23\/tradycje-od-pokolen-niematerialne-dziedzictwo-kulturowe-w-polsce-otwarcie-wystawy-w-muzeum-zamkowym-w-sandomierzu\/#primaryimage"},"image":{"@id":"https:\/\/nid.pl\/2023\/05\/23\/tradycje-od-pokolen-niematerialne-dziedzictwo-kulturowe-w-polsce-otwarcie-wystawy-w-muzeum-zamkowym-w-sandomierzu\/#primaryimage"},"thumbnailUrl":"https:\/\/nid.pl\/wp-content\/uploads\/2023\/05\/NID-2023-www-1857\u00d71238-px-2.png","datePublished":"2023-05-23T13:50:00+00:00","dateModified":"2023-06-22T10:07:31+00:00","breadcrumb":{"@id":"https:\/\/nid.pl\/2023\/05\/23\/tradycje-od-pokolen-niematerialne-dziedzictwo-kulturowe-w-polsce-otwarcie-wystawy-w-muzeum-zamkowym-w-sandomierzu\/#breadcrumb"},"inLanguage":"en-GB","potentialAction":[{"@type":"ReadAction","target":["https:\/\/nid.pl\/2023\/05\/23\/tradycje-od-pokolen-niematerialne-dziedzictwo-kulturowe-w-polsce-otwarcie-wystawy-w-muzeum-zamkowym-w-sandomierzu\/"]}]},{"@type":"ImageObject","inLanguage":"en-GB","@id":"https:\/\/nid.pl\/2023\/05\/23\/tradycje-od-pokolen-niematerialne-dziedzictwo-kulturowe-w-polsce-otwarcie-wystawy-w-muzeum-zamkowym-w-sandomierzu\/#primaryimage","url":"https:\/\/nid.pl\/wp-content\/uploads\/2023\/05\/NID-2023-www-1857\u00d71238-px-2.png","contentUrl":"https:\/\/nid.pl\/wp-content\/uploads\/2023\/05\/NID-2023-www-1857\u00d71238-px-2.png","width":1857,"height":1238,"caption":"NID www \u00d7 px"},{"@type":"BreadcrumbList","@id":"https:\/\/nid.pl\/2023\/05\/23\/tradycje-od-pokolen-niematerialne-dziedzictwo-kulturowe-w-polsce-otwarcie-wystawy-w-muzeum-zamkowym-w-sandomierzu\/#breadcrumb","itemListElement":[{"@type":"ListItem","position":1,"name":"Home","item":"https:\/\/nid.pl\/"},{"@type":"ListItem","position":2,"name":"Tradycje od pokole\u0144. Niematerialne dziedzictwo kulturowe w Polsce \u2013 otwarcie wystawy w Muzeum Zamkowym w Sandomierzu"}]},{"@type":"WebSite","@id":"https:\/\/nid.pl\/#website","url":"https:\/\/nid.pl\/","name":"NID","description":"Narodowy Instytut Dziedzictwa","publisher":{"@id":"https:\/\/nid.pl\/#organization"},"potentialAction":[{"@type":"SearchAction","target":{"@type":"EntryPoint","urlTemplate":"https:\/\/nid.pl\/?s={search_term_string}"},"query-input":{"@type":"PropertyValueSpecification","valueRequired":true,"valueName":"search_term_string"}}],"inLanguage":"en-GB"},{"@type":"Organization","@id":"https:\/\/nid.pl\/#organization","name":"Narodowy Instytut Dziedzictwa","url":"https:\/\/nid.pl\/","logo":{"@type":"ImageObject","inLanguage":"en-GB","@id":"https:\/\/nid.pl\/#\/schema\/logo\/image\/","url":"https:\/\/nid.pl\/wp-content\/uploads\/2022\/10\/logoRedDark.png","contentUrl":"https:\/\/nid.pl\/wp-content\/uploads\/2022\/10\/logoRedDark.png","width":200,"height":197,"caption":"Narodowy Instytut Dziedzictwa"},"image":{"@id":"https:\/\/nid.pl\/#\/schema\/logo\/image\/"},"sameAs":["https:\/\/www.facebook.com\/zabytek","https:\/\/x.com\/NarIDpl","https:\/\/www.instagram.com\/nid.pl\/?hl=pl","https:\/\/www.linkedin.com\/company\/narodowy-instytut-dziedzictwa","https:\/\/www.youtube.com\/channel\/UCQXuhKa2uHtmNvLRUSx40JA"]},{"@type":"Person","@id":"https:\/\/nid.pl\/#\/schema\/person\/1b690a8998a5111cfb9f0ffe24195a15","name":"Barbara Halliop","image":{"@type":"ImageObject","inLanguage":"en-GB","@id":"https:\/\/nid.pl\/#\/schema\/person\/image\/","url":"https:\/\/nid.pl\/wp-content\/litespeed\/avatar\/924046d17dd0c842c9fa9ccf489bc6dc.jpg?ver=1777444967","contentUrl":"https:\/\/nid.pl\/wp-content\/litespeed\/avatar\/924046d17dd0c842c9fa9ccf489bc6dc.jpg?ver=1777444967","caption":"Barbara Halliop"},"url":"https:\/\/nid.pl\/en\/author\/bhalliop\/"}]}},"_links":{"self":[{"href":"https:\/\/nid.pl\/en\/wp-json\/wp\/v2\/posts\/11392","targetHints":{"allow":["GET"]}}],"collection":[{"href":"https:\/\/nid.pl\/en\/wp-json\/wp\/v2\/posts"}],"about":[{"href":"https:\/\/nid.pl\/en\/wp-json\/wp\/v2\/types\/post"}],"author":[{"embeddable":true,"href":"https:\/\/nid.pl\/en\/wp-json\/wp\/v2\/users\/7"}],"replies":[{"embeddable":true,"href":"https:\/\/nid.pl\/en\/wp-json\/wp\/v2\/comments?post=11392"}],"version-history":[{"count":0,"href":"https:\/\/nid.pl\/en\/wp-json\/wp\/v2\/posts\/11392\/revisions"}],"wp:featuredmedia":[{"embeddable":true,"href":"https:\/\/nid.pl\/en\/wp-json\/wp\/v2\/media\/11436"}],"wp:attachment":[{"href":"https:\/\/nid.pl\/en\/wp-json\/wp\/v2\/media?parent=11392"}],"wp:term":[{"taxonomy":"category","embeddable":true,"href":"https:\/\/nid.pl\/en\/wp-json\/wp\/v2\/categories?post=11392"},{"taxonomy":"post_tag","embeddable":true,"href":"https:\/\/nid.pl\/en\/wp-json\/wp\/v2\/tags?post=11392"}],"curies":[{"name":"wp","href":"https:\/\/api.w.org\/{rel}","templated":true}]}}