{"id":11361,"date":"2023-05-19T16:10:00","date_gmt":"2023-05-19T14:10:00","guid":{"rendered":"https:\/\/nid.pl\/?p=11361"},"modified":"2023-06-20T14:48:12","modified_gmt":"2023-06-20T12:48:12","slug":"zabytek-zadbany-2023-znamy-obiekty-nominowane-w-konkursie-oraz-laureatow-w-kategorii-specjalnej","status":"publish","type":"post","link":"https:\/\/nid.pl\/en\/2023\/05\/19\/zabytek-zadbany-2023-znamy-obiekty-nominowane-w-konkursie-oraz-laureatow-w-kategorii-specjalnej\/","title":{"rendered":"Zabytek Zadbany 2023 &#8211; Znamy obiekty nominowane w konkursie oraz laureat\u00f3w w kategorii specjalnej!"},"content":{"rendered":"<p><strong>Jury konkursu Generalnego Konserwatora Zabytk\u00f3w \u201eZabytek Zadbany\u201d, na podstawie zg\u0142osze\u0144, zweryfikowanych przez pracownik\u00f3w Narodowego Instytutu Dziedzictwa, dokona\u0142o oceny i wyboru nagrodzonych (najlepszych zg\u0142osze\u0144) obiekt\u00f3w. Do konkursu zg\u0142oszono 55 zabytk\u00f3w, etap oceny formalnej pomy\u015blnie przesz\u0142y 42 obiekty z 10 wojew\u00f3dztw. Spo\u015br\u00f3d nich wy\u0142oniono laureat\u00f3w w kategorii specjalnej. Laureat\u00f3w w pozosta\u0142ych kategoriach poznamy na uroczystej Gali w Ministerstwie Kultury i Dziedzictwa Narodowego.<\/strong><\/p>\n\n\n\n<p><strong>\u201eZabytek Zadbany\u201d <\/strong>to og\u00f3lnopolski konkurs Ministra Kultury i Dziedzictwa Narodowego oraz Generalnego Konserwatora Zabytk\u00f3w, kt\u00f3rego procedur\u0119 organizacyjn\u0105 prowadzi Narodowy Instytut Dziedzictwa. Jego g\u0142\u00f3wnym celem jest promocja i upowszechnianie najlepszych prac konserwatorskich, budowlanych, rewitalizacyjnych i adaptacyjnych zrealizowanych zgodnie z najwa\u017cniejszymi standardami badawczymi i wykonawczymi.<\/p>\n\n\n\n<p>Konkurs szczyci si\u0119 wieloletni\u0105 tradycj\u0105 \u2013 po raz pierwszy og\u0142oszony zosta\u0142 blisko 50 lat temu. Corocznie o miano laureat\u00f3w i wyr\u00f3\u017cnionych ubiega\u0107 si\u0119 mog\u0105 w\u0142a\u015bciciele i zarz\u0105dcy zabytkowych nieruchomo\u015bci, kt\u00f3rzy wzorowo i konsekwentnie prowadz\u0105 dzia\u0142ania \u2013 badawcze, rewitalizacyjne, konserwatorskie i budowlane. Pracownicy Narodowego Instytutu Dziedzictwa przeprowadzaj\u0105 ocen\u0119 zg\u0142osze\u0144 oraz przygotowuj\u0105 eksperckie opinie.<br><br>Jury konkursu, powo\u0142ane przez Generalnego Konserwatora Zabytk\u00f3w, dokona\u0142o oceny zg\u0142osze\u0144 i&nbsp;nominowa\u0142o obiekty w ka\u017cdej z kategorii z kt\u00f3rych, jeden otrzyma tytu\u0142 laureata, a pozostali wyr\u00f3\u017cnienie.&nbsp;W kategorii specjalnej, za w\u0142a\u015bciwe u\u017cytkowanie i sta\u0142\u0105 opiek\u0119 nad zabytkiem, tytu\u0142 laureata otrzyma\u0142y ex aequo dwa obiekty.<\/p>\n\n\n\n<p><strong>W kategorii utrwalenia warto\u015bci zabytkowej obiektu nominacje uzyska\u0142y<\/strong>:<\/p>\n\n\n\n<ol class=\"wp-block-list\"><li>Ratusz w Z\u0105bkowicach \u015al\u0105skich (woj. dolno\u015bl\u0105skie)<\/li><li>Kamienica przy ul. 3 Maja 32 w Rzeszowie (woj. podkarpackie)<\/li><li>Ko\u015bci\u00f3\u0142 parafialny Naj\u015bwi\u0119tszego Serca Pana Jezusa w Gdyni (woj. pomorskie)<\/li><li>Budynek Muzeum G\u00f3rnictwa W\u0119glowego przy ul. 3 Maja 19 w Zabrzu (woj. \u015bl\u0105skie)<\/li><\/ol>\n\n\n\n<p><strong>W kategorii rewaloryzacji przestrzeni kulturowej i krajobrazu nominacje uzyska\u0142y:<\/strong><\/p>\n\n\n\n<ol class=\"wp-block-list\"><li>Cmentarz z okresu pierwszej wojenny \u015bwiatowej nr 196 w Koszycach Ma\u0142ych (woj. ma\u0142opolskie)<\/li><li>Pa\u0142ac w Pniewach (woj. wielkopolskie)<\/li><li>Belweder w Parku M\u0142odzie\u017cowym w \u015awidnicy (woj. dolno\u015bl\u0105skie)<\/li><\/ol>\n\n\n\n<p><strong>W kategorii adaptacji obiekt\u00f3w zabytkowych nominacje uzyska\u0142y:<\/strong><\/p>\n\n\n\n<ol class=\"wp-block-list\"><li>Pa\u0142ac Wierusz-Kowalskich, obecnie siedziba Gminnego O\u015brodka Kultury w Brwinowie (woj. mazowieckie)<\/li><li>Fabryka odzie\u017cy, obecnie budynek mieszkalny &#8220;Stara Szwalnia&#8221; w Lesznie (woj. wielkopolskie)<\/li><li>Dawny ko\u015bci\u00f3\u0142 ewangelicki, obecnie obiekt o funkcjach kulturalno-turystycznych i edukacyjnych w Z\u0142otym Stoku (woj. dolno\u015bl\u0105skie)<\/li><li>Siedziba dyrekcji i administracji Towarzystwa Akcyjnego Zak\u0142ad\u00f3w \u017byrardowskich, obecnie urz\u0105d miejski i biblioteka w \u017byrardowie (woj. mazowieckie)<\/li><\/ol>\n\n\n\n<p><strong>W kategorii architektury i budownictwa drewnianego nominacje uzyska\u0142y:<\/strong><\/p>\n\n\n\n<ol class=\"wp-block-list\"><li>Ko\u015bci\u00f3\u0142 parafialny \u015awi\u0119tego Jana Chrzciciela w Soninie (woj. podkarpackie)<\/li><li>Willa Jadwini\u00f3wka w Zakopanem (woj. ma\u0142opolskie)<\/li><li>Willa Frank\u00f3wka w J\u00f3zefowie (woj. mazowieckie)<\/li><li>Kapliczka przydro\u017cna w miejscowo\u015bci Podlas (woj. \u0142\u00f3dzkie)<\/li><\/ol>\n\n\n\n<p><strong>W kategorii zabytk\u00f3w techniki nominacje uzyska\u0142y:<\/strong><\/p>\n\n\n\n<ol class=\"wp-block-list\"><li>Wiatrak typu ko\u017alak w Chro\u015bnie (woj. kujawsko-pomorskie)<\/li><li>Zesp\u00f3\u0142 dworca w W\u0119gli\u0144cu (woj. dolno\u015bl\u0105skie)<\/li><\/ol>\n\n\n\n<p><strong>W kategorii specjalnej w\u0142a\u015bciwego u\u017cytkowania i sta\u0142ej opieki nad zabytkiem Jury wskaza\u0142o dw\u00f3ch r\u00f3wnorz\u0119dnych laureat\u00f3w:<\/strong><\/p>\n\n\n\n<ol class=\"wp-block-list\"><li>Katedra Wniebowzi\u0119cia Naj\u015bwi\u0119tszej Marii Panny i \u015awi\u0119tego Andrzeja Aposto\u0142a we Fromborku (woj. warmi\u0144sko-mazurskie)<\/li><li>Zesp\u00f3\u0142 ko\u015bcio\u0142a \u015awi\u0119tego Antoniego Padewskiego i klasztoru franciszkan\u00f3w w Poznaniu (woj. wielkopolskie)<\/li><\/ol>\n\n\n\n<p><\/p>\n\n\n\n<p>Laureat\u00f3w konkursu w pozosta\u0142ych kategoriach poznamy 20 czerwca 2023 podczas uroczystego wr\u0119czenia nagr\u00f3d, kt\u00f3re odb\u0119dzie si\u0119 w Ministerstwie Kultury i Dziedzictwa Narodowego.<\/p>\n\n\n\n<p>Laureaci i wyr\u00f3\u017cnieni w konkursie otrzymaj\u0105 dyplomy i tablice \u201eZabytku Zadbanego\u201d do oznakowania obiekt\u00f3w. Nagrodzone zabytki s\u0105 prezentowane w dedykowanych wydawnictwach Narodowego Instytutu Dziedzictwa, przekazywanych w\u0142a\u015bcicielom zabytk\u00f3w i przedstawicielom og\u00f3lnopolskiego \u015brodowiska konserwatorskiego.<\/p>\n\n\n\n<p>Konkurs Zabytek Zadbany obj\u0119ty jest patronatem Polskiego Radia S.A.&nbsp;<\/p>\n\n\n\n<p>Organizacja konkursu jest finansowana ze \u015brodk\u00f3w Ministerstwa Kultury i Dziedzictwa Narodowego.&nbsp;<\/p>\n\n\n\n<p><\/p>","protected":false},"excerpt":{"rendered":"<p>Jury konkursu Generalnego Konserwatora Zabytk\u00f3w \u201eZabytek Zadbany\u201d, na podstawie zg\u0142osze\u0144, zweryfikowanych przez pracownik\u00f3w Narodowego Instytutu Dziedzictwa, dokona\u0142o oceny i wyboru nagrodzonych (najlepszych zg\u0142osze\u0144) obiekt\u00f3w. Do konkursu zg\u0142oszono 55 zabytk\u00f3w, etap [&hellip;]<\/p>","protected":false},"author":4,"featured_media":11362,"comment_status":"open","ping_status":"open","sticky":false,"template":"","format":"standard","meta":{"_et_pb_use_builder":"off","_et_pb_old_content":"","_et_gb_content_width":"","_monsterinsights_skip_tracking":false,"_monsterinsights_sitenote_active":false,"_monsterinsights_sitenote_note":"","_monsterinsights_sitenote_category":0,"footnotes":""},"categories":[3,31],"tags":[],"class_list":["post-11361","post","type-post","status-publish","format-standard","has-post-thumbnail","hentry","category-aktualnosci","category-zabytek-zadbany"],"yoast_head":"<!-- This site is optimized with the Yoast SEO plugin v26.5 - https:\/\/yoast.com\/wordpress\/plugins\/seo\/ -->\n<title>Zabytek Zadbany 2023 - Znamy obiekty nominowane w konkursie oraz laureat\u00f3w w kategorii specjalnej! - NID<\/title>\n<meta name=\"robots\" content=\"index, follow, max-snippet:-1, max-image-preview:large, max-video-preview:-1\" \/>\n<link rel=\"canonical\" href=\"https:\/\/nid.pl\/en\/2023\/05\/19\/zabytek-zadbany-2023-znamy-obiekty-nominowane-w-konkursie-oraz-laureatow-w-kategorii-specjalnej\/\" \/>\n<meta property=\"og:locale\" content=\"en_GB\" \/>\n<meta property=\"og:type\" content=\"article\" \/>\n<meta property=\"og:title\" content=\"Zabytek Zadbany 2023 - Znamy obiekty nominowane w konkursie oraz laureat\u00f3w w kategorii specjalnej! - NID\" \/>\n<meta property=\"og:description\" content=\"Jury konkursu Generalnego Konserwatora Zabytk\u00f3w \u201eZabytek Zadbany\u201d, na podstawie zg\u0142osze\u0144, zweryfikowanych przez pracownik\u00f3w Narodowego Instytutu Dziedzictwa, dokona\u0142o oceny i wyboru nagrodzonych (najlepszych zg\u0142osze\u0144) obiekt\u00f3w. Do konkursu zg\u0142oszono 55 zabytk\u00f3w, etap [&hellip;]\" \/>\n<meta property=\"og:url\" content=\"https:\/\/nid.pl\/en\/2023\/05\/19\/zabytek-zadbany-2023-znamy-obiekty-nominowane-w-konkursie-oraz-laureatow-w-kategorii-specjalnej\/\" \/>\n<meta property=\"og:site_name\" content=\"NID\" \/>\n<meta property=\"article:publisher\" content=\"https:\/\/www.facebook.com\/zabytek\" \/>\n<meta property=\"article:published_time\" content=\"2023-05-19T14:10:00+00:00\" \/>\n<meta property=\"article:modified_time\" content=\"2023-06-20T12:48:12+00:00\" \/>\n<meta property=\"og:image\" content=\"https:\/\/nid.pl\/wp-content\/uploads\/2023\/05\/ZabytekZadbany_2023_F_specj_Frombork_fot-Archidiecezja-Warminska-1024x633.png\" \/>\n\t<meta property=\"og:image:width\" content=\"1024\" \/>\n\t<meta property=\"og:image:height\" content=\"633\" \/>\n\t<meta property=\"og:image:type\" content=\"image\/png\" \/>\n<meta name=\"author\" content=\"Marta Or\u0119ziak\" \/>\n<meta name=\"twitter:card\" content=\"summary_large_image\" \/>\n<meta name=\"twitter:creator\" content=\"@NarIDpl\" \/>\n<meta name=\"twitter:site\" content=\"@NarIDpl\" \/>\n<meta name=\"twitter:label1\" content=\"Written by\" \/>\n\t<meta name=\"twitter:data1\" content=\"Marta Or\u0119ziak\" \/>\n\t<meta name=\"twitter:label2\" content=\"Estimated reading time\" \/>\n\t<meta name=\"twitter:data2\" content=\"3 minutes\" \/>\n<script type=\"application\/ld+json\" class=\"yoast-schema-graph\">{\"@context\":\"https:\/\/schema.org\",\"@graph\":[{\"@type\":\"Article\",\"@id\":\"https:\/\/nid.pl\/2023\/05\/19\/zabytek-zadbany-2023-znamy-obiekty-nominowane-w-konkursie-oraz-laureatow-w-kategorii-specjalnej\/#article\",\"isPartOf\":{\"@id\":\"https:\/\/nid.pl\/2023\/05\/19\/zabytek-zadbany-2023-znamy-obiekty-nominowane-w-konkursie-oraz-laureatow-w-kategorii-specjalnej\/\"},\"author\":{\"name\":\"Marta Or\u0119ziak\",\"@id\":\"https:\/\/nid.pl\/#\/schema\/person\/9d848c4a54b78bc2a1461f1c5d8de615\"},\"headline\":\"Zabytek Zadbany 2023 &#8211; Znamy obiekty nominowane w konkursie oraz laureat\u00f3w w kategorii specjalnej!\",\"datePublished\":\"2023-05-19T14:10:00+00:00\",\"dateModified\":\"2023-06-20T12:48:12+00:00\",\"mainEntityOfPage\":{\"@id\":\"https:\/\/nid.pl\/2023\/05\/19\/zabytek-zadbany-2023-znamy-obiekty-nominowane-w-konkursie-oraz-laureatow-w-kategorii-specjalnej\/\"},\"wordCount\":643,\"commentCount\":0,\"publisher\":{\"@id\":\"https:\/\/nid.pl\/#organization\"},\"image\":{\"@id\":\"https:\/\/nid.pl\/2023\/05\/19\/zabytek-zadbany-2023-znamy-obiekty-nominowane-w-konkursie-oraz-laureatow-w-kategorii-specjalnej\/#primaryimage\"},\"thumbnailUrl\":\"https:\/\/nid.pl\/wp-content\/uploads\/2023\/05\/ZabytekZadbany_2023_F_specj_Frombork_fot-Archidiecezja-Warminska.png\",\"articleSection\":[\"Aktualno\u015bci\",\"Zabytek Zadbany\"],\"inLanguage\":\"en-GB\"},{\"@type\":\"WebPage\",\"@id\":\"https:\/\/nid.pl\/2023\/05\/19\/zabytek-zadbany-2023-znamy-obiekty-nominowane-w-konkursie-oraz-laureatow-w-kategorii-specjalnej\/\",\"url\":\"https:\/\/nid.pl\/2023\/05\/19\/zabytek-zadbany-2023-znamy-obiekty-nominowane-w-konkursie-oraz-laureatow-w-kategorii-specjalnej\/\",\"name\":\"Zabytek Zadbany 2023 - Znamy obiekty nominowane w konkursie oraz laureat\u00f3w w kategorii specjalnej! - NID\",\"isPartOf\":{\"@id\":\"https:\/\/nid.pl\/#website\"},\"primaryImageOfPage\":{\"@id\":\"https:\/\/nid.pl\/2023\/05\/19\/zabytek-zadbany-2023-znamy-obiekty-nominowane-w-konkursie-oraz-laureatow-w-kategorii-specjalnej\/#primaryimage\"},\"image\":{\"@id\":\"https:\/\/nid.pl\/2023\/05\/19\/zabytek-zadbany-2023-znamy-obiekty-nominowane-w-konkursie-oraz-laureatow-w-kategorii-specjalnej\/#primaryimage\"},\"thumbnailUrl\":\"https:\/\/nid.pl\/wp-content\/uploads\/2023\/05\/ZabytekZadbany_2023_F_specj_Frombork_fot-Archidiecezja-Warminska.png\",\"datePublished\":\"2023-05-19T14:10:00+00:00\",\"dateModified\":\"2023-06-20T12:48:12+00:00\",\"breadcrumb\":{\"@id\":\"https:\/\/nid.pl\/2023\/05\/19\/zabytek-zadbany-2023-znamy-obiekty-nominowane-w-konkursie-oraz-laureatow-w-kategorii-specjalnej\/#breadcrumb\"},\"inLanguage\":\"en-GB\",\"potentialAction\":[{\"@type\":\"ReadAction\",\"target\":[\"https:\/\/nid.pl\/2023\/05\/19\/zabytek-zadbany-2023-znamy-obiekty-nominowane-w-konkursie-oraz-laureatow-w-kategorii-specjalnej\/\"]}]},{\"@type\":\"ImageObject\",\"inLanguage\":\"en-GB\",\"@id\":\"https:\/\/nid.pl\/2023\/05\/19\/zabytek-zadbany-2023-znamy-obiekty-nominowane-w-konkursie-oraz-laureatow-w-kategorii-specjalnej\/#primaryimage\",\"url\":\"https:\/\/nid.pl\/wp-content\/uploads\/2023\/05\/ZabytekZadbany_2023_F_specj_Frombork_fot-Archidiecezja-Warminska.png\",\"contentUrl\":\"https:\/\/nid.pl\/wp-content\/uploads\/2023\/05\/ZabytekZadbany_2023_F_specj_Frombork_fot-Archidiecezja-Warminska.png\",\"width\":2000,\"height\":1237,\"caption\":\"ZabytekZadbany F specj Frombork fot Archidiecezja Warminska\"},{\"@type\":\"BreadcrumbList\",\"@id\":\"https:\/\/nid.pl\/2023\/05\/19\/zabytek-zadbany-2023-znamy-obiekty-nominowane-w-konkursie-oraz-laureatow-w-kategorii-specjalnej\/#breadcrumb\",\"itemListElement\":[{\"@type\":\"ListItem\",\"position\":1,\"name\":\"Home\",\"item\":\"https:\/\/nid.pl\/\"},{\"@type\":\"ListItem\",\"position\":2,\"name\":\"Zabytek Zadbany 2023 &#8211; Znamy obiekty nominowane w konkursie oraz laureat\u00f3w w kategorii specjalnej!\"}]},{\"@type\":\"WebSite\",\"@id\":\"https:\/\/nid.pl\/#website\",\"url\":\"https:\/\/nid.pl\/\",\"name\":\"NID\",\"description\":\"Narodowy Instytut Dziedzictwa\",\"publisher\":{\"@id\":\"https:\/\/nid.pl\/#organization\"},\"potentialAction\":[{\"@type\":\"SearchAction\",\"target\":{\"@type\":\"EntryPoint\",\"urlTemplate\":\"https:\/\/nid.pl\/?s={search_term_string}\"},\"query-input\":{\"@type\":\"PropertyValueSpecification\",\"valueRequired\":true,\"valueName\":\"search_term_string\"}}],\"inLanguage\":\"en-GB\"},{\"@type\":\"Organization\",\"@id\":\"https:\/\/nid.pl\/#organization\",\"name\":\"Narodowy Instytut Dziedzictwa\",\"url\":\"https:\/\/nid.pl\/\",\"logo\":{\"@type\":\"ImageObject\",\"inLanguage\":\"en-GB\",\"@id\":\"https:\/\/nid.pl\/#\/schema\/logo\/image\/\",\"url\":\"https:\/\/nid.pl\/wp-content\/uploads\/2022\/10\/logoRedDark.png\",\"contentUrl\":\"https:\/\/nid.pl\/wp-content\/uploads\/2022\/10\/logoRedDark.png\",\"width\":200,\"height\":197,\"caption\":\"Narodowy Instytut Dziedzictwa\"},\"image\":{\"@id\":\"https:\/\/nid.pl\/#\/schema\/logo\/image\/\"},\"sameAs\":[\"https:\/\/www.facebook.com\/zabytek\",\"https:\/\/x.com\/NarIDpl\",\"https:\/\/www.instagram.com\/nid.pl\/?hl=pl\",\"https:\/\/www.linkedin.com\/company\/narodowy-instytut-dziedzictwa\",\"https:\/\/www.youtube.com\/channel\/UCQXuhKa2uHtmNvLRUSx40JA\"]},{\"@type\":\"Person\",\"@id\":\"https:\/\/nid.pl\/#\/schema\/person\/9d848c4a54b78bc2a1461f1c5d8de615\",\"name\":\"Marta Or\u0119ziak\",\"image\":{\"@type\":\"ImageObject\",\"inLanguage\":\"en-GB\",\"@id\":\"https:\/\/nid.pl\/#\/schema\/person\/image\/\",\"url\":\"https:\/\/nid.pl\/wp-content\/litespeed\/avatar\/3cdc296a7eb01425272974c992bee3ea.jpg?ver=1776840456\",\"contentUrl\":\"https:\/\/nid.pl\/wp-content\/litespeed\/avatar\/3cdc296a7eb01425272974c992bee3ea.jpg?ver=1776840456\",\"caption\":\"Marta Or\u0119ziak\"},\"url\":\"https:\/\/nid.pl\/en\/author\/moreziak\/\"}]}<\/script>\n<!-- \/ Yoast SEO plugin. -->","yoast_head_json":{"title":"Zabytek Zadbany 2023 - Znamy obiekty nominowane w konkursie oraz laureat\u00f3w w kategorii specjalnej! - NID","robots":{"index":"index","follow":"follow","max-snippet":"max-snippet:-1","max-image-preview":"max-image-preview:large","max-video-preview":"max-video-preview:-1"},"canonical":"https:\/\/nid.pl\/en\/2023\/05\/19\/zabytek-zadbany-2023-znamy-obiekty-nominowane-w-konkursie-oraz-laureatow-w-kategorii-specjalnej\/","og_locale":"en_GB","og_type":"article","og_title":"Zabytek Zadbany 2023 - Znamy obiekty nominowane w konkursie oraz laureat\u00f3w w kategorii specjalnej! - NID","og_description":"Jury konkursu Generalnego Konserwatora Zabytk\u00f3w \u201eZabytek Zadbany\u201d, na podstawie zg\u0142osze\u0144, zweryfikowanych przez pracownik\u00f3w Narodowego Instytutu Dziedzictwa, dokona\u0142o oceny i wyboru nagrodzonych (najlepszych zg\u0142osze\u0144) obiekt\u00f3w. Do konkursu zg\u0142oszono 55 zabytk\u00f3w, etap [&hellip;]","og_url":"https:\/\/nid.pl\/en\/2023\/05\/19\/zabytek-zadbany-2023-znamy-obiekty-nominowane-w-konkursie-oraz-laureatow-w-kategorii-specjalnej\/","og_site_name":"NID","article_publisher":"https:\/\/www.facebook.com\/zabytek","article_published_time":"2023-05-19T14:10:00+00:00","article_modified_time":"2023-06-20T12:48:12+00:00","og_image":[{"width":1024,"height":633,"url":"https:\/\/nid.pl\/wp-content\/uploads\/2023\/05\/ZabytekZadbany_2023_F_specj_Frombork_fot-Archidiecezja-Warminska-1024x633.png","type":"image\/png"}],"author":"Marta Or\u0119ziak","twitter_card":"summary_large_image","twitter_creator":"@NarIDpl","twitter_site":"@NarIDpl","twitter_misc":{"Written by":"Marta Or\u0119ziak","Estimated reading time":"3 minutes"},"schema":{"@context":"https:\/\/schema.org","@graph":[{"@type":"Article","@id":"https:\/\/nid.pl\/2023\/05\/19\/zabytek-zadbany-2023-znamy-obiekty-nominowane-w-konkursie-oraz-laureatow-w-kategorii-specjalnej\/#article","isPartOf":{"@id":"https:\/\/nid.pl\/2023\/05\/19\/zabytek-zadbany-2023-znamy-obiekty-nominowane-w-konkursie-oraz-laureatow-w-kategorii-specjalnej\/"},"author":{"name":"Marta Or\u0119ziak","@id":"https:\/\/nid.pl\/#\/schema\/person\/9d848c4a54b78bc2a1461f1c5d8de615"},"headline":"Zabytek Zadbany 2023 &#8211; Znamy obiekty nominowane w konkursie oraz laureat\u00f3w w kategorii specjalnej!","datePublished":"2023-05-19T14:10:00+00:00","dateModified":"2023-06-20T12:48:12+00:00","mainEntityOfPage":{"@id":"https:\/\/nid.pl\/2023\/05\/19\/zabytek-zadbany-2023-znamy-obiekty-nominowane-w-konkursie-oraz-laureatow-w-kategorii-specjalnej\/"},"wordCount":643,"commentCount":0,"publisher":{"@id":"https:\/\/nid.pl\/#organization"},"image":{"@id":"https:\/\/nid.pl\/2023\/05\/19\/zabytek-zadbany-2023-znamy-obiekty-nominowane-w-konkursie-oraz-laureatow-w-kategorii-specjalnej\/#primaryimage"},"thumbnailUrl":"https:\/\/nid.pl\/wp-content\/uploads\/2023\/05\/ZabytekZadbany_2023_F_specj_Frombork_fot-Archidiecezja-Warminska.png","articleSection":["Aktualno\u015bci","Zabytek Zadbany"],"inLanguage":"en-GB"},{"@type":"WebPage","@id":"https:\/\/nid.pl\/2023\/05\/19\/zabytek-zadbany-2023-znamy-obiekty-nominowane-w-konkursie-oraz-laureatow-w-kategorii-specjalnej\/","url":"https:\/\/nid.pl\/2023\/05\/19\/zabytek-zadbany-2023-znamy-obiekty-nominowane-w-konkursie-oraz-laureatow-w-kategorii-specjalnej\/","name":"Zabytek Zadbany 2023 - Znamy obiekty nominowane w konkursie oraz laureat\u00f3w w kategorii specjalnej! - NID","isPartOf":{"@id":"https:\/\/nid.pl\/#website"},"primaryImageOfPage":{"@id":"https:\/\/nid.pl\/2023\/05\/19\/zabytek-zadbany-2023-znamy-obiekty-nominowane-w-konkursie-oraz-laureatow-w-kategorii-specjalnej\/#primaryimage"},"image":{"@id":"https:\/\/nid.pl\/2023\/05\/19\/zabytek-zadbany-2023-znamy-obiekty-nominowane-w-konkursie-oraz-laureatow-w-kategorii-specjalnej\/#primaryimage"},"thumbnailUrl":"https:\/\/nid.pl\/wp-content\/uploads\/2023\/05\/ZabytekZadbany_2023_F_specj_Frombork_fot-Archidiecezja-Warminska.png","datePublished":"2023-05-19T14:10:00+00:00","dateModified":"2023-06-20T12:48:12+00:00","breadcrumb":{"@id":"https:\/\/nid.pl\/2023\/05\/19\/zabytek-zadbany-2023-znamy-obiekty-nominowane-w-konkursie-oraz-laureatow-w-kategorii-specjalnej\/#breadcrumb"},"inLanguage":"en-GB","potentialAction":[{"@type":"ReadAction","target":["https:\/\/nid.pl\/2023\/05\/19\/zabytek-zadbany-2023-znamy-obiekty-nominowane-w-konkursie-oraz-laureatow-w-kategorii-specjalnej\/"]}]},{"@type":"ImageObject","inLanguage":"en-GB","@id":"https:\/\/nid.pl\/2023\/05\/19\/zabytek-zadbany-2023-znamy-obiekty-nominowane-w-konkursie-oraz-laureatow-w-kategorii-specjalnej\/#primaryimage","url":"https:\/\/nid.pl\/wp-content\/uploads\/2023\/05\/ZabytekZadbany_2023_F_specj_Frombork_fot-Archidiecezja-Warminska.png","contentUrl":"https:\/\/nid.pl\/wp-content\/uploads\/2023\/05\/ZabytekZadbany_2023_F_specj_Frombork_fot-Archidiecezja-Warminska.png","width":2000,"height":1237,"caption":"ZabytekZadbany F specj Frombork fot Archidiecezja Warminska"},{"@type":"BreadcrumbList","@id":"https:\/\/nid.pl\/2023\/05\/19\/zabytek-zadbany-2023-znamy-obiekty-nominowane-w-konkursie-oraz-laureatow-w-kategorii-specjalnej\/#breadcrumb","itemListElement":[{"@type":"ListItem","position":1,"name":"Home","item":"https:\/\/nid.pl\/"},{"@type":"ListItem","position":2,"name":"Zabytek Zadbany 2023 &#8211; Znamy obiekty nominowane w konkursie oraz laureat\u00f3w w kategorii specjalnej!"}]},{"@type":"WebSite","@id":"https:\/\/nid.pl\/#website","url":"https:\/\/nid.pl\/","name":"NID","description":"Narodowy Instytut Dziedzictwa","publisher":{"@id":"https:\/\/nid.pl\/#organization"},"potentialAction":[{"@type":"SearchAction","target":{"@type":"EntryPoint","urlTemplate":"https:\/\/nid.pl\/?s={search_term_string}"},"query-input":{"@type":"PropertyValueSpecification","valueRequired":true,"valueName":"search_term_string"}}],"inLanguage":"en-GB"},{"@type":"Organization","@id":"https:\/\/nid.pl\/#organization","name":"Narodowy Instytut Dziedzictwa","url":"https:\/\/nid.pl\/","logo":{"@type":"ImageObject","inLanguage":"en-GB","@id":"https:\/\/nid.pl\/#\/schema\/logo\/image\/","url":"https:\/\/nid.pl\/wp-content\/uploads\/2022\/10\/logoRedDark.png","contentUrl":"https:\/\/nid.pl\/wp-content\/uploads\/2022\/10\/logoRedDark.png","width":200,"height":197,"caption":"Narodowy Instytut Dziedzictwa"},"image":{"@id":"https:\/\/nid.pl\/#\/schema\/logo\/image\/"},"sameAs":["https:\/\/www.facebook.com\/zabytek","https:\/\/x.com\/NarIDpl","https:\/\/www.instagram.com\/nid.pl\/?hl=pl","https:\/\/www.linkedin.com\/company\/narodowy-instytut-dziedzictwa","https:\/\/www.youtube.com\/channel\/UCQXuhKa2uHtmNvLRUSx40JA"]},{"@type":"Person","@id":"https:\/\/nid.pl\/#\/schema\/person\/9d848c4a54b78bc2a1461f1c5d8de615","name":"Marta Or\u0119ziak","image":{"@type":"ImageObject","inLanguage":"en-GB","@id":"https:\/\/nid.pl\/#\/schema\/person\/image\/","url":"https:\/\/nid.pl\/wp-content\/litespeed\/avatar\/3cdc296a7eb01425272974c992bee3ea.jpg?ver=1776840456","contentUrl":"https:\/\/nid.pl\/wp-content\/litespeed\/avatar\/3cdc296a7eb01425272974c992bee3ea.jpg?ver=1776840456","caption":"Marta Or\u0119ziak"},"url":"https:\/\/nid.pl\/en\/author\/moreziak\/"}]}},"_links":{"self":[{"href":"https:\/\/nid.pl\/en\/wp-json\/wp\/v2\/posts\/11361","targetHints":{"allow":["GET"]}}],"collection":[{"href":"https:\/\/nid.pl\/en\/wp-json\/wp\/v2\/posts"}],"about":[{"href":"https:\/\/nid.pl\/en\/wp-json\/wp\/v2\/types\/post"}],"author":[{"embeddable":true,"href":"https:\/\/nid.pl\/en\/wp-json\/wp\/v2\/users\/4"}],"replies":[{"embeddable":true,"href":"https:\/\/nid.pl\/en\/wp-json\/wp\/v2\/comments?post=11361"}],"version-history":[{"count":0,"href":"https:\/\/nid.pl\/en\/wp-json\/wp\/v2\/posts\/11361\/revisions"}],"wp:featuredmedia":[{"embeddable":true,"href":"https:\/\/nid.pl\/en\/wp-json\/wp\/v2\/media\/11362"}],"wp:attachment":[{"href":"https:\/\/nid.pl\/en\/wp-json\/wp\/v2\/media?parent=11361"}],"wp:term":[{"taxonomy":"category","embeddable":true,"href":"https:\/\/nid.pl\/en\/wp-json\/wp\/v2\/categories?post=11361"},{"taxonomy":"post_tag","embeddable":true,"href":"https:\/\/nid.pl\/en\/wp-json\/wp\/v2\/tags?post=11361"}],"curies":[{"name":"wp","href":"https:\/\/api.w.org\/{rel}","templated":true}]}}