{"id":11308,"date":"2023-05-15T15:27:26","date_gmt":"2023-05-15T13:27:26","guid":{"rendered":"https:\/\/nid.pl\/?p=11308"},"modified":"2023-05-18T12:57:55","modified_gmt":"2023-05-18T10:57:55","slug":"ix-ogolnopolski-konkurs-fotograficzny-portret-z-kujawsko-pomorskim-zabytkiem-w-tle","status":"publish","type":"post","link":"https:\/\/nid.pl\/en\/2023\/05\/15\/ix-ogolnopolski-konkurs-fotograficzny-portret-z-kujawsko-pomorskim-zabytkiem-w-tle\/","title":{"rendered":"IX Og\u00f3lnopolski Konkurs Fotograficzny &#8220;Portret z kujawsko-pomorskim zabytkiem w tle&#8221;"},"content":{"rendered":"<p>Wraz z Kujawsko-Pomorskim Centrum Kultury w Bydgoszczy zapraszamy do udzia\u0142u w IX Og\u00f3lnopolskim Konkursie Fotograficznym<em>, <\/em>kt\u00f3ry Narodowy Instytut Dziedzictwa obj\u0105\u0142 patronatem.<\/p>\n\n\n\n<p>Tematem konkursu s\u0105 zabytki wojew\u00f3dztwa kujawsko-pomorskiego. Warunkiem udzia\u0142u jest przes\u0142anie fotografii wybranego zabytku wraz z portretem osoby lub grupy os\u00f3b.<\/p>\n\n\n\n<p>T\u0142em portretu mo\u017ce by\u0107 zar\u00f3wno ol\u015bniewaj\u0105cy pa\u0142ac, wiekowy ko\u015bci\u00f3\u0142, skromna kapliczka, monumentalny pomnik, pe\u0142en zieleni park, czy te\u017c zabytkowa fabryka. Charakter zdj\u0119cia, jego stylistyka jest dowolna.<\/p>\n\n\n\n<p>Celem konkursu jest popularyzacja zabytk\u00f3w architektury wojew\u00f3dztwa kujawsko-pomorskiego i zach\u0119cenie amator\u00f3w fotografowania do odkrywania i utrwalania bogactwa i walor\u00f3w dziedzictwa kulturowego regionu przy jednoczesnym rozwijaniu umiej\u0119tno\u015bci w dziedzinie fotografii portretowej w konfrontacji z architektur\u0105. <\/p>\n\n\n\n<p>Liczy si\u0119 kreatywno\u015b\u0107!<\/p>\n\n\n\n<p>W konkursie mog\u0105 wzi\u0105\u0107 udzia\u0142 tylko osoby nie zajmuj\u0105ce si\u0119 zawodowo fotografi\u0105.&nbsp;Fotografie nale\u017cy nadsy\u0142a\u0107 do <strong>7 sierpnia 2023 roku<\/strong>, na adres e-mail <strong>zabytki@kpck.pl<\/strong> w tytule e-maila wpisuj\u0105c: \u201ePortret z zabytkiem w tle 2023\u201d. Na konkurs mo\u017cna przys\u0142a\u0107 fotografie wykonane po<strong> 1 stycznia 2022 roku<\/strong>.<\/p>\n\n\n\n<p>Wydarzenie zosta\u0142o obj\u0119te patronatami honorowymi: Marsza\u0142ka Wojew\u00f3dztwa Kujawsko-Pomorskiego Pana Piotra Ca\u0142beckiego, Kujawsko-Pomorskiego Wojew\u00f3dzkiego Konserwatora Zabytk\u00f3w Pana Sambora Gawi\u0144skiego, Narodowego Instytutu Dziedzictwa oraz patronatem medialnym Polskiego Radia Pomorza i Kujaw.<\/p>\n\n\n\n<p>Regulamin i wi\u0119cej informacji na <a href=\"https:\/\/kpck.pl\/ix-ogolnopolski-konkurs-fotograficzny-portret-kujawsko-pomorskim-zabytkiem-tle\/\" target=\"_blank\" rel=\"noreferrer noopener\">stronie<\/a> Organizatora.<\/p>\n\n\n\n<figure class=\"wp-block-gallery aligncenter has-nested-images columns-default is-cropped wp-block-gallery-1 is-layout-flex wp-block-gallery-is-layout-flex\">\n<figure class=\"wp-block-image size-large\"><img loading=\"lazy\" decoding=\"async\" width=\"2480\" height=\"1867\" data-id=\"11306\" src=\"https:\/\/nid.pl\/wp-content\/uploads\/2023\/05\/konkurs-foto-2023-03-01.jpg\" alt=\"\" class=\"wp-image-11306\" srcset=\"https:\/\/nid.pl\/wp-content\/uploads\/2023\/05\/konkurs-foto-2023-03-01.jpg 2480w, https:\/\/nid.pl\/wp-content\/uploads\/2023\/05\/konkurs-foto-2023-03-01-1280x964.jpg 1280w, https:\/\/nid.pl\/wp-content\/uploads\/2023\/05\/konkurs-foto-2023-03-01-980x738.jpg 980w, https:\/\/nid.pl\/wp-content\/uploads\/2023\/05\/konkurs-foto-2023-03-01-480x361.jpg 480w\" sizes=\"(min-width: 0px) and (max-width: 480px) 480px, (min-width: 481px) and (max-width: 980px) 980px, (min-width: 981px) and (max-width: 1280px) 1280px, (min-width: 1281px) 2480px, 100vw\" \/><\/figure>\n<\/figure>","protected":false},"excerpt":{"rendered":"<p>Wraz z Kujawsko-Pomorskim Centrum Kultury w Bydgoszczy zapraszamy do udzia\u0142u w IX Og\u00f3lnopolskim Konkursie Fotograficznym, kt\u00f3ry Narodowy Instytut Dziedzictwa obj\u0105\u0142 patronatem. Tematem konkursu s\u0105 zabytki wojew\u00f3dztwa kujawsko-pomorskiego. Warunkiem udzia\u0142u jest [&hellip;]<\/p>","protected":false},"author":7,"featured_media":11307,"comment_status":"open","ping_status":"open","sticky":false,"template":"","format":"standard","meta":{"_et_pb_use_builder":"off","_et_pb_old_content":"","_et_gb_content_width":"","_monsterinsights_skip_tracking":false,"_monsterinsights_sitenote_active":false,"_monsterinsights_sitenote_note":"","_monsterinsights_sitenote_category":0,"footnotes":""},"categories":[28],"tags":[],"class_list":["post-11308","post","type-post","status-publish","format-standard","has-post-thumbnail","hentry","category-patronaty"],"yoast_head":"<!-- This site is optimized with the Yoast SEO plugin v26.5 - https:\/\/yoast.com\/wordpress\/plugins\/seo\/ -->\n<title>IX Og\u00f3lnopolski Konkurs Fotograficzny &quot;Portret z kujawsko-pomorskim zabytkiem w tle&quot; - NID<\/title>\n<meta name=\"robots\" content=\"index, follow, max-snippet:-1, max-image-preview:large, max-video-preview:-1\" \/>\n<link rel=\"canonical\" href=\"https:\/\/nid.pl\/en\/2023\/05\/15\/ix-ogolnopolski-konkurs-fotograficzny-portret-z-kujawsko-pomorskim-zabytkiem-w-tle\/\" \/>\n<meta property=\"og:locale\" content=\"en_GB\" \/>\n<meta property=\"og:type\" content=\"article\" \/>\n<meta property=\"og:title\" content=\"IX Og\u00f3lnopolski Konkurs Fotograficzny &quot;Portret z kujawsko-pomorskim zabytkiem w tle&quot; - NID\" \/>\n<meta property=\"og:description\" content=\"Wraz z Kujawsko-Pomorskim Centrum Kultury w Bydgoszczy zapraszamy do udzia\u0142u w IX Og\u00f3lnopolskim Konkursie Fotograficznym, kt\u00f3ry Narodowy Instytut Dziedzictwa obj\u0105\u0142 patronatem. Tematem konkursu s\u0105 zabytki wojew\u00f3dztwa kujawsko-pomorskiego. Warunkiem udzia\u0142u jest [&hellip;]\" \/>\n<meta property=\"og:url\" content=\"https:\/\/nid.pl\/en\/2023\/05\/15\/ix-ogolnopolski-konkurs-fotograficzny-portret-z-kujawsko-pomorskim-zabytkiem-w-tle\/\" \/>\n<meta property=\"og:site_name\" content=\"NID\" \/>\n<meta property=\"article:publisher\" content=\"https:\/\/www.facebook.com\/zabytek\" \/>\n<meta property=\"article:published_time\" content=\"2023-05-15T13:27:26+00:00\" \/>\n<meta property=\"article:modified_time\" content=\"2023-05-18T10:57:55+00:00\" \/>\n<meta property=\"og:image\" content=\"https:\/\/nid.pl\/wp-content\/uploads\/2023\/05\/miniaturka-patronat-II.png\" \/>\n\t<meta property=\"og:image:width\" content=\"440\" \/>\n\t<meta property=\"og:image:height\" content=\"294\" \/>\n\t<meta property=\"og:image:type\" content=\"image\/png\" \/>\n<meta name=\"author\" content=\"Barbara Halliop\" \/>\n<meta name=\"twitter:card\" content=\"summary_large_image\" \/>\n<meta name=\"twitter:creator\" content=\"@NarIDpl\" \/>\n<meta name=\"twitter:site\" content=\"@NarIDpl\" \/>\n<meta name=\"twitter:label1\" content=\"Written by\" \/>\n\t<meta name=\"twitter:data1\" content=\"Barbara Halliop\" \/>\n\t<meta name=\"twitter:label2\" content=\"Estimated reading time\" \/>\n\t<meta name=\"twitter:data2\" content=\"2 minutes\" \/>\n<script type=\"application\/ld+json\" class=\"yoast-schema-graph\">{\"@context\":\"https:\/\/schema.org\",\"@graph\":[{\"@type\":\"Article\",\"@id\":\"https:\/\/nid.pl\/2023\/05\/15\/ix-ogolnopolski-konkurs-fotograficzny-portret-z-kujawsko-pomorskim-zabytkiem-w-tle\/#article\",\"isPartOf\":{\"@id\":\"https:\/\/nid.pl\/2023\/05\/15\/ix-ogolnopolski-konkurs-fotograficzny-portret-z-kujawsko-pomorskim-zabytkiem-w-tle\/\"},\"author\":{\"name\":\"Barbara Halliop\",\"@id\":\"https:\/\/nid.pl\/#\/schema\/person\/1b690a8998a5111cfb9f0ffe24195a15\"},\"headline\":\"IX Og\u00f3lnopolski Konkurs Fotograficzny &#8220;Portret z kujawsko-pomorskim zabytkiem w tle&#8221;\",\"datePublished\":\"2023-05-15T13:27:26+00:00\",\"dateModified\":\"2023-05-18T10:57:55+00:00\",\"mainEntityOfPage\":{\"@id\":\"https:\/\/nid.pl\/2023\/05\/15\/ix-ogolnopolski-konkurs-fotograficzny-portret-z-kujawsko-pomorskim-zabytkiem-w-tle\/\"},\"wordCount\":232,\"commentCount\":0,\"publisher\":{\"@id\":\"https:\/\/nid.pl\/#organization\"},\"image\":{\"@id\":\"https:\/\/nid.pl\/2023\/05\/15\/ix-ogolnopolski-konkurs-fotograficzny-portret-z-kujawsko-pomorskim-zabytkiem-w-tle\/#primaryimage\"},\"thumbnailUrl\":\"https:\/\/nid.pl\/wp-content\/uploads\/2023\/05\/miniaturka-patronat-II.png\",\"articleSection\":[\"Patronaty\"],\"inLanguage\":\"en-GB\"},{\"@type\":\"WebPage\",\"@id\":\"https:\/\/nid.pl\/2023\/05\/15\/ix-ogolnopolski-konkurs-fotograficzny-portret-z-kujawsko-pomorskim-zabytkiem-w-tle\/\",\"url\":\"https:\/\/nid.pl\/2023\/05\/15\/ix-ogolnopolski-konkurs-fotograficzny-portret-z-kujawsko-pomorskim-zabytkiem-w-tle\/\",\"name\":\"IX Og\u00f3lnopolski Konkurs Fotograficzny \\\"Portret z kujawsko-pomorskim zabytkiem w tle\\\" - NID\",\"isPartOf\":{\"@id\":\"https:\/\/nid.pl\/#website\"},\"primaryImageOfPage\":{\"@id\":\"https:\/\/nid.pl\/2023\/05\/15\/ix-ogolnopolski-konkurs-fotograficzny-portret-z-kujawsko-pomorskim-zabytkiem-w-tle\/#primaryimage\"},\"image\":{\"@id\":\"https:\/\/nid.pl\/2023\/05\/15\/ix-ogolnopolski-konkurs-fotograficzny-portret-z-kujawsko-pomorskim-zabytkiem-w-tle\/#primaryimage\"},\"thumbnailUrl\":\"https:\/\/nid.pl\/wp-content\/uploads\/2023\/05\/miniaturka-patronat-II.png\",\"datePublished\":\"2023-05-15T13:27:26+00:00\",\"dateModified\":\"2023-05-18T10:57:55+00:00\",\"breadcrumb\":{\"@id\":\"https:\/\/nid.pl\/2023\/05\/15\/ix-ogolnopolski-konkurs-fotograficzny-portret-z-kujawsko-pomorskim-zabytkiem-w-tle\/#breadcrumb\"},\"inLanguage\":\"en-GB\",\"potentialAction\":[{\"@type\":\"ReadAction\",\"target\":[\"https:\/\/nid.pl\/2023\/05\/15\/ix-ogolnopolski-konkurs-fotograficzny-portret-z-kujawsko-pomorskim-zabytkiem-w-tle\/\"]}]},{\"@type\":\"ImageObject\",\"inLanguage\":\"en-GB\",\"@id\":\"https:\/\/nid.pl\/2023\/05\/15\/ix-ogolnopolski-konkurs-fotograficzny-portret-z-kujawsko-pomorskim-zabytkiem-w-tle\/#primaryimage\",\"url\":\"https:\/\/nid.pl\/wp-content\/uploads\/2023\/05\/miniaturka-patronat-II.png\",\"contentUrl\":\"https:\/\/nid.pl\/wp-content\/uploads\/2023\/05\/miniaturka-patronat-II.png\",\"width\":440,\"height\":294,\"caption\":\"miniaturka patronat II\"},{\"@type\":\"BreadcrumbList\",\"@id\":\"https:\/\/nid.pl\/2023\/05\/15\/ix-ogolnopolski-konkurs-fotograficzny-portret-z-kujawsko-pomorskim-zabytkiem-w-tle\/#breadcrumb\",\"itemListElement\":[{\"@type\":\"ListItem\",\"position\":1,\"name\":\"Home\",\"item\":\"https:\/\/nid.pl\/\"},{\"@type\":\"ListItem\",\"position\":2,\"name\":\"IX Og\u00f3lnopolski Konkurs Fotograficzny &#8220;Portret z kujawsko-pomorskim zabytkiem w tle&#8221;\"}]},{\"@type\":\"WebSite\",\"@id\":\"https:\/\/nid.pl\/#website\",\"url\":\"https:\/\/nid.pl\/\",\"name\":\"NID\",\"description\":\"Narodowy Instytut Dziedzictwa\",\"publisher\":{\"@id\":\"https:\/\/nid.pl\/#organization\"},\"potentialAction\":[{\"@type\":\"SearchAction\",\"target\":{\"@type\":\"EntryPoint\",\"urlTemplate\":\"https:\/\/nid.pl\/?s={search_term_string}\"},\"query-input\":{\"@type\":\"PropertyValueSpecification\",\"valueRequired\":true,\"valueName\":\"search_term_string\"}}],\"inLanguage\":\"en-GB\"},{\"@type\":\"Organization\",\"@id\":\"https:\/\/nid.pl\/#organization\",\"name\":\"Narodowy Instytut Dziedzictwa\",\"url\":\"https:\/\/nid.pl\/\",\"logo\":{\"@type\":\"ImageObject\",\"inLanguage\":\"en-GB\",\"@id\":\"https:\/\/nid.pl\/#\/schema\/logo\/image\/\",\"url\":\"https:\/\/nid.pl\/wp-content\/uploads\/2022\/10\/logoRedDark.png\",\"contentUrl\":\"https:\/\/nid.pl\/wp-content\/uploads\/2022\/10\/logoRedDark.png\",\"width\":200,\"height\":197,\"caption\":\"Narodowy Instytut Dziedzictwa\"},\"image\":{\"@id\":\"https:\/\/nid.pl\/#\/schema\/logo\/image\/\"},\"sameAs\":[\"https:\/\/www.facebook.com\/zabytek\",\"https:\/\/x.com\/NarIDpl\",\"https:\/\/www.instagram.com\/nid.pl\/?hl=pl\",\"https:\/\/www.linkedin.com\/company\/narodowy-instytut-dziedzictwa\",\"https:\/\/www.youtube.com\/channel\/UCQXuhKa2uHtmNvLRUSx40JA\"]},{\"@type\":\"Person\",\"@id\":\"https:\/\/nid.pl\/#\/schema\/person\/1b690a8998a5111cfb9f0ffe24195a15\",\"name\":\"Barbara Halliop\",\"image\":{\"@type\":\"ImageObject\",\"inLanguage\":\"en-GB\",\"@id\":\"https:\/\/nid.pl\/#\/schema\/person\/image\/\",\"url\":\"https:\/\/nid.pl\/wp-content\/litespeed\/avatar\/924046d17dd0c842c9fa9ccf489bc6dc.jpg?ver=1777444967\",\"contentUrl\":\"https:\/\/nid.pl\/wp-content\/litespeed\/avatar\/924046d17dd0c842c9fa9ccf489bc6dc.jpg?ver=1777444967\",\"caption\":\"Barbara Halliop\"},\"url\":\"https:\/\/nid.pl\/en\/author\/bhalliop\/\"}]}<\/script>\n<!-- \/ Yoast SEO plugin. -->","yoast_head_json":{"title":"IX Og\u00f3lnopolski Konkurs Fotograficzny \"Portret z kujawsko-pomorskim zabytkiem w tle\" - NID","robots":{"index":"index","follow":"follow","max-snippet":"max-snippet:-1","max-image-preview":"max-image-preview:large","max-video-preview":"max-video-preview:-1"},"canonical":"https:\/\/nid.pl\/en\/2023\/05\/15\/ix-ogolnopolski-konkurs-fotograficzny-portret-z-kujawsko-pomorskim-zabytkiem-w-tle\/","og_locale":"en_GB","og_type":"article","og_title":"IX Og\u00f3lnopolski Konkurs Fotograficzny \"Portret z kujawsko-pomorskim zabytkiem w tle\" - NID","og_description":"Wraz z Kujawsko-Pomorskim Centrum Kultury w Bydgoszczy zapraszamy do udzia\u0142u w IX Og\u00f3lnopolskim Konkursie Fotograficznym, kt\u00f3ry Narodowy Instytut Dziedzictwa obj\u0105\u0142 patronatem. Tematem konkursu s\u0105 zabytki wojew\u00f3dztwa kujawsko-pomorskiego. Warunkiem udzia\u0142u jest [&hellip;]","og_url":"https:\/\/nid.pl\/en\/2023\/05\/15\/ix-ogolnopolski-konkurs-fotograficzny-portret-z-kujawsko-pomorskim-zabytkiem-w-tle\/","og_site_name":"NID","article_publisher":"https:\/\/www.facebook.com\/zabytek","article_published_time":"2023-05-15T13:27:26+00:00","article_modified_time":"2023-05-18T10:57:55+00:00","og_image":[{"width":440,"height":294,"url":"https:\/\/nid.pl\/wp-content\/uploads\/2023\/05\/miniaturka-patronat-II.png","type":"image\/png"}],"author":"Barbara Halliop","twitter_card":"summary_large_image","twitter_creator":"@NarIDpl","twitter_site":"@NarIDpl","twitter_misc":{"Written by":"Barbara Halliop","Estimated reading time":"2 minutes"},"schema":{"@context":"https:\/\/schema.org","@graph":[{"@type":"Article","@id":"https:\/\/nid.pl\/2023\/05\/15\/ix-ogolnopolski-konkurs-fotograficzny-portret-z-kujawsko-pomorskim-zabytkiem-w-tle\/#article","isPartOf":{"@id":"https:\/\/nid.pl\/2023\/05\/15\/ix-ogolnopolski-konkurs-fotograficzny-portret-z-kujawsko-pomorskim-zabytkiem-w-tle\/"},"author":{"name":"Barbara Halliop","@id":"https:\/\/nid.pl\/#\/schema\/person\/1b690a8998a5111cfb9f0ffe24195a15"},"headline":"IX Og\u00f3lnopolski Konkurs Fotograficzny &#8220;Portret z kujawsko-pomorskim zabytkiem w tle&#8221;","datePublished":"2023-05-15T13:27:26+00:00","dateModified":"2023-05-18T10:57:55+00:00","mainEntityOfPage":{"@id":"https:\/\/nid.pl\/2023\/05\/15\/ix-ogolnopolski-konkurs-fotograficzny-portret-z-kujawsko-pomorskim-zabytkiem-w-tle\/"},"wordCount":232,"commentCount":0,"publisher":{"@id":"https:\/\/nid.pl\/#organization"},"image":{"@id":"https:\/\/nid.pl\/2023\/05\/15\/ix-ogolnopolski-konkurs-fotograficzny-portret-z-kujawsko-pomorskim-zabytkiem-w-tle\/#primaryimage"},"thumbnailUrl":"https:\/\/nid.pl\/wp-content\/uploads\/2023\/05\/miniaturka-patronat-II.png","articleSection":["Patronaty"],"inLanguage":"en-GB"},{"@type":"WebPage","@id":"https:\/\/nid.pl\/2023\/05\/15\/ix-ogolnopolski-konkurs-fotograficzny-portret-z-kujawsko-pomorskim-zabytkiem-w-tle\/","url":"https:\/\/nid.pl\/2023\/05\/15\/ix-ogolnopolski-konkurs-fotograficzny-portret-z-kujawsko-pomorskim-zabytkiem-w-tle\/","name":"IX Og\u00f3lnopolski Konkurs Fotograficzny \"Portret z kujawsko-pomorskim zabytkiem w tle\" - NID","isPartOf":{"@id":"https:\/\/nid.pl\/#website"},"primaryImageOfPage":{"@id":"https:\/\/nid.pl\/2023\/05\/15\/ix-ogolnopolski-konkurs-fotograficzny-portret-z-kujawsko-pomorskim-zabytkiem-w-tle\/#primaryimage"},"image":{"@id":"https:\/\/nid.pl\/2023\/05\/15\/ix-ogolnopolski-konkurs-fotograficzny-portret-z-kujawsko-pomorskim-zabytkiem-w-tle\/#primaryimage"},"thumbnailUrl":"https:\/\/nid.pl\/wp-content\/uploads\/2023\/05\/miniaturka-patronat-II.png","datePublished":"2023-05-15T13:27:26+00:00","dateModified":"2023-05-18T10:57:55+00:00","breadcrumb":{"@id":"https:\/\/nid.pl\/2023\/05\/15\/ix-ogolnopolski-konkurs-fotograficzny-portret-z-kujawsko-pomorskim-zabytkiem-w-tle\/#breadcrumb"},"inLanguage":"en-GB","potentialAction":[{"@type":"ReadAction","target":["https:\/\/nid.pl\/2023\/05\/15\/ix-ogolnopolski-konkurs-fotograficzny-portret-z-kujawsko-pomorskim-zabytkiem-w-tle\/"]}]},{"@type":"ImageObject","inLanguage":"en-GB","@id":"https:\/\/nid.pl\/2023\/05\/15\/ix-ogolnopolski-konkurs-fotograficzny-portret-z-kujawsko-pomorskim-zabytkiem-w-tle\/#primaryimage","url":"https:\/\/nid.pl\/wp-content\/uploads\/2023\/05\/miniaturka-patronat-II.png","contentUrl":"https:\/\/nid.pl\/wp-content\/uploads\/2023\/05\/miniaturka-patronat-II.png","width":440,"height":294,"caption":"miniaturka patronat II"},{"@type":"BreadcrumbList","@id":"https:\/\/nid.pl\/2023\/05\/15\/ix-ogolnopolski-konkurs-fotograficzny-portret-z-kujawsko-pomorskim-zabytkiem-w-tle\/#breadcrumb","itemListElement":[{"@type":"ListItem","position":1,"name":"Home","item":"https:\/\/nid.pl\/"},{"@type":"ListItem","position":2,"name":"IX Og\u00f3lnopolski Konkurs Fotograficzny &#8220;Portret z kujawsko-pomorskim zabytkiem w tle&#8221;"}]},{"@type":"WebSite","@id":"https:\/\/nid.pl\/#website","url":"https:\/\/nid.pl\/","name":"NID","description":"Narodowy Instytut Dziedzictwa","publisher":{"@id":"https:\/\/nid.pl\/#organization"},"potentialAction":[{"@type":"SearchAction","target":{"@type":"EntryPoint","urlTemplate":"https:\/\/nid.pl\/?s={search_term_string}"},"query-input":{"@type":"PropertyValueSpecification","valueRequired":true,"valueName":"search_term_string"}}],"inLanguage":"en-GB"},{"@type":"Organization","@id":"https:\/\/nid.pl\/#organization","name":"Narodowy Instytut Dziedzictwa","url":"https:\/\/nid.pl\/","logo":{"@type":"ImageObject","inLanguage":"en-GB","@id":"https:\/\/nid.pl\/#\/schema\/logo\/image\/","url":"https:\/\/nid.pl\/wp-content\/uploads\/2022\/10\/logoRedDark.png","contentUrl":"https:\/\/nid.pl\/wp-content\/uploads\/2022\/10\/logoRedDark.png","width":200,"height":197,"caption":"Narodowy Instytut Dziedzictwa"},"image":{"@id":"https:\/\/nid.pl\/#\/schema\/logo\/image\/"},"sameAs":["https:\/\/www.facebook.com\/zabytek","https:\/\/x.com\/NarIDpl","https:\/\/www.instagram.com\/nid.pl\/?hl=pl","https:\/\/www.linkedin.com\/company\/narodowy-instytut-dziedzictwa","https:\/\/www.youtube.com\/channel\/UCQXuhKa2uHtmNvLRUSx40JA"]},{"@type":"Person","@id":"https:\/\/nid.pl\/#\/schema\/person\/1b690a8998a5111cfb9f0ffe24195a15","name":"Barbara Halliop","image":{"@type":"ImageObject","inLanguage":"en-GB","@id":"https:\/\/nid.pl\/#\/schema\/person\/image\/","url":"https:\/\/nid.pl\/wp-content\/litespeed\/avatar\/924046d17dd0c842c9fa9ccf489bc6dc.jpg?ver=1777444967","contentUrl":"https:\/\/nid.pl\/wp-content\/litespeed\/avatar\/924046d17dd0c842c9fa9ccf489bc6dc.jpg?ver=1777444967","caption":"Barbara Halliop"},"url":"https:\/\/nid.pl\/en\/author\/bhalliop\/"}]}},"_links":{"self":[{"href":"https:\/\/nid.pl\/en\/wp-json\/wp\/v2\/posts\/11308","targetHints":{"allow":["GET"]}}],"collection":[{"href":"https:\/\/nid.pl\/en\/wp-json\/wp\/v2\/posts"}],"about":[{"href":"https:\/\/nid.pl\/en\/wp-json\/wp\/v2\/types\/post"}],"author":[{"embeddable":true,"href":"https:\/\/nid.pl\/en\/wp-json\/wp\/v2\/users\/7"}],"replies":[{"embeddable":true,"href":"https:\/\/nid.pl\/en\/wp-json\/wp\/v2\/comments?post=11308"}],"version-history":[{"count":0,"href":"https:\/\/nid.pl\/en\/wp-json\/wp\/v2\/posts\/11308\/revisions"}],"wp:featuredmedia":[{"embeddable":true,"href":"https:\/\/nid.pl\/en\/wp-json\/wp\/v2\/media\/11307"}],"wp:attachment":[{"href":"https:\/\/nid.pl\/en\/wp-json\/wp\/v2\/media?parent=11308"}],"wp:term":[{"taxonomy":"category","embeddable":true,"href":"https:\/\/nid.pl\/en\/wp-json\/wp\/v2\/categories?post=11308"},{"taxonomy":"post_tag","embeddable":true,"href":"https:\/\/nid.pl\/en\/wp-json\/wp\/v2\/tags?post=11308"}],"curies":[{"name":"wp","href":"https:\/\/api.w.org\/{rel}","templated":true}]}}