{"id":11216,"date":"2023-05-08T15:43:29","date_gmt":"2023-05-08T13:43:29","guid":{"rendered":"https:\/\/nid.pl\/?p=11216"},"modified":"2023-05-08T15:48:50","modified_gmt":"2023-05-08T13:48:50","slug":"europejskie-dni-archeologii-zapraszamy-na-otwarte-webinarium","status":"publish","type":"post","link":"https:\/\/nid.pl\/en\/2023\/05\/08\/europejskie-dni-archeologii-zapraszamy-na-otwarte-webinarium\/","title":{"rendered":"Europejskie Dni Archeologii: Zapraszamy na otwarte webinarium!"},"content":{"rendered":"<p><strong>Wielkimi krokami zbli\u017camy si\u0119 do najwi\u0119kszej w Europie inicjatywy, maj\u0105cej na celu przybli\u017cenie dziedzictwa archeologicznego<\/strong>. <strong>Z tej okazji, Narodowy Instytut Dziedzictwa \u2013 og\u00f3lnopolski koordynator wydarzenia \u00ad- ju\u017c<\/strong> <strong>17 maja 2023 roku zaprasza na otwarte webinarium zatytu\u0142owane: \u201eEuropejskie Dni Archeologii 2023 w Polsce. Promocja dziedzictwa archeologicznego i archeologii\u201d.<\/strong><\/p>\n\n\n\n<p>Europejskie Dni Archeologii (#EDA) to cykl imprez odbywaj\u0105cy si\u0119 w Polsce od 2019 roku, zainicjowany w roku 2010 jako wydarzenie francuskie, przez Narodowy Instytut Archeologicznych Bada\u0144 Ratowniczych (Inrap). #EDA to m.in. wystawy, pikniki, sesje naukowe i pokazy, prezentuj\u0105ce bogactwo dziedzictwa archeologicznego szerokiej publiczno\u015bci. Ich uczestnicy maj\u0105 doskona\u0142\u0105 okazj\u0119 do skorzystania z licznych atrakcji, a tak\u017ce wzi\u0119cia udzia\u0142u w \u017cywej lekcji historii.<\/p>\n\n\n\n<p>W&nbsp;ubieg\u0142ym roku, w ca\u0142ej Europie, pod szyldem #EDA odby\u0142o si\u0119 ponad tysi\u0105c wydarze\u0144 ukazuj\u0105cych i promuj\u0105cych dziedzictwo archeologiczne. Ta najwi\u0119ksza archeologiczna inicjatywa w Europie, co roku odbywa si\u0119 w czerwcu (w tym roku to 16, 17 i 18 czerwca), i jest adresowane do bardzo zr\u00f3\u017cnicowanej grupy odbiorc\u00f3w: rodzin z dzie\u0107mi, m\u0142odzie\u017cy szkolnej i studenckiej, os\u00f3b doros\u0142ych, jak i pasjonat\u00f3w oraz specjalist\u00f3w z dziedziny archeologii. Organizatorami wydarze\u0144 #EDA s\u0105 zar\u00f3wno najbardziej znane instytucje zwi\u0105zane z archeologi\u0105, jak muzea archeologiczne (np.&nbsp;Muzeum Archeologiczne w Biskupinie, Muzeum Archeologiczne i Rezerwat \u201eKrzemionki\u201d, Muzeum Pierwszych Piast\u00f3w na Lednicy), Instytut Archeologii i Etnologii PAN, uniwersytety i instytuty naukowe oraz inne&nbsp;muzea z ca\u0142ej Polski (m. in.&nbsp; Krakowa, Bia\u0142egostoku, Wroc\u0142awia i Sandomierza), ale r\u00f3wnie\u017c ko\u0142a naukowe, stowarzyszenia, fundacje, jak i bardzo ma\u0142e plac\u00f3wki, kt\u00f3re w tych dniach maj\u0105 okazj\u0119 zaprezentowania swoich dzia\u0142a\u0144.<\/p>\n\n\n\n<p>Narodowy Instytut Dziedzictwa zaprasza, wszystkich zainteresowanych zorganizowaniem wydarzenia promuj\u0105cego dziedzictwo archeologiczne, na <strong>otwarte webinarium zatytu\u0142owane: \u201eEuropejskie Dni Archeologii 2023 w Polsce. Promocja dziedzictwa archeologicznego i archeologii\u201d<\/strong>.<\/p>\n\n\n\n<p><strong>Kiedy: 17 maja 2023 roku<\/strong><br><strong>Dla kogo: <\/strong>Wszyscy zainteresowani zorganizowaniem wydarzenia promuj\u0105cego dziedzictwo archeologiczne w ramach Europejskich Dni Archeologii<\/p>\n\n\n\n<p><strong>Rejestracja: <\/strong>Zg\u0142oszenie uczestnictwa w webinarium nale\u017cy dokona\u0107 poprzez link rejestracyjny <a href=\"https:\/\/events.teams.microsoft.com\/event\/005034fa-38a4-4748-940b-b66feebcc319@263a2be6-39c0-4c4d-9b57-59437c69146e\">Webinarium #EDA<\/a>. Formularz rejestracyjny nie wymaga z\u0142o\u017cenia podpisu elektronicznego, a uczestnictwo w wydarzeniu jest nieodp\u0142atne.<\/p>\n\n\n\n<p><strong>AGENDA SPOTKANIA<\/strong><\/p>\n\n\n\n<p><strong>10.00 &#8211; 10:20<\/strong> &#8211; <em>#EDA jako szansa dla dziedzictwa i <\/em>archeologii, dr Agnieszka Oniszczuk, Narodowy Instytut Dziedzictwa,<\/p>\n\n\n\n<p><strong>10:20 &#8211; 10:50<\/strong> &#8211; <em>Popularyzacja archeologii w Polsce. Wybrane <\/em>przyk\u0142ady, dr Katarzyna Radziwi\u0142ko, Sandomierskie Centrum Kultury,<\/p>\n\n\n\n<p><strong>10:50 &#8211; 11:20<\/strong> &#8211; <em>Dzia\u0142ania komunikacyjne i promocyjne NID \u2013 wsparcie dla organizator\u00f3w<\/em>, Anna \u015amigielska, Narodowy Instytut Dziedzictwa,<\/p>\n\n\n\n<p><strong>11.20 &#8211; 11.40<\/strong> &#8211; <em>Organizacja #EDA w praktyce \u2013 zg\u0142oszenie, rejestracja, materia\u0142y promocyjne<\/em>, dr Agnieszka Oniszczuk, Narodowy Instytut Dziedzictwa.<\/p>\n\n\n\n<p><strong>Europejskie Dni Archeologii <\/strong>obj\u0105\u0142 patronatem honorowym sekretarz stanu w Ministerstwie Kultury i Dziedzictwa Narodowego, Generalny Konserwator Zabytk\u00f3w, dr Jaros\u0142aw Sellin.<\/p>\n\n\n\n<p>Patronem medialnym Europejskich Dni Archeologii jest Polskie Radio S.A. i Archeologia \u017bywa.<\/p>\n\n\n\n<p><\/p>\n\n\n\n<figure class=\"wp-block-gallery has-nested-images columns-default is-cropped wp-block-gallery-1 is-layout-flex wp-block-gallery-is-layout-flex\">\n<figure class=\"wp-block-image size-large\"><img loading=\"lazy\" decoding=\"async\" width=\"820\" height=\"360\" data-id=\"11217\" src=\"https:\/\/nid.pl\/wp-content\/uploads\/2023\/05\/sm_1_eda.jpg\" alt=\"\" class=\"wp-image-11217\" srcset=\"https:\/\/nid.pl\/wp-content\/uploads\/2023\/05\/sm_1_eda.jpg 820w, https:\/\/nid.pl\/wp-content\/uploads\/2023\/05\/sm_1_eda-480x211.jpg 480w\" sizes=\"(min-width: 0px) and (max-width: 480px) 480px, (min-width: 481px) 820px, 100vw\" \/><\/figure>\n<\/figure>","protected":false},"excerpt":{"rendered":"<p>Wielkimi krokami zbli\u017camy si\u0119 do najwi\u0119kszej w Europie inicjatywy, maj\u0105cej na celu przybli\u017cenie dziedzictwa archeologicznego. Z tej okazji, Narodowy Instytut Dziedzictwa \u2013 og\u00f3lnopolski koordynator wydarzenia \u00ad- ju\u017c 17 maja 2023 [&hellip;]<\/p>","protected":false},"author":7,"featured_media":11218,"comment_status":"open","ping_status":"open","sticky":false,"template":"","format":"standard","meta":{"_et_pb_use_builder":"off","_et_pb_old_content":"","_et_gb_content_width":"","_monsterinsights_skip_tracking":false,"_monsterinsights_sitenote_active":false,"_monsterinsights_sitenote_note":"","_monsterinsights_sitenote_category":0,"footnotes":""},"categories":[3,79],"tags":[],"class_list":["post-11216","post","type-post","status-publish","format-standard","has-post-thumbnail","hentry","category-aktualnosci","category-europejskie-dni-archeologii"],"yoast_head":"<!-- This site is optimized with the Yoast SEO plugin v26.5 - https:\/\/yoast.com\/wordpress\/plugins\/seo\/ -->\n<title>Europejskie Dni Archeologii: Zapraszamy na otwarte webinarium! - NID<\/title>\n<meta name=\"robots\" content=\"index, follow, max-snippet:-1, max-image-preview:large, max-video-preview:-1\" \/>\n<link rel=\"canonical\" href=\"https:\/\/nid.pl\/en\/2023\/05\/08\/europejskie-dni-archeologii-zapraszamy-na-otwarte-webinarium\/\" \/>\n<meta property=\"og:locale\" content=\"en_GB\" \/>\n<meta property=\"og:type\" content=\"article\" \/>\n<meta property=\"og:title\" content=\"Europejskie Dni Archeologii: Zapraszamy na otwarte webinarium! - NID\" \/>\n<meta property=\"og:description\" content=\"Wielkimi krokami zbli\u017camy si\u0119 do najwi\u0119kszej w Europie inicjatywy, maj\u0105cej na celu przybli\u017cenie dziedzictwa archeologicznego. Z tej okazji, Narodowy Instytut Dziedzictwa \u2013 og\u00f3lnopolski koordynator wydarzenia \u00ad- ju\u017c 17 maja 2023 [&hellip;]\" \/>\n<meta property=\"og:url\" content=\"https:\/\/nid.pl\/en\/2023\/05\/08\/europejskie-dni-archeologii-zapraszamy-na-otwarte-webinarium\/\" \/>\n<meta property=\"og:site_name\" content=\"NID\" \/>\n<meta property=\"article:publisher\" content=\"https:\/\/www.facebook.com\/zabytek\" \/>\n<meta property=\"article:published_time\" content=\"2023-05-08T13:43:29+00:00\" \/>\n<meta property=\"article:modified_time\" content=\"2023-05-08T13:48:50+00:00\" \/>\n<meta property=\"og:image\" content=\"https:\/\/nid.pl\/wp-content\/uploads\/2023\/05\/aktualnosci_eda-webinarium.jpg\" \/>\n\t<meta property=\"og:image:width\" content=\"500\" \/>\n\t<meta property=\"og:image:height\" content=\"333\" \/>\n\t<meta property=\"og:image:type\" content=\"image\/jpeg\" \/>\n<meta name=\"author\" content=\"Barbara Halliop\" \/>\n<meta name=\"twitter:card\" content=\"summary_large_image\" \/>\n<meta name=\"twitter:creator\" content=\"@NarIDpl\" \/>\n<meta name=\"twitter:site\" content=\"@NarIDpl\" \/>\n<meta name=\"twitter:label1\" content=\"Written by\" \/>\n\t<meta name=\"twitter:data1\" content=\"Barbara Halliop\" \/>\n\t<meta name=\"twitter:label2\" content=\"Estimated reading time\" \/>\n\t<meta name=\"twitter:data2\" content=\"2 minutes\" \/>\n<script type=\"application\/ld+json\" class=\"yoast-schema-graph\">{\"@context\":\"https:\/\/schema.org\",\"@graph\":[{\"@type\":\"Article\",\"@id\":\"https:\/\/nid.pl\/2023\/05\/08\/europejskie-dni-archeologii-zapraszamy-na-otwarte-webinarium\/#article\",\"isPartOf\":{\"@id\":\"https:\/\/nid.pl\/2023\/05\/08\/europejskie-dni-archeologii-zapraszamy-na-otwarte-webinarium\/\"},\"author\":{\"name\":\"Barbara Halliop\",\"@id\":\"https:\/\/nid.pl\/#\/schema\/person\/1b690a8998a5111cfb9f0ffe24195a15\"},\"headline\":\"Europejskie Dni Archeologii: Zapraszamy na otwarte webinarium!\",\"datePublished\":\"2023-05-08T13:43:29+00:00\",\"dateModified\":\"2023-05-08T13:48:50+00:00\",\"mainEntityOfPage\":{\"@id\":\"https:\/\/nid.pl\/2023\/05\/08\/europejskie-dni-archeologii-zapraszamy-na-otwarte-webinarium\/\"},\"wordCount\":465,\"commentCount\":0,\"publisher\":{\"@id\":\"https:\/\/nid.pl\/#organization\"},\"image\":{\"@id\":\"https:\/\/nid.pl\/2023\/05\/08\/europejskie-dni-archeologii-zapraszamy-na-otwarte-webinarium\/#primaryimage\"},\"thumbnailUrl\":\"https:\/\/nid.pl\/wp-content\/uploads\/2023\/05\/aktualnosci_eda-webinarium.jpg\",\"articleSection\":[\"Aktualno\u015bci\",\"EDA\"],\"inLanguage\":\"en-GB\"},{\"@type\":\"WebPage\",\"@id\":\"https:\/\/nid.pl\/2023\/05\/08\/europejskie-dni-archeologii-zapraszamy-na-otwarte-webinarium\/\",\"url\":\"https:\/\/nid.pl\/2023\/05\/08\/europejskie-dni-archeologii-zapraszamy-na-otwarte-webinarium\/\",\"name\":\"Europejskie Dni Archeologii: Zapraszamy na otwarte webinarium! - NID\",\"isPartOf\":{\"@id\":\"https:\/\/nid.pl\/#website\"},\"primaryImageOfPage\":{\"@id\":\"https:\/\/nid.pl\/2023\/05\/08\/europejskie-dni-archeologii-zapraszamy-na-otwarte-webinarium\/#primaryimage\"},\"image\":{\"@id\":\"https:\/\/nid.pl\/2023\/05\/08\/europejskie-dni-archeologii-zapraszamy-na-otwarte-webinarium\/#primaryimage\"},\"thumbnailUrl\":\"https:\/\/nid.pl\/wp-content\/uploads\/2023\/05\/aktualnosci_eda-webinarium.jpg\",\"datePublished\":\"2023-05-08T13:43:29+00:00\",\"dateModified\":\"2023-05-08T13:48:50+00:00\",\"breadcrumb\":{\"@id\":\"https:\/\/nid.pl\/2023\/05\/08\/europejskie-dni-archeologii-zapraszamy-na-otwarte-webinarium\/#breadcrumb\"},\"inLanguage\":\"en-GB\",\"potentialAction\":[{\"@type\":\"ReadAction\",\"target\":[\"https:\/\/nid.pl\/2023\/05\/08\/europejskie-dni-archeologii-zapraszamy-na-otwarte-webinarium\/\"]}]},{\"@type\":\"ImageObject\",\"inLanguage\":\"en-GB\",\"@id\":\"https:\/\/nid.pl\/2023\/05\/08\/europejskie-dni-archeologii-zapraszamy-na-otwarte-webinarium\/#primaryimage\",\"url\":\"https:\/\/nid.pl\/wp-content\/uploads\/2023\/05\/aktualnosci_eda-webinarium.jpg\",\"contentUrl\":\"https:\/\/nid.pl\/wp-content\/uploads\/2023\/05\/aktualnosci_eda-webinarium.jpg\",\"width\":500,\"height\":333,\"caption\":\"aktualnosci eda webinarium\"},{\"@type\":\"BreadcrumbList\",\"@id\":\"https:\/\/nid.pl\/2023\/05\/08\/europejskie-dni-archeologii-zapraszamy-na-otwarte-webinarium\/#breadcrumb\",\"itemListElement\":[{\"@type\":\"ListItem\",\"position\":1,\"name\":\"Home\",\"item\":\"https:\/\/nid.pl\/\"},{\"@type\":\"ListItem\",\"position\":2,\"name\":\"Europejskie Dni Archeologii: Zapraszamy na otwarte webinarium!\"}]},{\"@type\":\"WebSite\",\"@id\":\"https:\/\/nid.pl\/#website\",\"url\":\"https:\/\/nid.pl\/\",\"name\":\"NID\",\"description\":\"Narodowy Instytut Dziedzictwa\",\"publisher\":{\"@id\":\"https:\/\/nid.pl\/#organization\"},\"potentialAction\":[{\"@type\":\"SearchAction\",\"target\":{\"@type\":\"EntryPoint\",\"urlTemplate\":\"https:\/\/nid.pl\/?s={search_term_string}\"},\"query-input\":{\"@type\":\"PropertyValueSpecification\",\"valueRequired\":true,\"valueName\":\"search_term_string\"}}],\"inLanguage\":\"en-GB\"},{\"@type\":\"Organization\",\"@id\":\"https:\/\/nid.pl\/#organization\",\"name\":\"Narodowy Instytut Dziedzictwa\",\"url\":\"https:\/\/nid.pl\/\",\"logo\":{\"@type\":\"ImageObject\",\"inLanguage\":\"en-GB\",\"@id\":\"https:\/\/nid.pl\/#\/schema\/logo\/image\/\",\"url\":\"https:\/\/nid.pl\/wp-content\/uploads\/2022\/10\/logoRedDark.png\",\"contentUrl\":\"https:\/\/nid.pl\/wp-content\/uploads\/2022\/10\/logoRedDark.png\",\"width\":200,\"height\":197,\"caption\":\"Narodowy Instytut Dziedzictwa\"},\"image\":{\"@id\":\"https:\/\/nid.pl\/#\/schema\/logo\/image\/\"},\"sameAs\":[\"https:\/\/www.facebook.com\/zabytek\",\"https:\/\/x.com\/NarIDpl\",\"https:\/\/www.instagram.com\/nid.pl\/?hl=pl\",\"https:\/\/www.linkedin.com\/company\/narodowy-instytut-dziedzictwa\",\"https:\/\/www.youtube.com\/channel\/UCQXuhKa2uHtmNvLRUSx40JA\"]},{\"@type\":\"Person\",\"@id\":\"https:\/\/nid.pl\/#\/schema\/person\/1b690a8998a5111cfb9f0ffe24195a15\",\"name\":\"Barbara Halliop\",\"image\":{\"@type\":\"ImageObject\",\"inLanguage\":\"en-GB\",\"@id\":\"https:\/\/nid.pl\/#\/schema\/person\/image\/\",\"url\":\"https:\/\/nid.pl\/wp-content\/litespeed\/avatar\/924046d17dd0c842c9fa9ccf489bc6dc.jpg?ver=1777444967\",\"contentUrl\":\"https:\/\/nid.pl\/wp-content\/litespeed\/avatar\/924046d17dd0c842c9fa9ccf489bc6dc.jpg?ver=1777444967\",\"caption\":\"Barbara Halliop\"},\"url\":\"https:\/\/nid.pl\/en\/author\/bhalliop\/\"}]}<\/script>\n<!-- \/ Yoast SEO plugin. -->","yoast_head_json":{"title":"Europejskie Dni Archeologii: Zapraszamy na otwarte webinarium! - NID","robots":{"index":"index","follow":"follow","max-snippet":"max-snippet:-1","max-image-preview":"max-image-preview:large","max-video-preview":"max-video-preview:-1"},"canonical":"https:\/\/nid.pl\/en\/2023\/05\/08\/europejskie-dni-archeologii-zapraszamy-na-otwarte-webinarium\/","og_locale":"en_GB","og_type":"article","og_title":"Europejskie Dni Archeologii: Zapraszamy na otwarte webinarium! - NID","og_description":"Wielkimi krokami zbli\u017camy si\u0119 do najwi\u0119kszej w Europie inicjatywy, maj\u0105cej na celu przybli\u017cenie dziedzictwa archeologicznego. Z tej okazji, Narodowy Instytut Dziedzictwa \u2013 og\u00f3lnopolski koordynator wydarzenia \u00ad- ju\u017c 17 maja 2023 [&hellip;]","og_url":"https:\/\/nid.pl\/en\/2023\/05\/08\/europejskie-dni-archeologii-zapraszamy-na-otwarte-webinarium\/","og_site_name":"NID","article_publisher":"https:\/\/www.facebook.com\/zabytek","article_published_time":"2023-05-08T13:43:29+00:00","article_modified_time":"2023-05-08T13:48:50+00:00","og_image":[{"width":500,"height":333,"url":"https:\/\/nid.pl\/wp-content\/uploads\/2023\/05\/aktualnosci_eda-webinarium.jpg","type":"image\/jpeg"}],"author":"Barbara Halliop","twitter_card":"summary_large_image","twitter_creator":"@NarIDpl","twitter_site":"@NarIDpl","twitter_misc":{"Written by":"Barbara Halliop","Estimated reading time":"2 minutes"},"schema":{"@context":"https:\/\/schema.org","@graph":[{"@type":"Article","@id":"https:\/\/nid.pl\/2023\/05\/08\/europejskie-dni-archeologii-zapraszamy-na-otwarte-webinarium\/#article","isPartOf":{"@id":"https:\/\/nid.pl\/2023\/05\/08\/europejskie-dni-archeologii-zapraszamy-na-otwarte-webinarium\/"},"author":{"name":"Barbara Halliop","@id":"https:\/\/nid.pl\/#\/schema\/person\/1b690a8998a5111cfb9f0ffe24195a15"},"headline":"Europejskie Dni Archeologii: Zapraszamy na otwarte webinarium!","datePublished":"2023-05-08T13:43:29+00:00","dateModified":"2023-05-08T13:48:50+00:00","mainEntityOfPage":{"@id":"https:\/\/nid.pl\/2023\/05\/08\/europejskie-dni-archeologii-zapraszamy-na-otwarte-webinarium\/"},"wordCount":465,"commentCount":0,"publisher":{"@id":"https:\/\/nid.pl\/#organization"},"image":{"@id":"https:\/\/nid.pl\/2023\/05\/08\/europejskie-dni-archeologii-zapraszamy-na-otwarte-webinarium\/#primaryimage"},"thumbnailUrl":"https:\/\/nid.pl\/wp-content\/uploads\/2023\/05\/aktualnosci_eda-webinarium.jpg","articleSection":["Aktualno\u015bci","EDA"],"inLanguage":"en-GB"},{"@type":"WebPage","@id":"https:\/\/nid.pl\/2023\/05\/08\/europejskie-dni-archeologii-zapraszamy-na-otwarte-webinarium\/","url":"https:\/\/nid.pl\/2023\/05\/08\/europejskie-dni-archeologii-zapraszamy-na-otwarte-webinarium\/","name":"Europejskie Dni Archeologii: Zapraszamy na otwarte webinarium! - NID","isPartOf":{"@id":"https:\/\/nid.pl\/#website"},"primaryImageOfPage":{"@id":"https:\/\/nid.pl\/2023\/05\/08\/europejskie-dni-archeologii-zapraszamy-na-otwarte-webinarium\/#primaryimage"},"image":{"@id":"https:\/\/nid.pl\/2023\/05\/08\/europejskie-dni-archeologii-zapraszamy-na-otwarte-webinarium\/#primaryimage"},"thumbnailUrl":"https:\/\/nid.pl\/wp-content\/uploads\/2023\/05\/aktualnosci_eda-webinarium.jpg","datePublished":"2023-05-08T13:43:29+00:00","dateModified":"2023-05-08T13:48:50+00:00","breadcrumb":{"@id":"https:\/\/nid.pl\/2023\/05\/08\/europejskie-dni-archeologii-zapraszamy-na-otwarte-webinarium\/#breadcrumb"},"inLanguage":"en-GB","potentialAction":[{"@type":"ReadAction","target":["https:\/\/nid.pl\/2023\/05\/08\/europejskie-dni-archeologii-zapraszamy-na-otwarte-webinarium\/"]}]},{"@type":"ImageObject","inLanguage":"en-GB","@id":"https:\/\/nid.pl\/2023\/05\/08\/europejskie-dni-archeologii-zapraszamy-na-otwarte-webinarium\/#primaryimage","url":"https:\/\/nid.pl\/wp-content\/uploads\/2023\/05\/aktualnosci_eda-webinarium.jpg","contentUrl":"https:\/\/nid.pl\/wp-content\/uploads\/2023\/05\/aktualnosci_eda-webinarium.jpg","width":500,"height":333,"caption":"aktualnosci eda webinarium"},{"@type":"BreadcrumbList","@id":"https:\/\/nid.pl\/2023\/05\/08\/europejskie-dni-archeologii-zapraszamy-na-otwarte-webinarium\/#breadcrumb","itemListElement":[{"@type":"ListItem","position":1,"name":"Home","item":"https:\/\/nid.pl\/"},{"@type":"ListItem","position":2,"name":"Europejskie Dni Archeologii: Zapraszamy na otwarte webinarium!"}]},{"@type":"WebSite","@id":"https:\/\/nid.pl\/#website","url":"https:\/\/nid.pl\/","name":"NID","description":"Narodowy Instytut Dziedzictwa","publisher":{"@id":"https:\/\/nid.pl\/#organization"},"potentialAction":[{"@type":"SearchAction","target":{"@type":"EntryPoint","urlTemplate":"https:\/\/nid.pl\/?s={search_term_string}"},"query-input":{"@type":"PropertyValueSpecification","valueRequired":true,"valueName":"search_term_string"}}],"inLanguage":"en-GB"},{"@type":"Organization","@id":"https:\/\/nid.pl\/#organization","name":"Narodowy Instytut Dziedzictwa","url":"https:\/\/nid.pl\/","logo":{"@type":"ImageObject","inLanguage":"en-GB","@id":"https:\/\/nid.pl\/#\/schema\/logo\/image\/","url":"https:\/\/nid.pl\/wp-content\/uploads\/2022\/10\/logoRedDark.png","contentUrl":"https:\/\/nid.pl\/wp-content\/uploads\/2022\/10\/logoRedDark.png","width":200,"height":197,"caption":"Narodowy Instytut Dziedzictwa"},"image":{"@id":"https:\/\/nid.pl\/#\/schema\/logo\/image\/"},"sameAs":["https:\/\/www.facebook.com\/zabytek","https:\/\/x.com\/NarIDpl","https:\/\/www.instagram.com\/nid.pl\/?hl=pl","https:\/\/www.linkedin.com\/company\/narodowy-instytut-dziedzictwa","https:\/\/www.youtube.com\/channel\/UCQXuhKa2uHtmNvLRUSx40JA"]},{"@type":"Person","@id":"https:\/\/nid.pl\/#\/schema\/person\/1b690a8998a5111cfb9f0ffe24195a15","name":"Barbara Halliop","image":{"@type":"ImageObject","inLanguage":"en-GB","@id":"https:\/\/nid.pl\/#\/schema\/person\/image\/","url":"https:\/\/nid.pl\/wp-content\/litespeed\/avatar\/924046d17dd0c842c9fa9ccf489bc6dc.jpg?ver=1777444967","contentUrl":"https:\/\/nid.pl\/wp-content\/litespeed\/avatar\/924046d17dd0c842c9fa9ccf489bc6dc.jpg?ver=1777444967","caption":"Barbara Halliop"},"url":"https:\/\/nid.pl\/en\/author\/bhalliop\/"}]}},"_links":{"self":[{"href":"https:\/\/nid.pl\/en\/wp-json\/wp\/v2\/posts\/11216","targetHints":{"allow":["GET"]}}],"collection":[{"href":"https:\/\/nid.pl\/en\/wp-json\/wp\/v2\/posts"}],"about":[{"href":"https:\/\/nid.pl\/en\/wp-json\/wp\/v2\/types\/post"}],"author":[{"embeddable":true,"href":"https:\/\/nid.pl\/en\/wp-json\/wp\/v2\/users\/7"}],"replies":[{"embeddable":true,"href":"https:\/\/nid.pl\/en\/wp-json\/wp\/v2\/comments?post=11216"}],"version-history":[{"count":0,"href":"https:\/\/nid.pl\/en\/wp-json\/wp\/v2\/posts\/11216\/revisions"}],"wp:featuredmedia":[{"embeddable":true,"href":"https:\/\/nid.pl\/en\/wp-json\/wp\/v2\/media\/11218"}],"wp:attachment":[{"href":"https:\/\/nid.pl\/en\/wp-json\/wp\/v2\/media?parent=11216"}],"wp:term":[{"taxonomy":"category","embeddable":true,"href":"https:\/\/nid.pl\/en\/wp-json\/wp\/v2\/categories?post=11216"},{"taxonomy":"post_tag","embeddable":true,"href":"https:\/\/nid.pl\/en\/wp-json\/wp\/v2\/tags?post=11216"}],"curies":[{"name":"wp","href":"https:\/\/api.w.org\/{rel}","templated":true}]}}