{"id":11205,"date":"2023-05-05T12:07:53","date_gmt":"2023-05-05T10:07:53","guid":{"rendered":"https:\/\/nid.pl\/?p=11205"},"modified":"2024-02-09T12:44:21","modified_gmt":"2024-02-09T11:44:21","slug":"prezentacja-oznaczenia-cmentarza-zydowskiego-w-przysuchej","status":"publish","type":"post","link":"https:\/\/nid.pl\/en\/2023\/05\/05\/prezentacja-oznaczenia-cmentarza-zydowskiego-w-przysuchej\/","title":{"rendered":"Prezentacja oznaczenia cmentarza \u017cydowskiego w Przysusze"},"content":{"rendered":"<p><strong>W Przysusze w woj. mazowieckim odby\u0142a si\u0119 ceremonia prezentacji oznakowania cmentarza \u017cydowskiego, na kt\u00f3rym zachowa\u0142y si\u0119 fragmenty nagrobk\u00f3w oraz jedna ob\u0142amana macewa z&nbsp;1771 roku. Oznaczenie powsta\u0142o w ramach Programu oznakowania cmentarzy \u017cydowskich na terenie Rzeczypospolitej Polskiej, realizowanego przez Narodowy Instytut Dziedzictwa.<\/strong><\/p>\n\n\n\n<p><strong>Program \u201eOznakowanie cmentarzy \u017cydowskich na terenie Rzeczypospolitej Polskiej\u201d<\/strong><\/p>\n\n\n\n<p>Z inicjatywy Ministerstwa Kultury i Dziedzictwa Narodowego, Narodowy Instytut Dziedzictwa realizuje program <a href=\"https:\/\/nid.pl\/en\/program-identyfikacji-i-oznakowania-cmentarzy-zydowskich-na-terenie-rp\/\" target=\"_blank\" rel=\"noreferrer noopener\">\u201eOznakowanie cmentarzy \u017cydowskich na terenie Rzeczypospolitej Polskiej\u201d<\/a>, kt\u00f3rego g\u0142\u00f3wnym celem jest identyfikacja i upami\u0119tnienie cmentarzy \u017cydowskich, materialnego \u015bladu obecno\u015bci spo\u0142eczno\u015bci \u017cydowskiej na ziemiach polskich \u2013 odnalezienie miejsc, w kt\u00f3rych si\u0119 znajduj\u0105, opisanie ich i docelowo oznakowanie.<\/p>\n\n\n\n<p>Dotychczas podczas wizji terenowych i og\u00f3lnych kwerend potwierdzano lokalizacj\u0119 1164 cmentarzy, z czego fizycznie oznakowano 39 obiekt\u00f3w. Specjali\u015bci Narodowego Instytutu Dziedzictwa oszacowali stan zachowania obiekt\u00f3w. Okre\u015blono r\u00f3wnie\u017c czytelno\u015b\u0107 historycznych granic oraz istnienie element\u00f3w upami\u0119tniaj\u0105cych.<\/p>\n\n\n\n<p><strong>Cmentarz \u017cydowski przy ul. Cmentarnej w Przysusze<\/strong><\/p>\n\n\n\n<p>Cmentarz za\u0142o\u017cono w 1745 roku, kt\u00f3ry znajdowa\u0142 si\u0119 poza zwart\u0105 zabudow\u0105 miejsk\u0105, na p\u00f3\u0142nocny-zach\u00f3d od placu \u017cydowskiego. W&nbsp;drugiej po\u0142owie XVIII wieku ludno\u015b\u0107 \u017cydowska stanowi\u0142a wi\u0119kszo\u015b\u0107 mieszka\u0144c\u00f3w Przysuchy. W&nbsp;1775 roku na&nbsp;189 wszystkich dom\u00f3w w&nbsp;mie\u015bcie&nbsp;76 nale\u017ca\u0142o do \u017byd\u00f3w,&nbsp;44 by\u0142y niemieckie, a&nbsp;33 \u2014 katolickie. Na prze\u0142omie XVIII i&nbsp;XIX wieku Przysucha sta\u0142a si\u0119 wa\u017cnym o\u015brodkiem chasydyzmu, jednym z&nbsp;pierwszych w&nbsp;centralnej Polsce. &nbsp;<\/p>\n\n\n\n<p>Ostatnie poch\u00f3wki na przysuskim cmentarzu mia\u0142y miejsce w&nbsp;1942 roku. Kiedy&nbsp;27 pa\u017adziernika&nbsp;1942 roku rozpocz\u0119\u0142a si\u0119 akcja likwidacyjna miejscowego getta, Niemcy otoczyli je kordonem i&nbsp;nakazali wszystkim stawi\u0107 si\u0119 w&nbsp;miejscach zbi\u00f3rki. Osoby, kt\u00f3re pozosta\u0142y w&nbsp;domach, zastrzelono. Pozostali zostali zap\u0119dzeni na piechot\u0119 i&nbsp;furmankami do Opoczna, gdzie za\u0142adowano ich do poci\u0105gu jad\u0105cego do niemieckiego nazistowskiego obozu Treblinka II.<\/p>\n\n\n\n<p>W&nbsp;czasie okupacji Niemcy dokonali dewastacji cmentarza, a po wojnie niszcza\u0142 i&nbsp;porasta\u0142 ro\u015blinno\u015bci\u0105. Z czasem komunistyczne w\u0142adze powiatowe postanowi\u0142y przekszta\u0142ci\u0107 cmentarz w&nbsp;park. W&nbsp;1987 roku Fundacja Rodziny Nissenbaum\u00f3w przeprowadzi\u0142a prace porz\u0105dkowe na cmentarzu. Dzia\u0142ka cmentarna zosta\u0142a w\u00f3wczas ogrodzona, a&nbsp;od strony wschodniej wzniesiono dwa ohele. W&nbsp;1989 roku Wojew\u00f3dzki Konserwator Zabytk\u00f3w wpisa\u0142 przysuski cmentarz \u017cydowski do ewidencji zabytk\u00f3w.<\/p>\n\n\n\n<p><strong>Uroczysto\u015b\u0107<\/strong> <strong>oznaczenia cmentarza \u017cydowskiego w Przysusze<\/strong><\/p>\n\n\n\n<p>4 maja br. cmentarz zosta\u0142&nbsp;oznakowany&nbsp;specjaln\u0105 tablic\u0105 w formie macewy z inskrypcj\u0105 w j\u0119zyku polskim i hebrajskim. Na tablicy jest umieszczony kod QR, kt\u00f3ry prowadzi do strony <a href=\"https:\/\/zabytek.pl\/pl\/obiekty\/cmentarz-zydowski-871803\" target=\"_blank\" rel=\"noreferrer noopener\">zabytek.pl<\/a>, gdzie znajduje si\u0119 informacja na temat cmentarza i spo\u0142eczno\u015bci \u017cydowskiej. Uroczysto\u015bci towarzyszy\u0142o otwarcie wystawy w przysuskim Domu Kultury \u201eByli\u015bmy s\u0105siadami\u201d, b\u0119d\u0105cej wsp\u00f3lnym projektem wsp\u00f3lnym projektem \u017bydowskiego Muzeum Galicja w Krakowie oraz United States Holocaust Memorial Museum w Waszyngtonie.<\/p>\n\n\n\n<p>Wydarzeniu towarzyszy\u0142a r\u00f3wnie\u017c debata \u201eChrze\u015bcijanie i \u017bydzi wieki trudnych relacji\u201d, w kt\u00f3rej udzia\u0142 wzi\u0119li abp Grzegorz Ry\u015b, metropolita \u0142\u00f3dzki, Dawid Szychowski, Rabin Gminy Wyznaniowej \u017bydowskiej w \u0141odzi, dr Anna Szyba, kulturoznawczyni, nauczycielka jidysz (prowadzenie).<\/p>\n\n\n\n<p>Organizatorzy uroczysto\u015bci w Przysusze: Stowarzyszenie Jewish Przysucha, The Matzevah Foundation, Wsp\u00f3\u0142organizatorzy: Narodowy Instytut Dziedzictwa oraz Muzeum Historii \u017byd\u00f3w Polskich Polin w Warszawie. Partnerzy wydarzenia: Miasto i Gmina Przysucha, Instytut Historyczny Uniwersytetu Szczeci\u0144skiego.<\/p>\n\n\n\n<p>Ceremonia prezentacji oznakowania cmentarza \u017cydowskiego zosta\u0142a przeprowadzona w ramach realizowanego przez Narodowy Instytut Dziedzictwa programu \u201eOznakowanie cmentarzy \u017cydowskich w Rzeczypospolitej Polskiej\u201d finansowanego ze \u015brodk\u00f3w Ministerstwa Kultury i Dziedzictwa Narodowego.<\/p>","protected":false},"excerpt":{"rendered":"<p>W Przysusze w woj. mazowieckim odby\u0142a si\u0119 ceremonia prezentacji oznakowania cmentarza \u017cydowskiego, na kt\u00f3rym zachowa\u0142y si\u0119 fragmenty nagrobk\u00f3w oraz jedna ob\u0142amana macewa z&nbsp;1771 roku. Oznaczenie powsta\u0142o w ramach Programu oznakowania [&hellip;]<\/p>","protected":false},"author":7,"featured_media":11204,"comment_status":"open","ping_status":"open","sticky":false,"template":"","format":"standard","meta":{"_et_pb_use_builder":"off","_et_pb_old_content":"","_et_gb_content_width":"","_monsterinsights_skip_tracking":false,"_monsterinsights_sitenote_active":false,"_monsterinsights_sitenote_note":"","_monsterinsights_sitenote_category":0,"footnotes":""},"categories":[3,100],"tags":[],"class_list":["post-11205","post","type-post","status-publish","format-standard","has-post-thumbnail","hentry","category-aktualnosci","category-cmentarze-zydowskie"],"yoast_head":"<!-- This site is optimized with the Yoast SEO plugin v26.5 - https:\/\/yoast.com\/wordpress\/plugins\/seo\/ -->\n<title>Prezentacja oznaczenia cmentarza \u017cydowskiego w Przysusze - NID<\/title>\n<meta name=\"robots\" content=\"index, follow, max-snippet:-1, max-image-preview:large, max-video-preview:-1\" \/>\n<link rel=\"canonical\" href=\"https:\/\/nid.pl\/en\/2023\/05\/05\/prezentacja-oznaczenia-cmentarza-zydowskiego-w-przysuchej\/\" \/>\n<meta property=\"og:locale\" content=\"en_GB\" \/>\n<meta property=\"og:type\" content=\"article\" \/>\n<meta property=\"og:title\" content=\"Prezentacja oznaczenia cmentarza \u017cydowskiego w Przysusze - NID\" \/>\n<meta property=\"og:description\" content=\"W Przysusze w woj. mazowieckim odby\u0142a si\u0119 ceremonia prezentacji oznakowania cmentarza \u017cydowskiego, na kt\u00f3rym zachowa\u0142y si\u0119 fragmenty nagrobk\u00f3w oraz jedna ob\u0142amana macewa z&nbsp;1771 roku. Oznaczenie powsta\u0142o w ramach Programu oznakowania [&hellip;]\" \/>\n<meta property=\"og:url\" content=\"https:\/\/nid.pl\/en\/2023\/05\/05\/prezentacja-oznaczenia-cmentarza-zydowskiego-w-przysuchej\/\" \/>\n<meta property=\"og:site_name\" content=\"NID\" \/>\n<meta property=\"article:publisher\" content=\"https:\/\/www.facebook.com\/zabytek\" \/>\n<meta property=\"article:published_time\" content=\"2023-05-05T10:07:53+00:00\" \/>\n<meta property=\"article:modified_time\" content=\"2024-02-09T11:44:21+00:00\" \/>\n<meta property=\"og:image\" content=\"https:\/\/nid.pl\/wp-content\/uploads\/2023\/05\/miniaturka-oznaczenie-cmentarza-w-Przysuchej-1024x683.png\" \/>\n\t<meta property=\"og:image:width\" content=\"1024\" \/>\n\t<meta property=\"og:image:height\" content=\"683\" \/>\n\t<meta property=\"og:image:type\" content=\"image\/png\" \/>\n<meta name=\"author\" content=\"Barbara Halliop\" \/>\n<meta name=\"twitter:card\" content=\"summary_large_image\" \/>\n<meta name=\"twitter:creator\" content=\"@NarIDpl\" \/>\n<meta name=\"twitter:site\" content=\"@NarIDpl\" \/>\n<meta name=\"twitter:label1\" content=\"Written by\" \/>\n\t<meta name=\"twitter:data1\" content=\"Barbara Halliop\" \/>\n\t<meta name=\"twitter:label2\" content=\"Estimated reading time\" \/>\n\t<meta name=\"twitter:data2\" content=\"3 minutes\" \/>\n<script type=\"application\/ld+json\" class=\"yoast-schema-graph\">{\"@context\":\"https:\/\/schema.org\",\"@graph\":[{\"@type\":\"Article\",\"@id\":\"https:\/\/nid.pl\/2023\/05\/05\/prezentacja-oznaczenia-cmentarza-zydowskiego-w-przysuchej\/#article\",\"isPartOf\":{\"@id\":\"https:\/\/nid.pl\/2023\/05\/05\/prezentacja-oznaczenia-cmentarza-zydowskiego-w-przysuchej\/\"},\"author\":{\"name\":\"Barbara Halliop\",\"@id\":\"https:\/\/nid.pl\/#\/schema\/person\/1b690a8998a5111cfb9f0ffe24195a15\"},\"headline\":\"Prezentacja oznaczenia cmentarza \u017cydowskiego w Przysusze\",\"datePublished\":\"2023-05-05T10:07:53+00:00\",\"dateModified\":\"2024-02-09T11:44:21+00:00\",\"mainEntityOfPage\":{\"@id\":\"https:\/\/nid.pl\/2023\/05\/05\/prezentacja-oznaczenia-cmentarza-zydowskiego-w-przysuchej\/\"},\"wordCount\":600,\"commentCount\":0,\"publisher\":{\"@id\":\"https:\/\/nid.pl\/#organization\"},\"image\":{\"@id\":\"https:\/\/nid.pl\/2023\/05\/05\/prezentacja-oznaczenia-cmentarza-zydowskiego-w-przysuchej\/#primaryimage\"},\"thumbnailUrl\":\"https:\/\/nid.pl\/wp-content\/uploads\/2023\/05\/miniaturka-oznaczenie-cmentarza-w-Przysuchej.png\",\"articleSection\":[\"Aktualno\u015bci\",\"Cmentarze \u017cydowskie\"],\"inLanguage\":\"en-GB\"},{\"@type\":\"WebPage\",\"@id\":\"https:\/\/nid.pl\/2023\/05\/05\/prezentacja-oznaczenia-cmentarza-zydowskiego-w-przysuchej\/\",\"url\":\"https:\/\/nid.pl\/2023\/05\/05\/prezentacja-oznaczenia-cmentarza-zydowskiego-w-przysuchej\/\",\"name\":\"Prezentacja oznaczenia cmentarza \u017cydowskiego w Przysusze - NID\",\"isPartOf\":{\"@id\":\"https:\/\/nid.pl\/#website\"},\"primaryImageOfPage\":{\"@id\":\"https:\/\/nid.pl\/2023\/05\/05\/prezentacja-oznaczenia-cmentarza-zydowskiego-w-przysuchej\/#primaryimage\"},\"image\":{\"@id\":\"https:\/\/nid.pl\/2023\/05\/05\/prezentacja-oznaczenia-cmentarza-zydowskiego-w-przysuchej\/#primaryimage\"},\"thumbnailUrl\":\"https:\/\/nid.pl\/wp-content\/uploads\/2023\/05\/miniaturka-oznaczenie-cmentarza-w-Przysuchej.png\",\"datePublished\":\"2023-05-05T10:07:53+00:00\",\"dateModified\":\"2024-02-09T11:44:21+00:00\",\"breadcrumb\":{\"@id\":\"https:\/\/nid.pl\/2023\/05\/05\/prezentacja-oznaczenia-cmentarza-zydowskiego-w-przysuchej\/#breadcrumb\"},\"inLanguage\":\"en-GB\",\"potentialAction\":[{\"@type\":\"ReadAction\",\"target\":[\"https:\/\/nid.pl\/2023\/05\/05\/prezentacja-oznaczenia-cmentarza-zydowskiego-w-przysuchej\/\"]}]},{\"@type\":\"ImageObject\",\"inLanguage\":\"en-GB\",\"@id\":\"https:\/\/nid.pl\/2023\/05\/05\/prezentacja-oznaczenia-cmentarza-zydowskiego-w-przysuchej\/#primaryimage\",\"url\":\"https:\/\/nid.pl\/wp-content\/uploads\/2023\/05\/miniaturka-oznaczenie-cmentarza-w-Przysuchej.png\",\"contentUrl\":\"https:\/\/nid.pl\/wp-content\/uploads\/2023\/05\/miniaturka-oznaczenie-cmentarza-w-Przysuchej.png\",\"width\":1857,\"height\":1238,\"caption\":\"miniaturka oznaczenie cmentarza w Przysuchej\"},{\"@type\":\"BreadcrumbList\",\"@id\":\"https:\/\/nid.pl\/2023\/05\/05\/prezentacja-oznaczenia-cmentarza-zydowskiego-w-przysuchej\/#breadcrumb\",\"itemListElement\":[{\"@type\":\"ListItem\",\"position\":1,\"name\":\"Home\",\"item\":\"https:\/\/nid.pl\/\"},{\"@type\":\"ListItem\",\"position\":2,\"name\":\"Prezentacja oznaczenia cmentarza \u017cydowskiego w Przysusze\"}]},{\"@type\":\"WebSite\",\"@id\":\"https:\/\/nid.pl\/#website\",\"url\":\"https:\/\/nid.pl\/\",\"name\":\"NID\",\"description\":\"Narodowy Instytut Dziedzictwa\",\"publisher\":{\"@id\":\"https:\/\/nid.pl\/#organization\"},\"potentialAction\":[{\"@type\":\"SearchAction\",\"target\":{\"@type\":\"EntryPoint\",\"urlTemplate\":\"https:\/\/nid.pl\/?s={search_term_string}\"},\"query-input\":{\"@type\":\"PropertyValueSpecification\",\"valueRequired\":true,\"valueName\":\"search_term_string\"}}],\"inLanguage\":\"en-GB\"},{\"@type\":\"Organization\",\"@id\":\"https:\/\/nid.pl\/#organization\",\"name\":\"Narodowy Instytut Dziedzictwa\",\"url\":\"https:\/\/nid.pl\/\",\"logo\":{\"@type\":\"ImageObject\",\"inLanguage\":\"en-GB\",\"@id\":\"https:\/\/nid.pl\/#\/schema\/logo\/image\/\",\"url\":\"https:\/\/nid.pl\/wp-content\/uploads\/2022\/10\/logoRedDark.png\",\"contentUrl\":\"https:\/\/nid.pl\/wp-content\/uploads\/2022\/10\/logoRedDark.png\",\"width\":200,\"height\":197,\"caption\":\"Narodowy Instytut Dziedzictwa\"},\"image\":{\"@id\":\"https:\/\/nid.pl\/#\/schema\/logo\/image\/\"},\"sameAs\":[\"https:\/\/www.facebook.com\/zabytek\",\"https:\/\/x.com\/NarIDpl\",\"https:\/\/www.instagram.com\/nid.pl\/?hl=pl\",\"https:\/\/www.linkedin.com\/company\/narodowy-instytut-dziedzictwa\",\"https:\/\/www.youtube.com\/channel\/UCQXuhKa2uHtmNvLRUSx40JA\"]},{\"@type\":\"Person\",\"@id\":\"https:\/\/nid.pl\/#\/schema\/person\/1b690a8998a5111cfb9f0ffe24195a15\",\"name\":\"Barbara Halliop\",\"image\":{\"@type\":\"ImageObject\",\"inLanguage\":\"en-GB\",\"@id\":\"https:\/\/nid.pl\/#\/schema\/person\/image\/\",\"url\":\"https:\/\/nid.pl\/wp-content\/litespeed\/avatar\/924046d17dd0c842c9fa9ccf489bc6dc.jpg?ver=1777444967\",\"contentUrl\":\"https:\/\/nid.pl\/wp-content\/litespeed\/avatar\/924046d17dd0c842c9fa9ccf489bc6dc.jpg?ver=1777444967\",\"caption\":\"Barbara Halliop\"},\"url\":\"https:\/\/nid.pl\/en\/author\/bhalliop\/\"}]}<\/script>\n<!-- \/ Yoast SEO plugin. -->","yoast_head_json":{"title":"Prezentacja oznaczenia cmentarza \u017cydowskiego w Przysusze - NID","robots":{"index":"index","follow":"follow","max-snippet":"max-snippet:-1","max-image-preview":"max-image-preview:large","max-video-preview":"max-video-preview:-1"},"canonical":"https:\/\/nid.pl\/en\/2023\/05\/05\/prezentacja-oznaczenia-cmentarza-zydowskiego-w-przysuchej\/","og_locale":"en_GB","og_type":"article","og_title":"Prezentacja oznaczenia cmentarza \u017cydowskiego w Przysusze - NID","og_description":"W Przysusze w woj. mazowieckim odby\u0142a si\u0119 ceremonia prezentacji oznakowania cmentarza \u017cydowskiego, na kt\u00f3rym zachowa\u0142y si\u0119 fragmenty nagrobk\u00f3w oraz jedna ob\u0142amana macewa z&nbsp;1771 roku. Oznaczenie powsta\u0142o w ramach Programu oznakowania [&hellip;]","og_url":"https:\/\/nid.pl\/en\/2023\/05\/05\/prezentacja-oznaczenia-cmentarza-zydowskiego-w-przysuchej\/","og_site_name":"NID","article_publisher":"https:\/\/www.facebook.com\/zabytek","article_published_time":"2023-05-05T10:07:53+00:00","article_modified_time":"2024-02-09T11:44:21+00:00","og_image":[{"width":1024,"height":683,"url":"https:\/\/nid.pl\/wp-content\/uploads\/2023\/05\/miniaturka-oznaczenie-cmentarza-w-Przysuchej-1024x683.png","type":"image\/png"}],"author":"Barbara Halliop","twitter_card":"summary_large_image","twitter_creator":"@NarIDpl","twitter_site":"@NarIDpl","twitter_misc":{"Written by":"Barbara Halliop","Estimated reading time":"3 minutes"},"schema":{"@context":"https:\/\/schema.org","@graph":[{"@type":"Article","@id":"https:\/\/nid.pl\/2023\/05\/05\/prezentacja-oznaczenia-cmentarza-zydowskiego-w-przysuchej\/#article","isPartOf":{"@id":"https:\/\/nid.pl\/2023\/05\/05\/prezentacja-oznaczenia-cmentarza-zydowskiego-w-przysuchej\/"},"author":{"name":"Barbara Halliop","@id":"https:\/\/nid.pl\/#\/schema\/person\/1b690a8998a5111cfb9f0ffe24195a15"},"headline":"Prezentacja oznaczenia cmentarza \u017cydowskiego w Przysusze","datePublished":"2023-05-05T10:07:53+00:00","dateModified":"2024-02-09T11:44:21+00:00","mainEntityOfPage":{"@id":"https:\/\/nid.pl\/2023\/05\/05\/prezentacja-oznaczenia-cmentarza-zydowskiego-w-przysuchej\/"},"wordCount":600,"commentCount":0,"publisher":{"@id":"https:\/\/nid.pl\/#organization"},"image":{"@id":"https:\/\/nid.pl\/2023\/05\/05\/prezentacja-oznaczenia-cmentarza-zydowskiego-w-przysuchej\/#primaryimage"},"thumbnailUrl":"https:\/\/nid.pl\/wp-content\/uploads\/2023\/05\/miniaturka-oznaczenie-cmentarza-w-Przysuchej.png","articleSection":["Aktualno\u015bci","Cmentarze \u017cydowskie"],"inLanguage":"en-GB"},{"@type":"WebPage","@id":"https:\/\/nid.pl\/2023\/05\/05\/prezentacja-oznaczenia-cmentarza-zydowskiego-w-przysuchej\/","url":"https:\/\/nid.pl\/2023\/05\/05\/prezentacja-oznaczenia-cmentarza-zydowskiego-w-przysuchej\/","name":"Prezentacja oznaczenia cmentarza \u017cydowskiego w Przysusze - NID","isPartOf":{"@id":"https:\/\/nid.pl\/#website"},"primaryImageOfPage":{"@id":"https:\/\/nid.pl\/2023\/05\/05\/prezentacja-oznaczenia-cmentarza-zydowskiego-w-przysuchej\/#primaryimage"},"image":{"@id":"https:\/\/nid.pl\/2023\/05\/05\/prezentacja-oznaczenia-cmentarza-zydowskiego-w-przysuchej\/#primaryimage"},"thumbnailUrl":"https:\/\/nid.pl\/wp-content\/uploads\/2023\/05\/miniaturka-oznaczenie-cmentarza-w-Przysuchej.png","datePublished":"2023-05-05T10:07:53+00:00","dateModified":"2024-02-09T11:44:21+00:00","breadcrumb":{"@id":"https:\/\/nid.pl\/2023\/05\/05\/prezentacja-oznaczenia-cmentarza-zydowskiego-w-przysuchej\/#breadcrumb"},"inLanguage":"en-GB","potentialAction":[{"@type":"ReadAction","target":["https:\/\/nid.pl\/2023\/05\/05\/prezentacja-oznaczenia-cmentarza-zydowskiego-w-przysuchej\/"]}]},{"@type":"ImageObject","inLanguage":"en-GB","@id":"https:\/\/nid.pl\/2023\/05\/05\/prezentacja-oznaczenia-cmentarza-zydowskiego-w-przysuchej\/#primaryimage","url":"https:\/\/nid.pl\/wp-content\/uploads\/2023\/05\/miniaturka-oznaczenie-cmentarza-w-Przysuchej.png","contentUrl":"https:\/\/nid.pl\/wp-content\/uploads\/2023\/05\/miniaturka-oznaczenie-cmentarza-w-Przysuchej.png","width":1857,"height":1238,"caption":"miniaturka oznaczenie cmentarza w Przysuchej"},{"@type":"BreadcrumbList","@id":"https:\/\/nid.pl\/2023\/05\/05\/prezentacja-oznaczenia-cmentarza-zydowskiego-w-przysuchej\/#breadcrumb","itemListElement":[{"@type":"ListItem","position":1,"name":"Home","item":"https:\/\/nid.pl\/"},{"@type":"ListItem","position":2,"name":"Prezentacja oznaczenia cmentarza \u017cydowskiego w Przysusze"}]},{"@type":"WebSite","@id":"https:\/\/nid.pl\/#website","url":"https:\/\/nid.pl\/","name":"NID","description":"Narodowy Instytut Dziedzictwa","publisher":{"@id":"https:\/\/nid.pl\/#organization"},"potentialAction":[{"@type":"SearchAction","target":{"@type":"EntryPoint","urlTemplate":"https:\/\/nid.pl\/?s={search_term_string}"},"query-input":{"@type":"PropertyValueSpecification","valueRequired":true,"valueName":"search_term_string"}}],"inLanguage":"en-GB"},{"@type":"Organization","@id":"https:\/\/nid.pl\/#organization","name":"Narodowy Instytut Dziedzictwa","url":"https:\/\/nid.pl\/","logo":{"@type":"ImageObject","inLanguage":"en-GB","@id":"https:\/\/nid.pl\/#\/schema\/logo\/image\/","url":"https:\/\/nid.pl\/wp-content\/uploads\/2022\/10\/logoRedDark.png","contentUrl":"https:\/\/nid.pl\/wp-content\/uploads\/2022\/10\/logoRedDark.png","width":200,"height":197,"caption":"Narodowy Instytut Dziedzictwa"},"image":{"@id":"https:\/\/nid.pl\/#\/schema\/logo\/image\/"},"sameAs":["https:\/\/www.facebook.com\/zabytek","https:\/\/x.com\/NarIDpl","https:\/\/www.instagram.com\/nid.pl\/?hl=pl","https:\/\/www.linkedin.com\/company\/narodowy-instytut-dziedzictwa","https:\/\/www.youtube.com\/channel\/UCQXuhKa2uHtmNvLRUSx40JA"]},{"@type":"Person","@id":"https:\/\/nid.pl\/#\/schema\/person\/1b690a8998a5111cfb9f0ffe24195a15","name":"Barbara Halliop","image":{"@type":"ImageObject","inLanguage":"en-GB","@id":"https:\/\/nid.pl\/#\/schema\/person\/image\/","url":"https:\/\/nid.pl\/wp-content\/litespeed\/avatar\/924046d17dd0c842c9fa9ccf489bc6dc.jpg?ver=1777444967","contentUrl":"https:\/\/nid.pl\/wp-content\/litespeed\/avatar\/924046d17dd0c842c9fa9ccf489bc6dc.jpg?ver=1777444967","caption":"Barbara Halliop"},"url":"https:\/\/nid.pl\/en\/author\/bhalliop\/"}]}},"_links":{"self":[{"href":"https:\/\/nid.pl\/en\/wp-json\/wp\/v2\/posts\/11205","targetHints":{"allow":["GET"]}}],"collection":[{"href":"https:\/\/nid.pl\/en\/wp-json\/wp\/v2\/posts"}],"about":[{"href":"https:\/\/nid.pl\/en\/wp-json\/wp\/v2\/types\/post"}],"author":[{"embeddable":true,"href":"https:\/\/nid.pl\/en\/wp-json\/wp\/v2\/users\/7"}],"replies":[{"embeddable":true,"href":"https:\/\/nid.pl\/en\/wp-json\/wp\/v2\/comments?post=11205"}],"version-history":[{"count":0,"href":"https:\/\/nid.pl\/en\/wp-json\/wp\/v2\/posts\/11205\/revisions"}],"wp:featuredmedia":[{"embeddable":true,"href":"https:\/\/nid.pl\/en\/wp-json\/wp\/v2\/media\/11204"}],"wp:attachment":[{"href":"https:\/\/nid.pl\/en\/wp-json\/wp\/v2\/media?parent=11205"}],"wp:term":[{"taxonomy":"category","embeddable":true,"href":"https:\/\/nid.pl\/en\/wp-json\/wp\/v2\/categories?post=11205"},{"taxonomy":"post_tag","embeddable":true,"href":"https:\/\/nid.pl\/en\/wp-json\/wp\/v2\/tags?post=11205"}],"curies":[{"name":"wp","href":"https:\/\/api.w.org\/{rel}","templated":true}]}}