{"id":11057,"date":"2023-04-28T09:08:09","date_gmt":"2023-04-28T07:08:09","guid":{"rendered":"https:\/\/nid.pl\/?p=11057"},"modified":"2023-04-28T09:10:03","modified_gmt":"2023-04-28T07:10:03","slug":"za-nami-konferencja-system-ochrony-zabytkow-w-polsce-dorobek-problemy-wyzwania","status":"publish","type":"post","link":"https:\/\/nid.pl\/en\/2023\/04\/28\/za-nami-konferencja-system-ochrony-zabytkow-w-polsce-dorobek-problemy-wyzwania\/","title":{"rendered":"Za nami konferencja \u201eSystem ochrony zabytk\u00f3w w Polsce \u2013 dorobek, problemy, wyzwania\u201d"},"content":{"rendered":"<p><strong>Skuteczno\u015b\u0107 ochrony zabytk\u00f3w w ka\u017cdym kraju jest funkcj\u0105 jako\u015bci systemu ochrony zabytk\u00f3w. Dlatego dyskusja na temat jako\u015bci tego systemu i jego doskonalenia jest zawsze potrzebna. W dniach 24 \u2013 25 kwietnia w Muzeum \u0141azienki Kr\u00f3lewskie w Warszawie odby\u0142a si\u0119 konferencja naukowa \u201eSystem ochrony zabytk\u00f3w w Polsce \u2013 dorobek, problemy, wyzwania\u201d organizowana przez Polski Komitet Narodowy Mi\u0119dzynarodowej Rady Ochrony Zabytk\u00f3w ICOMOS przy wsp\u00f3\u0142udziale&nbsp; Narodowego Instytutu Dziedzictwa.<\/strong><\/p>\n\n\n\n<p>W tym roku przypada 20. rocznica przyj\u0119cia ustawy o ochronie zabytk\u00f3w i opiece nad zabytkami. Ustawa konstytuuje system ochrony zabytk\u00f3w \u2013 m.in. definiuj\u0105c podstawowe poj\u0119cia, okre\u015blaj\u0105c struktur\u0119 systemu ochrony, wskazuj\u0105c obowi\u0105zki i uprawnienia w\u0142a\u015bcicieli zabytk\u00f3w oraz s\u0142u\u017cb konserwatorskich.<\/p>\n\n\n\n<p>W li\u015bcie skierowanym do uczestnik\u00f3w konferencji, Generalny Konserwator Zabytk\u00f3w, Sekretarz stanu w Ministerstwie Kultury i Dziedzictwa Narodowego, dr Jaros\u0142aw Sellin, przypomnia\u0142 o tym jak wa\u017cna jest ochrona zabytk\u00f3w w Polsce.<\/p>\n\n\n\n<p>\u2013 <em>Fundamentalne znaczenie ochrony zabytk\u00f3w dla egzystencji polskiego narodu i spo\u0142ecze\u0144stwa zosta\u0142o wyra\u017cone ju\u017c w Konstytucji Rzeczpospolitej Polskiej, m\u00f3wi\u0105cej o tym, \u017ce Rzeczpospolita Polska strze\u017ce dziedzictwa narodowego. Jego kluczowym sk\u0142adnikiem s\u0105 zabytki. Mo\u017cna zauwa\u017cy\u0107, \u017ce zabytki s\u0105 dobrem wsp\u00f3lnym, o kt\u00f3re powinni dba\u0107 wszyscy obywatele \u2013 <\/em>napisa\u0142 wiceminister Sellin.<\/p>\n\n\n\n<p>Problematyk\u0119 konferencji podzielono na dwie sesje: 1. Podstawy teoretyczne, prawne<br>i finansowe systemu ochrony zabytk\u00f3w w Polsce oraz 2. Organizacja i funkcjonowanie systemu<br>ochrony zabytk\u00f3w w Polsce.<\/p>\n\n\n\n<p>W wyst\u0105pieniu wprowadzaj\u0105cym, Dyrektor Departamentu Ochrony Zabytk\u00f3w w Ministerstwie Kultury i Dziedzictwa Narodowego, dr Katarzyna Pa\u0142ubska, wskaza\u0142a g\u0142\u00f3wne cele, kt\u00f3re b\u0119d\u0105 realizowane przez Ministerstwo w ramach nowego Krajowego programu ochrony zabytk\u00f3w i opieki nad zabytkami pn. \u201eZwi\u0119kszenie odporno\u015bci zasobu zabytkowego \u2013 d\u0142ugoterminowe priorytety polityki konserwatorskiej w Polsce\u201d.<\/p>\n\n\n\n<p>Konferencja naukowa \u201eSystem ochrony zabytk\u00f3w w Polsce &#8211; dorobek, problemy, wyzwania\u201dby\u0142a okazj\u0105 do oceny funkcjonowania systemu ochrony, stworzonego w oparciu o ustaw\u0119. Przy tej okazji uczestnicy wydarzenia omawiali aspekty, kolejnego Krajowego programu ochrony zabytk\u00f3w na lata 2023 \u2013 2026. To ju\u017c trzeci program ochrony, przy pomocy, kt\u00f3rego w\u0142adze kieruj\u0105ce systemem ochrony zabytk\u00f3w formu\u0142uj\u0105 i finansuj\u0105 najwa\u017cniejsze zadania.<\/p>\n\n\n\n<p>Problem roli prawa w systemie ochrony zabytk\u00f3w przedstawi\u0142a Dyrektor Narodowego Instytutu Dziedzictwa, dr hab. Katarzyna Zalasi\u0144ska:<\/p>\n\n\n\n<p>\u2013 <em>Prawo ma przede wszystkim funkcj\u0119 regulacyjn\u0105 wzgl\u0119dem \u017cycia spo\u0142ecznego. Ma zapewni\u0107 obywatelom poczucie bezpiecze\u0144stwa. Tworzy wzorce zachowa\u0144, kt\u00f3re nast\u0119pnie ma egzekwowa\u0107 i sprawia\u0107 by by\u0142y realizowane. Kiedy m\u00f3wimy o zapewnieniu poczucia bezpiecze\u0144stwa, to w ochronie zabytk\u00f3w jest to zagadnienie niezwykle istotne, i nie chodzi tylko o zapewnienie bezpiecze\u0144stwa samego zasobu zabytkowego, cho\u0107 to jest rzecz oczywista. Na poj\u0119cie bezpiecze\u0144stwa w ochronie zabytk\u00f3w trzeba patrze\u0107 znacznie szerzej. Zabytki s\u0105 bowiem obszarem stabilno\u015bci systemu kulturowego, i to jest zjawisko, kt\u00f3re \u015bledzimy i analizujemy w kontek\u015bcie wojny na Ukrainie. (\u2026) To w\u0142a\u015bnie kanon miejsc zabytkowych stabilizuje i integruje ten system kulturowy, podobnie jak kanon literatury czy tradycji. Narodowy Instytut Dziedzictwa od wielu lat prowadzi badania spo\u0142eczne w tym zakresie. (\u2026) Jedne z wielu bada\u0144, kt\u00f3re prowadzimy, potwierdzi\u0142y, \u017ce 68% spo\u0142ecze\u0144stwa deklaruje, \u017ce nar\u00f3d nie mo\u017ce istnie\u0107 bez obiekt\u00f3w i miejsc zabytkowych, historycznych, \u015bwiadcz\u0105cych o przesz\u0142o\u015bci. W zwi\u0105zku z tym, m\u00f3wi\u0105c o bezpiecze\u0144stwie, m\u00f3wimy z jednej strony o bezpiecze\u0144stwie zasobu jako takiego, ale mo\u017cna i nale\u017cy patrze\u0107 na to szerzej, z punktu widzenia bezpiecze\u0144stwa pa\u0144stwa <\/em>\u2013 wyja\u015bni\u0142a dr hab. Katarzyna Zalasi\u0144ska.<\/p>\n\n\n\n<p>Drugiego dnia sesji g\u0142os zabrali, Zast\u0119pca Dyrektora NID, dr hab. Monika Bogdanowska, przedstawiaj\u0105c \u201eSystem w dzia\u0142aniu. Wiadomo\u015bci z pierwszej linii frontu\u201d oraz adw. Jacek Brudnicki z NID z wyk\u0142adem \u201eCo chcemy chroni\u0107? Refleksje na temat definicji zabytku oraz kryteri\u00f3w obejmowania go ochron\u0105 konserwatorsk\u0105\u201d. Dr hab. Monika Bogdanowska, jako wieloletni praktyk s\u0142u\u017cb konserwatorskich przedstawi\u0142a szeroki wachlarz problem\u00f3w, kt\u00f3re dotykaj\u0105 konserwator\u00f3w w ich codziennej pracy.<\/p>\n\n\n\n<p>Konferencji towarzyszy\u0142a uroczysto\u015b\u0107 og\u0142oszenia wynik\u00f3w i wr\u0119czenie nagr\u00f3d w Konkursie im. prof. Jana Zachwatowicza na najlepsze prace dyplomowe w zakresie ochrony i konserwacji zabytk\u00f3w za rok 2022.&nbsp;<\/p>\n\n\n\n<p>Konferencja zosta\u0142a obj\u0119ta patronatem honorowym Generalnego Konserwatora Zabytk\u00f3w, Sekretarza stanu w Ministerstwie Kultury i Dziedzictwa Narodowego, dr. Jaros\u0142awa Sellina.<\/p>\n\n\n\n<p>Wydarzenie zosta\u0142o sfinansowane ze \u015brodk\u00f3w Ministerstwa Kultury i Dziedzictwa Narodowego.<\/p>\n\n\n\n<p>Zapraszamy do obejrzenia wydarzenia online:&nbsp;<\/p>\n\n\n\n<p><strong>Agenda konferencji \u201eSystem ochrony zabytk\u00f3w w Polsce \u2013 dorobek, problemy, wyzwania\u201d:<\/strong><\/p>\n\n\n\n<ul class=\"wp-block-list\"><li><strong>24 kwietnia 2023<\/strong><\/li><\/ul>\n\n\n\n<p><\/p>\n\n\n<p><iframe loading=\"lazy\" title=\"YouTube video player\" src=\"https:\/\/www.youtube.com\/embed\/Ev11FULdEp4\" allowfullscreen=\"allowfullscreen\" width=\"560\" height=\"315\" frameborder=\"0\"><\/iframe><\/p>\n\n\n<p><strong>15.30<\/strong> Powitanie uczestnik\u00f3w konferencji<\/p>\n\n\n\n<p><strong>16.00 SESJA 1<\/strong><\/p>\n\n\n\n<p><em>\u2013 Zwi\u0119kszenie odporno\u015bci zasobu zabytkowego \u2013 d\u0142ugoterminowe priorytety polityki konserwatorskiej w Polsce<\/em>, Katarzyna Pa\u0142ubska<br><em>\u2013 Rola prawa w systemie ochrony zabytk\u00f3w<\/em>, Katarzyna Zalasi\u0144ska<br><em>\u2013 System ochrony zabytk\u00f3w z perspektywy wojew\u00f3dzkiego konserwatora zabytk\u00f3w<\/em>, Daniel Gibski<\/p>\n\n\n\n<p><strong>17.30 SESJA 2<\/strong><\/p>\n\n\n\n<p>\u2013 <em>System ochrony zabytk\u00f3w w Polsce: \u201csystem\u201d \u2013 poj\u0119cie nadu\u017cywane czy niedocenione<\/em>, Kamil Zeidler, Paula Chmielowska<br><em>\u2013 System ochrony zabytk\u00f3w \u2013 wyzwania trzeciej dekady XXI wieku<\/em>, Bogus\u0142aw Szmygin<\/p>\n\n\n\n<p><strong>18.30 Dyskusja<\/strong><\/p>\n\n\n\n<p>Og\u0142oszenie wynik\u00f3w i wr\u0119czenie nagr\u00f3d w konkursie na najlepsze prace dyplomowe w zakresie ochrony i konserwacji zabytk\u00f3w im. prof. Jana Zachwatowicza za rok 2022<\/p>\n\n\n\n<ul class=\"wp-block-list\"><li><strong>25 kwietnia 2023<\/strong><\/li><\/ul>\n\n\n\n<p><\/p>\n\n\n<p><iframe loading=\"lazy\" title=\"YouTube video player\" src=\"https:\/\/www.youtube.com\/embed\/1-BV9tugUNo\" allowfullscreen=\"allowfullscreen\" width=\"560\" height=\"315\" frameborder=\"0\"><\/iframe><\/p>\n<p><strong>09.30 SESJA 3<\/strong><\/p>\n<p>\u2013 System ochrony zabytk\u00f3w \u2013 studium ewolucji w latach 1918-2023, Ma\u0142gorzata W\u0142odarczyk, Marcin W\u0142odarczyk<br>\u2013 System w dzia\u0142aniu. Wiadomo\u015bci z pierwszej linii frontu, Monika Bogdanowska<br>\u2013 Co chcemy chroni\u0107? Refleksje na temat definicji zabytku oraz kryteri\u00f3w obejmowania go ochron\u0105 konserwatorsk\u0105, Jacek Brudnicki<br>\u2013 Jak archaiczne prawo szkodzi zabytkom i procesom inwestycyjnym \u2013 o s\u0142abo\u015bci polskiego systemu ochrony zabytk\u00f3w s\u0142\u00f3w kilka, Miros\u0142aw Rymer<\/p>\n<p><strong>11.30 SESJA 4<\/strong><\/p>\n<p>\u2013 \u015arodki publiczne w finansowaniu prac konserwatorskich (na podstawie ustawy o ochronie zabytk\u00f3w i opiece nad zabytkami) \u2013 teoria i praktyka, Jacek D\u0105browski<br>\u2013 System podatkowy jako narz\u0119dzie ochrony zabytk\u00f3w, Mateusz Adamczyk<br>\u2013 Rola konserwatora miejskiego w systemie ochrony zabytk\u00f3w w Polsce na przyk\u0142adzie miasta Gdyni, Robert Hirsch<\/p>\n<p><strong>13.00<\/strong> Dyskusja ko\u0144cowa<\/p>\n<p><strong>Organizatorzy wydarzenia:<\/strong><br>Polski Komitet Narodowy ICOMOS, Narodowy Instytut Dziedzictwa, Zamek Kr\u00f3lewski w Warszawie, \u0141azienki Kr\u00f3lewskie w Warszawie, Komitet Urbanistyki i Architektury PAN.<\/p>\n<p><\/p>\n\n\n<figure class=\"wp-block-gallery has-nested-images columns-default is-cropped wp-block-gallery-1 is-layout-flex wp-block-gallery-is-layout-flex\">\n<figure class=\"wp-block-image size-large\"><img loading=\"lazy\" decoding=\"async\" width=\"2048\" height=\"1527\" data-id=\"11047\" src=\"https:\/\/nid.pl\/wp-content\/uploads\/2023\/04\/Konferencja-Lazienki-ICOMOS-1.jpg\" alt=\"\" class=\"wp-image-11047\" srcset=\"https:\/\/nid.pl\/wp-content\/uploads\/2023\/04\/Konferencja-Lazienki-ICOMOS-1.jpg 2048w, https:\/\/nid.pl\/wp-content\/uploads\/2023\/04\/Konferencja-Lazienki-ICOMOS-1-1280x954.jpg 1280w, https:\/\/nid.pl\/wp-content\/uploads\/2023\/04\/Konferencja-Lazienki-ICOMOS-1-980x731.jpg 980w, https:\/\/nid.pl\/wp-content\/uploads\/2023\/04\/Konferencja-Lazienki-ICOMOS-1-480x358.jpg 480w\" sizes=\"(min-width: 0px) and (max-width: 480px) 480px, (min-width: 481px) and (max-width: 980px) 980px, (min-width: 981px) and (max-width: 1280px) 1280px, (min-width: 1281px) 2048px, 100vw\" \/><\/figure>\n\n\n\n<figure class=\"wp-block-image size-large\"><img loading=\"lazy\" decoding=\"async\" width=\"2048\" height=\"1535\" data-id=\"11048\" src=\"https:\/\/nid.pl\/wp-content\/uploads\/2023\/04\/Konferencja-Lazienki-ICOMOS-2.jpg\" alt=\"\" class=\"wp-image-11048\" srcset=\"https:\/\/nid.pl\/wp-content\/uploads\/2023\/04\/Konferencja-Lazienki-ICOMOS-2.jpg 2048w, https:\/\/nid.pl\/wp-content\/uploads\/2023\/04\/Konferencja-Lazienki-ICOMOS-2-1280x959.jpg 1280w, https:\/\/nid.pl\/wp-content\/uploads\/2023\/04\/Konferencja-Lazienki-ICOMOS-2-980x735.jpg 980w, https:\/\/nid.pl\/wp-content\/uploads\/2023\/04\/Konferencja-Lazienki-ICOMOS-2-480x360.jpg 480w\" sizes=\"(min-width: 0px) and (max-width: 480px) 480px, (min-width: 481px) and (max-width: 980px) 980px, (min-width: 981px) and (max-width: 1280px) 1280px, (min-width: 1281px) 2048px, 100vw\" \/><\/figure>\n<\/figure>\n\n\n\n<figure class=\"wp-block-gallery has-nested-images columns-default is-cropped wp-block-gallery-2 is-layout-flex wp-block-gallery-is-layout-flex\">\n<figure class=\"wp-block-image size-large\"><img loading=\"lazy\" decoding=\"async\" width=\"2000\" height=\"1333\" data-id=\"11049\" src=\"https:\/\/nid.pl\/wp-content\/uploads\/2023\/04\/Konferencja-Lazienki-ICOMOS-3.jpg\" alt=\"\" class=\"wp-image-11049\" srcset=\"https:\/\/nid.pl\/wp-content\/uploads\/2023\/04\/Konferencja-Lazienki-ICOMOS-3.jpg 2000w, https:\/\/nid.pl\/wp-content\/uploads\/2023\/04\/Konferencja-Lazienki-ICOMOS-3-1280x853.jpg 1280w, https:\/\/nid.pl\/wp-content\/uploads\/2023\/04\/Konferencja-Lazienki-ICOMOS-3-980x653.jpg 980w, https:\/\/nid.pl\/wp-content\/uploads\/2023\/04\/Konferencja-Lazienki-ICOMOS-3-480x320.jpg 480w\" sizes=\"(min-width: 0px) and (max-width: 480px) 480px, (min-width: 481px) and (max-width: 980px) 980px, (min-width: 981px) and (max-width: 1280px) 1280px, (min-width: 1281px) 2000px, 100vw\" \/><\/figure>\n\n\n\n<figure class=\"wp-block-image size-large\"><img loading=\"lazy\" decoding=\"async\" width=\"2000\" height=\"1333\" data-id=\"11050\" src=\"https:\/\/nid.pl\/wp-content\/uploads\/2023\/04\/Konferencja-Lazienki-ICOMOS-4.jpg\" alt=\"\" class=\"wp-image-11050\" srcset=\"https:\/\/nid.pl\/wp-content\/uploads\/2023\/04\/Konferencja-Lazienki-ICOMOS-4.jpg 2000w, https:\/\/nid.pl\/wp-content\/uploads\/2023\/04\/Konferencja-Lazienki-ICOMOS-4-1280x853.jpg 1280w, https:\/\/nid.pl\/wp-content\/uploads\/2023\/04\/Konferencja-Lazienki-ICOMOS-4-980x653.jpg 980w, https:\/\/nid.pl\/wp-content\/uploads\/2023\/04\/Konferencja-Lazienki-ICOMOS-4-480x320.jpg 480w\" sizes=\"(min-width: 0px) and (max-width: 480px) 480px, (min-width: 481px) and (max-width: 980px) 980px, (min-width: 981px) and (max-width: 1280px) 1280px, (min-width: 1281px) 2000px, 100vw\" \/><\/figure>\n<\/figure>\n\n\n\n<figure class=\"wp-block-gallery has-nested-images columns-default is-cropped wp-block-gallery-3 is-layout-flex wp-block-gallery-is-layout-flex\">\n<figure class=\"wp-block-image size-large\"><img loading=\"lazy\" decoding=\"async\" width=\"2000\" height=\"1333\" data-id=\"11051\" src=\"https:\/\/nid.pl\/wp-content\/uploads\/2023\/04\/Konferencja-Lazienki-ICOMOS-5.jpg\" alt=\"\" class=\"wp-image-11051\" srcset=\"https:\/\/nid.pl\/wp-content\/uploads\/2023\/04\/Konferencja-Lazienki-ICOMOS-5.jpg 2000w, https:\/\/nid.pl\/wp-content\/uploads\/2023\/04\/Konferencja-Lazienki-ICOMOS-5-1280x853.jpg 1280w, https:\/\/nid.pl\/wp-content\/uploads\/2023\/04\/Konferencja-Lazienki-ICOMOS-5-980x653.jpg 980w, https:\/\/nid.pl\/wp-content\/uploads\/2023\/04\/Konferencja-Lazienki-ICOMOS-5-480x320.jpg 480w\" sizes=\"(min-width: 0px) and (max-width: 480px) 480px, (min-width: 481px) and (max-width: 980px) 980px, (min-width: 981px) and (max-width: 1280px) 1280px, (min-width: 1281px) 2000px, 100vw\" \/><\/figure>\n\n\n\n<figure class=\"wp-block-image size-large\"><img loading=\"lazy\" decoding=\"async\" width=\"2000\" height=\"1333\" data-id=\"11052\" src=\"https:\/\/nid.pl\/wp-content\/uploads\/2023\/04\/Konferencja-Lazienki-ICOMOS-6.jpg\" alt=\"\" class=\"wp-image-11052\" srcset=\"https:\/\/nid.pl\/wp-content\/uploads\/2023\/04\/Konferencja-Lazienki-ICOMOS-6.jpg 2000w, https:\/\/nid.pl\/wp-content\/uploads\/2023\/04\/Konferencja-Lazienki-ICOMOS-6-1280x853.jpg 1280w, https:\/\/nid.pl\/wp-content\/uploads\/2023\/04\/Konferencja-Lazienki-ICOMOS-6-980x653.jpg 980w, https:\/\/nid.pl\/wp-content\/uploads\/2023\/04\/Konferencja-Lazienki-ICOMOS-6-480x320.jpg 480w\" sizes=\"(min-width: 0px) and (max-width: 480px) 480px, (min-width: 481px) and (max-width: 980px) 980px, (min-width: 981px) and (max-width: 1280px) 1280px, (min-width: 1281px) 2000px, 100vw\" \/><\/figure>\n<\/figure>\n\n\n\n<figure class=\"wp-block-gallery has-nested-images columns-default is-cropped wp-block-gallery-4 is-layout-flex wp-block-gallery-is-layout-flex\">\n<figure class=\"wp-block-image size-large\"><img loading=\"lazy\" decoding=\"async\" width=\"2000\" height=\"1333\" data-id=\"11054\" src=\"https:\/\/nid.pl\/wp-content\/uploads\/2023\/04\/Konferencja-Lazienki-ICOMOS-8.jpg\" alt=\"\" class=\"wp-image-11054\" srcset=\"https:\/\/nid.pl\/wp-content\/uploads\/2023\/04\/Konferencja-Lazienki-ICOMOS-8.jpg 2000w, https:\/\/nid.pl\/wp-content\/uploads\/2023\/04\/Konferencja-Lazienki-ICOMOS-8-1280x853.jpg 1280w, https:\/\/nid.pl\/wp-content\/uploads\/2023\/04\/Konferencja-Lazienki-ICOMOS-8-980x653.jpg 980w, https:\/\/nid.pl\/wp-content\/uploads\/2023\/04\/Konferencja-Lazienki-ICOMOS-8-480x320.jpg 480w\" sizes=\"(min-width: 0px) and (max-width: 480px) 480px, (min-width: 481px) and (max-width: 980px) 980px, (min-width: 981px) and (max-width: 1280px) 1280px, (min-width: 1281px) 2000px, 100vw\" \/><\/figure>\n\n\n\n<figure class=\"wp-block-image size-large\"><img loading=\"lazy\" decoding=\"async\" width=\"2000\" height=\"1333\" data-id=\"11053\" src=\"https:\/\/nid.pl\/wp-content\/uploads\/2023\/04\/Konferencja-Lazienki-ICOMOS-7.jpg\" alt=\"\" class=\"wp-image-11053\" srcset=\"https:\/\/nid.pl\/wp-content\/uploads\/2023\/04\/Konferencja-Lazienki-ICOMOS-7.jpg 2000w, https:\/\/nid.pl\/wp-content\/uploads\/2023\/04\/Konferencja-Lazienki-ICOMOS-7-1280x853.jpg 1280w, https:\/\/nid.pl\/wp-content\/uploads\/2023\/04\/Konferencja-Lazienki-ICOMOS-7-980x653.jpg 980w, https:\/\/nid.pl\/wp-content\/uploads\/2023\/04\/Konferencja-Lazienki-ICOMOS-7-480x320.jpg 480w\" sizes=\"(min-width: 0px) and (max-width: 480px) 480px, (min-width: 481px) and (max-width: 980px) 980px, (min-width: 981px) and (max-width: 1280px) 1280px, (min-width: 1281px) 2000px, 100vw\" \/><\/figure>\n<\/figure>","protected":false},"excerpt":{"rendered":"<p>Skuteczno\u015b\u0107 ochrony zabytk\u00f3w w ka\u017cdym kraju jest funkcj\u0105 jako\u015bci systemu ochrony zabytk\u00f3w. Dlatego dyskusja na temat jako\u015bci tego systemu i jego doskonalenia jest zawsze potrzebna. W dniach 24 \u2013 25 [&hellip;]<\/p>","protected":false},"author":7,"featured_media":11046,"comment_status":"open","ping_status":"open","sticky":false,"template":"","format":"standard","meta":{"_et_pb_use_builder":"off","_et_pb_old_content":"","_et_gb_content_width":"","_monsterinsights_skip_tracking":false,"_monsterinsights_sitenote_active":false,"_monsterinsights_sitenote_note":"","_monsterinsights_sitenote_category":0,"footnotes":""},"categories":[3],"tags":[],"class_list":["post-11057","post","type-post","status-publish","format-standard","has-post-thumbnail","hentry","category-aktualnosci"],"yoast_head":"<!-- This site is optimized with the Yoast SEO plugin v26.5 - https:\/\/yoast.com\/wordpress\/plugins\/seo\/ -->\n<title>Za nami konferencja \u201eSystem ochrony zabytk\u00f3w w Polsce \u2013 dorobek, problemy, wyzwania\u201d - NID<\/title>\n<meta name=\"robots\" content=\"index, follow, max-snippet:-1, max-image-preview:large, max-video-preview:-1\" \/>\n<link rel=\"canonical\" href=\"https:\/\/nid.pl\/en\/2023\/04\/28\/za-nami-konferencja-system-ochrony-zabytkow-w-polsce-dorobek-problemy-wyzwania\/\" \/>\n<meta property=\"og:locale\" content=\"en_GB\" \/>\n<meta property=\"og:type\" content=\"article\" \/>\n<meta property=\"og:title\" content=\"Za nami konferencja \u201eSystem ochrony zabytk\u00f3w w Polsce \u2013 dorobek, problemy, wyzwania\u201d - NID\" \/>\n<meta property=\"og:description\" content=\"Skuteczno\u015b\u0107 ochrony zabytk\u00f3w w ka\u017cdym kraju jest funkcj\u0105 jako\u015bci systemu ochrony zabytk\u00f3w. Dlatego dyskusja na temat jako\u015bci tego systemu i jego doskonalenia jest zawsze potrzebna. W dniach 24 \u2013 25 [&hellip;]\" \/>\n<meta property=\"og:url\" content=\"https:\/\/nid.pl\/en\/2023\/04\/28\/za-nami-konferencja-system-ochrony-zabytkow-w-polsce-dorobek-problemy-wyzwania\/\" \/>\n<meta property=\"og:site_name\" content=\"NID\" \/>\n<meta property=\"article:publisher\" content=\"https:\/\/www.facebook.com\/zabytek\" \/>\n<meta property=\"article:published_time\" content=\"2023-04-28T07:08:09+00:00\" \/>\n<meta property=\"article:modified_time\" content=\"2023-04-28T07:10:03+00:00\" \/>\n<meta property=\"og:image\" content=\"https:\/\/nid.pl\/wp-content\/uploads\/2023\/04\/miniaturka-ICOMOS-Lazienki-konferencja.png\" \/>\n\t<meta property=\"og:image:width\" content=\"1857\" \/>\n\t<meta property=\"og:image:height\" content=\"1238\" \/>\n\t<meta property=\"og:image:type\" content=\"image\/png\" \/>\n<meta name=\"author\" content=\"Barbara Halliop\" \/>\n<meta name=\"twitter:card\" content=\"summary_large_image\" \/>\n<meta name=\"twitter:creator\" content=\"@NarIDpl\" \/>\n<meta name=\"twitter:site\" content=\"@NarIDpl\" \/>\n<meta name=\"twitter:label1\" content=\"Written by\" \/>\n\t<meta name=\"twitter:data1\" content=\"Barbara Halliop\" \/>\n\t<meta name=\"twitter:label2\" content=\"Estimated reading time\" \/>\n\t<meta name=\"twitter:data2\" content=\"6 minutes\" \/>\n<script type=\"application\/ld+json\" class=\"yoast-schema-graph\">{\"@context\":\"https:\/\/schema.org\",\"@graph\":[{\"@type\":\"Article\",\"@id\":\"https:\/\/nid.pl\/2023\/04\/28\/za-nami-konferencja-system-ochrony-zabytkow-w-polsce-dorobek-problemy-wyzwania\/#article\",\"isPartOf\":{\"@id\":\"https:\/\/nid.pl\/2023\/04\/28\/za-nami-konferencja-system-ochrony-zabytkow-w-polsce-dorobek-problemy-wyzwania\/\"},\"author\":{\"name\":\"Barbara Halliop\",\"@id\":\"https:\/\/nid.pl\/#\/schema\/person\/1b690a8998a5111cfb9f0ffe24195a15\"},\"headline\":\"Za nami konferencja \u201eSystem ochrony zabytk\u00f3w w Polsce \u2013 dorobek, problemy, wyzwania\u201d\",\"datePublished\":\"2023-04-28T07:08:09+00:00\",\"dateModified\":\"2023-04-28T07:10:03+00:00\",\"mainEntityOfPage\":{\"@id\":\"https:\/\/nid.pl\/2023\/04\/28\/za-nami-konferencja-system-ochrony-zabytkow-w-polsce-dorobek-problemy-wyzwania\/\"},\"wordCount\":1026,\"commentCount\":0,\"publisher\":{\"@id\":\"https:\/\/nid.pl\/#organization\"},\"image\":{\"@id\":\"https:\/\/nid.pl\/2023\/04\/28\/za-nami-konferencja-system-ochrony-zabytkow-w-polsce-dorobek-problemy-wyzwania\/#primaryimage\"},\"thumbnailUrl\":\"https:\/\/nid.pl\/wp-content\/uploads\/2023\/04\/miniaturka-ICOMOS-Lazienki-konferencja.png\",\"articleSection\":[\"Aktualno\u015bci\"],\"inLanguage\":\"en-GB\"},{\"@type\":\"WebPage\",\"@id\":\"https:\/\/nid.pl\/2023\/04\/28\/za-nami-konferencja-system-ochrony-zabytkow-w-polsce-dorobek-problemy-wyzwania\/\",\"url\":\"https:\/\/nid.pl\/2023\/04\/28\/za-nami-konferencja-system-ochrony-zabytkow-w-polsce-dorobek-problemy-wyzwania\/\",\"name\":\"Za nami konferencja \u201eSystem ochrony zabytk\u00f3w w Polsce \u2013 dorobek, problemy, wyzwania\u201d - NID\",\"isPartOf\":{\"@id\":\"https:\/\/nid.pl\/#website\"},\"primaryImageOfPage\":{\"@id\":\"https:\/\/nid.pl\/2023\/04\/28\/za-nami-konferencja-system-ochrony-zabytkow-w-polsce-dorobek-problemy-wyzwania\/#primaryimage\"},\"image\":{\"@id\":\"https:\/\/nid.pl\/2023\/04\/28\/za-nami-konferencja-system-ochrony-zabytkow-w-polsce-dorobek-problemy-wyzwania\/#primaryimage\"},\"thumbnailUrl\":\"https:\/\/nid.pl\/wp-content\/uploads\/2023\/04\/miniaturka-ICOMOS-Lazienki-konferencja.png\",\"datePublished\":\"2023-04-28T07:08:09+00:00\",\"dateModified\":\"2023-04-28T07:10:03+00:00\",\"breadcrumb\":{\"@id\":\"https:\/\/nid.pl\/2023\/04\/28\/za-nami-konferencja-system-ochrony-zabytkow-w-polsce-dorobek-problemy-wyzwania\/#breadcrumb\"},\"inLanguage\":\"en-GB\",\"potentialAction\":[{\"@type\":\"ReadAction\",\"target\":[\"https:\/\/nid.pl\/2023\/04\/28\/za-nami-konferencja-system-ochrony-zabytkow-w-polsce-dorobek-problemy-wyzwania\/\"]}]},{\"@type\":\"ImageObject\",\"inLanguage\":\"en-GB\",\"@id\":\"https:\/\/nid.pl\/2023\/04\/28\/za-nami-konferencja-system-ochrony-zabytkow-w-polsce-dorobek-problemy-wyzwania\/#primaryimage\",\"url\":\"https:\/\/nid.pl\/wp-content\/uploads\/2023\/04\/miniaturka-ICOMOS-Lazienki-konferencja.png\",\"contentUrl\":\"https:\/\/nid.pl\/wp-content\/uploads\/2023\/04\/miniaturka-ICOMOS-Lazienki-konferencja.png\",\"width\":1857,\"height\":1238,\"caption\":\"miniaturka ICOMOS Lazienki konferencja\"},{\"@type\":\"BreadcrumbList\",\"@id\":\"https:\/\/nid.pl\/2023\/04\/28\/za-nami-konferencja-system-ochrony-zabytkow-w-polsce-dorobek-problemy-wyzwania\/#breadcrumb\",\"itemListElement\":[{\"@type\":\"ListItem\",\"position\":1,\"name\":\"Home\",\"item\":\"https:\/\/nid.pl\/\"},{\"@type\":\"ListItem\",\"position\":2,\"name\":\"Za nami konferencja \u201eSystem ochrony zabytk\u00f3w w Polsce \u2013 dorobek, problemy, wyzwania\u201d\"}]},{\"@type\":\"WebSite\",\"@id\":\"https:\/\/nid.pl\/#website\",\"url\":\"https:\/\/nid.pl\/\",\"name\":\"NID\",\"description\":\"Narodowy Instytut Dziedzictwa\",\"publisher\":{\"@id\":\"https:\/\/nid.pl\/#organization\"},\"potentialAction\":[{\"@type\":\"SearchAction\",\"target\":{\"@type\":\"EntryPoint\",\"urlTemplate\":\"https:\/\/nid.pl\/?s={search_term_string}\"},\"query-input\":{\"@type\":\"PropertyValueSpecification\",\"valueRequired\":true,\"valueName\":\"search_term_string\"}}],\"inLanguage\":\"en-GB\"},{\"@type\":\"Organization\",\"@id\":\"https:\/\/nid.pl\/#organization\",\"name\":\"Narodowy Instytut Dziedzictwa\",\"url\":\"https:\/\/nid.pl\/\",\"logo\":{\"@type\":\"ImageObject\",\"inLanguage\":\"en-GB\",\"@id\":\"https:\/\/nid.pl\/#\/schema\/logo\/image\/\",\"url\":\"https:\/\/nid.pl\/wp-content\/uploads\/2022\/10\/logoRedDark.png\",\"contentUrl\":\"https:\/\/nid.pl\/wp-content\/uploads\/2022\/10\/logoRedDark.png\",\"width\":200,\"height\":197,\"caption\":\"Narodowy Instytut Dziedzictwa\"},\"image\":{\"@id\":\"https:\/\/nid.pl\/#\/schema\/logo\/image\/\"},\"sameAs\":[\"https:\/\/www.facebook.com\/zabytek\",\"https:\/\/x.com\/NarIDpl\",\"https:\/\/www.instagram.com\/nid.pl\/?hl=pl\",\"https:\/\/www.linkedin.com\/company\/narodowy-instytut-dziedzictwa\",\"https:\/\/www.youtube.com\/channel\/UCQXuhKa2uHtmNvLRUSx40JA\"]},{\"@type\":\"Person\",\"@id\":\"https:\/\/nid.pl\/#\/schema\/person\/1b690a8998a5111cfb9f0ffe24195a15\",\"name\":\"Barbara Halliop\",\"image\":{\"@type\":\"ImageObject\",\"inLanguage\":\"en-GB\",\"@id\":\"https:\/\/nid.pl\/#\/schema\/person\/image\/\",\"url\":\"https:\/\/nid.pl\/wp-content\/litespeed\/avatar\/924046d17dd0c842c9fa9ccf489bc6dc.jpg?ver=1777444967\",\"contentUrl\":\"https:\/\/nid.pl\/wp-content\/litespeed\/avatar\/924046d17dd0c842c9fa9ccf489bc6dc.jpg?ver=1777444967\",\"caption\":\"Barbara Halliop\"},\"url\":\"https:\/\/nid.pl\/en\/author\/bhalliop\/\"}]}<\/script>\n<!-- \/ Yoast SEO plugin. -->","yoast_head_json":{"title":"Za nami konferencja \u201eSystem ochrony zabytk\u00f3w w Polsce \u2013 dorobek, problemy, wyzwania\u201d - NID","robots":{"index":"index","follow":"follow","max-snippet":"max-snippet:-1","max-image-preview":"max-image-preview:large","max-video-preview":"max-video-preview:-1"},"canonical":"https:\/\/nid.pl\/en\/2023\/04\/28\/za-nami-konferencja-system-ochrony-zabytkow-w-polsce-dorobek-problemy-wyzwania\/","og_locale":"en_GB","og_type":"article","og_title":"Za nami konferencja \u201eSystem ochrony zabytk\u00f3w w Polsce \u2013 dorobek, problemy, wyzwania\u201d - NID","og_description":"Skuteczno\u015b\u0107 ochrony zabytk\u00f3w w ka\u017cdym kraju jest funkcj\u0105 jako\u015bci systemu ochrony zabytk\u00f3w. Dlatego dyskusja na temat jako\u015bci tego systemu i jego doskonalenia jest zawsze potrzebna. W dniach 24 \u2013 25 [&hellip;]","og_url":"https:\/\/nid.pl\/en\/2023\/04\/28\/za-nami-konferencja-system-ochrony-zabytkow-w-polsce-dorobek-problemy-wyzwania\/","og_site_name":"NID","article_publisher":"https:\/\/www.facebook.com\/zabytek","article_published_time":"2023-04-28T07:08:09+00:00","article_modified_time":"2023-04-28T07:10:03+00:00","og_image":[{"width":1857,"height":1238,"url":"https:\/\/nid.pl\/wp-content\/uploads\/2023\/04\/miniaturka-ICOMOS-Lazienki-konferencja.png","type":"image\/png"}],"author":"Barbara Halliop","twitter_card":"summary_large_image","twitter_creator":"@NarIDpl","twitter_site":"@NarIDpl","twitter_misc":{"Written by":"Barbara Halliop","Estimated reading time":"6 minutes"},"schema":{"@context":"https:\/\/schema.org","@graph":[{"@type":"Article","@id":"https:\/\/nid.pl\/2023\/04\/28\/za-nami-konferencja-system-ochrony-zabytkow-w-polsce-dorobek-problemy-wyzwania\/#article","isPartOf":{"@id":"https:\/\/nid.pl\/2023\/04\/28\/za-nami-konferencja-system-ochrony-zabytkow-w-polsce-dorobek-problemy-wyzwania\/"},"author":{"name":"Barbara Halliop","@id":"https:\/\/nid.pl\/#\/schema\/person\/1b690a8998a5111cfb9f0ffe24195a15"},"headline":"Za nami konferencja \u201eSystem ochrony zabytk\u00f3w w Polsce \u2013 dorobek, problemy, wyzwania\u201d","datePublished":"2023-04-28T07:08:09+00:00","dateModified":"2023-04-28T07:10:03+00:00","mainEntityOfPage":{"@id":"https:\/\/nid.pl\/2023\/04\/28\/za-nami-konferencja-system-ochrony-zabytkow-w-polsce-dorobek-problemy-wyzwania\/"},"wordCount":1026,"commentCount":0,"publisher":{"@id":"https:\/\/nid.pl\/#organization"},"image":{"@id":"https:\/\/nid.pl\/2023\/04\/28\/za-nami-konferencja-system-ochrony-zabytkow-w-polsce-dorobek-problemy-wyzwania\/#primaryimage"},"thumbnailUrl":"https:\/\/nid.pl\/wp-content\/uploads\/2023\/04\/miniaturka-ICOMOS-Lazienki-konferencja.png","articleSection":["Aktualno\u015bci"],"inLanguage":"en-GB"},{"@type":"WebPage","@id":"https:\/\/nid.pl\/2023\/04\/28\/za-nami-konferencja-system-ochrony-zabytkow-w-polsce-dorobek-problemy-wyzwania\/","url":"https:\/\/nid.pl\/2023\/04\/28\/za-nami-konferencja-system-ochrony-zabytkow-w-polsce-dorobek-problemy-wyzwania\/","name":"Za nami konferencja \u201eSystem ochrony zabytk\u00f3w w Polsce \u2013 dorobek, problemy, wyzwania\u201d - NID","isPartOf":{"@id":"https:\/\/nid.pl\/#website"},"primaryImageOfPage":{"@id":"https:\/\/nid.pl\/2023\/04\/28\/za-nami-konferencja-system-ochrony-zabytkow-w-polsce-dorobek-problemy-wyzwania\/#primaryimage"},"image":{"@id":"https:\/\/nid.pl\/2023\/04\/28\/za-nami-konferencja-system-ochrony-zabytkow-w-polsce-dorobek-problemy-wyzwania\/#primaryimage"},"thumbnailUrl":"https:\/\/nid.pl\/wp-content\/uploads\/2023\/04\/miniaturka-ICOMOS-Lazienki-konferencja.png","datePublished":"2023-04-28T07:08:09+00:00","dateModified":"2023-04-28T07:10:03+00:00","breadcrumb":{"@id":"https:\/\/nid.pl\/2023\/04\/28\/za-nami-konferencja-system-ochrony-zabytkow-w-polsce-dorobek-problemy-wyzwania\/#breadcrumb"},"inLanguage":"en-GB","potentialAction":[{"@type":"ReadAction","target":["https:\/\/nid.pl\/2023\/04\/28\/za-nami-konferencja-system-ochrony-zabytkow-w-polsce-dorobek-problemy-wyzwania\/"]}]},{"@type":"ImageObject","inLanguage":"en-GB","@id":"https:\/\/nid.pl\/2023\/04\/28\/za-nami-konferencja-system-ochrony-zabytkow-w-polsce-dorobek-problemy-wyzwania\/#primaryimage","url":"https:\/\/nid.pl\/wp-content\/uploads\/2023\/04\/miniaturka-ICOMOS-Lazienki-konferencja.png","contentUrl":"https:\/\/nid.pl\/wp-content\/uploads\/2023\/04\/miniaturka-ICOMOS-Lazienki-konferencja.png","width":1857,"height":1238,"caption":"miniaturka ICOMOS Lazienki konferencja"},{"@type":"BreadcrumbList","@id":"https:\/\/nid.pl\/2023\/04\/28\/za-nami-konferencja-system-ochrony-zabytkow-w-polsce-dorobek-problemy-wyzwania\/#breadcrumb","itemListElement":[{"@type":"ListItem","position":1,"name":"Home","item":"https:\/\/nid.pl\/"},{"@type":"ListItem","position":2,"name":"Za nami konferencja \u201eSystem ochrony zabytk\u00f3w w Polsce \u2013 dorobek, problemy, wyzwania\u201d"}]},{"@type":"WebSite","@id":"https:\/\/nid.pl\/#website","url":"https:\/\/nid.pl\/","name":"NID","description":"Narodowy Instytut Dziedzictwa","publisher":{"@id":"https:\/\/nid.pl\/#organization"},"potentialAction":[{"@type":"SearchAction","target":{"@type":"EntryPoint","urlTemplate":"https:\/\/nid.pl\/?s={search_term_string}"},"query-input":{"@type":"PropertyValueSpecification","valueRequired":true,"valueName":"search_term_string"}}],"inLanguage":"en-GB"},{"@type":"Organization","@id":"https:\/\/nid.pl\/#organization","name":"Narodowy Instytut Dziedzictwa","url":"https:\/\/nid.pl\/","logo":{"@type":"ImageObject","inLanguage":"en-GB","@id":"https:\/\/nid.pl\/#\/schema\/logo\/image\/","url":"https:\/\/nid.pl\/wp-content\/uploads\/2022\/10\/logoRedDark.png","contentUrl":"https:\/\/nid.pl\/wp-content\/uploads\/2022\/10\/logoRedDark.png","width":200,"height":197,"caption":"Narodowy Instytut Dziedzictwa"},"image":{"@id":"https:\/\/nid.pl\/#\/schema\/logo\/image\/"},"sameAs":["https:\/\/www.facebook.com\/zabytek","https:\/\/x.com\/NarIDpl","https:\/\/www.instagram.com\/nid.pl\/?hl=pl","https:\/\/www.linkedin.com\/company\/narodowy-instytut-dziedzictwa","https:\/\/www.youtube.com\/channel\/UCQXuhKa2uHtmNvLRUSx40JA"]},{"@type":"Person","@id":"https:\/\/nid.pl\/#\/schema\/person\/1b690a8998a5111cfb9f0ffe24195a15","name":"Barbara Halliop","image":{"@type":"ImageObject","inLanguage":"en-GB","@id":"https:\/\/nid.pl\/#\/schema\/person\/image\/","url":"https:\/\/nid.pl\/wp-content\/litespeed\/avatar\/924046d17dd0c842c9fa9ccf489bc6dc.jpg?ver=1777444967","contentUrl":"https:\/\/nid.pl\/wp-content\/litespeed\/avatar\/924046d17dd0c842c9fa9ccf489bc6dc.jpg?ver=1777444967","caption":"Barbara Halliop"},"url":"https:\/\/nid.pl\/en\/author\/bhalliop\/"}]}},"_links":{"self":[{"href":"https:\/\/nid.pl\/en\/wp-json\/wp\/v2\/posts\/11057","targetHints":{"allow":["GET"]}}],"collection":[{"href":"https:\/\/nid.pl\/en\/wp-json\/wp\/v2\/posts"}],"about":[{"href":"https:\/\/nid.pl\/en\/wp-json\/wp\/v2\/types\/post"}],"author":[{"embeddable":true,"href":"https:\/\/nid.pl\/en\/wp-json\/wp\/v2\/users\/7"}],"replies":[{"embeddable":true,"href":"https:\/\/nid.pl\/en\/wp-json\/wp\/v2\/comments?post=11057"}],"version-history":[{"count":0,"href":"https:\/\/nid.pl\/en\/wp-json\/wp\/v2\/posts\/11057\/revisions"}],"wp:featuredmedia":[{"embeddable":true,"href":"https:\/\/nid.pl\/en\/wp-json\/wp\/v2\/media\/11046"}],"wp:attachment":[{"href":"https:\/\/nid.pl\/en\/wp-json\/wp\/v2\/media?parent=11057"}],"wp:term":[{"taxonomy":"category","embeddable":true,"href":"https:\/\/nid.pl\/en\/wp-json\/wp\/v2\/categories?post=11057"},{"taxonomy":"post_tag","embeddable":true,"href":"https:\/\/nid.pl\/en\/wp-json\/wp\/v2\/tags?post=11057"}],"curies":[{"name":"wp","href":"https:\/\/api.w.org\/{rel}","templated":true}]}}