{"id":11044,"date":"2023-04-28T11:11:28","date_gmt":"2023-04-28T09:11:28","guid":{"rendered":"https:\/\/nid.pl\/?p=11044"},"modified":"2023-11-23T10:08:45","modified_gmt":"2023-11-23T09:08:45","slug":"pracownik-specjalistycznej-pracowni-terenowej-park-muzakowski-w-leknicy","status":"publish","type":"post","link":"https:\/\/nid.pl\/en\/2023\/04\/28\/pracownik-specjalistycznej-pracowni-terenowej-park-muzakowski-w-leknicy\/","title":{"rendered":"Pracownik Specjalistycznej Pracowni Terenowej \u201ePark Mu\u017cakowski\u201d w \u0141\u0119knicy"},"content":{"rendered":"<p><strong>Narodowy Instytut Dziedzictwa poszukuje pracownika do Specjalistycznej Pracowni Terenowej \u201ePark Mu\u017cakowski\u201d w \u0141\u0119knicy<\/strong><\/p>\n\n\n\n<p><strong>Zakres obowi\u0105zk\u00f3w:<\/strong><\/p>\n\n\n\n<ul class=\"wp-block-list\"><li>dokumentowanie i monitorowanie stanu zachowania Parku Mu\u017cakowskiego w \u0141\u0119knicy<\/li><li>pomiary w terenie, inwentaryzacje, ocena stanu zdrowotnego, etc.<\/li><li>przygotowywanie projekt\u00f3w koncepcyjnych i wykonawczych wraz z opracowywaniem rysunk\u00f3w technicznych element\u00f3w ma\u0142ej architektury<\/li><li>koordynowanie prac piel\u0119gnacyjnych i wykonawczych w Parku<\/li><li>obs\u0142uga bie\u017c\u0105cych spraw administracyjno-biurowych<\/li><li>gromadzenie, archiwizowanie, udost\u0119pnianie i upowszechnianie informacji na temat stanu zachowania, realizowanych zada\u0144 i ochrony Parku Mu\u017cakowskiego w \u0141\u0119knicy<\/li><li>przygotowywanie opinii i ekspertyz oraz opracowa\u0144 studialnych dotycz\u0105cych dzia\u0142a\u0144 przy Parku Mu\u017cakowskim w \u0141\u0119knicy na rzecz organ\u00f3w ochrony zabytk\u00f3w i samorz\u0105d\u00f3w<\/li><li>podejmowanie dzia\u0142alno\u015bci edukacyjnej, popularyzatorskiej i promocyjnej w zakresie dzia\u0142alno\u015bci, m.in. udzia\u0142 w przygotowaniu wydarze\u0144 kulturalnych<\/li><li>wsp\u00f3\u0142praca z zarz\u0105dcami obiekt\u00f3w zabytkowych, jednostkami samorz\u0105du terytorialnego, organizacjami pozarz\u0105dowymi, organizacjami bran\u017cowymi<\/li><\/ul>\n\n\n\n<p><strong>Wymagania:<\/strong><\/p>\n\n\n\n<ul class=\"wp-block-list\"><li>wykszta\u0142cenie wy\u017csze w zakresie zwi\u0105zanym z piel\u0119gnacj\u0105 i utrzymaniem zieleni preferowana specjalno\u015b\u0107: architekt krajobrazu, ogrodnik, le\u015bnik<\/li><li>mile widziane do\u015bwiadczenie w pracy w instytucjach zwi\u0105zanych o ochron\u0105 zabytk\u00f3w, w tym pracy\/wsp\u00f3\u0142pracy z WUOZ<\/li><li>znajomo\u015b\u0107 ustawy o ochronie zabytk\u00f3w i opiece nad zabytkami<\/li><li>mile widziana znajomo\u015b\u0107 ustawy prawo budowlane, ustawy o planowaniu i zagospodarowaniu przestrzennym<\/li><li>znajomo\u015b\u0107 j\u0119zyk\u00f3w obcych w stopniu komunikatywnym: j. niemieckiego lub j. angielskiego w tematyce zwi\u0105zanej ze stanowiskiem<\/li><li>mile widziana umiej\u0119tno\u015b\u0107 rysunku odr\u0119cznego<\/li><li>prawo jazdy kat. B<\/li><li>komunikatywno\u015b\u0107 i umiej\u0119tno\u015b\u0107 pracy w zespole oraz samodzielnej pracy w terenie<\/li><li>dobra organizacja pracy, zaanga\u017cowanie, obowi\u0105zkowo\u015b\u0107, dyspozycyjno\u015b\u0107<\/li><li>praktyczna znajomo\u015b\u0107 narz\u0119dzi pakietu Office, znajomo\u015b\u0107 oprogramowania AutoCad<\/li><\/ul>\n\n\n\n<p><strong>Dodatkowym atutem b\u0119dzie<\/strong><\/p>\n\n\n\n<ul class=\"wp-block-list\"><li>znajomo\u015b\u0107 systemu Elektronicznego Zarz\u0105dzania Dokumentacj\u0105 (EZD)<\/li><li>znajomo\u015b\u0107 Prawa Zam\u00f3wie\u0144 Publicznych<\/li><li>do\u015bwiadczenie w realizacji projekt\u00f3w realizowanych ze \u015brodk\u00f3w europejskich<\/li><li>znajomo\u015b\u0107 baz danych GIS<\/li><\/ul>\n\n\n\n<p><strong>Wymiar zatrudnienia: <\/strong>pe\u0142ny etat<\/p>\n\n\n\n<p>Rodzaj umowy: umowa o prac\u0119<\/p>\n\n\n\n<p><strong>Miejsce wykonywania pracy:<\/strong> \u0141\u0119knica<\/p>\n\n\n\n<p><strong>Wymagane dokumenty:<\/strong> CV i list motywacyjny \u2013 tytu\u0142 pliku z imieniem i nazwiskiem<\/p>\n\n\n\n<p><strong>Termin sk\u0142adania dokument\u00f3w: <\/strong>30 czerwca 2023 roku<\/p>\n\n\n\n<p><strong>Spos\u00f3b sk\u0142adania dokument\u00f3w:<\/strong> Aplikacje prosimy przes\u0142a\u0107 na adres e-mail: <a href=\"mailto:rekrutacja@nid.pl\" target=\"_blank\" rel=\"noreferrer noopener\">rekrutacja@nid.pl<\/a> podaj\u0105c w tytule maila <strong>\u201ePark Mu\u017cakowski\u201d<\/strong><\/p>\n\n\n\n<p><strong>Prosimy o dopisanie w CV nast\u0119puj\u0105cej klauzuli:<\/strong><br>Wyra\u017cam zgod\u0119 na przetwarzanie moich danych osobowych dla potrzeb niezb\u0119dnych do realizacji procesu obecnej rekrutacji przez Narodowy Instytut Dziedzictwa zgodnie art. 7 ust. 1 i 2 Rozporz\u0105dzenia Parlamentu Europejskiego i Rady (UE) 2016\/679 z dnia 27 kwietnia 2016 r. w sprawie ochrony os\u00f3b fizycznych w zwi\u0105zku z przetwarzaniem danych osobowych i w sprawie swobodnego przep\u0142ywu takich danych oraz uchylenia dyrektywy 95\/46\/WE (og\u00f3lne rozporz\u0105dzenie o ochronie danych).<\/p>\n\n\n\n<p><strong>Informujemy, i\u017c:<\/strong><\/p>\n\n\n\n<ol class=\"wp-block-list\"><li>Administratorem Pani\/Pana danych osobowych jest Narodowy Instytut Dziedzictwa, ul. Kopernika 36\/40, 00-924 Warszawa.<\/li><li>Kontakt z Inspektorem Ochrony Danych w NID mo\u017cliwy jest poprzez ww. adres pocztowy lub pod adresem <a href=\"mailto:iod@nid.pl\" target=\"_blank\" rel=\"noreferrer noopener\">iod@nid.pl<\/a>.<\/li><li>Pani\/Pana dane osobowe przetwarzane b\u0119d\u0105 w celu realizacji przez Administratora procesu bie\u017c\u0105cej rekrutacji a podstaw\u0105 prawn\u0105 przetwarzania danych jest Pani\/Pana zgoda.<\/li><li>Administrator nie udost\u0119pnia Pani\/Pana danych osobowych \u017cadnym odbiorcom, z wyj\u0105tkiem przypadk\u00f3w, gdy obowi\u0105zek taki wynika z przepis\u00f3w prawa powszechnie obowi\u0105zuj\u0105cego.<\/li><li>Pani\/Pana dane b\u0119d\u0105 przechowywane przez okres trwania procedury rekrutacyjnej oraz 6 miesi\u0119cy od dnia jej zako\u0144czenia.<\/li><li>Pani\/Pana uprawnienia w zakresie danych osobowych:<br>1) prawo dost\u0119pu do swoich danych (w tym prawo do otrzymania ich kopii);<br>2) prawo do sprostowania swoich danych osobowych;<br>3) prawo do ograniczenia przetwarzania danych osobowych;<br>4) prawo do przenoszenia danych do innego administratora,<br>5) prawo do wniesienia sprzeciwu wobec przetwarzania danych,<br>6) prawo do wycofania zgody na przetwarzanie danych osobowych.<br>wycofanie zgody nie ma wp\u0142ywu na zgodno\u015b\u0107 z prawem przetwarzania, kt\u00f3rego dokonano na podstawie zgody przed jej wycofaniem; zgod\u0119 mo\u017cna wycofa\u0107 w ka\u017cdym momencie,<br>&#8211; \u017c\u0105danie realizacji tych praw nale\u017cy przes\u0142a\u0107 w formie pisemnej na adres kontaktowy administratora danych, podany powy\u017cej;<br>7) prawo do wniesienia skargi do Prezesa Urz\u0119du Ochrony Danych Osobowych gdy uzna Pani\/Pan, \u017ce przetwarzanie danych osobowych narusza przepisy RODO<\/li><\/ol>\n\n\n\n<ol class=\"wp-block-list\" start=\"7\"><li>Podanie przez Pani\u0105\/Pana danych osobowych w zakresie wynikaj\u0105cym z art. 221 Kodeksu Pracy (imi\u0119, nazwisko, data urodzenia, dane kontaktowe, wykszta\u0142cenie, kwalifikacje zawodowe, przebieg dotychczasowego zatrudnienia) jest niezb\u0119dne, aby uczestniczy\u0107 w post\u0119powaniu rekrutacyjnym. Podanie przez Pani\u0105\/Pana danych innych, ni\u017c wskazane w art. 221 Kodeksu Pracy, jest dobrowolne.<\/li><li>Podane dane nie b\u0119d\u0105 podstaw\u0105 do zautomatyzowanego podejmowania decyzji; nie b\u0119d\u0105 te\u017c profilowane.<\/li><\/ol>\n\n\n\n<p><strong>Oferty nades\u0142ane po up\u0142ywie wskazanego terminu lub bez kompletu wymaganych dokument\u00f3w nie b\u0119d\u0105 rozpatrywane.<\/strong><\/p>\n\n\n\n<p><strong>Zastrzegamy sobie prawo do skontaktowania si\u0119 z wybranymi kandydatami.<\/strong><\/p>","protected":false},"excerpt":{"rendered":"<p>Termin sk\u0142adania dokument\u00f3w: 30 czerwca 2023 roku<\/p>","protected":false},"author":4,"featured_media":0,"comment_status":"closed","ping_status":"closed","sticky":false,"template":"","format":"standard","meta":{"_et_pb_use_builder":"off","_et_pb_old_content":"","_et_gb_content_width":"","_monsterinsights_skip_tracking":false,"_monsterinsights_sitenote_active":false,"_monsterinsights_sitenote_note":"","_monsterinsights_sitenote_category":0,"footnotes":""},"categories":[49],"tags":[],"class_list":["post-11044","post","type-post","status-publish","format-standard","hentry","category-archiwum-praca-bip"],"yoast_head":"<!-- This site is optimized with the Yoast SEO plugin v26.5 - https:\/\/yoast.com\/wordpress\/plugins\/seo\/ -->\n<title>Pracownik Specjalistycznej Pracowni Terenowej \u201ePark Mu\u017cakowski\u201d w \u0141\u0119knicy - NID<\/title>\n<meta name=\"robots\" content=\"index, follow, max-snippet:-1, max-image-preview:large, max-video-preview:-1\" \/>\n<link rel=\"canonical\" href=\"https:\/\/nid.pl\/en\/2023\/04\/28\/pracownik-specjalistycznej-pracowni-terenowej-park-muzakowski-w-leknicy\/\" \/>\n<meta property=\"og:locale\" content=\"en_GB\" \/>\n<meta property=\"og:type\" content=\"article\" \/>\n<meta property=\"og:title\" content=\"Pracownik Specjalistycznej Pracowni Terenowej \u201ePark Mu\u017cakowski\u201d w \u0141\u0119knicy - NID\" \/>\n<meta property=\"og:description\" content=\"Termin sk\u0142adania dokument\u00f3w: 30 czerwca 2023 roku\" \/>\n<meta property=\"og:url\" content=\"https:\/\/nid.pl\/en\/2023\/04\/28\/pracownik-specjalistycznej-pracowni-terenowej-park-muzakowski-w-leknicy\/\" \/>\n<meta property=\"og:site_name\" content=\"NID\" \/>\n<meta property=\"article:publisher\" content=\"https:\/\/www.facebook.com\/zabytek\" \/>\n<meta property=\"article:published_time\" content=\"2023-04-28T09:11:28+00:00\" \/>\n<meta property=\"article:modified_time\" content=\"2023-11-23T09:08:45+00:00\" \/>\n<meta name=\"author\" content=\"Marta Or\u0119ziak\" \/>\n<meta name=\"twitter:card\" content=\"summary_large_image\" \/>\n<meta name=\"twitter:creator\" content=\"@NarIDpl\" \/>\n<meta name=\"twitter:site\" content=\"@NarIDpl\" \/>\n<meta name=\"twitter:label1\" content=\"Written by\" \/>\n\t<meta name=\"twitter:data1\" content=\"Marta Or\u0119ziak\" \/>\n\t<meta name=\"twitter:label2\" content=\"Estimated reading time\" \/>\n\t<meta name=\"twitter:data2\" content=\"2 minutes\" \/>\n<script type=\"application\/ld+json\" class=\"yoast-schema-graph\">{\"@context\":\"https:\/\/schema.org\",\"@graph\":[{\"@type\":\"Article\",\"@id\":\"https:\/\/nid.pl\/2023\/04\/28\/pracownik-specjalistycznej-pracowni-terenowej-park-muzakowski-w-leknicy\/#article\",\"isPartOf\":{\"@id\":\"https:\/\/nid.pl\/2023\/04\/28\/pracownik-specjalistycznej-pracowni-terenowej-park-muzakowski-w-leknicy\/\"},\"author\":{\"name\":\"Marta Or\u0119ziak\",\"@id\":\"https:\/\/nid.pl\/#\/schema\/person\/9d848c4a54b78bc2a1461f1c5d8de615\"},\"headline\":\"Pracownik Specjalistycznej Pracowni Terenowej \u201ePark Mu\u017cakowski\u201d w \u0141\u0119knicy\",\"datePublished\":\"2023-04-28T09:11:28+00:00\",\"dateModified\":\"2023-11-23T09:08:45+00:00\",\"mainEntityOfPage\":{\"@id\":\"https:\/\/nid.pl\/2023\/04\/28\/pracownik-specjalistycznej-pracowni-terenowej-park-muzakowski-w-leknicy\/\"},\"wordCount\":478,\"publisher\":{\"@id\":\"https:\/\/nid.pl\/#organization\"},\"articleSection\":[\"Archiwum Praca\"],\"inLanguage\":\"en-GB\"},{\"@type\":\"WebPage\",\"@id\":\"https:\/\/nid.pl\/2023\/04\/28\/pracownik-specjalistycznej-pracowni-terenowej-park-muzakowski-w-leknicy\/\",\"url\":\"https:\/\/nid.pl\/2023\/04\/28\/pracownik-specjalistycznej-pracowni-terenowej-park-muzakowski-w-leknicy\/\",\"name\":\"Pracownik Specjalistycznej Pracowni Terenowej \u201ePark Mu\u017cakowski\u201d w \u0141\u0119knicy - NID\",\"isPartOf\":{\"@id\":\"https:\/\/nid.pl\/#website\"},\"datePublished\":\"2023-04-28T09:11:28+00:00\",\"dateModified\":\"2023-11-23T09:08:45+00:00\",\"breadcrumb\":{\"@id\":\"https:\/\/nid.pl\/2023\/04\/28\/pracownik-specjalistycznej-pracowni-terenowej-park-muzakowski-w-leknicy\/#breadcrumb\"},\"inLanguage\":\"en-GB\",\"potentialAction\":[{\"@type\":\"ReadAction\",\"target\":[\"https:\/\/nid.pl\/2023\/04\/28\/pracownik-specjalistycznej-pracowni-terenowej-park-muzakowski-w-leknicy\/\"]}]},{\"@type\":\"BreadcrumbList\",\"@id\":\"https:\/\/nid.pl\/2023\/04\/28\/pracownik-specjalistycznej-pracowni-terenowej-park-muzakowski-w-leknicy\/#breadcrumb\",\"itemListElement\":[{\"@type\":\"ListItem\",\"position\":1,\"name\":\"Home\",\"item\":\"https:\/\/nid.pl\/\"},{\"@type\":\"ListItem\",\"position\":2,\"name\":\"Pracownik Specjalistycznej Pracowni Terenowej \u201ePark Mu\u017cakowski\u201d w \u0141\u0119knicy\"}]},{\"@type\":\"WebSite\",\"@id\":\"https:\/\/nid.pl\/#website\",\"url\":\"https:\/\/nid.pl\/\",\"name\":\"NID\",\"description\":\"Narodowy Instytut Dziedzictwa\",\"publisher\":{\"@id\":\"https:\/\/nid.pl\/#organization\"},\"potentialAction\":[{\"@type\":\"SearchAction\",\"target\":{\"@type\":\"EntryPoint\",\"urlTemplate\":\"https:\/\/nid.pl\/?s={search_term_string}\"},\"query-input\":{\"@type\":\"PropertyValueSpecification\",\"valueRequired\":true,\"valueName\":\"search_term_string\"}}],\"inLanguage\":\"en-GB\"},{\"@type\":\"Organization\",\"@id\":\"https:\/\/nid.pl\/#organization\",\"name\":\"Narodowy Instytut Dziedzictwa\",\"url\":\"https:\/\/nid.pl\/\",\"logo\":{\"@type\":\"ImageObject\",\"inLanguage\":\"en-GB\",\"@id\":\"https:\/\/nid.pl\/#\/schema\/logo\/image\/\",\"url\":\"https:\/\/nid.pl\/wp-content\/uploads\/2022\/10\/logoRedDark.png\",\"contentUrl\":\"https:\/\/nid.pl\/wp-content\/uploads\/2022\/10\/logoRedDark.png\",\"width\":200,\"height\":197,\"caption\":\"Narodowy Instytut Dziedzictwa\"},\"image\":{\"@id\":\"https:\/\/nid.pl\/#\/schema\/logo\/image\/\"},\"sameAs\":[\"https:\/\/www.facebook.com\/zabytek\",\"https:\/\/x.com\/NarIDpl\",\"https:\/\/www.instagram.com\/nid.pl\/?hl=pl\",\"https:\/\/www.linkedin.com\/company\/narodowy-instytut-dziedzictwa\",\"https:\/\/www.youtube.com\/channel\/UCQXuhKa2uHtmNvLRUSx40JA\"]},{\"@type\":\"Person\",\"@id\":\"https:\/\/nid.pl\/#\/schema\/person\/9d848c4a54b78bc2a1461f1c5d8de615\",\"name\":\"Marta Or\u0119ziak\",\"image\":{\"@type\":\"ImageObject\",\"inLanguage\":\"en-GB\",\"@id\":\"https:\/\/nid.pl\/#\/schema\/person\/image\/\",\"url\":\"https:\/\/nid.pl\/wp-content\/litespeed\/avatar\/3cdc296a7eb01425272974c992bee3ea.jpg?ver=1777445267\",\"contentUrl\":\"https:\/\/nid.pl\/wp-content\/litespeed\/avatar\/3cdc296a7eb01425272974c992bee3ea.jpg?ver=1777445267\",\"caption\":\"Marta Or\u0119ziak\"},\"url\":\"https:\/\/nid.pl\/en\/author\/moreziak\/\"}]}<\/script>\n<!-- \/ Yoast SEO plugin. -->","yoast_head_json":{"title":"Pracownik Specjalistycznej Pracowni Terenowej \u201ePark Mu\u017cakowski\u201d w \u0141\u0119knicy - NID","robots":{"index":"index","follow":"follow","max-snippet":"max-snippet:-1","max-image-preview":"max-image-preview:large","max-video-preview":"max-video-preview:-1"},"canonical":"https:\/\/nid.pl\/en\/2023\/04\/28\/pracownik-specjalistycznej-pracowni-terenowej-park-muzakowski-w-leknicy\/","og_locale":"en_GB","og_type":"article","og_title":"Pracownik Specjalistycznej Pracowni Terenowej \u201ePark Mu\u017cakowski\u201d w \u0141\u0119knicy - NID","og_description":"Termin sk\u0142adania dokument\u00f3w: 30 czerwca 2023 roku","og_url":"https:\/\/nid.pl\/en\/2023\/04\/28\/pracownik-specjalistycznej-pracowni-terenowej-park-muzakowski-w-leknicy\/","og_site_name":"NID","article_publisher":"https:\/\/www.facebook.com\/zabytek","article_published_time":"2023-04-28T09:11:28+00:00","article_modified_time":"2023-11-23T09:08:45+00:00","author":"Marta Or\u0119ziak","twitter_card":"summary_large_image","twitter_creator":"@NarIDpl","twitter_site":"@NarIDpl","twitter_misc":{"Written by":"Marta Or\u0119ziak","Estimated reading time":"2 minutes"},"schema":{"@context":"https:\/\/schema.org","@graph":[{"@type":"Article","@id":"https:\/\/nid.pl\/2023\/04\/28\/pracownik-specjalistycznej-pracowni-terenowej-park-muzakowski-w-leknicy\/#article","isPartOf":{"@id":"https:\/\/nid.pl\/2023\/04\/28\/pracownik-specjalistycznej-pracowni-terenowej-park-muzakowski-w-leknicy\/"},"author":{"name":"Marta Or\u0119ziak","@id":"https:\/\/nid.pl\/#\/schema\/person\/9d848c4a54b78bc2a1461f1c5d8de615"},"headline":"Pracownik Specjalistycznej Pracowni Terenowej \u201ePark Mu\u017cakowski\u201d w \u0141\u0119knicy","datePublished":"2023-04-28T09:11:28+00:00","dateModified":"2023-11-23T09:08:45+00:00","mainEntityOfPage":{"@id":"https:\/\/nid.pl\/2023\/04\/28\/pracownik-specjalistycznej-pracowni-terenowej-park-muzakowski-w-leknicy\/"},"wordCount":478,"publisher":{"@id":"https:\/\/nid.pl\/#organization"},"articleSection":["Archiwum Praca"],"inLanguage":"en-GB"},{"@type":"WebPage","@id":"https:\/\/nid.pl\/2023\/04\/28\/pracownik-specjalistycznej-pracowni-terenowej-park-muzakowski-w-leknicy\/","url":"https:\/\/nid.pl\/2023\/04\/28\/pracownik-specjalistycznej-pracowni-terenowej-park-muzakowski-w-leknicy\/","name":"Pracownik Specjalistycznej Pracowni Terenowej \u201ePark Mu\u017cakowski\u201d w \u0141\u0119knicy - NID","isPartOf":{"@id":"https:\/\/nid.pl\/#website"},"datePublished":"2023-04-28T09:11:28+00:00","dateModified":"2023-11-23T09:08:45+00:00","breadcrumb":{"@id":"https:\/\/nid.pl\/2023\/04\/28\/pracownik-specjalistycznej-pracowni-terenowej-park-muzakowski-w-leknicy\/#breadcrumb"},"inLanguage":"en-GB","potentialAction":[{"@type":"ReadAction","target":["https:\/\/nid.pl\/2023\/04\/28\/pracownik-specjalistycznej-pracowni-terenowej-park-muzakowski-w-leknicy\/"]}]},{"@type":"BreadcrumbList","@id":"https:\/\/nid.pl\/2023\/04\/28\/pracownik-specjalistycznej-pracowni-terenowej-park-muzakowski-w-leknicy\/#breadcrumb","itemListElement":[{"@type":"ListItem","position":1,"name":"Home","item":"https:\/\/nid.pl\/"},{"@type":"ListItem","position":2,"name":"Pracownik Specjalistycznej Pracowni Terenowej \u201ePark Mu\u017cakowski\u201d w \u0141\u0119knicy"}]},{"@type":"WebSite","@id":"https:\/\/nid.pl\/#website","url":"https:\/\/nid.pl\/","name":"NID","description":"Narodowy Instytut Dziedzictwa","publisher":{"@id":"https:\/\/nid.pl\/#organization"},"potentialAction":[{"@type":"SearchAction","target":{"@type":"EntryPoint","urlTemplate":"https:\/\/nid.pl\/?s={search_term_string}"},"query-input":{"@type":"PropertyValueSpecification","valueRequired":true,"valueName":"search_term_string"}}],"inLanguage":"en-GB"},{"@type":"Organization","@id":"https:\/\/nid.pl\/#organization","name":"Narodowy Instytut Dziedzictwa","url":"https:\/\/nid.pl\/","logo":{"@type":"ImageObject","inLanguage":"en-GB","@id":"https:\/\/nid.pl\/#\/schema\/logo\/image\/","url":"https:\/\/nid.pl\/wp-content\/uploads\/2022\/10\/logoRedDark.png","contentUrl":"https:\/\/nid.pl\/wp-content\/uploads\/2022\/10\/logoRedDark.png","width":200,"height":197,"caption":"Narodowy Instytut Dziedzictwa"},"image":{"@id":"https:\/\/nid.pl\/#\/schema\/logo\/image\/"},"sameAs":["https:\/\/www.facebook.com\/zabytek","https:\/\/x.com\/NarIDpl","https:\/\/www.instagram.com\/nid.pl\/?hl=pl","https:\/\/www.linkedin.com\/company\/narodowy-instytut-dziedzictwa","https:\/\/www.youtube.com\/channel\/UCQXuhKa2uHtmNvLRUSx40JA"]},{"@type":"Person","@id":"https:\/\/nid.pl\/#\/schema\/person\/9d848c4a54b78bc2a1461f1c5d8de615","name":"Marta Or\u0119ziak","image":{"@type":"ImageObject","inLanguage":"en-GB","@id":"https:\/\/nid.pl\/#\/schema\/person\/image\/","url":"https:\/\/nid.pl\/wp-content\/litespeed\/avatar\/3cdc296a7eb01425272974c992bee3ea.jpg?ver=1777445267","contentUrl":"https:\/\/nid.pl\/wp-content\/litespeed\/avatar\/3cdc296a7eb01425272974c992bee3ea.jpg?ver=1777445267","caption":"Marta Or\u0119ziak"},"url":"https:\/\/nid.pl\/en\/author\/moreziak\/"}]}},"_links":{"self":[{"href":"https:\/\/nid.pl\/en\/wp-json\/wp\/v2\/posts\/11044","targetHints":{"allow":["GET"]}}],"collection":[{"href":"https:\/\/nid.pl\/en\/wp-json\/wp\/v2\/posts"}],"about":[{"href":"https:\/\/nid.pl\/en\/wp-json\/wp\/v2\/types\/post"}],"author":[{"embeddable":true,"href":"https:\/\/nid.pl\/en\/wp-json\/wp\/v2\/users\/4"}],"replies":[{"embeddable":true,"href":"https:\/\/nid.pl\/en\/wp-json\/wp\/v2\/comments?post=11044"}],"version-history":[{"count":0,"href":"https:\/\/nid.pl\/en\/wp-json\/wp\/v2\/posts\/11044\/revisions"}],"wp:attachment":[{"href":"https:\/\/nid.pl\/en\/wp-json\/wp\/v2\/media?parent=11044"}],"wp:term":[{"taxonomy":"category","embeddable":true,"href":"https:\/\/nid.pl\/en\/wp-json\/wp\/v2\/categories?post=11044"},{"taxonomy":"post_tag","embeddable":true,"href":"https:\/\/nid.pl\/en\/wp-json\/wp\/v2\/tags?post=11044"}],"curies":[{"name":"wp","href":"https:\/\/api.w.org\/{rel}","templated":true}]}}