{"id":11042,"date":"2023-04-27T14:32:53","date_gmt":"2023-04-27T12:32:53","guid":{"rendered":"https:\/\/nid.pl\/?p=11042"},"modified":"2023-04-27T14:32:55","modified_gmt":"2023-04-27T12:32:55","slug":"nowelizacja-ustawy-z-dnia-29-sierpnia-2004-r-o-charakterystyce-energetycznej-budynkow-z-punktu-widzenia-obiektow-zabytkowych","status":"publish","type":"post","link":"https:\/\/nid.pl\/en\/2023\/04\/27\/nowelizacja-ustawy-z-dnia-29-sierpnia-2004-r-o-charakterystyce-energetycznej-budynkow-z-punktu-widzenia-obiektow-zabytkowych\/","title":{"rendered":"Nowelizacja ustawy z dnia 29 sierpnia 2004 r. O charakterystyce energetycznej budynk\u00f3w z punktu widzenia obiekt\u00f3w zabytkowych"},"content":{"rendered":"<p><strong>W dniu 28 kwietnia 2023 r. wejdzie w \u017cycie ustawa z dnia 7 pa\u017adziernika 2022 r. o \u00a0zmianie ustawy o charakterystyce energetycznej budynk\u00f3w oraz ustawy \u2013 Prawo budowlane (Dz. U. z 2022 r. poz. 2206, dalej zwana \u201eustaw\u0105 nowelizuj\u0105c\u0105\u201d).<\/strong><\/p>\n\n\n\n<p>Jedn\u0105 z materii, kt\u00f3ra podlega\u0107 b\u0119dzie zmianie s\u0105 zasady sporz\u0105dzania \u015bwiadectw charakterystyki energetycznej dla budynku lub cz\u0119\u015bci budynku (tj. lokali mieszkalnych lub u\u017cytkowych w budynku). W \u015bwietle ustawy z dnia 29 sierpnia 2004 r. o charakterystyce energetycznej budynk\u00f3w (t. j. Dz. U. z 2021 r. poz. 497, dalej zwanej \u201eu.c.e.b.\u201d) przez charakterystyk\u0119 energetyczn\u0105 nale\u017cy rozumie\u0107 zbi\u00f3r danych i wska\u017anik\u00f3w energetycznych budynku lub cz\u0119\u015bci budynku, okre\u015blaj\u0105cych ca\u0142kowite zapotrzebowanie na energi\u0119 niezb\u0119dn\u0105 do ich u\u017cytkowania zgodnie z\u00a0przeznaczeniem. Ju\u017c w \u015bwietle dotychczas obowi\u0105zuj\u0105cych przepis\u00f3w u.c.e.b. w\u0142a\u015bciciel lub zarz\u0105dca budynku lub cz\u0119\u015bci budynku lub osoba, kt\u00f3rej przys\u0142uguje sp\u00f3\u0142dzielcze w\u0142asno\u015bciowe albo sp\u00f3\u0142dzielcze lokatorskie prawo do lokalu mieszkalnego zobowi\u0105zany jest zapewni\u0107 sporz\u0105dzenie \u015bwiadectwa charakterystyki energetycznej dla budynku lub cz\u0119\u015bci budynku:<\/p>\n\n\n\n<p>1) zbywanego na podstawie umowy sprzeda\u017cy;<br>2) zbywanego na podstawie umowy sprzeda\u017cy sp\u00f3\u0142dzielczego w\u0142asno\u015bciowego prawa do lokalu;<br>3) wynajmowanego.<\/p>\n\n\n\n<p>Wskazane wy\u017cej podmioty <em>de lege lata<\/em> zobowi\u0105zane s\u0105 do przekazania nabywcy \u015bwiadectwa charakterystyki energetycznej \u2013 przy zawarciu umowy sprzeda\u017cy albo zbycia sp\u00f3\u0142dzielczego w\u0142asno\u015bciowego prawa do lokalu, a w przypadku zawarcia umowy najmu, do przekazania najemcy kopii \u015bwiadectwa charakterystyki energetycznej.<\/p>\n\n\n\n<p>Ustawa nowelizuj\u0105ca zasadniczo utrzymuje powy\u017csze zobowi\u0105zania, wprowadzaj\u0105c jedynie pewne modyfikacje dotychczasowych rozwi\u0105za\u0144. I tak, w\u00a0przypadku sprzeda\u017cy albo zbycia sp\u00f3\u0142dzielczego w\u0142asno\u015bciowego prawa do lokalu \u015bwiadectwo charakterystyki energetycznej ma by\u0107 przekazane nabywcy przy sporz\u0105dzeniu aktu notarialnego, co notariusz b\u0119dzie odnotowywa\u0107 w jego tre\u015bci. \u00a0W\u00a0przypadku nieprzekazania nabywcy \u015bwiadectwa charakterystyki energetycznej notariusz pouczy podmiot obowi\u0105zany do jego przekazania o karze grzywny za niewykonanie tego obowi\u0105zku, wynikaj\u0105cej z art. 41 u.c.e.b. Jednocze\u015bnie ustawa nowelizuj\u0105ca doprecyzowuje, \u017ce w przypadku zawarcia umowy zbycia prawa w\u0142asno\u015bci cz\u0119\u015bci budynku albo sp\u00f3\u0142dzielczego w\u0142asno\u015bciowego prawa do lokalu albo umowy najmu cz\u0119\u015bci budynku przekazywane \u015bwiadectwo charakterystyki energetycznej dotyczy\u0107 b\u0119dzie cz\u0119\u015bci budynku albo lokalu b\u0119d\u0105cych przedmiotem umowy.<\/p>\n\n\n\n<p>Z kolei w przypadku zawarcia umowy najmu, wynajmuj\u0105cy zobowi\u0105zany b\u0119dzie do przekazania najemcy przy zawarciu umowy najmu kopii \u015bwiadectwa charakterystyki energetycznej, kt\u00f3re przekazano w postaci papierowej albo wydruku \u015bwiadectwa charakterystyki energetycznej, kt\u00f3re przekazano w postaci elektronicznej.<\/p>\n\n\n\n<p>Ponadto, zgodnie ze art. 9 ust. 2 u.c.e.b. w nowym brzmieniu, w\u0142a\u015bciciel lub zarz\u0105dca budynku b\u0119dzie obowi\u0105zany do nieodp\u0142atnego przekazania kopii \u015bwiadectwa charakterystyki energetycznej budynku, kt\u00f3re przekazano w postaci papierowej, albo wydruku \u015bwiadectwa charakterystyki energetycznej budynku, kt\u00f3re przekazano w postaci elektronicznej, a w przypadku braku tego \u015bwiadectwa, dokumentacji technicznej budynku, w\u0142a\u015bcicielowi cz\u0119\u015bci budynku lub osobie, kt\u00f3rej \u00a0przys\u0142uguje sp\u00f3\u0142dzielcze w\u0142asno\u015bciowe prawo do lokalu, lub osobie, kt\u00f3rej \u00a0przys\u0142uguje sp\u00f3\u0142dzielcze lokatorskie prawo do lokalu mieszkalnego, w terminie nie d\u0142u\u017cszym ni\u017c 14 dni od dnia z\u0142o\u017cenia przez nich wniosku.<\/p>\n\n\n\n<p>Opisany powy\u017cej obowi\u0105zek zapewnienia sporz\u0105dzenia \u015bwiadectwa charakterystyki energetycznej dla budynku lub cz\u0119\u015bci budynku zbywanego na podstawie umowy sprzeda\u017cy, umowy sprzeda\u017cy sp\u00f3\u0142dzielczego w\u0142asno\u015bciowego prawa do lokalu albo wynajmowanego <strong>nie b\u0119dzie dotyczy\u0107 budynku podlegaj\u0105cego ochronie na podstawie przepis\u00f3w o ochronie zabytk\u00f3w i opiece nad zabytkami<\/strong>. Ustawa nowelizuj\u0105ca nie zmienia bowiem dotychczasowej tre\u015bci art. 3 ust. 4 pkt 1) u.c.e.b., kt\u00f3ry przewiduje ww. wy\u0142\u0105czenie przedmiotowe. U\u017cyte przez ustawodawc\u0119 sformu\u0142owanie \u201ebudynku podlegaj\u0105cego ochronie na podstawie przepis\u00f3w o\u00a0ochronie zabytk\u00f3w i opiece nad zabytkami\u201d pozwala przyj\u0105\u0107, \u017ce zwolnione z\u00a0obowi\u0105zku sporz\u0105dzenia \u015bwiadectwa charakterystyki energetycznej b\u0119d\u0105 nie tylko budynki wpisane indywidualnie do rejestru zabytk\u00f3w, lecz r\u00f3wnie\u017c budynki uj\u0119te w wojew\u00f3dzkiej lub gminnej ewidencji zabytk\u00f3w. Zwolnienie to nie b\u0119dzie jednak obejmowa\u0107 budynk\u00f3w nieobj\u0119tych indywidualn\u0105 ochron\u0105 konserwatorsk\u0105 a\u00a0znajduj\u0105cych si\u0119 jedynie na obszarze wpisanego do rejestru zabytk\u00f3w historycznego uk\u0142adu urbanistycznego lub ruralistycznego. W\u00a0przypadku tych wpis\u00f3w przedmiotem ochrony konserwatorskiej nie s\u0105 bowiem poszczeg\u00f3lne budynki, lecz przestrzenne za\u0142o\u017cenie miejskie lub wiejskie, zawieraj\u0105ce zespo\u0142y budowlane, pojedyncze budynki i formy zaprojektowanej zieleni, rozmieszczone w uk\u0142adzie historycznych podzia\u0142\u00f3w w\u0142asno\u015bciowych i\u00a0funkcjonalnych, w tym ulic lub sieci dr\u00f3g.<\/p>","protected":false},"excerpt":{"rendered":"<p>W dniu 28 kwietnia 2023 r. wejdzie w \u017cycie ustawa z dnia 7 pa\u017adziernika 2022 r. o \u00a0zmianie ustawy o charakterystyce energetycznej budynk\u00f3w oraz ustawy \u2013 Prawo budowlane (Dz. U. [&hellip;]<\/p>","protected":false},"author":7,"featured_media":11041,"comment_status":"open","ping_status":"open","sticky":false,"template":"","format":"standard","meta":{"_et_pb_use_builder":"off","_et_pb_old_content":"","_et_gb_content_width":"","_monsterinsights_skip_tracking":false,"_monsterinsights_sitenote_active":false,"_monsterinsights_sitenote_note":"","_monsterinsights_sitenote_category":0,"footnotes":""},"categories":[3],"tags":[],"class_list":["post-11042","post","type-post","status-publish","format-standard","has-post-thumbnail","hentry","category-aktualnosci"],"yoast_head":"<!-- This site is optimized with the Yoast SEO plugin v26.5 - https:\/\/yoast.com\/wordpress\/plugins\/seo\/ -->\n<title>Nowelizacja ustawy z dnia 29 sierpnia 2004 r. O charakterystyce energetycznej budynk\u00f3w z punktu widzenia obiekt\u00f3w zabytkowych - NID<\/title>\n<meta name=\"robots\" content=\"index, follow, max-snippet:-1, max-image-preview:large, max-video-preview:-1\" \/>\n<link rel=\"canonical\" href=\"https:\/\/nid.pl\/en\/2023\/04\/27\/nowelizacja-ustawy-z-dnia-29-sierpnia-2004-r-o-charakterystyce-energetycznej-budynkow-z-punktu-widzenia-obiektow-zabytkowych\/\" \/>\n<meta property=\"og:locale\" content=\"en_GB\" \/>\n<meta property=\"og:type\" content=\"article\" \/>\n<meta property=\"og:title\" content=\"Nowelizacja ustawy z dnia 29 sierpnia 2004 r. O charakterystyce energetycznej budynk\u00f3w z punktu widzenia obiekt\u00f3w zabytkowych - NID\" \/>\n<meta property=\"og:description\" content=\"W dniu 28 kwietnia 2023 r. wejdzie w \u017cycie ustawa z dnia 7 pa\u017adziernika 2022 r. o \u00a0zmianie ustawy o charakterystyce energetycznej budynk\u00f3w oraz ustawy \u2013 Prawo budowlane (Dz. U. [&hellip;]\" \/>\n<meta property=\"og:url\" content=\"https:\/\/nid.pl\/en\/2023\/04\/27\/nowelizacja-ustawy-z-dnia-29-sierpnia-2004-r-o-charakterystyce-energetycznej-budynkow-z-punktu-widzenia-obiektow-zabytkowych\/\" \/>\n<meta property=\"og:site_name\" content=\"NID\" \/>\n<meta property=\"article:publisher\" content=\"https:\/\/www.facebook.com\/zabytek\" \/>\n<meta property=\"article:published_time\" content=\"2023-04-27T12:32:53+00:00\" \/>\n<meta property=\"article:modified_time\" content=\"2023-04-27T12:32:55+00:00\" \/>\n<meta property=\"og:image\" content=\"https:\/\/nid.pl\/wp-content\/uploads\/2023\/04\/miniaturka-swiadectwo-energrtyczne-II.png\" \/>\n\t<meta property=\"og:image:width\" content=\"1857\" \/>\n\t<meta property=\"og:image:height\" content=\"1238\" \/>\n\t<meta property=\"og:image:type\" content=\"image\/png\" \/>\n<meta name=\"author\" content=\"Barbara Halliop\" \/>\n<meta name=\"twitter:card\" content=\"summary_large_image\" \/>\n<meta name=\"twitter:creator\" content=\"@NarIDpl\" \/>\n<meta name=\"twitter:site\" content=\"@NarIDpl\" \/>\n<meta name=\"twitter:label1\" content=\"Written by\" \/>\n\t<meta name=\"twitter:data1\" content=\"Barbara Halliop\" \/>\n\t<meta name=\"twitter:label2\" content=\"Estimated reading time\" \/>\n\t<meta name=\"twitter:data2\" content=\"3 minutes\" \/>\n<script type=\"application\/ld+json\" class=\"yoast-schema-graph\">{\"@context\":\"https:\/\/schema.org\",\"@graph\":[{\"@type\":\"Article\",\"@id\":\"https:\/\/nid.pl\/2023\/04\/27\/nowelizacja-ustawy-z-dnia-29-sierpnia-2004-r-o-charakterystyce-energetycznej-budynkow-z-punktu-widzenia-obiektow-zabytkowych\/#article\",\"isPartOf\":{\"@id\":\"https:\/\/nid.pl\/2023\/04\/27\/nowelizacja-ustawy-z-dnia-29-sierpnia-2004-r-o-charakterystyce-energetycznej-budynkow-z-punktu-widzenia-obiektow-zabytkowych\/\"},\"author\":{\"name\":\"Barbara Halliop\",\"@id\":\"https:\/\/nid.pl\/#\/schema\/person\/1b690a8998a5111cfb9f0ffe24195a15\"},\"headline\":\"Nowelizacja ustawy z dnia 29 sierpnia 2004 r. O charakterystyce energetycznej budynk\u00f3w z punktu widzenia obiekt\u00f3w zabytkowych\",\"datePublished\":\"2023-04-27T12:32:53+00:00\",\"dateModified\":\"2023-04-27T12:32:55+00:00\",\"mainEntityOfPage\":{\"@id\":\"https:\/\/nid.pl\/2023\/04\/27\/nowelizacja-ustawy-z-dnia-29-sierpnia-2004-r-o-charakterystyce-energetycznej-budynkow-z-punktu-widzenia-obiektow-zabytkowych\/\"},\"wordCount\":773,\"commentCount\":0,\"publisher\":{\"@id\":\"https:\/\/nid.pl\/#organization\"},\"image\":{\"@id\":\"https:\/\/nid.pl\/2023\/04\/27\/nowelizacja-ustawy-z-dnia-29-sierpnia-2004-r-o-charakterystyce-energetycznej-budynkow-z-punktu-widzenia-obiektow-zabytkowych\/#primaryimage\"},\"thumbnailUrl\":\"https:\/\/nid.pl\/wp-content\/uploads\/2023\/04\/miniaturka-swiadectwo-energrtyczne-II.png\",\"articleSection\":[\"Aktualno\u015bci\"],\"inLanguage\":\"en-GB\"},{\"@type\":\"WebPage\",\"@id\":\"https:\/\/nid.pl\/2023\/04\/27\/nowelizacja-ustawy-z-dnia-29-sierpnia-2004-r-o-charakterystyce-energetycznej-budynkow-z-punktu-widzenia-obiektow-zabytkowych\/\",\"url\":\"https:\/\/nid.pl\/2023\/04\/27\/nowelizacja-ustawy-z-dnia-29-sierpnia-2004-r-o-charakterystyce-energetycznej-budynkow-z-punktu-widzenia-obiektow-zabytkowych\/\",\"name\":\"Nowelizacja ustawy z dnia 29 sierpnia 2004 r. O charakterystyce energetycznej budynk\u00f3w z punktu widzenia obiekt\u00f3w zabytkowych - NID\",\"isPartOf\":{\"@id\":\"https:\/\/nid.pl\/#website\"},\"primaryImageOfPage\":{\"@id\":\"https:\/\/nid.pl\/2023\/04\/27\/nowelizacja-ustawy-z-dnia-29-sierpnia-2004-r-o-charakterystyce-energetycznej-budynkow-z-punktu-widzenia-obiektow-zabytkowych\/#primaryimage\"},\"image\":{\"@id\":\"https:\/\/nid.pl\/2023\/04\/27\/nowelizacja-ustawy-z-dnia-29-sierpnia-2004-r-o-charakterystyce-energetycznej-budynkow-z-punktu-widzenia-obiektow-zabytkowych\/#primaryimage\"},\"thumbnailUrl\":\"https:\/\/nid.pl\/wp-content\/uploads\/2023\/04\/miniaturka-swiadectwo-energrtyczne-II.png\",\"datePublished\":\"2023-04-27T12:32:53+00:00\",\"dateModified\":\"2023-04-27T12:32:55+00:00\",\"breadcrumb\":{\"@id\":\"https:\/\/nid.pl\/2023\/04\/27\/nowelizacja-ustawy-z-dnia-29-sierpnia-2004-r-o-charakterystyce-energetycznej-budynkow-z-punktu-widzenia-obiektow-zabytkowych\/#breadcrumb\"},\"inLanguage\":\"en-GB\",\"potentialAction\":[{\"@type\":\"ReadAction\",\"target\":[\"https:\/\/nid.pl\/2023\/04\/27\/nowelizacja-ustawy-z-dnia-29-sierpnia-2004-r-o-charakterystyce-energetycznej-budynkow-z-punktu-widzenia-obiektow-zabytkowych\/\"]}]},{\"@type\":\"ImageObject\",\"inLanguage\":\"en-GB\",\"@id\":\"https:\/\/nid.pl\/2023\/04\/27\/nowelizacja-ustawy-z-dnia-29-sierpnia-2004-r-o-charakterystyce-energetycznej-budynkow-z-punktu-widzenia-obiektow-zabytkowych\/#primaryimage\",\"url\":\"https:\/\/nid.pl\/wp-content\/uploads\/2023\/04\/miniaturka-swiadectwo-energrtyczne-II.png\",\"contentUrl\":\"https:\/\/nid.pl\/wp-content\/uploads\/2023\/04\/miniaturka-swiadectwo-energrtyczne-II.png\",\"width\":1857,\"height\":1238,\"caption\":\"miniaturka swiadectwo energrtyczne II\"},{\"@type\":\"BreadcrumbList\",\"@id\":\"https:\/\/nid.pl\/2023\/04\/27\/nowelizacja-ustawy-z-dnia-29-sierpnia-2004-r-o-charakterystyce-energetycznej-budynkow-z-punktu-widzenia-obiektow-zabytkowych\/#breadcrumb\",\"itemListElement\":[{\"@type\":\"ListItem\",\"position\":1,\"name\":\"Home\",\"item\":\"https:\/\/nid.pl\/\"},{\"@type\":\"ListItem\",\"position\":2,\"name\":\"Nowelizacja ustawy z dnia 29 sierpnia 2004 r. O charakterystyce energetycznej budynk\u00f3w z punktu widzenia obiekt\u00f3w zabytkowych\"}]},{\"@type\":\"WebSite\",\"@id\":\"https:\/\/nid.pl\/#website\",\"url\":\"https:\/\/nid.pl\/\",\"name\":\"NID\",\"description\":\"Narodowy Instytut Dziedzictwa\",\"publisher\":{\"@id\":\"https:\/\/nid.pl\/#organization\"},\"potentialAction\":[{\"@type\":\"SearchAction\",\"target\":{\"@type\":\"EntryPoint\",\"urlTemplate\":\"https:\/\/nid.pl\/?s={search_term_string}\"},\"query-input\":{\"@type\":\"PropertyValueSpecification\",\"valueRequired\":true,\"valueName\":\"search_term_string\"}}],\"inLanguage\":\"en-GB\"},{\"@type\":\"Organization\",\"@id\":\"https:\/\/nid.pl\/#organization\",\"name\":\"Narodowy Instytut Dziedzictwa\",\"url\":\"https:\/\/nid.pl\/\",\"logo\":{\"@type\":\"ImageObject\",\"inLanguage\":\"en-GB\",\"@id\":\"https:\/\/nid.pl\/#\/schema\/logo\/image\/\",\"url\":\"https:\/\/nid.pl\/wp-content\/uploads\/2022\/10\/logoRedDark.png\",\"contentUrl\":\"https:\/\/nid.pl\/wp-content\/uploads\/2022\/10\/logoRedDark.png\",\"width\":200,\"height\":197,\"caption\":\"Narodowy Instytut Dziedzictwa\"},\"image\":{\"@id\":\"https:\/\/nid.pl\/#\/schema\/logo\/image\/\"},\"sameAs\":[\"https:\/\/www.facebook.com\/zabytek\",\"https:\/\/x.com\/NarIDpl\",\"https:\/\/www.instagram.com\/nid.pl\/?hl=pl\",\"https:\/\/www.linkedin.com\/company\/narodowy-instytut-dziedzictwa\",\"https:\/\/www.youtube.com\/channel\/UCQXuhKa2uHtmNvLRUSx40JA\"]},{\"@type\":\"Person\",\"@id\":\"https:\/\/nid.pl\/#\/schema\/person\/1b690a8998a5111cfb9f0ffe24195a15\",\"name\":\"Barbara Halliop\",\"image\":{\"@type\":\"ImageObject\",\"inLanguage\":\"en-GB\",\"@id\":\"https:\/\/nid.pl\/#\/schema\/person\/image\/\",\"url\":\"https:\/\/nid.pl\/wp-content\/litespeed\/avatar\/924046d17dd0c842c9fa9ccf489bc6dc.jpg?ver=1777444967\",\"contentUrl\":\"https:\/\/nid.pl\/wp-content\/litespeed\/avatar\/924046d17dd0c842c9fa9ccf489bc6dc.jpg?ver=1777444967\",\"caption\":\"Barbara Halliop\"},\"url\":\"https:\/\/nid.pl\/en\/author\/bhalliop\/\"}]}<\/script>\n<!-- \/ Yoast SEO plugin. -->","yoast_head_json":{"title":"Nowelizacja ustawy z dnia 29 sierpnia 2004 r. O charakterystyce energetycznej budynk\u00f3w z punktu widzenia obiekt\u00f3w zabytkowych - NID","robots":{"index":"index","follow":"follow","max-snippet":"max-snippet:-1","max-image-preview":"max-image-preview:large","max-video-preview":"max-video-preview:-1"},"canonical":"https:\/\/nid.pl\/en\/2023\/04\/27\/nowelizacja-ustawy-z-dnia-29-sierpnia-2004-r-o-charakterystyce-energetycznej-budynkow-z-punktu-widzenia-obiektow-zabytkowych\/","og_locale":"en_GB","og_type":"article","og_title":"Nowelizacja ustawy z dnia 29 sierpnia 2004 r. O charakterystyce energetycznej budynk\u00f3w z punktu widzenia obiekt\u00f3w zabytkowych - NID","og_description":"W dniu 28 kwietnia 2023 r. wejdzie w \u017cycie ustawa z dnia 7 pa\u017adziernika 2022 r. o \u00a0zmianie ustawy o charakterystyce energetycznej budynk\u00f3w oraz ustawy \u2013 Prawo budowlane (Dz. U. [&hellip;]","og_url":"https:\/\/nid.pl\/en\/2023\/04\/27\/nowelizacja-ustawy-z-dnia-29-sierpnia-2004-r-o-charakterystyce-energetycznej-budynkow-z-punktu-widzenia-obiektow-zabytkowych\/","og_site_name":"NID","article_publisher":"https:\/\/www.facebook.com\/zabytek","article_published_time":"2023-04-27T12:32:53+00:00","article_modified_time":"2023-04-27T12:32:55+00:00","og_image":[{"width":1857,"height":1238,"url":"https:\/\/nid.pl\/wp-content\/uploads\/2023\/04\/miniaturka-swiadectwo-energrtyczne-II.png","type":"image\/png"}],"author":"Barbara Halliop","twitter_card":"summary_large_image","twitter_creator":"@NarIDpl","twitter_site":"@NarIDpl","twitter_misc":{"Written by":"Barbara Halliop","Estimated reading time":"3 minutes"},"schema":{"@context":"https:\/\/schema.org","@graph":[{"@type":"Article","@id":"https:\/\/nid.pl\/2023\/04\/27\/nowelizacja-ustawy-z-dnia-29-sierpnia-2004-r-o-charakterystyce-energetycznej-budynkow-z-punktu-widzenia-obiektow-zabytkowych\/#article","isPartOf":{"@id":"https:\/\/nid.pl\/2023\/04\/27\/nowelizacja-ustawy-z-dnia-29-sierpnia-2004-r-o-charakterystyce-energetycznej-budynkow-z-punktu-widzenia-obiektow-zabytkowych\/"},"author":{"name":"Barbara Halliop","@id":"https:\/\/nid.pl\/#\/schema\/person\/1b690a8998a5111cfb9f0ffe24195a15"},"headline":"Nowelizacja ustawy z dnia 29 sierpnia 2004 r. O charakterystyce energetycznej budynk\u00f3w z punktu widzenia obiekt\u00f3w zabytkowych","datePublished":"2023-04-27T12:32:53+00:00","dateModified":"2023-04-27T12:32:55+00:00","mainEntityOfPage":{"@id":"https:\/\/nid.pl\/2023\/04\/27\/nowelizacja-ustawy-z-dnia-29-sierpnia-2004-r-o-charakterystyce-energetycznej-budynkow-z-punktu-widzenia-obiektow-zabytkowych\/"},"wordCount":773,"commentCount":0,"publisher":{"@id":"https:\/\/nid.pl\/#organization"},"image":{"@id":"https:\/\/nid.pl\/2023\/04\/27\/nowelizacja-ustawy-z-dnia-29-sierpnia-2004-r-o-charakterystyce-energetycznej-budynkow-z-punktu-widzenia-obiektow-zabytkowych\/#primaryimage"},"thumbnailUrl":"https:\/\/nid.pl\/wp-content\/uploads\/2023\/04\/miniaturka-swiadectwo-energrtyczne-II.png","articleSection":["Aktualno\u015bci"],"inLanguage":"en-GB"},{"@type":"WebPage","@id":"https:\/\/nid.pl\/2023\/04\/27\/nowelizacja-ustawy-z-dnia-29-sierpnia-2004-r-o-charakterystyce-energetycznej-budynkow-z-punktu-widzenia-obiektow-zabytkowych\/","url":"https:\/\/nid.pl\/2023\/04\/27\/nowelizacja-ustawy-z-dnia-29-sierpnia-2004-r-o-charakterystyce-energetycznej-budynkow-z-punktu-widzenia-obiektow-zabytkowych\/","name":"Nowelizacja ustawy z dnia 29 sierpnia 2004 r. O charakterystyce energetycznej budynk\u00f3w z punktu widzenia obiekt\u00f3w zabytkowych - NID","isPartOf":{"@id":"https:\/\/nid.pl\/#website"},"primaryImageOfPage":{"@id":"https:\/\/nid.pl\/2023\/04\/27\/nowelizacja-ustawy-z-dnia-29-sierpnia-2004-r-o-charakterystyce-energetycznej-budynkow-z-punktu-widzenia-obiektow-zabytkowych\/#primaryimage"},"image":{"@id":"https:\/\/nid.pl\/2023\/04\/27\/nowelizacja-ustawy-z-dnia-29-sierpnia-2004-r-o-charakterystyce-energetycznej-budynkow-z-punktu-widzenia-obiektow-zabytkowych\/#primaryimage"},"thumbnailUrl":"https:\/\/nid.pl\/wp-content\/uploads\/2023\/04\/miniaturka-swiadectwo-energrtyczne-II.png","datePublished":"2023-04-27T12:32:53+00:00","dateModified":"2023-04-27T12:32:55+00:00","breadcrumb":{"@id":"https:\/\/nid.pl\/2023\/04\/27\/nowelizacja-ustawy-z-dnia-29-sierpnia-2004-r-o-charakterystyce-energetycznej-budynkow-z-punktu-widzenia-obiektow-zabytkowych\/#breadcrumb"},"inLanguage":"en-GB","potentialAction":[{"@type":"ReadAction","target":["https:\/\/nid.pl\/2023\/04\/27\/nowelizacja-ustawy-z-dnia-29-sierpnia-2004-r-o-charakterystyce-energetycznej-budynkow-z-punktu-widzenia-obiektow-zabytkowych\/"]}]},{"@type":"ImageObject","inLanguage":"en-GB","@id":"https:\/\/nid.pl\/2023\/04\/27\/nowelizacja-ustawy-z-dnia-29-sierpnia-2004-r-o-charakterystyce-energetycznej-budynkow-z-punktu-widzenia-obiektow-zabytkowych\/#primaryimage","url":"https:\/\/nid.pl\/wp-content\/uploads\/2023\/04\/miniaturka-swiadectwo-energrtyczne-II.png","contentUrl":"https:\/\/nid.pl\/wp-content\/uploads\/2023\/04\/miniaturka-swiadectwo-energrtyczne-II.png","width":1857,"height":1238,"caption":"miniaturka swiadectwo energrtyczne II"},{"@type":"BreadcrumbList","@id":"https:\/\/nid.pl\/2023\/04\/27\/nowelizacja-ustawy-z-dnia-29-sierpnia-2004-r-o-charakterystyce-energetycznej-budynkow-z-punktu-widzenia-obiektow-zabytkowych\/#breadcrumb","itemListElement":[{"@type":"ListItem","position":1,"name":"Home","item":"https:\/\/nid.pl\/"},{"@type":"ListItem","position":2,"name":"Nowelizacja ustawy z dnia 29 sierpnia 2004 r. O charakterystyce energetycznej budynk\u00f3w z punktu widzenia obiekt\u00f3w zabytkowych"}]},{"@type":"WebSite","@id":"https:\/\/nid.pl\/#website","url":"https:\/\/nid.pl\/","name":"NID","description":"Narodowy Instytut Dziedzictwa","publisher":{"@id":"https:\/\/nid.pl\/#organization"},"potentialAction":[{"@type":"SearchAction","target":{"@type":"EntryPoint","urlTemplate":"https:\/\/nid.pl\/?s={search_term_string}"},"query-input":{"@type":"PropertyValueSpecification","valueRequired":true,"valueName":"search_term_string"}}],"inLanguage":"en-GB"},{"@type":"Organization","@id":"https:\/\/nid.pl\/#organization","name":"Narodowy Instytut Dziedzictwa","url":"https:\/\/nid.pl\/","logo":{"@type":"ImageObject","inLanguage":"en-GB","@id":"https:\/\/nid.pl\/#\/schema\/logo\/image\/","url":"https:\/\/nid.pl\/wp-content\/uploads\/2022\/10\/logoRedDark.png","contentUrl":"https:\/\/nid.pl\/wp-content\/uploads\/2022\/10\/logoRedDark.png","width":200,"height":197,"caption":"Narodowy Instytut Dziedzictwa"},"image":{"@id":"https:\/\/nid.pl\/#\/schema\/logo\/image\/"},"sameAs":["https:\/\/www.facebook.com\/zabytek","https:\/\/x.com\/NarIDpl","https:\/\/www.instagram.com\/nid.pl\/?hl=pl","https:\/\/www.linkedin.com\/company\/narodowy-instytut-dziedzictwa","https:\/\/www.youtube.com\/channel\/UCQXuhKa2uHtmNvLRUSx40JA"]},{"@type":"Person","@id":"https:\/\/nid.pl\/#\/schema\/person\/1b690a8998a5111cfb9f0ffe24195a15","name":"Barbara Halliop","image":{"@type":"ImageObject","inLanguage":"en-GB","@id":"https:\/\/nid.pl\/#\/schema\/person\/image\/","url":"https:\/\/nid.pl\/wp-content\/litespeed\/avatar\/924046d17dd0c842c9fa9ccf489bc6dc.jpg?ver=1777444967","contentUrl":"https:\/\/nid.pl\/wp-content\/litespeed\/avatar\/924046d17dd0c842c9fa9ccf489bc6dc.jpg?ver=1777444967","caption":"Barbara Halliop"},"url":"https:\/\/nid.pl\/en\/author\/bhalliop\/"}]}},"_links":{"self":[{"href":"https:\/\/nid.pl\/en\/wp-json\/wp\/v2\/posts\/11042","targetHints":{"allow":["GET"]}}],"collection":[{"href":"https:\/\/nid.pl\/en\/wp-json\/wp\/v2\/posts"}],"about":[{"href":"https:\/\/nid.pl\/en\/wp-json\/wp\/v2\/types\/post"}],"author":[{"embeddable":true,"href":"https:\/\/nid.pl\/en\/wp-json\/wp\/v2\/users\/7"}],"replies":[{"embeddable":true,"href":"https:\/\/nid.pl\/en\/wp-json\/wp\/v2\/comments?post=11042"}],"version-history":[{"count":0,"href":"https:\/\/nid.pl\/en\/wp-json\/wp\/v2\/posts\/11042\/revisions"}],"wp:featuredmedia":[{"embeddable":true,"href":"https:\/\/nid.pl\/en\/wp-json\/wp\/v2\/media\/11041"}],"wp:attachment":[{"href":"https:\/\/nid.pl\/en\/wp-json\/wp\/v2\/media?parent=11042"}],"wp:term":[{"taxonomy":"category","embeddable":true,"href":"https:\/\/nid.pl\/en\/wp-json\/wp\/v2\/categories?post=11042"},{"taxonomy":"post_tag","embeddable":true,"href":"https:\/\/nid.pl\/en\/wp-json\/wp\/v2\/tags?post=11042"}],"curies":[{"name":"wp","href":"https:\/\/api.w.org\/{rel}","templated":true}]}}