{"id":10995,"date":"2023-04-24T15:30:52","date_gmt":"2023-04-24T13:30:52","guid":{"rendered":"https:\/\/nid.pl\/?p=10995"},"modified":"2023-04-24T15:32:06","modified_gmt":"2023-04-24T13:32:06","slug":"miedzynarodowy-dzien-ochrony-zabytkow-w-niemodlinie-woj-opolskie","status":"publish","type":"post","link":"https:\/\/nid.pl\/en\/2023\/04\/24\/miedzynarodowy-dzien-ochrony-zabytkow-w-niemodlinie-woj-opolskie\/","title":{"rendered":"Mi\u0119dzynarodowy Dzie\u0144 Ochrony Zabytk\u00f3w w Niemodlinie (woj. opolskie)"},"content":{"rendered":"<p>Z okazji Mi\u0119dzynarodowego Dnia Ochrony Zabytk\u00f3w, w dniach 22-23 kwietnia na zamku w Niemodlinie odby\u0142y si\u0119 wojew\u00f3dzkie obchody tego \u015bwi\u0119ta. By\u0142a to r\u00f3wnie\u017c okazja do wr\u0119czenia odznak \u201eZa opiek\u0119 nad zabytkami\u201d zas\u0142u\u017conym opolanom. Wyr\u00f3\u017cnienia przyznawane s\u0105 przez Ministra Kultury i Dziedzictwa Narodowego.<\/p>\n\n\n\n<p>Mi\u0119dzynarodowy Dzie\u0144 Ochrony Zabytk\u00f3w, obchodzony na ca\u0142ym \u015bwiecie 18 kwietnia, ustanowiony zosta\u0142 przez Komitet Wykonawczy Mi\u0119dzynarodowej Rady Ochrony Zabytk\u00f3w ICOMOS w 1983 roku i wpisany przez UNESCO do rejestru wa\u017cnych dat o znaczeniu dla ca\u0142ego \u015bwiata.<\/p>\n\n\n\n<p>Celem \u201e\u015bwi\u0119ta zabytk\u00f3w\u201d jest przede wszystkim przybli\u017cenie spo\u0142ecze\u0144stwu zagadnie\u0144 zwi\u0105zanych z ochron\u0105 spu\u015bcizny minionych pokole\u0144.Jest to r\u00f3wnie\u017c \u015bwi\u0119to wszystkich, kt\u00f3rzy na co dzie\u0144 zajmuj\u0105 si\u0119 ochron\u0105 i opiek\u0105 nad zabytkami \u2013 konserwator\u00f3w, historyk\u00f3w sztuki i architektury, urbanist\u00f3w, archeolog\u00f3w oraz przedstawicieli innych zawod\u00f3w pracuj\u0105cych na rzecz ochrony zabytk\u00f3w, a tak\u017ce spo\u0142ecznik\u00f3w, w\u0142a\u015bcicieli, opiekun\u00f3w i zarz\u0105dc\u00f3w obiekt\u00f3w zabytkowych.\u00a0<\/p>\n\n\n\n<p><strong>Obchody \u015bwi\u0119ta zabytk\u00f3w w Polsce<\/strong><\/p>\n\n\n\n<p>Mi\u0119dzynarodowy Dzie\u0144 Ochrony Zabytk\u00f3w to wyj\u0105tkowa okazja do dyskusji na temat zarz\u0105dzania dziedzictwem kulturowym, oraz przybli\u017cania lokalnym spo\u0142eczno\u015bciom problem\u00f3w jego ochrony. W tym roku Narodowy Instytut Dziedzictwa po raz pierwszy w historii, poprzez swoje oddzia\u0142y terenowe organizuje obchody w ca\u0142ym kraju. Ju\u017c odby\u0142y si\u0119, b\u0105d\u017a wkr\u00f3tce odb\u0119d\u0105 si\u0119 konferencje, spotkania i sesje, kt\u00f3re mo\u017cna \u015bledzi\u0107 dzi\u0119ki streamingowi na kanale <a href=\"https:\/\/www.youtube.com\/@tvnid\" target=\"_blank\" rel=\"noreferrer noopener\">TV NID<\/a> na YouTube. Tak bogate obchody organizowane s\u0105 nie tylko ze wzgl\u0119du na 40-lecie \u201e\u015bwi\u0119ta zabytk\u00f3w\u201d. W tym roku \u015bwi\u0119tujemy r\u00f3wnie\u017c mi\u0119dzy innymi 20-lecie ustawy o ochronie zabytk\u00f3w i opiece nad zabytkami, 20-lecie Konwencji UNESCO w sprawie ochrony niematerialnego dziedzictwa kulturowego, <a href=\"https:\/\/niematerialne.nid.pl\/niematerialne-dziedzictwo-kulturowe\/krajowa-lista-niematerialnego-dziedzictwa-kulturowego\/\" target=\"_blank\" rel=\"noreferrer noopener\">10-lecie Krajowej listy niematerialnego dziedzictwa kulturowego<\/a>. G\u0142\u00f3wne obchody MDOZ odby\u0142y si\u0119 18 kwietnia w \u0141a\u0144cucie i by\u0142y po\u0142\u0105czone z otwarciem wystawy przygotowanej z okazji jubileuszy wpis\u00f3w na List\u0119 \u015bwiatowego dziedzictwa \u201eSkarby drewnianej architektury sakralnej. Ko\u015bcio\u0142y i cerkwie na Li\u015bcie \u015bwiatowego dziedzictwa UNESCO\u201d.<\/p>\n\n\n\n<p><strong>Obchody Mi\u0119dzynarodowego Dnia Ochrony Zabytk\u00f3w w wojew\u00f3dztwie opolskim<\/strong><\/p>\n\n\n\n<p>Nasza to\u017csamo\u015b\u0107 kulturowa zapisana jest nie tylko w murach, przedmiotach czy krajobrazie kulturowym. Niezwykle wa\u017cne jest tak\u017ce dziedzictwo niematerialne, czyli to, co znajduje si\u0119 w sferze duchowej, w sferze koncepcji my\u015blowych i tradycji. Wojew\u00f3dztwo opolskie, cho\u0107 najmniejsze w Polsce, to jest niezwykle bogate w miejscowe tradycje, przekazywane z pokolenia na pokolenie. Podczas dwudniowego wydarzenia w Niemodlinie, mo\u017cna by\u0142o pos\u0142ucha\u0107 i porozmawia\u0107 o opolskich przyk\u0142adach niematerialnego dziedzictwa kulturowego. Spotkanie by\u0142o r\u00f3wnie\u017c okazj\u0105 do zobaczenia i dotkni\u0119cia przedmiot\u00f3w wykonanych przez lokalnych r\u0119kodzielnik\u00f3w. \u00a0<\/p>\n\n\n\n<p>Narodowy Instytut Dziedzictwa we wsp\u00f3\u0142pracy z TVP3 Opole przygotowa\u0142 filmy opisuj\u0105ce wyj\u0105tkowe tradycje i zwyczaje regionu. Wiele z nich to znak rozpoznawczy Opolszczyzny. Nale\u017c\u0105 do nich m.in. wysiewanie krzy\u017cy na polach w okolicach Strzelec Opolskich, Babski Comber na \u015al\u0105sku Opolskim, krzy\u017cyki z palm wielkanocnych czy zio\u0142olecznictwo. Jest w\u015br\u00f3d nich tak\u017ce \u201eOpolska kroszonka\u201d i umiej\u0119tno\u015b\u0107 malowania wzoru opolskiego \u2013 niekwestionowana marka i znak rozpoznawczy tego regionu. Dzi\u0119ki artystom ludowym umiej\u0119tno\u015b\u0107 wytwarzania tego r\u0119kodzie\u0142a trwa od pokole\u0144, a kruche pi\u0119kno zachwyca barwami i kunsztownym wykonaniem. Seria \u201eTradycja po O!Polsku\u201d, dost\u0119pna jest na kanale YouTube Narodowego Instytutu Dziedzictwa <a href=\"https:\/\/www.youtube.com\/watch?v=dgccNiqWZgA&amp;list=PL9WzZUVLsKgN2eOi3QnIo-684dnnJ8oQV&amp;index=1\" target=\"_blank\" rel=\"noreferrer noopener\">TV NID<\/a>. \u00a0<\/p>\n\n\n\n<p><strong>Odznaki &#8220;Za opiek\u0119 nad zabytkami&#8221;<\/strong><\/p>\n\n\n\n<p>Obchody \u201e\u015bwi\u0119ta zabytk\u00f3w\u201d by\u0142y r\u00f3wnie\u017c okazj\u0105 do uhonorowania os\u00f3b zaanga\u017cowanych w ochron\u0119 zabytk\u00f3w. Tego dnia przyznano odznaki \u201eZa opiek\u0119 nad zabytkami\u201d, kt\u00f3re s\u0105 nadawane jako zaszczytne wyr\u00f3\u017cnienie osobom zas\u0142u\u017conym w spo\u0142ecznej opiece nad dobrami kultury lub w dzia\u0142alno\u015bci konserwatorskiej. Odznak\u0119 nadaje Minister Kultury i Dziedzictwa Narodowego osobom prowadz\u0105cym wieloletni\u0105 dzia\u0142alno\u015b\u0107 w dziedzinie spo\u0142ecznej opieki nad dobrami kultury, posiadaj\u0105cym dorobek naukowy w dziedzinie konserwacji zabytk\u00f3w oraz osi\u0105gni\u0119cia w projektowaniu i wykonywaniu prac konserwatorskich, jak r\u00f3wnie\u017c osobom zas\u0142u\u017conym w popularyzowaniu zagadnie\u0144 ochrony i konserwacji zabytk\u00f3w. Odznaki z r\u0105k wojewody opolskiego S\u0142awomira K\u0142osowskiego i opolskiego wojew\u00f3dzkiego konserwatora zabytk\u00f3w El\u017cbiety Molak, otrzymali:<\/p>\n\n\n\n<p><strong>Z\u0142ote Odznaki \u201eZa opiek\u0119 nad zabytkami\u201d<\/strong>:<\/p>\n\n\n\n<ul class=\"wp-block-list\"><li>Helena Wojtasik, dyrektor Tu\u0142owickiego O\u015brodka Kultury oraz prezes opolskiego oddzia\u0142u Stowarzyszenia Tw\u00f3rc\u00f3w Ludowych,<\/li><li>Joanna Kardasi\u0144ska, gospodyni Zamku w Niemodlinie, prezes Fundacji na rzecz Zamku Ksi\u0105\u017c\u0119cego Niemodlin 1313,<\/li><li>dr Krzysztof Kleszcz, Zast\u0119pca Dyrektora Instytutu \u015al\u0105skiego w Opolu.<\/li><\/ul>\n\n\n\n<p><strong>Srebrne Odznaki \u201eZa opiek\u0119 nad zabytkami\u201d<\/strong> otrzymali nast\u0119puj\u0105cy pracownicy Wojew\u00f3dzkiego Urz\u0119du Ochrony Zabytk\u00f3w w Opolu: Witold Iwaszkiewicz, Magdalena Karpi\u0144ska, Iwona Stopi\u0144ska-Hryniuk, Renata Taratyka-Kozio\u0142, Szymon Ozimek.<\/p>\n\n\n\n<p><\/p>\n\n\n\n<figure class=\"wp-block-gallery has-nested-images columns-default is-cropped wp-block-gallery-1 is-layout-flex wp-block-gallery-is-layout-flex\">\n<figure class=\"wp-block-image size-large\"><img loading=\"lazy\" decoding=\"async\" width=\"1024\" height=\"768\" data-id=\"10998\" src=\"https:\/\/nid.pl\/wp-content\/uploads\/2023\/04\/MDOZ-Niemodlin-4.jpg\" alt=\"\" class=\"wp-image-10998\" srcset=\"https:\/\/nid.pl\/wp-content\/uploads\/2023\/04\/MDOZ-Niemodlin-4.jpg 1024w, https:\/\/nid.pl\/wp-content\/uploads\/2023\/04\/MDOZ-Niemodlin-4-980x735.jpg 980w, https:\/\/nid.pl\/wp-content\/uploads\/2023\/04\/MDOZ-Niemodlin-4-480x360.jpg 480w\" sizes=\"(min-width: 0px) and (max-width: 480px) 480px, (min-width: 481px) and (max-width: 980px) 980px, (min-width: 981px) 1024px, 100vw\" \/><\/figure>\n\n\n\n<figure class=\"wp-block-image size-large\"><img loading=\"lazy\" decoding=\"async\" width=\"1024\" height=\"768\" data-id=\"10996\" src=\"https:\/\/nid.pl\/wp-content\/uploads\/2023\/04\/MDOZ-Niemodlin-6.jpg\" alt=\"\" class=\"wp-image-10996\" srcset=\"https:\/\/nid.pl\/wp-content\/uploads\/2023\/04\/MDOZ-Niemodlin-6.jpg 1024w, https:\/\/nid.pl\/wp-content\/uploads\/2023\/04\/MDOZ-Niemodlin-6-980x735.jpg 980w, https:\/\/nid.pl\/wp-content\/uploads\/2023\/04\/MDOZ-Niemodlin-6-480x360.jpg 480w\" sizes=\"(min-width: 0px) and (max-width: 480px) 480px, (min-width: 481px) and (max-width: 980px) 980px, (min-width: 981px) 1024px, 100vw\" \/><\/figure>\n\n\n\n<figure class=\"wp-block-image size-large\"><img loading=\"lazy\" decoding=\"async\" width=\"1024\" height=\"768\" data-id=\"10997\" src=\"https:\/\/nid.pl\/wp-content\/uploads\/2023\/04\/MDOZ-Niemodlin-7.jpg\" alt=\"\" class=\"wp-image-10997\" srcset=\"https:\/\/nid.pl\/wp-content\/uploads\/2023\/04\/MDOZ-Niemodlin-7.jpg 1024w, https:\/\/nid.pl\/wp-content\/uploads\/2023\/04\/MDOZ-Niemodlin-7-980x735.jpg 980w, https:\/\/nid.pl\/wp-content\/uploads\/2023\/04\/MDOZ-Niemodlin-7-480x360.jpg 480w\" sizes=\"(min-width: 0px) and (max-width: 480px) 480px, (min-width: 481px) and (max-width: 980px) 980px, (min-width: 981px) 1024px, 100vw\" \/><\/figure>\n<\/figure>\n\n\n\n<figure class=\"wp-block-gallery has-nested-images columns-default is-cropped wp-block-gallery-2 is-layout-flex wp-block-gallery-is-layout-flex\">\n<figure class=\"wp-block-image size-large\"><img loading=\"lazy\" decoding=\"async\" width=\"1024\" height=\"768\" data-id=\"11000\" src=\"https:\/\/nid.pl\/wp-content\/uploads\/2023\/04\/MDOZ-Niemodlin-8.jpg\" alt=\"\" class=\"wp-image-11000\" srcset=\"https:\/\/nid.pl\/wp-content\/uploads\/2023\/04\/MDOZ-Niemodlin-8.jpg 1024w, https:\/\/nid.pl\/wp-content\/uploads\/2023\/04\/MDOZ-Niemodlin-8-980x735.jpg 980w, https:\/\/nid.pl\/wp-content\/uploads\/2023\/04\/MDOZ-Niemodlin-8-480x360.jpg 480w\" sizes=\"(min-width: 0px) and (max-width: 480px) 480px, (min-width: 481px) and (max-width: 980px) 980px, (min-width: 981px) 1024px, 100vw\" \/><\/figure>\n\n\n\n<figure class=\"wp-block-image size-large\"><img loading=\"lazy\" decoding=\"async\" width=\"1024\" height=\"768\" data-id=\"11001\" src=\"https:\/\/nid.pl\/wp-content\/uploads\/2023\/04\/MDOZ-Niemodlin-9.jpg\" alt=\"\" class=\"wp-image-11001\" srcset=\"https:\/\/nid.pl\/wp-content\/uploads\/2023\/04\/MDOZ-Niemodlin-9.jpg 1024w, https:\/\/nid.pl\/wp-content\/uploads\/2023\/04\/MDOZ-Niemodlin-9-980x735.jpg 980w, https:\/\/nid.pl\/wp-content\/uploads\/2023\/04\/MDOZ-Niemodlin-9-480x360.jpg 480w\" sizes=\"(min-width: 0px) and (max-width: 480px) 480px, (min-width: 481px) and (max-width: 980px) 980px, (min-width: 981px) 1024px, 100vw\" \/><\/figure>\n\n\n\n<figure class=\"wp-block-image size-large\"><img loading=\"lazy\" decoding=\"async\" width=\"1024\" height=\"768\" data-id=\"10999\" src=\"https:\/\/nid.pl\/wp-content\/uploads\/2023\/04\/MDOZ-Niemodlin-1.jpg\" alt=\"\" class=\"wp-image-10999\" srcset=\"https:\/\/nid.pl\/wp-content\/uploads\/2023\/04\/MDOZ-Niemodlin-1.jpg 1024w, https:\/\/nid.pl\/wp-content\/uploads\/2023\/04\/MDOZ-Niemodlin-1-980x735.jpg 980w, https:\/\/nid.pl\/wp-content\/uploads\/2023\/04\/MDOZ-Niemodlin-1-480x360.jpg 480w\" sizes=\"(min-width: 0px) and (max-width: 480px) 480px, (min-width: 481px) and (max-width: 980px) 980px, (min-width: 981px) 1024px, 100vw\" \/><\/figure>\n<\/figure>\n\n\n\n<figure class=\"wp-block-gallery has-nested-images columns-default is-cropped wp-block-gallery-3 is-layout-flex wp-block-gallery-is-layout-flex\">\n<figure class=\"wp-block-image size-large\"><img loading=\"lazy\" decoding=\"async\" width=\"1024\" height=\"768\" data-id=\"11003\" src=\"https:\/\/nid.pl\/wp-content\/uploads\/2023\/04\/MDOZ-Niemodlin-2.jpg\" alt=\"\" class=\"wp-image-11003\" srcset=\"https:\/\/nid.pl\/wp-content\/uploads\/2023\/04\/MDOZ-Niemodlin-2.jpg 1024w, https:\/\/nid.pl\/wp-content\/uploads\/2023\/04\/MDOZ-Niemodlin-2-980x735.jpg 980w, https:\/\/nid.pl\/wp-content\/uploads\/2023\/04\/MDOZ-Niemodlin-2-480x360.jpg 480w\" sizes=\"(min-width: 0px) and (max-width: 480px) 480px, (min-width: 481px) and (max-width: 980px) 980px, (min-width: 981px) 1024px, 100vw\" \/><\/figure>\n\n\n\n<figure class=\"wp-block-image size-large\"><img loading=\"lazy\" decoding=\"async\" width=\"768\" height=\"1024\" data-id=\"11002\" src=\"https:\/\/nid.pl\/wp-content\/uploads\/2023\/04\/MDOZ-Niemodlin-3.jpg\" alt=\"\" class=\"wp-image-11002\" srcset=\"https:\/\/nid.pl\/wp-content\/uploads\/2023\/04\/MDOZ-Niemodlin-3.jpg 768w, https:\/\/nid.pl\/wp-content\/uploads\/2023\/04\/MDOZ-Niemodlin-3-480x640.jpg 480w\" sizes=\"(min-width: 0px) and (max-width: 480px) 480px, (min-width: 481px) 768px, 100vw\" \/><\/figure>\n\n\n\n<figure class=\"wp-block-image size-large\"><img loading=\"lazy\" decoding=\"async\" width=\"768\" height=\"1024\" data-id=\"11004\" src=\"https:\/\/nid.pl\/wp-content\/uploads\/2023\/04\/MDOZ-Niemodlin-11.jpg\" alt=\"\" class=\"wp-image-11004\" srcset=\"https:\/\/nid.pl\/wp-content\/uploads\/2023\/04\/MDOZ-Niemodlin-11.jpg 768w, https:\/\/nid.pl\/wp-content\/uploads\/2023\/04\/MDOZ-Niemodlin-11-480x640.jpg 480w\" sizes=\"(min-width: 0px) and (max-width: 480px) 480px, (min-width: 481px) 768px, 100vw\" \/><\/figure>\n<\/figure>\n\n\n\n<figure class=\"wp-block-gallery has-nested-images columns-default is-cropped wp-block-gallery-4 is-layout-flex wp-block-gallery-is-layout-flex\">\n<figure class=\"wp-block-image size-large\"><img loading=\"lazy\" decoding=\"async\" width=\"1024\" height=\"768\" data-id=\"11005\" src=\"https:\/\/nid.pl\/wp-content\/uploads\/2023\/04\/MDOZ-Niemodlin-10.jpg\" alt=\"\" class=\"wp-image-11005\" srcset=\"https:\/\/nid.pl\/wp-content\/uploads\/2023\/04\/MDOZ-Niemodlin-10.jpg 1024w, https:\/\/nid.pl\/wp-content\/uploads\/2023\/04\/MDOZ-Niemodlin-10-980x735.jpg 980w, https:\/\/nid.pl\/wp-content\/uploads\/2023\/04\/MDOZ-Niemodlin-10-480x360.jpg 480w\" sizes=\"(min-width: 0px) and (max-width: 480px) 480px, (min-width: 481px) and (max-width: 980px) 980px, (min-width: 981px) 1024px, 100vw\" \/><\/figure>\n\n\n\n<figure class=\"wp-block-image size-large\"><img loading=\"lazy\" decoding=\"async\" width=\"1024\" height=\"768\" data-id=\"11006\" src=\"https:\/\/nid.pl\/wp-content\/uploads\/2023\/04\/MDOZ-Niemodlin-12.jpg\" alt=\"\" class=\"wp-image-11006\" srcset=\"https:\/\/nid.pl\/wp-content\/uploads\/2023\/04\/MDOZ-Niemodlin-12.jpg 1024w, https:\/\/nid.pl\/wp-content\/uploads\/2023\/04\/MDOZ-Niemodlin-12-980x735.jpg 980w, https:\/\/nid.pl\/wp-content\/uploads\/2023\/04\/MDOZ-Niemodlin-12-480x360.jpg 480w\" sizes=\"(min-width: 0px) and (max-width: 480px) 480px, (min-width: 481px) and (max-width: 980px) 980px, (min-width: 981px) 1024px, 100vw\" \/><\/figure>\n<\/figure>","protected":false},"excerpt":{"rendered":"<p>Z okazji Mi\u0119dzynarodowego Dnia Ochrony Zabytk\u00f3w, w dniach 22-23 kwietnia na zamku w Niemodlinie odby\u0142y si\u0119 wojew\u00f3dzkie obchody tego \u015bwi\u0119ta. By\u0142a to r\u00f3wnie\u017c okazja do wr\u0119czenia odznak \u201eZa opiek\u0119 nad [&hellip;]<\/p>","protected":false},"author":7,"featured_media":11005,"comment_status":"open","ping_status":"open","sticky":false,"template":"","format":"standard","meta":{"_et_pb_use_builder":"off","_et_pb_old_content":"","_et_gb_content_width":"","_monsterinsights_skip_tracking":false,"_monsterinsights_sitenote_active":false,"_monsterinsights_sitenote_note":"","_monsterinsights_sitenote_category":0,"footnotes":""},"categories":[3,82],"tags":[],"class_list":["post-10995","post","type-post","status-publish","format-standard","has-post-thumbnail","hentry","category-aktualnosci","category-miedzynarodowy-dzien-ochrony-zabytkow"],"yoast_head":"<!-- This site is optimized with the Yoast SEO plugin v26.5 - https:\/\/yoast.com\/wordpress\/plugins\/seo\/ -->\n<title>Mi\u0119dzynarodowy Dzie\u0144 Ochrony Zabytk\u00f3w w Niemodlinie (woj. opolskie) - NID<\/title>\n<meta name=\"robots\" content=\"index, follow, max-snippet:-1, max-image-preview:large, max-video-preview:-1\" \/>\n<link rel=\"canonical\" href=\"https:\/\/nid.pl\/en\/2023\/04\/24\/miedzynarodowy-dzien-ochrony-zabytkow-w-niemodlinie-woj-opolskie\/\" \/>\n<meta property=\"og:locale\" content=\"en_GB\" \/>\n<meta property=\"og:type\" content=\"article\" \/>\n<meta property=\"og:title\" content=\"Mi\u0119dzynarodowy Dzie\u0144 Ochrony Zabytk\u00f3w w Niemodlinie (woj. opolskie) - NID\" \/>\n<meta property=\"og:description\" content=\"Z okazji Mi\u0119dzynarodowego Dnia Ochrony Zabytk\u00f3w, w dniach 22-23 kwietnia na zamku w Niemodlinie odby\u0142y si\u0119 wojew\u00f3dzkie obchody tego \u015bwi\u0119ta. By\u0142a to r\u00f3wnie\u017c okazja do wr\u0119czenia odznak \u201eZa opiek\u0119 nad [&hellip;]\" \/>\n<meta property=\"og:url\" content=\"https:\/\/nid.pl\/en\/2023\/04\/24\/miedzynarodowy-dzien-ochrony-zabytkow-w-niemodlinie-woj-opolskie\/\" \/>\n<meta property=\"og:site_name\" content=\"NID\" \/>\n<meta property=\"article:publisher\" content=\"https:\/\/www.facebook.com\/zabytek\" \/>\n<meta property=\"article:published_time\" content=\"2023-04-24T13:30:52+00:00\" \/>\n<meta property=\"article:modified_time\" content=\"2023-04-24T13:32:06+00:00\" \/>\n<meta property=\"og:image\" content=\"https:\/\/nid.pl\/wp-content\/uploads\/2023\/04\/MDOZ-Niemodlin-10.jpg\" \/>\n\t<meta property=\"og:image:width\" content=\"1024\" \/>\n\t<meta property=\"og:image:height\" content=\"768\" \/>\n\t<meta property=\"og:image:type\" content=\"image\/jpeg\" \/>\n<meta name=\"author\" content=\"Barbara Halliop\" \/>\n<meta name=\"twitter:card\" content=\"summary_large_image\" \/>\n<meta name=\"twitter:creator\" content=\"@NarIDpl\" \/>\n<meta name=\"twitter:site\" content=\"@NarIDpl\" \/>\n<meta name=\"twitter:label1\" content=\"Written by\" \/>\n\t<meta name=\"twitter:data1\" content=\"Barbara Halliop\" \/>\n\t<meta name=\"twitter:label2\" content=\"Estimated reading time\" \/>\n\t<meta name=\"twitter:data2\" content=\"5 minutes\" \/>\n<script type=\"application\/ld+json\" class=\"yoast-schema-graph\">{\"@context\":\"https:\/\/schema.org\",\"@graph\":[{\"@type\":\"Article\",\"@id\":\"https:\/\/nid.pl\/2023\/04\/24\/miedzynarodowy-dzien-ochrony-zabytkow-w-niemodlinie-woj-opolskie\/#article\",\"isPartOf\":{\"@id\":\"https:\/\/nid.pl\/2023\/04\/24\/miedzynarodowy-dzien-ochrony-zabytkow-w-niemodlinie-woj-opolskie\/\"},\"author\":{\"name\":\"Barbara Halliop\",\"@id\":\"https:\/\/nid.pl\/#\/schema\/person\/1b690a8998a5111cfb9f0ffe24195a15\"},\"headline\":\"Mi\u0119dzynarodowy Dzie\u0144 Ochrony Zabytk\u00f3w w Niemodlinie (woj. opolskie)\",\"datePublished\":\"2023-04-24T13:30:52+00:00\",\"dateModified\":\"2023-04-24T13:32:06+00:00\",\"mainEntityOfPage\":{\"@id\":\"https:\/\/nid.pl\/2023\/04\/24\/miedzynarodowy-dzien-ochrony-zabytkow-w-niemodlinie-woj-opolskie\/\"},\"wordCount\":806,\"commentCount\":0,\"publisher\":{\"@id\":\"https:\/\/nid.pl\/#organization\"},\"image\":{\"@id\":\"https:\/\/nid.pl\/2023\/04\/24\/miedzynarodowy-dzien-ochrony-zabytkow-w-niemodlinie-woj-opolskie\/#primaryimage\"},\"thumbnailUrl\":\"https:\/\/nid.pl\/wp-content\/uploads\/2023\/04\/MDOZ-Niemodlin-10.jpg\",\"articleSection\":[\"Aktualno\u015bci\",\"MDOZ\"],\"inLanguage\":\"en-GB\"},{\"@type\":\"WebPage\",\"@id\":\"https:\/\/nid.pl\/2023\/04\/24\/miedzynarodowy-dzien-ochrony-zabytkow-w-niemodlinie-woj-opolskie\/\",\"url\":\"https:\/\/nid.pl\/2023\/04\/24\/miedzynarodowy-dzien-ochrony-zabytkow-w-niemodlinie-woj-opolskie\/\",\"name\":\"Mi\u0119dzynarodowy Dzie\u0144 Ochrony Zabytk\u00f3w w Niemodlinie (woj. opolskie) - NID\",\"isPartOf\":{\"@id\":\"https:\/\/nid.pl\/#website\"},\"primaryImageOfPage\":{\"@id\":\"https:\/\/nid.pl\/2023\/04\/24\/miedzynarodowy-dzien-ochrony-zabytkow-w-niemodlinie-woj-opolskie\/#primaryimage\"},\"image\":{\"@id\":\"https:\/\/nid.pl\/2023\/04\/24\/miedzynarodowy-dzien-ochrony-zabytkow-w-niemodlinie-woj-opolskie\/#primaryimage\"},\"thumbnailUrl\":\"https:\/\/nid.pl\/wp-content\/uploads\/2023\/04\/MDOZ-Niemodlin-10.jpg\",\"datePublished\":\"2023-04-24T13:30:52+00:00\",\"dateModified\":\"2023-04-24T13:32:06+00:00\",\"breadcrumb\":{\"@id\":\"https:\/\/nid.pl\/2023\/04\/24\/miedzynarodowy-dzien-ochrony-zabytkow-w-niemodlinie-woj-opolskie\/#breadcrumb\"},\"inLanguage\":\"en-GB\",\"potentialAction\":[{\"@type\":\"ReadAction\",\"target\":[\"https:\/\/nid.pl\/2023\/04\/24\/miedzynarodowy-dzien-ochrony-zabytkow-w-niemodlinie-woj-opolskie\/\"]}]},{\"@type\":\"ImageObject\",\"inLanguage\":\"en-GB\",\"@id\":\"https:\/\/nid.pl\/2023\/04\/24\/miedzynarodowy-dzien-ochrony-zabytkow-w-niemodlinie-woj-opolskie\/#primaryimage\",\"url\":\"https:\/\/nid.pl\/wp-content\/uploads\/2023\/04\/MDOZ-Niemodlin-10.jpg\",\"contentUrl\":\"https:\/\/nid.pl\/wp-content\/uploads\/2023\/04\/MDOZ-Niemodlin-10.jpg\",\"width\":1024,\"height\":768,\"caption\":\"MDOZ Niemodlin\"},{\"@type\":\"BreadcrumbList\",\"@id\":\"https:\/\/nid.pl\/2023\/04\/24\/miedzynarodowy-dzien-ochrony-zabytkow-w-niemodlinie-woj-opolskie\/#breadcrumb\",\"itemListElement\":[{\"@type\":\"ListItem\",\"position\":1,\"name\":\"Home\",\"item\":\"https:\/\/nid.pl\/\"},{\"@type\":\"ListItem\",\"position\":2,\"name\":\"Mi\u0119dzynarodowy Dzie\u0144 Ochrony Zabytk\u00f3w w Niemodlinie (woj. opolskie)\"}]},{\"@type\":\"WebSite\",\"@id\":\"https:\/\/nid.pl\/#website\",\"url\":\"https:\/\/nid.pl\/\",\"name\":\"NID\",\"description\":\"Narodowy Instytut Dziedzictwa\",\"publisher\":{\"@id\":\"https:\/\/nid.pl\/#organization\"},\"potentialAction\":[{\"@type\":\"SearchAction\",\"target\":{\"@type\":\"EntryPoint\",\"urlTemplate\":\"https:\/\/nid.pl\/?s={search_term_string}\"},\"query-input\":{\"@type\":\"PropertyValueSpecification\",\"valueRequired\":true,\"valueName\":\"search_term_string\"}}],\"inLanguage\":\"en-GB\"},{\"@type\":\"Organization\",\"@id\":\"https:\/\/nid.pl\/#organization\",\"name\":\"Narodowy Instytut Dziedzictwa\",\"url\":\"https:\/\/nid.pl\/\",\"logo\":{\"@type\":\"ImageObject\",\"inLanguage\":\"en-GB\",\"@id\":\"https:\/\/nid.pl\/#\/schema\/logo\/image\/\",\"url\":\"https:\/\/nid.pl\/wp-content\/uploads\/2022\/10\/logoRedDark.png\",\"contentUrl\":\"https:\/\/nid.pl\/wp-content\/uploads\/2022\/10\/logoRedDark.png\",\"width\":200,\"height\":197,\"caption\":\"Narodowy Instytut Dziedzictwa\"},\"image\":{\"@id\":\"https:\/\/nid.pl\/#\/schema\/logo\/image\/\"},\"sameAs\":[\"https:\/\/www.facebook.com\/zabytek\",\"https:\/\/x.com\/NarIDpl\",\"https:\/\/www.instagram.com\/nid.pl\/?hl=pl\",\"https:\/\/www.linkedin.com\/company\/narodowy-instytut-dziedzictwa\",\"https:\/\/www.youtube.com\/channel\/UCQXuhKa2uHtmNvLRUSx40JA\"]},{\"@type\":\"Person\",\"@id\":\"https:\/\/nid.pl\/#\/schema\/person\/1b690a8998a5111cfb9f0ffe24195a15\",\"name\":\"Barbara Halliop\",\"image\":{\"@type\":\"ImageObject\",\"inLanguage\":\"en-GB\",\"@id\":\"https:\/\/nid.pl\/#\/schema\/person\/image\/\",\"url\":\"https:\/\/nid.pl\/wp-content\/litespeed\/avatar\/924046d17dd0c842c9fa9ccf489bc6dc.jpg?ver=1777444967\",\"contentUrl\":\"https:\/\/nid.pl\/wp-content\/litespeed\/avatar\/924046d17dd0c842c9fa9ccf489bc6dc.jpg?ver=1777444967\",\"caption\":\"Barbara Halliop\"},\"url\":\"https:\/\/nid.pl\/en\/author\/bhalliop\/\"}]}<\/script>\n<!-- \/ Yoast SEO plugin. -->","yoast_head_json":{"title":"Mi\u0119dzynarodowy Dzie\u0144 Ochrony Zabytk\u00f3w w Niemodlinie (woj. opolskie) - NID","robots":{"index":"index","follow":"follow","max-snippet":"max-snippet:-1","max-image-preview":"max-image-preview:large","max-video-preview":"max-video-preview:-1"},"canonical":"https:\/\/nid.pl\/en\/2023\/04\/24\/miedzynarodowy-dzien-ochrony-zabytkow-w-niemodlinie-woj-opolskie\/","og_locale":"en_GB","og_type":"article","og_title":"Mi\u0119dzynarodowy Dzie\u0144 Ochrony Zabytk\u00f3w w Niemodlinie (woj. opolskie) - NID","og_description":"Z okazji Mi\u0119dzynarodowego Dnia Ochrony Zabytk\u00f3w, w dniach 22-23 kwietnia na zamku w Niemodlinie odby\u0142y si\u0119 wojew\u00f3dzkie obchody tego \u015bwi\u0119ta. By\u0142a to r\u00f3wnie\u017c okazja do wr\u0119czenia odznak \u201eZa opiek\u0119 nad [&hellip;]","og_url":"https:\/\/nid.pl\/en\/2023\/04\/24\/miedzynarodowy-dzien-ochrony-zabytkow-w-niemodlinie-woj-opolskie\/","og_site_name":"NID","article_publisher":"https:\/\/www.facebook.com\/zabytek","article_published_time":"2023-04-24T13:30:52+00:00","article_modified_time":"2023-04-24T13:32:06+00:00","og_image":[{"width":1024,"height":768,"url":"https:\/\/nid.pl\/wp-content\/uploads\/2023\/04\/MDOZ-Niemodlin-10.jpg","type":"image\/jpeg"}],"author":"Barbara Halliop","twitter_card":"summary_large_image","twitter_creator":"@NarIDpl","twitter_site":"@NarIDpl","twitter_misc":{"Written by":"Barbara Halliop","Estimated reading time":"5 minutes"},"schema":{"@context":"https:\/\/schema.org","@graph":[{"@type":"Article","@id":"https:\/\/nid.pl\/2023\/04\/24\/miedzynarodowy-dzien-ochrony-zabytkow-w-niemodlinie-woj-opolskie\/#article","isPartOf":{"@id":"https:\/\/nid.pl\/2023\/04\/24\/miedzynarodowy-dzien-ochrony-zabytkow-w-niemodlinie-woj-opolskie\/"},"author":{"name":"Barbara Halliop","@id":"https:\/\/nid.pl\/#\/schema\/person\/1b690a8998a5111cfb9f0ffe24195a15"},"headline":"Mi\u0119dzynarodowy Dzie\u0144 Ochrony Zabytk\u00f3w w Niemodlinie (woj. opolskie)","datePublished":"2023-04-24T13:30:52+00:00","dateModified":"2023-04-24T13:32:06+00:00","mainEntityOfPage":{"@id":"https:\/\/nid.pl\/2023\/04\/24\/miedzynarodowy-dzien-ochrony-zabytkow-w-niemodlinie-woj-opolskie\/"},"wordCount":806,"commentCount":0,"publisher":{"@id":"https:\/\/nid.pl\/#organization"},"image":{"@id":"https:\/\/nid.pl\/2023\/04\/24\/miedzynarodowy-dzien-ochrony-zabytkow-w-niemodlinie-woj-opolskie\/#primaryimage"},"thumbnailUrl":"https:\/\/nid.pl\/wp-content\/uploads\/2023\/04\/MDOZ-Niemodlin-10.jpg","articleSection":["Aktualno\u015bci","MDOZ"],"inLanguage":"en-GB"},{"@type":"WebPage","@id":"https:\/\/nid.pl\/2023\/04\/24\/miedzynarodowy-dzien-ochrony-zabytkow-w-niemodlinie-woj-opolskie\/","url":"https:\/\/nid.pl\/2023\/04\/24\/miedzynarodowy-dzien-ochrony-zabytkow-w-niemodlinie-woj-opolskie\/","name":"Mi\u0119dzynarodowy Dzie\u0144 Ochrony Zabytk\u00f3w w Niemodlinie (woj. opolskie) - NID","isPartOf":{"@id":"https:\/\/nid.pl\/#website"},"primaryImageOfPage":{"@id":"https:\/\/nid.pl\/2023\/04\/24\/miedzynarodowy-dzien-ochrony-zabytkow-w-niemodlinie-woj-opolskie\/#primaryimage"},"image":{"@id":"https:\/\/nid.pl\/2023\/04\/24\/miedzynarodowy-dzien-ochrony-zabytkow-w-niemodlinie-woj-opolskie\/#primaryimage"},"thumbnailUrl":"https:\/\/nid.pl\/wp-content\/uploads\/2023\/04\/MDOZ-Niemodlin-10.jpg","datePublished":"2023-04-24T13:30:52+00:00","dateModified":"2023-04-24T13:32:06+00:00","breadcrumb":{"@id":"https:\/\/nid.pl\/2023\/04\/24\/miedzynarodowy-dzien-ochrony-zabytkow-w-niemodlinie-woj-opolskie\/#breadcrumb"},"inLanguage":"en-GB","potentialAction":[{"@type":"ReadAction","target":["https:\/\/nid.pl\/2023\/04\/24\/miedzynarodowy-dzien-ochrony-zabytkow-w-niemodlinie-woj-opolskie\/"]}]},{"@type":"ImageObject","inLanguage":"en-GB","@id":"https:\/\/nid.pl\/2023\/04\/24\/miedzynarodowy-dzien-ochrony-zabytkow-w-niemodlinie-woj-opolskie\/#primaryimage","url":"https:\/\/nid.pl\/wp-content\/uploads\/2023\/04\/MDOZ-Niemodlin-10.jpg","contentUrl":"https:\/\/nid.pl\/wp-content\/uploads\/2023\/04\/MDOZ-Niemodlin-10.jpg","width":1024,"height":768,"caption":"MDOZ Niemodlin"},{"@type":"BreadcrumbList","@id":"https:\/\/nid.pl\/2023\/04\/24\/miedzynarodowy-dzien-ochrony-zabytkow-w-niemodlinie-woj-opolskie\/#breadcrumb","itemListElement":[{"@type":"ListItem","position":1,"name":"Home","item":"https:\/\/nid.pl\/"},{"@type":"ListItem","position":2,"name":"Mi\u0119dzynarodowy Dzie\u0144 Ochrony Zabytk\u00f3w w Niemodlinie (woj. opolskie)"}]},{"@type":"WebSite","@id":"https:\/\/nid.pl\/#website","url":"https:\/\/nid.pl\/","name":"NID","description":"Narodowy Instytut Dziedzictwa","publisher":{"@id":"https:\/\/nid.pl\/#organization"},"potentialAction":[{"@type":"SearchAction","target":{"@type":"EntryPoint","urlTemplate":"https:\/\/nid.pl\/?s={search_term_string}"},"query-input":{"@type":"PropertyValueSpecification","valueRequired":true,"valueName":"search_term_string"}}],"inLanguage":"en-GB"},{"@type":"Organization","@id":"https:\/\/nid.pl\/#organization","name":"Narodowy Instytut Dziedzictwa","url":"https:\/\/nid.pl\/","logo":{"@type":"ImageObject","inLanguage":"en-GB","@id":"https:\/\/nid.pl\/#\/schema\/logo\/image\/","url":"https:\/\/nid.pl\/wp-content\/uploads\/2022\/10\/logoRedDark.png","contentUrl":"https:\/\/nid.pl\/wp-content\/uploads\/2022\/10\/logoRedDark.png","width":200,"height":197,"caption":"Narodowy Instytut Dziedzictwa"},"image":{"@id":"https:\/\/nid.pl\/#\/schema\/logo\/image\/"},"sameAs":["https:\/\/www.facebook.com\/zabytek","https:\/\/x.com\/NarIDpl","https:\/\/www.instagram.com\/nid.pl\/?hl=pl","https:\/\/www.linkedin.com\/company\/narodowy-instytut-dziedzictwa","https:\/\/www.youtube.com\/channel\/UCQXuhKa2uHtmNvLRUSx40JA"]},{"@type":"Person","@id":"https:\/\/nid.pl\/#\/schema\/person\/1b690a8998a5111cfb9f0ffe24195a15","name":"Barbara Halliop","image":{"@type":"ImageObject","inLanguage":"en-GB","@id":"https:\/\/nid.pl\/#\/schema\/person\/image\/","url":"https:\/\/nid.pl\/wp-content\/litespeed\/avatar\/924046d17dd0c842c9fa9ccf489bc6dc.jpg?ver=1777444967","contentUrl":"https:\/\/nid.pl\/wp-content\/litespeed\/avatar\/924046d17dd0c842c9fa9ccf489bc6dc.jpg?ver=1777444967","caption":"Barbara Halliop"},"url":"https:\/\/nid.pl\/en\/author\/bhalliop\/"}]}},"_links":{"self":[{"href":"https:\/\/nid.pl\/en\/wp-json\/wp\/v2\/posts\/10995","targetHints":{"allow":["GET"]}}],"collection":[{"href":"https:\/\/nid.pl\/en\/wp-json\/wp\/v2\/posts"}],"about":[{"href":"https:\/\/nid.pl\/en\/wp-json\/wp\/v2\/types\/post"}],"author":[{"embeddable":true,"href":"https:\/\/nid.pl\/en\/wp-json\/wp\/v2\/users\/7"}],"replies":[{"embeddable":true,"href":"https:\/\/nid.pl\/en\/wp-json\/wp\/v2\/comments?post=10995"}],"version-history":[{"count":0,"href":"https:\/\/nid.pl\/en\/wp-json\/wp\/v2\/posts\/10995\/revisions"}],"wp:featuredmedia":[{"embeddable":true,"href":"https:\/\/nid.pl\/en\/wp-json\/wp\/v2\/media\/11005"}],"wp:attachment":[{"href":"https:\/\/nid.pl\/en\/wp-json\/wp\/v2\/media?parent=10995"}],"wp:term":[{"taxonomy":"category","embeddable":true,"href":"https:\/\/nid.pl\/en\/wp-json\/wp\/v2\/categories?post=10995"},{"taxonomy":"post_tag","embeddable":true,"href":"https:\/\/nid.pl\/en\/wp-json\/wp\/v2\/tags?post=10995"}],"curies":[{"name":"wp","href":"https:\/\/api.w.org\/{rel}","templated":true}]}}