{"id":10755,"date":"2023-04-14T15:53:19","date_gmt":"2023-04-14T13:53:19","guid":{"rendered":"https:\/\/nid.pl\/?p=10755"},"modified":"2023-05-11T11:22:19","modified_gmt":"2023-05-11T09:22:19","slug":"miedzynarodowy-dzien-ochrony-zabytkow-18-kwietnia-transmisja-online","status":"publish","type":"post","link":"https:\/\/nid.pl\/en\/2023\/04\/14\/miedzynarodowy-dzien-ochrony-zabytkow-18-kwietnia-transmisja-online\/","title":{"rendered":"G\u0142\u00f3wne obchody Mi\u0119dzynarodowego Dnia Ochrony Zabytk\u00f3w \u2013 transmisja online!"},"content":{"rendered":"<p><strong>Zapraszamy na transmisj\u0119 z g\u0142\u00f3wnych obchod\u00f3w Mi\u0119dzynarodowego Dnia Ochrony Zabytk\u00f3w, kt\u00f3re odb\u0119d\u0105 si\u0119 w \u0141a\u0144cucie. Wtorek \u2013 18 kwietnia \u2013 godz. 15:00.<\/strong><\/p>\n\n\n\n<p>Mi\u0119dzynarodowy Dzie\u0144 Ochrony Zabytk\u00f3w, obchodzony na ca\u0142ym \u015bwiecie 18 kwietnia, ustanowiony zosta\u0142 przez Komitet Wykonawczy Mi\u0119dzynarodowej Rady Ochrony Zabytk\u00f3w ICOMOS w 1983 roku i wpisany przez UNESCO do rejestru wa\u017cnych dat o znaczeniu dla ca\u0142ego \u015bwiata.<\/p>\n\n\n\n<p><strong>Mi\u0119dzynarodowy Dzie\u0144 Ochrony Zabytk\u00f3w w \u0141a\u0144cucie<\/strong><\/p>\n\n\n\n<p>W \u0141a\u0144cucie odb\u0119d\u0105 si\u0119 g\u0142\u00f3wne obchody Mi\u0119dzynarodowego Dnia Ochrony Zabytk\u00f3w, kt\u00f3remu towarzyszy\u0107 b\u0119dzie wernisa\u017c wystawy <strong>\u201eSkarby drewnianej architektury sakralnej. Ko\u015bcio\u0142y i cerkwie na Li\u015bcie \u015bwiatowego dziedzictwa UNESCO\u201d<\/strong> (dost\u0119pna online od 18.04). Podczas spotkania planowany jest panel dyskusyjny na temat aktualnych wyzwa\u0144 ochrony obiekt\u00f3w architektury drewnianej wpisanych na List\u0119 \u015bwiatowego dziedzictwa UNESCO. W tym roku obchodzimy jubileusz 20-lecia wpisu na List\u0119 \u015bwiatowego dziedzictwa UNESCO Drewnianych ko\u015bcio\u0142\u00f3w Po\u0142udniowej Ma\u0142opolski oraz 10-lecie wpisu Drewnianych cerkwi w polskim i ukrai\u0144skim regionie Karpat. Z tego wzgl\u0119du ju\u017c w ubieg\u0142ym roku \u0141a\u0144cut zosta\u0142 wybrany na wsp\u00f3lne polsko-ukrai\u0144skie obchody mi\u0119dzynarodowego \u015bwi\u0119ta zabytk\u00f3w. W wydarzeniu udzia\u0142 wezm\u0105 przedstawiciele Ministerstwa Kultury i Polityki Informacyjnej Ukrainy oraz opiekunowie zabytkowych cerkwi wpisanych na List\u0119 UNESCO. Przygotowanie wsp\u00f3lnego, polsko-ukrai\u0144skiego wpisu by\u0142o wyj\u0105tkowo skomplikowanym procesem, kt\u00f3ry uda\u0142o si\u0119 przeprowadzi\u0107 dzi\u0119ki wieloletniej wsp\u00f3\u0142pracy polskich i ukrai\u0144skich specjalist\u00f3w, realizowanej przez NID (wcze\u015bniej KOBiDZ). Wyniki wsp\u00f3lnych dzia\u0142a\u0144 pokazane zosta\u0142y na wystawie o drewnianej architekturze sakralnej, kt\u00f3ra b\u0119dzie r\u00f3wnie\u017c eksponowana w Rzeszowie, Sanoku i Gorlicach.<\/p>\n\n\n\n<p>Transmisja ze spotkania na kanale <a href=\"https:\/\/www.youtube.com\/watch?v=NkDRr1mYLc8\">YouTube NID<\/a>.\u00a0<\/p>\n\n\n\n<p><strong>Agenda Mi\u0119dzynarodowego Dnia Ochrony Zabytk\u00f3w \u2013 \u0141a\u0144cut 2023<\/strong><\/p>\n\n\n\n<p><strong>Godz. 11.00 &#8211; Ceremonia prezentacji oznakowania starego cmentarza \u017cydowskiego w \u0141a\u0144cucie przy ul. Moniuszki 15.<\/strong> W przeddzie\u0144 80. rocznicy wybuchu powstania w getcie warszawskim, pragniemy przypomnie\u0107 o losach i dziedzictwie kulturowym \u017cydowskich mieszka\u0144c\u00f3w \u0141a\u0144cuta. Cmentarz jest w\u0142asno\u015bci\u0105 Fundacji Ochrony Dziedzictwa \u017bydowskiego. W uroczysto\u015bci udzia\u0142 wezm\u0105 przedstawiciele instytucji oraz organizacji zaanga\u017cowanych w upami\u0119tnianie cmentarzy \u017cydowskich, kt\u00f3re odbywa si\u0119 w ramach programu \u201eOznakowanie cmentarzy \u017cydowskich na terenie Rzeczypospolitej Polskiej\u201d.<\/p>\n\n\n\n<p><strong>Godz. 15:00 <\/strong>\u2013 <strong>Otwarcie Mi\u0119dzynarodowego Dnia Ochrony Zabytk\u00f3w \u2013 <strong><a href=\"https:\/\/www.youtube.com\/watch?v=NkDRr1mYLc8\" target=\"_blank\" rel=\"noreferrer noopener\">transmisja online<\/a><\/strong><\/strong><br>Wr\u0119czenie odznacze\u0144 dla s\u0142u\u017cb konserwatorskich i pracownik\u00f3w Narodowego Instytutu Dziedzictwa: Medale Stulecia Odzyskanej Niepodleg\u0142o\u015bci, Prezydenta Rzeczypospolitej Polskiej oraz Odznaki \u201eZa opiek\u0119 nad zabytkami\u201d Ministra Kultury i Dziedzictwa Narodowego.<\/p>\n\n\n\n<p><strong>Wyst\u0105pienia:<\/strong><br>\u2022 <strong>Dr Jaros\u0142aw Sellin<\/strong> \u2013 Sekretarz Stanu w Ministerstwie Kultury i Dziedzictwa Narodowego, Generalny Konserwator Zabytk\u00f3w<br>\u2022 <strong>Prof. Bogumi\u0142a Rouba<\/strong> &#8211; Przewodnicz\u0105ca Rady Ochrony Zabytk\u00f3w przy MKiDN<br>\u2022 <strong>Dr hab. Katarzyna Zalasi\u0144ska<\/strong> \u2013 Dyrektor Narodowego Instytutu Dziedzictwa<br>\u2022 <strong>Krzysztof \u017baba<\/strong> \u2013 p.o. Dyrektora Muzeum Zamek w \u0141a\u0144cucie<\/p>\n\n\n\n<p><strong>Wyst\u0105pienia programowe:<\/strong><br><strong>\u2022 Postulaty zmian w polityce konserwatorskiej w zakresie \u015bwiatowego dziedzictwa UNESCO<\/strong>. Jakub Wi\u015bniewski, Zast\u0119pca Dyrektora Departamentu Ochrony Zabyt\u00f3w, Ministerstwo Kultury i Dziedzictwa Narodowego<br><strong>\u2022 \u017bywe dziedzictwo \u2013 ochrona niematerialnego dziedzictwa kulturowego w Polsce.<\/strong> Joanna Cicha-Kuczy\u0144ska, Radca ds. UNESCO, Departament Ochrony Zabytk\u00f3w, Ministerstwo Kultury i Dziedzictwa Narodowego<\/p>\n\n\n\n<p>Godz. 16.30 przerwa<\/p>\n\n\n\n<p><strong>Godz. 17.00 &#8211; Panel dyskusyjny \u201eAktualne wyzwania ochrony obiekt\u00f3w architektury drewnianej wpisanych na List\u0119 \u015awiatowego Dziedzictwa UNESCO\u201d<\/strong><br>Moderator: dr hab. Monika Bogdanowska, Zast\u0119pca Dyrektora Narodowego Instytutu Dziedzictwa<\/p>\n\n\n\n<p>Uczestnicy:<br>\u2022 Beata Kot Podkarpacki Wojew\u00f3dzki Konserwator Zabytk\u00f3w<br>\u2022 Dr in\u017c. arch. Piotr Turkiewicz Ma\u0142opolski Wojew\u00f3dzki Konserwator Zabytk\u00f3w<br>\u2022 Ks. mitrat Julian Felenczak, proboszcz prawos\u0142awnej parafii w Morochowie, dziekan sanocki<\/p>\n\n\n\n<p><strong>Godz. 17.45 &#8211; Zaproszenie do wizyty w Zespole Cerkiewnym w Radru\u017cu, <\/strong>Piotr Zubowski \u2013 Dyrektor Muzeum Kres\u00f3w w Lubaczowie<\/p>","protected":false},"excerpt":{"rendered":"<p>Zapraszamy na transmisj\u0119 z g\u0142\u00f3wnych obchod\u00f3w Mi\u0119dzynarodowego Dnia Ochrony Zabytk\u00f3w, kt\u00f3re odb\u0119d\u0105 si\u0119 w \u0141a\u0144cucie. Wtorek \u2013 18 kwietnia \u2013 godz. 15:00. Mi\u0119dzynarodowy Dzie\u0144 Ochrony Zabytk\u00f3w, obchodzony na ca\u0142ym \u015bwiecie [&hellip;]<\/p>","protected":false},"author":7,"featured_media":10752,"comment_status":"open","ping_status":"open","sticky":false,"template":"","format":"standard","meta":{"_et_pb_use_builder":"off","_et_pb_old_content":"","_et_gb_content_width":"","_monsterinsights_skip_tracking":false,"_monsterinsights_sitenote_active":false,"_monsterinsights_sitenote_note":"","_monsterinsights_sitenote_category":0,"footnotes":""},"categories":[3,82],"tags":[],"class_list":["post-10755","post","type-post","status-publish","format-standard","has-post-thumbnail","hentry","category-aktualnosci","category-miedzynarodowy-dzien-ochrony-zabytkow"],"yoast_head":"<!-- This site is optimized with the Yoast SEO plugin v26.5 - https:\/\/yoast.com\/wordpress\/plugins\/seo\/ -->\n<title>G\u0142\u00f3wne obchody Mi\u0119dzynarodowego Dnia Ochrony Zabytk\u00f3w \u2013 transmisja online! - NID<\/title>\n<meta name=\"robots\" content=\"index, follow, max-snippet:-1, max-image-preview:large, max-video-preview:-1\" \/>\n<link rel=\"canonical\" href=\"https:\/\/nid.pl\/en\/2023\/04\/14\/miedzynarodowy-dzien-ochrony-zabytkow-18-kwietnia-transmisja-online\/\" \/>\n<meta property=\"og:locale\" content=\"en_GB\" \/>\n<meta property=\"og:type\" content=\"article\" \/>\n<meta property=\"og:title\" content=\"G\u0142\u00f3wne obchody Mi\u0119dzynarodowego Dnia Ochrony Zabytk\u00f3w \u2013 transmisja online! - NID\" \/>\n<meta property=\"og:description\" content=\"Zapraszamy na transmisj\u0119 z g\u0142\u00f3wnych obchod\u00f3w Mi\u0119dzynarodowego Dnia Ochrony Zabytk\u00f3w, kt\u00f3re odb\u0119d\u0105 si\u0119 w \u0141a\u0144cucie. Wtorek \u2013 18 kwietnia \u2013 godz. 15:00. Mi\u0119dzynarodowy Dzie\u0144 Ochrony Zabytk\u00f3w, obchodzony na ca\u0142ym \u015bwiecie [&hellip;]\" \/>\n<meta property=\"og:url\" content=\"https:\/\/nid.pl\/en\/2023\/04\/14\/miedzynarodowy-dzien-ochrony-zabytkow-18-kwietnia-transmisja-online\/\" \/>\n<meta property=\"og:site_name\" content=\"NID\" \/>\n<meta property=\"article:publisher\" content=\"https:\/\/www.facebook.com\/zabytek\" \/>\n<meta property=\"article:published_time\" content=\"2023-04-14T13:53:19+00:00\" \/>\n<meta property=\"article:modified_time\" content=\"2023-05-11T09:22:19+00:00\" \/>\n<meta property=\"og:image\" content=\"https:\/\/nid.pl\/wp-content\/uploads\/2023\/04\/miniaturka-MDOZ-Lancut.png\" \/>\n\t<meta property=\"og:image:width\" content=\"1857\" \/>\n\t<meta property=\"og:image:height\" content=\"1238\" \/>\n\t<meta property=\"og:image:type\" content=\"image\/png\" \/>\n<meta name=\"author\" content=\"Barbara Halliop\" \/>\n<meta name=\"twitter:card\" content=\"summary_large_image\" \/>\n<meta name=\"twitter:creator\" content=\"@NarIDpl\" \/>\n<meta name=\"twitter:site\" content=\"@NarIDpl\" \/>\n<meta name=\"twitter:label1\" content=\"Written by\" \/>\n\t<meta name=\"twitter:data1\" content=\"Barbara Halliop\" \/>\n\t<meta name=\"twitter:label2\" content=\"Estimated reading time\" \/>\n\t<meta name=\"twitter:data2\" content=\"3 minutes\" \/>\n<script type=\"application\/ld+json\" class=\"yoast-schema-graph\">{\"@context\":\"https:\/\/schema.org\",\"@graph\":[{\"@type\":\"Article\",\"@id\":\"https:\/\/nid.pl\/2023\/04\/14\/miedzynarodowy-dzien-ochrony-zabytkow-18-kwietnia-transmisja-online\/#article\",\"isPartOf\":{\"@id\":\"https:\/\/nid.pl\/2023\/04\/14\/miedzynarodowy-dzien-ochrony-zabytkow-18-kwietnia-transmisja-online\/\"},\"author\":{\"name\":\"Barbara Halliop\",\"@id\":\"https:\/\/nid.pl\/#\/schema\/person\/1b690a8998a5111cfb9f0ffe24195a15\"},\"headline\":\"G\u0142\u00f3wne obchody Mi\u0119dzynarodowego Dnia Ochrony Zabytk\u00f3w \u2013 transmisja online!\",\"datePublished\":\"2023-04-14T13:53:19+00:00\",\"dateModified\":\"2023-05-11T09:22:19+00:00\",\"mainEntityOfPage\":{\"@id\":\"https:\/\/nid.pl\/2023\/04\/14\/miedzynarodowy-dzien-ochrony-zabytkow-18-kwietnia-transmisja-online\/\"},\"wordCount\":602,\"commentCount\":0,\"publisher\":{\"@id\":\"https:\/\/nid.pl\/#organization\"},\"image\":{\"@id\":\"https:\/\/nid.pl\/2023\/04\/14\/miedzynarodowy-dzien-ochrony-zabytkow-18-kwietnia-transmisja-online\/#primaryimage\"},\"thumbnailUrl\":\"https:\/\/nid.pl\/wp-content\/uploads\/2023\/04\/miniaturka-MDOZ-Lancut.png\",\"articleSection\":[\"Aktualno\u015bci\",\"MDOZ\"],\"inLanguage\":\"en-GB\"},{\"@type\":\"WebPage\",\"@id\":\"https:\/\/nid.pl\/2023\/04\/14\/miedzynarodowy-dzien-ochrony-zabytkow-18-kwietnia-transmisja-online\/\",\"url\":\"https:\/\/nid.pl\/2023\/04\/14\/miedzynarodowy-dzien-ochrony-zabytkow-18-kwietnia-transmisja-online\/\",\"name\":\"G\u0142\u00f3wne obchody Mi\u0119dzynarodowego Dnia Ochrony Zabytk\u00f3w \u2013 transmisja online! - NID\",\"isPartOf\":{\"@id\":\"https:\/\/nid.pl\/#website\"},\"primaryImageOfPage\":{\"@id\":\"https:\/\/nid.pl\/2023\/04\/14\/miedzynarodowy-dzien-ochrony-zabytkow-18-kwietnia-transmisja-online\/#primaryimage\"},\"image\":{\"@id\":\"https:\/\/nid.pl\/2023\/04\/14\/miedzynarodowy-dzien-ochrony-zabytkow-18-kwietnia-transmisja-online\/#primaryimage\"},\"thumbnailUrl\":\"https:\/\/nid.pl\/wp-content\/uploads\/2023\/04\/miniaturka-MDOZ-Lancut.png\",\"datePublished\":\"2023-04-14T13:53:19+00:00\",\"dateModified\":\"2023-05-11T09:22:19+00:00\",\"breadcrumb\":{\"@id\":\"https:\/\/nid.pl\/2023\/04\/14\/miedzynarodowy-dzien-ochrony-zabytkow-18-kwietnia-transmisja-online\/#breadcrumb\"},\"inLanguage\":\"en-GB\",\"potentialAction\":[{\"@type\":\"ReadAction\",\"target\":[\"https:\/\/nid.pl\/2023\/04\/14\/miedzynarodowy-dzien-ochrony-zabytkow-18-kwietnia-transmisja-online\/\"]}]},{\"@type\":\"ImageObject\",\"inLanguage\":\"en-GB\",\"@id\":\"https:\/\/nid.pl\/2023\/04\/14\/miedzynarodowy-dzien-ochrony-zabytkow-18-kwietnia-transmisja-online\/#primaryimage\",\"url\":\"https:\/\/nid.pl\/wp-content\/uploads\/2023\/04\/miniaturka-MDOZ-Lancut.png\",\"contentUrl\":\"https:\/\/nid.pl\/wp-content\/uploads\/2023\/04\/miniaturka-MDOZ-Lancut.png\",\"width\":1857,\"height\":1238,\"caption\":\"miniaturka MDOZ Lancut\"},{\"@type\":\"BreadcrumbList\",\"@id\":\"https:\/\/nid.pl\/2023\/04\/14\/miedzynarodowy-dzien-ochrony-zabytkow-18-kwietnia-transmisja-online\/#breadcrumb\",\"itemListElement\":[{\"@type\":\"ListItem\",\"position\":1,\"name\":\"Home\",\"item\":\"https:\/\/nid.pl\/\"},{\"@type\":\"ListItem\",\"position\":2,\"name\":\"G\u0142\u00f3wne obchody Mi\u0119dzynarodowego Dnia Ochrony Zabytk\u00f3w \u2013 transmisja online!\"}]},{\"@type\":\"WebSite\",\"@id\":\"https:\/\/nid.pl\/#website\",\"url\":\"https:\/\/nid.pl\/\",\"name\":\"NID\",\"description\":\"Narodowy Instytut Dziedzictwa\",\"publisher\":{\"@id\":\"https:\/\/nid.pl\/#organization\"},\"potentialAction\":[{\"@type\":\"SearchAction\",\"target\":{\"@type\":\"EntryPoint\",\"urlTemplate\":\"https:\/\/nid.pl\/?s={search_term_string}\"},\"query-input\":{\"@type\":\"PropertyValueSpecification\",\"valueRequired\":true,\"valueName\":\"search_term_string\"}}],\"inLanguage\":\"en-GB\"},{\"@type\":\"Organization\",\"@id\":\"https:\/\/nid.pl\/#organization\",\"name\":\"Narodowy Instytut Dziedzictwa\",\"url\":\"https:\/\/nid.pl\/\",\"logo\":{\"@type\":\"ImageObject\",\"inLanguage\":\"en-GB\",\"@id\":\"https:\/\/nid.pl\/#\/schema\/logo\/image\/\",\"url\":\"https:\/\/nid.pl\/wp-content\/uploads\/2022\/10\/logoRedDark.png\",\"contentUrl\":\"https:\/\/nid.pl\/wp-content\/uploads\/2022\/10\/logoRedDark.png\",\"width\":200,\"height\":197,\"caption\":\"Narodowy Instytut Dziedzictwa\"},\"image\":{\"@id\":\"https:\/\/nid.pl\/#\/schema\/logo\/image\/\"},\"sameAs\":[\"https:\/\/www.facebook.com\/zabytek\",\"https:\/\/x.com\/NarIDpl\",\"https:\/\/www.instagram.com\/nid.pl\/?hl=pl\",\"https:\/\/www.linkedin.com\/company\/narodowy-instytut-dziedzictwa\",\"https:\/\/www.youtube.com\/channel\/UCQXuhKa2uHtmNvLRUSx40JA\"]},{\"@type\":\"Person\",\"@id\":\"https:\/\/nid.pl\/#\/schema\/person\/1b690a8998a5111cfb9f0ffe24195a15\",\"name\":\"Barbara Halliop\",\"image\":{\"@type\":\"ImageObject\",\"inLanguage\":\"en-GB\",\"@id\":\"https:\/\/nid.pl\/#\/schema\/person\/image\/\",\"url\":\"https:\/\/nid.pl\/wp-content\/litespeed\/avatar\/924046d17dd0c842c9fa9ccf489bc6dc.jpg?ver=1777444967\",\"contentUrl\":\"https:\/\/nid.pl\/wp-content\/litespeed\/avatar\/924046d17dd0c842c9fa9ccf489bc6dc.jpg?ver=1777444967\",\"caption\":\"Barbara Halliop\"},\"url\":\"https:\/\/nid.pl\/en\/author\/bhalliop\/\"}]}<\/script>\n<!-- \/ Yoast SEO plugin. -->","yoast_head_json":{"title":"G\u0142\u00f3wne obchody Mi\u0119dzynarodowego Dnia Ochrony Zabytk\u00f3w \u2013 transmisja online! - NID","robots":{"index":"index","follow":"follow","max-snippet":"max-snippet:-1","max-image-preview":"max-image-preview:large","max-video-preview":"max-video-preview:-1"},"canonical":"https:\/\/nid.pl\/en\/2023\/04\/14\/miedzynarodowy-dzien-ochrony-zabytkow-18-kwietnia-transmisja-online\/","og_locale":"en_GB","og_type":"article","og_title":"G\u0142\u00f3wne obchody Mi\u0119dzynarodowego Dnia Ochrony Zabytk\u00f3w \u2013 transmisja online! - NID","og_description":"Zapraszamy na transmisj\u0119 z g\u0142\u00f3wnych obchod\u00f3w Mi\u0119dzynarodowego Dnia Ochrony Zabytk\u00f3w, kt\u00f3re odb\u0119d\u0105 si\u0119 w \u0141a\u0144cucie. Wtorek \u2013 18 kwietnia \u2013 godz. 15:00. Mi\u0119dzynarodowy Dzie\u0144 Ochrony Zabytk\u00f3w, obchodzony na ca\u0142ym \u015bwiecie [&hellip;]","og_url":"https:\/\/nid.pl\/en\/2023\/04\/14\/miedzynarodowy-dzien-ochrony-zabytkow-18-kwietnia-transmisja-online\/","og_site_name":"NID","article_publisher":"https:\/\/www.facebook.com\/zabytek","article_published_time":"2023-04-14T13:53:19+00:00","article_modified_time":"2023-05-11T09:22:19+00:00","og_image":[{"width":1857,"height":1238,"url":"https:\/\/nid.pl\/wp-content\/uploads\/2023\/04\/miniaturka-MDOZ-Lancut.png","type":"image\/png"}],"author":"Barbara Halliop","twitter_card":"summary_large_image","twitter_creator":"@NarIDpl","twitter_site":"@NarIDpl","twitter_misc":{"Written by":"Barbara Halliop","Estimated reading time":"3 minutes"},"schema":{"@context":"https:\/\/schema.org","@graph":[{"@type":"Article","@id":"https:\/\/nid.pl\/2023\/04\/14\/miedzynarodowy-dzien-ochrony-zabytkow-18-kwietnia-transmisja-online\/#article","isPartOf":{"@id":"https:\/\/nid.pl\/2023\/04\/14\/miedzynarodowy-dzien-ochrony-zabytkow-18-kwietnia-transmisja-online\/"},"author":{"name":"Barbara Halliop","@id":"https:\/\/nid.pl\/#\/schema\/person\/1b690a8998a5111cfb9f0ffe24195a15"},"headline":"G\u0142\u00f3wne obchody Mi\u0119dzynarodowego Dnia Ochrony Zabytk\u00f3w \u2013 transmisja online!","datePublished":"2023-04-14T13:53:19+00:00","dateModified":"2023-05-11T09:22:19+00:00","mainEntityOfPage":{"@id":"https:\/\/nid.pl\/2023\/04\/14\/miedzynarodowy-dzien-ochrony-zabytkow-18-kwietnia-transmisja-online\/"},"wordCount":602,"commentCount":0,"publisher":{"@id":"https:\/\/nid.pl\/#organization"},"image":{"@id":"https:\/\/nid.pl\/2023\/04\/14\/miedzynarodowy-dzien-ochrony-zabytkow-18-kwietnia-transmisja-online\/#primaryimage"},"thumbnailUrl":"https:\/\/nid.pl\/wp-content\/uploads\/2023\/04\/miniaturka-MDOZ-Lancut.png","articleSection":["Aktualno\u015bci","MDOZ"],"inLanguage":"en-GB"},{"@type":"WebPage","@id":"https:\/\/nid.pl\/2023\/04\/14\/miedzynarodowy-dzien-ochrony-zabytkow-18-kwietnia-transmisja-online\/","url":"https:\/\/nid.pl\/2023\/04\/14\/miedzynarodowy-dzien-ochrony-zabytkow-18-kwietnia-transmisja-online\/","name":"G\u0142\u00f3wne obchody Mi\u0119dzynarodowego Dnia Ochrony Zabytk\u00f3w \u2013 transmisja online! - NID","isPartOf":{"@id":"https:\/\/nid.pl\/#website"},"primaryImageOfPage":{"@id":"https:\/\/nid.pl\/2023\/04\/14\/miedzynarodowy-dzien-ochrony-zabytkow-18-kwietnia-transmisja-online\/#primaryimage"},"image":{"@id":"https:\/\/nid.pl\/2023\/04\/14\/miedzynarodowy-dzien-ochrony-zabytkow-18-kwietnia-transmisja-online\/#primaryimage"},"thumbnailUrl":"https:\/\/nid.pl\/wp-content\/uploads\/2023\/04\/miniaturka-MDOZ-Lancut.png","datePublished":"2023-04-14T13:53:19+00:00","dateModified":"2023-05-11T09:22:19+00:00","breadcrumb":{"@id":"https:\/\/nid.pl\/2023\/04\/14\/miedzynarodowy-dzien-ochrony-zabytkow-18-kwietnia-transmisja-online\/#breadcrumb"},"inLanguage":"en-GB","potentialAction":[{"@type":"ReadAction","target":["https:\/\/nid.pl\/2023\/04\/14\/miedzynarodowy-dzien-ochrony-zabytkow-18-kwietnia-transmisja-online\/"]}]},{"@type":"ImageObject","inLanguage":"en-GB","@id":"https:\/\/nid.pl\/2023\/04\/14\/miedzynarodowy-dzien-ochrony-zabytkow-18-kwietnia-transmisja-online\/#primaryimage","url":"https:\/\/nid.pl\/wp-content\/uploads\/2023\/04\/miniaturka-MDOZ-Lancut.png","contentUrl":"https:\/\/nid.pl\/wp-content\/uploads\/2023\/04\/miniaturka-MDOZ-Lancut.png","width":1857,"height":1238,"caption":"miniaturka MDOZ Lancut"},{"@type":"BreadcrumbList","@id":"https:\/\/nid.pl\/2023\/04\/14\/miedzynarodowy-dzien-ochrony-zabytkow-18-kwietnia-transmisja-online\/#breadcrumb","itemListElement":[{"@type":"ListItem","position":1,"name":"Home","item":"https:\/\/nid.pl\/"},{"@type":"ListItem","position":2,"name":"G\u0142\u00f3wne obchody Mi\u0119dzynarodowego Dnia Ochrony Zabytk\u00f3w \u2013 transmisja online!"}]},{"@type":"WebSite","@id":"https:\/\/nid.pl\/#website","url":"https:\/\/nid.pl\/","name":"NID","description":"Narodowy Instytut Dziedzictwa","publisher":{"@id":"https:\/\/nid.pl\/#organization"},"potentialAction":[{"@type":"SearchAction","target":{"@type":"EntryPoint","urlTemplate":"https:\/\/nid.pl\/?s={search_term_string}"},"query-input":{"@type":"PropertyValueSpecification","valueRequired":true,"valueName":"search_term_string"}}],"inLanguage":"en-GB"},{"@type":"Organization","@id":"https:\/\/nid.pl\/#organization","name":"Narodowy Instytut Dziedzictwa","url":"https:\/\/nid.pl\/","logo":{"@type":"ImageObject","inLanguage":"en-GB","@id":"https:\/\/nid.pl\/#\/schema\/logo\/image\/","url":"https:\/\/nid.pl\/wp-content\/uploads\/2022\/10\/logoRedDark.png","contentUrl":"https:\/\/nid.pl\/wp-content\/uploads\/2022\/10\/logoRedDark.png","width":200,"height":197,"caption":"Narodowy Instytut Dziedzictwa"},"image":{"@id":"https:\/\/nid.pl\/#\/schema\/logo\/image\/"},"sameAs":["https:\/\/www.facebook.com\/zabytek","https:\/\/x.com\/NarIDpl","https:\/\/www.instagram.com\/nid.pl\/?hl=pl","https:\/\/www.linkedin.com\/company\/narodowy-instytut-dziedzictwa","https:\/\/www.youtube.com\/channel\/UCQXuhKa2uHtmNvLRUSx40JA"]},{"@type":"Person","@id":"https:\/\/nid.pl\/#\/schema\/person\/1b690a8998a5111cfb9f0ffe24195a15","name":"Barbara Halliop","image":{"@type":"ImageObject","inLanguage":"en-GB","@id":"https:\/\/nid.pl\/#\/schema\/person\/image\/","url":"https:\/\/nid.pl\/wp-content\/litespeed\/avatar\/924046d17dd0c842c9fa9ccf489bc6dc.jpg?ver=1777444967","contentUrl":"https:\/\/nid.pl\/wp-content\/litespeed\/avatar\/924046d17dd0c842c9fa9ccf489bc6dc.jpg?ver=1777444967","caption":"Barbara Halliop"},"url":"https:\/\/nid.pl\/en\/author\/bhalliop\/"}]}},"_links":{"self":[{"href":"https:\/\/nid.pl\/en\/wp-json\/wp\/v2\/posts\/10755","targetHints":{"allow":["GET"]}}],"collection":[{"href":"https:\/\/nid.pl\/en\/wp-json\/wp\/v2\/posts"}],"about":[{"href":"https:\/\/nid.pl\/en\/wp-json\/wp\/v2\/types\/post"}],"author":[{"embeddable":true,"href":"https:\/\/nid.pl\/en\/wp-json\/wp\/v2\/users\/7"}],"replies":[{"embeddable":true,"href":"https:\/\/nid.pl\/en\/wp-json\/wp\/v2\/comments?post=10755"}],"version-history":[{"count":0,"href":"https:\/\/nid.pl\/en\/wp-json\/wp\/v2\/posts\/10755\/revisions"}],"wp:featuredmedia":[{"embeddable":true,"href":"https:\/\/nid.pl\/en\/wp-json\/wp\/v2\/media\/10752"}],"wp:attachment":[{"href":"https:\/\/nid.pl\/en\/wp-json\/wp\/v2\/media?parent=10755"}],"wp:term":[{"taxonomy":"category","embeddable":true,"href":"https:\/\/nid.pl\/en\/wp-json\/wp\/v2\/categories?post=10755"},{"taxonomy":"post_tag","embeddable":true,"href":"https:\/\/nid.pl\/en\/wp-json\/wp\/v2\/tags?post=10755"}],"curies":[{"name":"wp","href":"https:\/\/api.w.org\/{rel}","templated":true}]}}