{"id":10753,"date":"2023-04-14T15:46:20","date_gmt":"2023-04-14T13:46:20","guid":{"rendered":"https:\/\/nid.pl\/?p=10753"},"modified":"2023-05-11T11:32:23","modified_gmt":"2023-05-11T09:32:23","slug":"mdoz-w-krakowie-transmisja-online","status":"publish","type":"post","link":"https:\/\/nid.pl\/en\/2023\/04\/14\/mdoz-w-krakowie-transmisja-online\/","title":{"rendered":"MDOZ w Krakowie \u2013 transmisja online!"},"content":{"rendered":"<p><strong>Zapraszamy na transmisj\u0119 z obchod\u00f3w Mi\u0119dzynarodowego Dnia Ochrony Zabytk\u00f3w w wojew\u00f3dztwie ma\u0142opolskim. Tematem sesji naukowej w Krakowie b\u0119dzie \u201eEwolucja form dzia\u0142ania administracji publicznej w obszarze ochrony zabytk\u00f3w\u201d. Poniedzia\u0142ek \u2013 17 kwietnia \u2013 godz. 15:00.<\/strong> <strong>(Rozpocz\u0119cie spotkania stacjonarnego &#8211; godz. 14:00)<\/strong><\/p>\n\n\n\n<p>Mi\u0119dzynarodowy Dzie\u0144 Ochrony Zabytk\u00f3w, obchodzony na ca\u0142ym \u015bwiecie 18 kwietnia, ustanowiony zosta\u0142 przez Komitet Wykonawczy Mi\u0119dzynarodowej Rady Ochrony Zabytk\u00f3w ICOMOS w 1983 roku i wpisany przez UNESCO do rejestru wa\u017cnych dat o znaczeniu dla ca\u0142ego \u015bwiata.<\/p>\n\n\n\n<p><strong>Obchody Mi\u0119dzynarodowego Dnia Ochrony Zabytk\u00f3w w wojew\u00f3dztwie ma\u0142opolskim<\/strong><\/p>\n\n\n\n<p>Mi\u0119dzynarodowy Dzie\u0144 Ochrony Zabytk\u00f3w jest dobrym momentem do podj\u0119cia dyskusji nad obowi\u0105zuj\u0105cym stanem prawnym w zakresie ochrony zabytk\u00f3w, szczeg\u00f3lnie w zwi\u0105zku z 20-leciem Ustawy o ochronie zabytk\u00f3w i opiece nad zabytkami.<\/p>\n\n\n\n<p>Prawo jest niezb\u0119dnym elementem systemu ochrony zabytk\u00f3w. Stanowi podstaw\u0119 i okre\u015bla spos\u00f3b organizacji administracji konserwatorskiej, przyznaj\u0105c jej narz\u0119dzia do dzia\u0142ania. Dobrze skonstruowane przepisy mog\u0105 r\u00f3wnie\u017c tworzy\u0107 gwarancje jako\u015bci prac konserwatorskich i bada\u0144 archeologicznych, ale r\u00f3wnie\u017c wzmacnia\u0107 spo\u0142eczne zaanga\u017cowanie. Obchody MDOZ 2023 w wojew\u00f3dztwie ma\u0142opolskim odb\u0119d\u0105 si\u0119 w wyj\u0105tkowym miejscu \u2013 w Auli Collegium Maius Uniwersytetu Jagiello\u0144skiego, kt\u00f3ra usytuowana jest w najstarszej cz\u0119\u015bci tego zabytkowego obiektu. Pierwsze zapisy na temat Collegium Maius to rok 1400, kiedy to reaktywowana zosta\u0142a uczelnia nosz\u0105ca wtedy nazw\u0119 Akademii Krakowskiej.<\/p>\n\n\n\n<p>Tematem g\u0142\u00f3wnym spotkania w Krakowie b\u0119dzie <strong>\u201eEwolucja form dzia\u0142ania administracji publicznej w obszarze ochrony zabytk\u00f3w\u201d.<\/strong><\/p>\n\n\n\n<p><strong>Otwarcie <span style=\"text-decoration: underline;\">stacjonarnych<\/span> obchod\u00f3w Mi\u0119dzynarodowego Dnia Ochrony Zabytk\u00f3w w Krakowie  &#8211; 17 kwietnia  &#8211; godz. 14:00<\/strong><\/p>\n\n\n\n<p><span style=\"text-decoration: underline;\"><strong>Agenda<\/strong> <strong>transmisji MDOZ w Krakowie:<\/strong><\/span><\/p>\n\n\n\n<p><strong>15:00<\/strong> \u2013 <strong>Otwarcie spotkania<\/strong>, dr hab. Katarzyna Zalasi\u0144ska, Dyrektor Narodowego Instytutu Dziedzictwa;<br><strong>Wprowadzenie<\/strong>, Witold G\u00f3rny, Kierownik Oddzia\u0142u Terenowego NID w Krakowie;<br><br><strong>15:30<\/strong> \u2013 <strong>\u201eP\u0142aszczyzny aksjologiczne i konstrukcyjne form dzia\u0142ania administracji publicznej w ochronie zabytk\u00f3w\u201d<\/strong>, prof. dr hab. Piotr Dobosz, Katedra Prawa Samorz\u0105du Terytorialnego UJ;<\/p>\n\n\n\n<p><strong>16:00<\/strong> \u2013 <strong>\u201eGminne ewidencje zabytk\u00f3w \u2013 naturalna ewolucja systemu ochrony zabytk\u00f3w?\u201d<\/strong>, dr hab. Katarzyna Zalasi\u0144ska, Dyrektor NID;<\/p>\n\n\n\n<p><strong>16:30<\/strong> \u2013 <strong>\u201eEwidencja zabytk\u00f3w jako wyzwanie w zakresie wsparcia publicznego dla odnowy zabytk\u00f3w \u2013 przyk\u0142ad SKOZK\u201d<\/strong>, Borys\u0142aw Czarakcziew, Przewodnicz\u0105cy Spo\u0142ecznego Komitetu Odnowy Zabytk\u00f3w Krakowa;<\/p>\n\n\n\n<p><strong>17:00<\/strong> \u2013 <strong>\u201eHistoryczny krajobraz miejski \u2013 potrzeba ochrony i wyzwania na przysz\u0142o\u015b\u0107\u201d<\/strong>, Robert Piaskowski, Pe\u0142nomocnik Prezydenta Miasta Krakowa ds. Kultury;<\/p>\n\n\n\n<p><strong>17:30<\/strong> \u2013 <strong>\u201eDziedzictwo akademickie oraz formy jego utrwalania i ochrony w praktyce\u201d<\/strong>, Joanna \u015alaga, Zast\u0119pca Dyrektora Muzeum Uniwersytetu Jagiello\u0144skiego;<\/p>\n\n\n\n<p><strong>18:00<\/strong> \u2013 <strong>\u201eTradycje od pokole\u0144. Niematerialne dziedzictwo kulturowe w Polsce. 20 lat Konwencji UNESCO w sprawie ochrony niematerialnego dziedzictwa kulturowego i 10 lat Krajowej listy niematerialnego dziedzictwa kulturowego\u201d<\/strong>, Agata Mucha, Koordynator NID ds. niematerialnego dziedzictwa kulturowego w Ma\u0142opolsce.<\/p>\n\n\n\n<p>Zapraszamy do obejrzenia relacji na kanale <a href=\"https:\/\/www.youtube.com\/watch?v=U6_PRPuONRE&amp;list=PL9WzZUVLsKgOluitKd_1G9MvJybcmpb-s\">YouTube NID<\/a>.<\/p>\n\n\n\n<p>Wsp\u00f3\u0142organizatorem wydarzenia jest Spo\u0142eczny Komitet Odnowy Zabytk\u00f3w Krakowa oraz Uniwersytet Jagiello\u0144ski.<\/p>\n\n\n\n<p><\/p>\n\n\n\n<figure class=\"wp-block-gallery has-nested-images columns-default is-cropped wp-block-gallery-1 is-layout-flex wp-block-gallery-is-layout-flex\">\n<figure class=\"wp-block-image size-large\"><img loading=\"lazy\" decoding=\"async\" width=\"1734\" height=\"1126\" data-id=\"10783\" src=\"https:\/\/nid.pl\/wp-content\/uploads\/2023\/04\/IMG_0093.jpg\" alt=\"\" class=\"wp-image-10783\" srcset=\"https:\/\/nid.pl\/wp-content\/uploads\/2023\/04\/IMG_0093.jpg 1734w, https:\/\/nid.pl\/wp-content\/uploads\/2023\/04\/IMG_0093-1280x831.jpg 1280w, https:\/\/nid.pl\/wp-content\/uploads\/2023\/04\/IMG_0093-980x636.jpg 980w, https:\/\/nid.pl\/wp-content\/uploads\/2023\/04\/IMG_0093-480x312.jpg 480w\" sizes=\"(min-width: 0px) and (max-width: 480px) 480px, (min-width: 481px) and (max-width: 980px) 980px, (min-width: 981px) and (max-width: 1280px) 1280px, (min-width: 1281px) 1734px, 100vw\" \/><\/figure>\n<\/figure>\n\n\n\n<figure class=\"wp-block-gallery has-nested-images columns-default is-cropped wp-block-gallery-2 is-layout-flex wp-block-gallery-is-layout-flex\">\n<figure class=\"wp-block-image size-large\"><img loading=\"lazy\" decoding=\"async\" width=\"1776\" height=\"1332\" data-id=\"10784\" src=\"https:\/\/nid.pl\/wp-content\/uploads\/2023\/04\/MDOZ-2024-1.jpg\" alt=\"\" class=\"wp-image-10784\" srcset=\"https:\/\/nid.pl\/wp-content\/uploads\/2023\/04\/MDOZ-2024-1.jpg 1776w, https:\/\/nid.pl\/wp-content\/uploads\/2023\/04\/MDOZ-2024-1-1280x960.jpg 1280w, https:\/\/nid.pl\/wp-content\/uploads\/2023\/04\/MDOZ-2024-1-980x735.jpg 980w, https:\/\/nid.pl\/wp-content\/uploads\/2023\/04\/MDOZ-2024-1-480x360.jpg 480w\" sizes=\"(min-width: 0px) and (max-width: 480px) 480px, (min-width: 481px) and (max-width: 980px) 980px, (min-width: 981px) and (max-width: 1280px) 1280px, (min-width: 1281px) 1776px, 100vw\" \/><\/figure>\n\n\n\n<figure class=\"wp-block-image size-large\"><img loading=\"lazy\" decoding=\"async\" width=\"1776\" height=\"1332\" data-id=\"10785\" src=\"https:\/\/nid.pl\/wp-content\/uploads\/2023\/04\/MDOZ-2024-2.jpg\" alt=\"\" class=\"wp-image-10785\" srcset=\"https:\/\/nid.pl\/wp-content\/uploads\/2023\/04\/MDOZ-2024-2.jpg 1776w, https:\/\/nid.pl\/wp-content\/uploads\/2023\/04\/MDOZ-2024-2-1280x960.jpg 1280w, https:\/\/nid.pl\/wp-content\/uploads\/2023\/04\/MDOZ-2024-2-980x735.jpg 980w, https:\/\/nid.pl\/wp-content\/uploads\/2023\/04\/MDOZ-2024-2-480x360.jpg 480w\" sizes=\"(min-width: 0px) and (max-width: 480px) 480px, (min-width: 481px) and (max-width: 980px) 980px, (min-width: 981px) and (max-width: 1280px) 1280px, (min-width: 1281px) 1776px, 100vw\" \/><\/figure>\n<\/figure>\n\n\n\n<figure class=\"wp-block-gallery has-nested-images columns-default is-cropped wp-block-gallery-3 is-layout-flex wp-block-gallery-is-layout-flex\">\n<figure class=\"wp-block-image size-large\"><img loading=\"lazy\" decoding=\"async\" width=\"1776\" height=\"1332\" data-id=\"10786\" src=\"https:\/\/nid.pl\/wp-content\/uploads\/2023\/04\/MDOZ-2024-4.jpg\" alt=\"\" class=\"wp-image-10786\" srcset=\"https:\/\/nid.pl\/wp-content\/uploads\/2023\/04\/MDOZ-2024-4.jpg 1776w, https:\/\/nid.pl\/wp-content\/uploads\/2023\/04\/MDOZ-2024-4-1280x960.jpg 1280w, https:\/\/nid.pl\/wp-content\/uploads\/2023\/04\/MDOZ-2024-4-980x735.jpg 980w, https:\/\/nid.pl\/wp-content\/uploads\/2023\/04\/MDOZ-2024-4-480x360.jpg 480w\" sizes=\"(min-width: 0px) and (max-width: 480px) 480px, (min-width: 481px) and (max-width: 980px) 980px, (min-width: 981px) and (max-width: 1280px) 1280px, (min-width: 1281px) 1776px, 100vw\" \/><\/figure>\n\n\n\n<figure class=\"wp-block-image size-large\"><img loading=\"lazy\" decoding=\"async\" width=\"1776\" height=\"1332\" data-id=\"10788\" src=\"https:\/\/nid.pl\/wp-content\/uploads\/2023\/04\/MDOZ-2024-5.jpg\" alt=\"\" class=\"wp-image-10788\" srcset=\"https:\/\/nid.pl\/wp-content\/uploads\/2023\/04\/MDOZ-2024-5.jpg 1776w, https:\/\/nid.pl\/wp-content\/uploads\/2023\/04\/MDOZ-2024-5-1280x960.jpg 1280w, https:\/\/nid.pl\/wp-content\/uploads\/2023\/04\/MDOZ-2024-5-980x735.jpg 980w, https:\/\/nid.pl\/wp-content\/uploads\/2023\/04\/MDOZ-2024-5-480x360.jpg 480w\" sizes=\"(min-width: 0px) and (max-width: 480px) 480px, (min-width: 481px) and (max-width: 980px) 980px, (min-width: 981px) and (max-width: 1280px) 1280px, (min-width: 1281px) 1776px, 100vw\" \/><\/figure>\n\n\n\n<figure class=\"wp-block-image size-large\"><img loading=\"lazy\" decoding=\"async\" width=\"1508\" height=\"1175\" data-id=\"10789\" src=\"https:\/\/nid.pl\/wp-content\/uploads\/2023\/04\/MDOZ-2024-6.jpg\" alt=\"\" class=\"wp-image-10789\" srcset=\"https:\/\/nid.pl\/wp-content\/uploads\/2023\/04\/MDOZ-2024-6.jpg 1508w, https:\/\/nid.pl\/wp-content\/uploads\/2023\/04\/MDOZ-2024-6-1280x997.jpg 1280w, https:\/\/nid.pl\/wp-content\/uploads\/2023\/04\/MDOZ-2024-6-980x764.jpg 980w, https:\/\/nid.pl\/wp-content\/uploads\/2023\/04\/MDOZ-2024-6-480x374.jpg 480w\" sizes=\"(min-width: 0px) and (max-width: 480px) 480px, (min-width: 481px) and (max-width: 980px) 980px, (min-width: 981px) and (max-width: 1280px) 1280px, (min-width: 1281px) 1508px, 100vw\" \/><\/figure>\n<\/figure>\n\n\n\n<figure class=\"wp-block-gallery has-nested-images columns-default is-cropped wp-block-gallery-4 is-layout-flex wp-block-gallery-is-layout-flex\">\n<figure class=\"wp-block-image size-large\"><img loading=\"lazy\" decoding=\"async\" width=\"1776\" height=\"1332\" data-id=\"10790\" src=\"https:\/\/nid.pl\/wp-content\/uploads\/2023\/04\/MDOZ-2024-7.jpg\" alt=\"\" class=\"wp-image-10790\" srcset=\"https:\/\/nid.pl\/wp-content\/uploads\/2023\/04\/MDOZ-2024-7.jpg 1776w, https:\/\/nid.pl\/wp-content\/uploads\/2023\/04\/MDOZ-2024-7-1280x960.jpg 1280w, https:\/\/nid.pl\/wp-content\/uploads\/2023\/04\/MDOZ-2024-7-980x735.jpg 980w, https:\/\/nid.pl\/wp-content\/uploads\/2023\/04\/MDOZ-2024-7-480x360.jpg 480w\" sizes=\"(min-width: 0px) and (max-width: 480px) 480px, (min-width: 481px) and (max-width: 980px) 980px, (min-width: 981px) and (max-width: 1280px) 1280px, (min-width: 1281px) 1776px, 100vw\" \/><\/figure>\n\n\n\n<figure class=\"wp-block-image size-large\"><img loading=\"lazy\" decoding=\"async\" width=\"1776\" height=\"1332\" data-id=\"10787\" src=\"https:\/\/nid.pl\/wp-content\/uploads\/2023\/04\/MDOZ-2024-3.jpg\" alt=\"\" class=\"wp-image-10787\" srcset=\"https:\/\/nid.pl\/wp-content\/uploads\/2023\/04\/MDOZ-2024-3.jpg 1776w, https:\/\/nid.pl\/wp-content\/uploads\/2023\/04\/MDOZ-2024-3-1280x960.jpg 1280w, https:\/\/nid.pl\/wp-content\/uploads\/2023\/04\/MDOZ-2024-3-980x735.jpg 980w, https:\/\/nid.pl\/wp-content\/uploads\/2023\/04\/MDOZ-2024-3-480x360.jpg 480w\" sizes=\"(min-width: 0px) and (max-width: 480px) 480px, (min-width: 481px) and (max-width: 980px) 980px, (min-width: 981px) and (max-width: 1280px) 1280px, (min-width: 1281px) 1776px, 100vw\" \/><\/figure>\n<\/figure>","protected":false},"excerpt":{"rendered":"<p>Zapraszamy na transmisj\u0119 z obchod\u00f3w Mi\u0119dzynarodowego Dnia Ochrony Zabytk\u00f3w w wojew\u00f3dztwie ma\u0142opolskim. Tematem sesji naukowej w Krakowie b\u0119dzie \u201eEwolucja form dzia\u0142ania administracji publicznej w obszarze ochrony zabytk\u00f3w\u201d. Poniedzia\u0142ek \u2013 17 [&hellip;]<\/p>","protected":false},"author":7,"featured_media":10751,"comment_status":"open","ping_status":"open","sticky":false,"template":"","format":"standard","meta":{"_et_pb_use_builder":"off","_et_pb_old_content":"","_et_gb_content_width":"","_monsterinsights_skip_tracking":false,"_monsterinsights_sitenote_active":false,"_monsterinsights_sitenote_note":"","_monsterinsights_sitenote_category":0,"footnotes":""},"categories":[3,82],"tags":[],"class_list":["post-10753","post","type-post","status-publish","format-standard","has-post-thumbnail","hentry","category-aktualnosci","category-miedzynarodowy-dzien-ochrony-zabytkow"],"yoast_head":"<!-- This site is optimized with the Yoast SEO plugin v26.5 - https:\/\/yoast.com\/wordpress\/plugins\/seo\/ -->\n<title>MDOZ w Krakowie \u2013 transmisja online! - NID<\/title>\n<meta name=\"robots\" content=\"index, follow, max-snippet:-1, max-image-preview:large, max-video-preview:-1\" \/>\n<link rel=\"canonical\" href=\"https:\/\/nid.pl\/en\/2023\/04\/14\/mdoz-w-krakowie-transmisja-online\/\" \/>\n<meta property=\"og:locale\" content=\"en_GB\" \/>\n<meta property=\"og:type\" content=\"article\" \/>\n<meta property=\"og:title\" content=\"MDOZ w Krakowie \u2013 transmisja online! - NID\" \/>\n<meta property=\"og:description\" content=\"Zapraszamy na transmisj\u0119 z obchod\u00f3w Mi\u0119dzynarodowego Dnia Ochrony Zabytk\u00f3w w wojew\u00f3dztwie ma\u0142opolskim. Tematem sesji naukowej w Krakowie b\u0119dzie \u201eEwolucja form dzia\u0142ania administracji publicznej w obszarze ochrony zabytk\u00f3w\u201d. Poniedzia\u0142ek \u2013 17 [&hellip;]\" \/>\n<meta property=\"og:url\" content=\"https:\/\/nid.pl\/en\/2023\/04\/14\/mdoz-w-krakowie-transmisja-online\/\" \/>\n<meta property=\"og:site_name\" content=\"NID\" \/>\n<meta property=\"article:publisher\" content=\"https:\/\/www.facebook.com\/zabytek\" \/>\n<meta property=\"article:published_time\" content=\"2023-04-14T13:46:20+00:00\" \/>\n<meta property=\"article:modified_time\" content=\"2023-05-11T09:32:23+00:00\" \/>\n<meta property=\"og:image\" content=\"https:\/\/nid.pl\/wp-content\/uploads\/2023\/04\/miniaturka-MDOZ-Krakow.png\" \/>\n\t<meta property=\"og:image:width\" content=\"1857\" \/>\n\t<meta property=\"og:image:height\" content=\"1238\" \/>\n\t<meta property=\"og:image:type\" content=\"image\/png\" \/>\n<meta name=\"author\" content=\"Barbara Halliop\" \/>\n<meta name=\"twitter:card\" content=\"summary_large_image\" \/>\n<meta name=\"twitter:creator\" content=\"@NarIDpl\" \/>\n<meta name=\"twitter:site\" content=\"@NarIDpl\" \/>\n<meta name=\"twitter:label1\" content=\"Written by\" \/>\n\t<meta name=\"twitter:data1\" content=\"Barbara Halliop\" \/>\n\t<meta name=\"twitter:label2\" content=\"Estimated reading time\" \/>\n\t<meta name=\"twitter:data2\" content=\"4 minutes\" \/>\n<script type=\"application\/ld+json\" class=\"yoast-schema-graph\">{\"@context\":\"https:\/\/schema.org\",\"@graph\":[{\"@type\":\"Article\",\"@id\":\"https:\/\/nid.pl\/2023\/04\/14\/mdoz-w-krakowie-transmisja-online\/#article\",\"isPartOf\":{\"@id\":\"https:\/\/nid.pl\/2023\/04\/14\/mdoz-w-krakowie-transmisja-online\/\"},\"author\":{\"name\":\"Barbara Halliop\",\"@id\":\"https:\/\/nid.pl\/#\/schema\/person\/1b690a8998a5111cfb9f0ffe24195a15\"},\"headline\":\"MDOZ w Krakowie \u2013 transmisja online!\",\"datePublished\":\"2023-04-14T13:46:20+00:00\",\"dateModified\":\"2023-05-11T09:32:23+00:00\",\"mainEntityOfPage\":{\"@id\":\"https:\/\/nid.pl\/2023\/04\/14\/mdoz-w-krakowie-transmisja-online\/\"},\"wordCount\":473,\"commentCount\":0,\"publisher\":{\"@id\":\"https:\/\/nid.pl\/#organization\"},\"image\":{\"@id\":\"https:\/\/nid.pl\/2023\/04\/14\/mdoz-w-krakowie-transmisja-online\/#primaryimage\"},\"thumbnailUrl\":\"https:\/\/nid.pl\/wp-content\/uploads\/2023\/04\/miniaturka-MDOZ-Krakow.png\",\"articleSection\":[\"Aktualno\u015bci\",\"MDOZ\"],\"inLanguage\":\"en-GB\"},{\"@type\":\"WebPage\",\"@id\":\"https:\/\/nid.pl\/2023\/04\/14\/mdoz-w-krakowie-transmisja-online\/\",\"url\":\"https:\/\/nid.pl\/2023\/04\/14\/mdoz-w-krakowie-transmisja-online\/\",\"name\":\"MDOZ w Krakowie \u2013 transmisja online! - NID\",\"isPartOf\":{\"@id\":\"https:\/\/nid.pl\/#website\"},\"primaryImageOfPage\":{\"@id\":\"https:\/\/nid.pl\/2023\/04\/14\/mdoz-w-krakowie-transmisja-online\/#primaryimage\"},\"image\":{\"@id\":\"https:\/\/nid.pl\/2023\/04\/14\/mdoz-w-krakowie-transmisja-online\/#primaryimage\"},\"thumbnailUrl\":\"https:\/\/nid.pl\/wp-content\/uploads\/2023\/04\/miniaturka-MDOZ-Krakow.png\",\"datePublished\":\"2023-04-14T13:46:20+00:00\",\"dateModified\":\"2023-05-11T09:32:23+00:00\",\"breadcrumb\":{\"@id\":\"https:\/\/nid.pl\/2023\/04\/14\/mdoz-w-krakowie-transmisja-online\/#breadcrumb\"},\"inLanguage\":\"en-GB\",\"potentialAction\":[{\"@type\":\"ReadAction\",\"target\":[\"https:\/\/nid.pl\/2023\/04\/14\/mdoz-w-krakowie-transmisja-online\/\"]}]},{\"@type\":\"ImageObject\",\"inLanguage\":\"en-GB\",\"@id\":\"https:\/\/nid.pl\/2023\/04\/14\/mdoz-w-krakowie-transmisja-online\/#primaryimage\",\"url\":\"https:\/\/nid.pl\/wp-content\/uploads\/2023\/04\/miniaturka-MDOZ-Krakow.png\",\"contentUrl\":\"https:\/\/nid.pl\/wp-content\/uploads\/2023\/04\/miniaturka-MDOZ-Krakow.png\",\"width\":1857,\"height\":1238,\"caption\":\"miniaturka MDOZ Krakow\"},{\"@type\":\"BreadcrumbList\",\"@id\":\"https:\/\/nid.pl\/2023\/04\/14\/mdoz-w-krakowie-transmisja-online\/#breadcrumb\",\"itemListElement\":[{\"@type\":\"ListItem\",\"position\":1,\"name\":\"Home\",\"item\":\"https:\/\/nid.pl\/\"},{\"@type\":\"ListItem\",\"position\":2,\"name\":\"MDOZ w Krakowie \u2013 transmisja online!\"}]},{\"@type\":\"WebSite\",\"@id\":\"https:\/\/nid.pl\/#website\",\"url\":\"https:\/\/nid.pl\/\",\"name\":\"NID\",\"description\":\"Narodowy Instytut Dziedzictwa\",\"publisher\":{\"@id\":\"https:\/\/nid.pl\/#organization\"},\"potentialAction\":[{\"@type\":\"SearchAction\",\"target\":{\"@type\":\"EntryPoint\",\"urlTemplate\":\"https:\/\/nid.pl\/?s={search_term_string}\"},\"query-input\":{\"@type\":\"PropertyValueSpecification\",\"valueRequired\":true,\"valueName\":\"search_term_string\"}}],\"inLanguage\":\"en-GB\"},{\"@type\":\"Organization\",\"@id\":\"https:\/\/nid.pl\/#organization\",\"name\":\"Narodowy Instytut Dziedzictwa\",\"url\":\"https:\/\/nid.pl\/\",\"logo\":{\"@type\":\"ImageObject\",\"inLanguage\":\"en-GB\",\"@id\":\"https:\/\/nid.pl\/#\/schema\/logo\/image\/\",\"url\":\"https:\/\/nid.pl\/wp-content\/uploads\/2022\/10\/logoRedDark.png\",\"contentUrl\":\"https:\/\/nid.pl\/wp-content\/uploads\/2022\/10\/logoRedDark.png\",\"width\":200,\"height\":197,\"caption\":\"Narodowy Instytut Dziedzictwa\"},\"image\":{\"@id\":\"https:\/\/nid.pl\/#\/schema\/logo\/image\/\"},\"sameAs\":[\"https:\/\/www.facebook.com\/zabytek\",\"https:\/\/x.com\/NarIDpl\",\"https:\/\/www.instagram.com\/nid.pl\/?hl=pl\",\"https:\/\/www.linkedin.com\/company\/narodowy-instytut-dziedzictwa\",\"https:\/\/www.youtube.com\/channel\/UCQXuhKa2uHtmNvLRUSx40JA\"]},{\"@type\":\"Person\",\"@id\":\"https:\/\/nid.pl\/#\/schema\/person\/1b690a8998a5111cfb9f0ffe24195a15\",\"name\":\"Barbara Halliop\",\"image\":{\"@type\":\"ImageObject\",\"inLanguage\":\"en-GB\",\"@id\":\"https:\/\/nid.pl\/#\/schema\/person\/image\/\",\"url\":\"https:\/\/nid.pl\/wp-content\/litespeed\/avatar\/924046d17dd0c842c9fa9ccf489bc6dc.jpg?ver=1777444967\",\"contentUrl\":\"https:\/\/nid.pl\/wp-content\/litespeed\/avatar\/924046d17dd0c842c9fa9ccf489bc6dc.jpg?ver=1777444967\",\"caption\":\"Barbara Halliop\"},\"url\":\"https:\/\/nid.pl\/en\/author\/bhalliop\/\"}]}<\/script>\n<!-- \/ Yoast SEO plugin. -->","yoast_head_json":{"title":"MDOZ w Krakowie \u2013 transmisja online! - NID","robots":{"index":"index","follow":"follow","max-snippet":"max-snippet:-1","max-image-preview":"max-image-preview:large","max-video-preview":"max-video-preview:-1"},"canonical":"https:\/\/nid.pl\/en\/2023\/04\/14\/mdoz-w-krakowie-transmisja-online\/","og_locale":"en_GB","og_type":"article","og_title":"MDOZ w Krakowie \u2013 transmisja online! - NID","og_description":"Zapraszamy na transmisj\u0119 z obchod\u00f3w Mi\u0119dzynarodowego Dnia Ochrony Zabytk\u00f3w w wojew\u00f3dztwie ma\u0142opolskim. Tematem sesji naukowej w Krakowie b\u0119dzie \u201eEwolucja form dzia\u0142ania administracji publicznej w obszarze ochrony zabytk\u00f3w\u201d. Poniedzia\u0142ek \u2013 17 [&hellip;]","og_url":"https:\/\/nid.pl\/en\/2023\/04\/14\/mdoz-w-krakowie-transmisja-online\/","og_site_name":"NID","article_publisher":"https:\/\/www.facebook.com\/zabytek","article_published_time":"2023-04-14T13:46:20+00:00","article_modified_time":"2023-05-11T09:32:23+00:00","og_image":[{"width":1857,"height":1238,"url":"https:\/\/nid.pl\/wp-content\/uploads\/2023\/04\/miniaturka-MDOZ-Krakow.png","type":"image\/png"}],"author":"Barbara Halliop","twitter_card":"summary_large_image","twitter_creator":"@NarIDpl","twitter_site":"@NarIDpl","twitter_misc":{"Written by":"Barbara Halliop","Estimated reading time":"4 minutes"},"schema":{"@context":"https:\/\/schema.org","@graph":[{"@type":"Article","@id":"https:\/\/nid.pl\/2023\/04\/14\/mdoz-w-krakowie-transmisja-online\/#article","isPartOf":{"@id":"https:\/\/nid.pl\/2023\/04\/14\/mdoz-w-krakowie-transmisja-online\/"},"author":{"name":"Barbara Halliop","@id":"https:\/\/nid.pl\/#\/schema\/person\/1b690a8998a5111cfb9f0ffe24195a15"},"headline":"MDOZ w Krakowie \u2013 transmisja online!","datePublished":"2023-04-14T13:46:20+00:00","dateModified":"2023-05-11T09:32:23+00:00","mainEntityOfPage":{"@id":"https:\/\/nid.pl\/2023\/04\/14\/mdoz-w-krakowie-transmisja-online\/"},"wordCount":473,"commentCount":0,"publisher":{"@id":"https:\/\/nid.pl\/#organization"},"image":{"@id":"https:\/\/nid.pl\/2023\/04\/14\/mdoz-w-krakowie-transmisja-online\/#primaryimage"},"thumbnailUrl":"https:\/\/nid.pl\/wp-content\/uploads\/2023\/04\/miniaturka-MDOZ-Krakow.png","articleSection":["Aktualno\u015bci","MDOZ"],"inLanguage":"en-GB"},{"@type":"WebPage","@id":"https:\/\/nid.pl\/2023\/04\/14\/mdoz-w-krakowie-transmisja-online\/","url":"https:\/\/nid.pl\/2023\/04\/14\/mdoz-w-krakowie-transmisja-online\/","name":"MDOZ w Krakowie \u2013 transmisja online! - NID","isPartOf":{"@id":"https:\/\/nid.pl\/#website"},"primaryImageOfPage":{"@id":"https:\/\/nid.pl\/2023\/04\/14\/mdoz-w-krakowie-transmisja-online\/#primaryimage"},"image":{"@id":"https:\/\/nid.pl\/2023\/04\/14\/mdoz-w-krakowie-transmisja-online\/#primaryimage"},"thumbnailUrl":"https:\/\/nid.pl\/wp-content\/uploads\/2023\/04\/miniaturka-MDOZ-Krakow.png","datePublished":"2023-04-14T13:46:20+00:00","dateModified":"2023-05-11T09:32:23+00:00","breadcrumb":{"@id":"https:\/\/nid.pl\/2023\/04\/14\/mdoz-w-krakowie-transmisja-online\/#breadcrumb"},"inLanguage":"en-GB","potentialAction":[{"@type":"ReadAction","target":["https:\/\/nid.pl\/2023\/04\/14\/mdoz-w-krakowie-transmisja-online\/"]}]},{"@type":"ImageObject","inLanguage":"en-GB","@id":"https:\/\/nid.pl\/2023\/04\/14\/mdoz-w-krakowie-transmisja-online\/#primaryimage","url":"https:\/\/nid.pl\/wp-content\/uploads\/2023\/04\/miniaturka-MDOZ-Krakow.png","contentUrl":"https:\/\/nid.pl\/wp-content\/uploads\/2023\/04\/miniaturka-MDOZ-Krakow.png","width":1857,"height":1238,"caption":"miniaturka MDOZ Krakow"},{"@type":"BreadcrumbList","@id":"https:\/\/nid.pl\/2023\/04\/14\/mdoz-w-krakowie-transmisja-online\/#breadcrumb","itemListElement":[{"@type":"ListItem","position":1,"name":"Home","item":"https:\/\/nid.pl\/"},{"@type":"ListItem","position":2,"name":"MDOZ w Krakowie \u2013 transmisja online!"}]},{"@type":"WebSite","@id":"https:\/\/nid.pl\/#website","url":"https:\/\/nid.pl\/","name":"NID","description":"Narodowy Instytut Dziedzictwa","publisher":{"@id":"https:\/\/nid.pl\/#organization"},"potentialAction":[{"@type":"SearchAction","target":{"@type":"EntryPoint","urlTemplate":"https:\/\/nid.pl\/?s={search_term_string}"},"query-input":{"@type":"PropertyValueSpecification","valueRequired":true,"valueName":"search_term_string"}}],"inLanguage":"en-GB"},{"@type":"Organization","@id":"https:\/\/nid.pl\/#organization","name":"Narodowy Instytut Dziedzictwa","url":"https:\/\/nid.pl\/","logo":{"@type":"ImageObject","inLanguage":"en-GB","@id":"https:\/\/nid.pl\/#\/schema\/logo\/image\/","url":"https:\/\/nid.pl\/wp-content\/uploads\/2022\/10\/logoRedDark.png","contentUrl":"https:\/\/nid.pl\/wp-content\/uploads\/2022\/10\/logoRedDark.png","width":200,"height":197,"caption":"Narodowy Instytut Dziedzictwa"},"image":{"@id":"https:\/\/nid.pl\/#\/schema\/logo\/image\/"},"sameAs":["https:\/\/www.facebook.com\/zabytek","https:\/\/x.com\/NarIDpl","https:\/\/www.instagram.com\/nid.pl\/?hl=pl","https:\/\/www.linkedin.com\/company\/narodowy-instytut-dziedzictwa","https:\/\/www.youtube.com\/channel\/UCQXuhKa2uHtmNvLRUSx40JA"]},{"@type":"Person","@id":"https:\/\/nid.pl\/#\/schema\/person\/1b690a8998a5111cfb9f0ffe24195a15","name":"Barbara Halliop","image":{"@type":"ImageObject","inLanguage":"en-GB","@id":"https:\/\/nid.pl\/#\/schema\/person\/image\/","url":"https:\/\/nid.pl\/wp-content\/litespeed\/avatar\/924046d17dd0c842c9fa9ccf489bc6dc.jpg?ver=1777444967","contentUrl":"https:\/\/nid.pl\/wp-content\/litespeed\/avatar\/924046d17dd0c842c9fa9ccf489bc6dc.jpg?ver=1777444967","caption":"Barbara Halliop"},"url":"https:\/\/nid.pl\/en\/author\/bhalliop\/"}]}},"_links":{"self":[{"href":"https:\/\/nid.pl\/en\/wp-json\/wp\/v2\/posts\/10753","targetHints":{"allow":["GET"]}}],"collection":[{"href":"https:\/\/nid.pl\/en\/wp-json\/wp\/v2\/posts"}],"about":[{"href":"https:\/\/nid.pl\/en\/wp-json\/wp\/v2\/types\/post"}],"author":[{"embeddable":true,"href":"https:\/\/nid.pl\/en\/wp-json\/wp\/v2\/users\/7"}],"replies":[{"embeddable":true,"href":"https:\/\/nid.pl\/en\/wp-json\/wp\/v2\/comments?post=10753"}],"version-history":[{"count":0,"href":"https:\/\/nid.pl\/en\/wp-json\/wp\/v2\/posts\/10753\/revisions"}],"wp:featuredmedia":[{"embeddable":true,"href":"https:\/\/nid.pl\/en\/wp-json\/wp\/v2\/media\/10751"}],"wp:attachment":[{"href":"https:\/\/nid.pl\/en\/wp-json\/wp\/v2\/media?parent=10753"}],"wp:term":[{"taxonomy":"category","embeddable":true,"href":"https:\/\/nid.pl\/en\/wp-json\/wp\/v2\/categories?post=10753"},{"taxonomy":"post_tag","embeddable":true,"href":"https:\/\/nid.pl\/en\/wp-json\/wp\/v2\/tags?post=10753"}],"curies":[{"name":"wp","href":"https:\/\/api.w.org\/{rel}","templated":true}]}}