{"id":10610,"date":"2023-04-14T13:14:00","date_gmt":"2023-04-14T11:14:00","guid":{"rendered":"https:\/\/nid.pl\/?p=10610"},"modified":"2023-04-14T15:55:18","modified_gmt":"2023-04-14T13:55:18","slug":"rusza-nabor-wnioskow-do-programow-dotacyjnych-narodowego-instytutu-dziedzictwa","status":"publish","type":"post","link":"https:\/\/nid.pl\/en\/2023\/04\/14\/rusza-nabor-wnioskow-do-programow-dotacyjnych-narodowego-instytutu-dziedzictwa\/","title":{"rendered":"Rusza nab\u00f3r wniosk\u00f3w do program\u00f3w dotacyjnych Narodowego Instytutu Dziedzictwa"},"content":{"rendered":"<p><strong>14 kwietnia rusza nab\u00f3r wniosk\u00f3w w ramach program\u00f3w dotacyjnych Narodowego Instytutu Dziedzictwa: \u201eWsp\u00f3lnie dla dziedzictwa\u201d oraz \u201eNiematerialne \u2013 przeka\u017c dalej\u201d. Ju\u017c po raz \u00f3smy organizacje pozarz\u0105dowe mog\u0105 ubiega\u0107 si\u0119 o dofinansowanie dzia\u0142a\u0144 na rzecz ochrony i&nbsp;opieki nad zabytkami. Nowo\u015bci\u0105 jest drugi z program\u00f3w, adresowany przede wszystkim do depozytariuszy zjawisk wpisanych na Krajow\u0105 list\u0119 niematerialnego dziedzictwa kulturowego.<\/strong><\/p>\n\n\n\n<p>Dziedzictwo kulturowe jest jednym z kluczowych czynnik\u00f3w kszta\u0142tuj\u0105cych to\u017csamo\u015b\u0107 zbiorow\u0105, zar\u00f3wno na poziomie narodowym, jak i lokalnym. Tym samym zapewnia ci\u0105g\u0142o\u015b\u0107 trwania narodu sprzyjaj\u0105c wzmacnianiu wi\u0119zi spo\u0142ecznych. Warunkiem skutecznego zachowania dziedzictwa kulturowego, w stanie umo\u017cliwiaj\u0105cym korzystanie z jego warto\u015bci zar\u00f3wno wsp\u00f3\u0142czesnym mieszka\u0144com naszego kraju, jak i przysz\u0142ym pokoleniom, jest zaanga\u017cowanie spo\u0142eczne w proces opieki nad dziedzictwem materialnym jak i niematerialnym. Jednocze\u015bnie, aby m\u00f3c wykorzysta\u0107 potencja\u0142 dziedzictwa kulturowego w rozwoju lokalnych spo\u0142eczno\u015bci wiedza o nim i jego warto\u015bciach musi zosta\u0107 szeroko upowszechniona.<\/p>\n\n\n\n<p><strong>Program \u201eWsp\u00f3lnie dla dziedzictwa\u201d<\/strong><\/p>\n\n\n\n<p>Program Wsp\u00f3lnie dla dziedzictwa s\u0142u\u017cy dofinansowaniu projekt\u00f3w realizowanych przez organizacje pozarz\u0105dowe, kt\u00f3rych celem jest identyfikacja, dokumentacja i upowszechnianie dziedzictwa kulturowego oraz jego warto\u015bci, a tak\u017ce sprzyjanie spo\u0142ecznemu zaanga\u017cowaniu w ochron\u0119 i opiek\u0119 nad zabytkami.<\/p>\n\n\n\n<p>Wnioskodawcami programu \u201eWsp\u00f3lnie dla dziedzictwa\u201d 2023 mog\u0105 by\u0107 organizacje pozarz\u0105dowe, kt\u00f3re chc\u0105 realizowa\u0107 projekty polegaj\u0105ce m.in. na identyfikowaniu i&nbsp;dokumentowaniu dziedzictwa kulturowego, realizuj\u0105ce dzia\u0142ania edukacyjne i popularyzuj\u0105ce widz\u0119 na temat warto\u015bci dziedzictwa materialnego oraz promocji dobrych praktyk w zakresie poszukiwania zabytk\u00f3w zgodnie z obowi\u0105zuj\u0105cymi procedurami i zasadami ochrony dziedzictwa archeologicznego. O&nbsp;dofinansowanie mog\u0105 r\u00f3wnie\u017c stara\u0107 si\u0119 projekty maj\u0105ce na celu prace porz\u0105dkowe i zabezpieczaj\u0105ce przy obiektach wpisanych do rejestru zabytk\u00f3w lub uj\u0119tych w gminnych ewidencjach zabytk\u00f3w.<\/p>\n\n\n\n<p>Celem programu \u201eWsp\u00f3lnie dla dziedzictwa\u201d jest \u2013 wzmacnianie spo\u0142ecznego zaanga\u017cowania w ochron\u0119 dziedzictwa kulturowego oraz wykorzystanie jego warto\u015bci dla rozwoju spo\u0142ecznego, obecnych i przysz\u0142ych pokole\u0144. Sta\u0142ym filarem realizacji projekt\u00f3w s\u0105 aktywnie w nich uczestnicz\u0105cy wolontariusze.<\/p>\n\n\n\n<p>Nab\u00f3r wniosk\u00f3w do programu rusza 14 kwietnia, i potrwa do 16 maja 2023 roku do godz. 15.00. Aplikacje nale\u017cy sk\u0142ada\u0107 za pomoc\u0105 platformy: <a href=\"http:\/\/witkac.pl\" target=\"_blank\" rel=\"noreferrer noopener\">witkac.pl<\/a><\/p>\n\n\n\n<p>Przed wys\u0142aniem aplikacji, nale\u017cy zapozna\u0107 si\u0119 z warunkami ubiegania si\u0119 o dofinansowanie zawartymi w Regulaminie Programu. Wskaz\u00f3wki do prawid\u0142owego wype\u0142nienia wniosku oraz wszystkie niezb\u0119dne informacje i dokumenty dost\u0119pne s\u0105 na stronie Instytutu: <a href=\"https:\/\/nid.pl\/en\/\" target=\"_blank\" rel=\"noreferrer noopener\">nid.pl<\/a> w zak\u0142adce <strong><a href=\"https:\/\/nid.pl\/en\/dotacje\/wspolnie-dla-dziedzictwa\/\" target=\"_blank\" rel=\"noreferrer noopener\">Dotacje\/Wsp\u00f3lnie dla dziedzictwa<\/a>.<\/strong><\/p>\n\n\n\n<p>\u201eWsp\u00f3lnie dla dziedzictwa\u201d to program zapocz\u0105tkowany przez Narodowy Instytut Dziedzictwa w 2016 roku z my\u015bl\u0105 o anga\u017cowaniu spo\u0142ecze\u0144stwa w poznawanie lokalnego dziedzictwa kulturowego oraz w system opieki nad zabytkami. W ramach dotychczasowych siedmiu edycji \u201eWsp\u00f3lnie dla dziedzictwa\u201d o dotacje ubiega\u0142o si\u0119 ponad 1100 inicjatyw z ca\u0142ej Polski, z czego wsparcie otrzyma\u0142y 274 projekty. <strong>Tegoroczny bud\u017cet Programu wynosi 1&nbsp;220 000 z\u0142.<\/strong><\/p>\n\n\n\n<p>Program \u201eWsp\u00f3lnie dla dziedzictwa\u201d realizowany jest ze \u015brodk\u00f3w Ministra Kultury i Dziedzictwa Narodowego.<\/p>\n\n\n\n<p><strong>Program \u201eNiematerialne \u2013 przeka\u017c dalej\u201d<\/strong><\/p>\n\n\n\n<p>\u017bywe dziedzictwo, ze wzgl\u0119du na swoj\u0105 specyfik\u0119, potrzebuje specjalnej ochrony. W 2023 roku mija 20 lat od powstania <a href=\"https:\/\/niematerialne.nid.pl\/\" target=\"_blank\" rel=\"noreferrer noopener\">Konwencji UNESCO w sprawie ochrony niematerialnego dziedzictwa kulturowego<\/a>. To r\u00f3wnie\u017c rok jubileuszu 10-lecia <a href=\"https:\/\/niematerialne.nid.pl\/niematerialne-dziedzictwo-kulturowe\/krajowa-lista-niematerialnego-dziedzictwa-kulturowego\/\" target=\"_blank\" rel=\"noreferrer noopener\">Krajowej listy niematerialnego dziedzictw kulturowego<\/a>. W zwi\u0105zku z jubileuszami Narodowy Instytut Dziedzictwa uruchomi\u0142 nowy program dotacyjny<a> <\/a><strong><a href=\"https:\/\/nid.pl\/en\/dotacje\/niematerialne-przekaz-dalej\/\" target=\"_blank\" rel=\"noreferrer noopener\">\u201eNiematerialne \u2013 przeka\u017c dalej\u201d<\/a><\/strong>,kt\u00f3rego celem jest wspieranie projekt\u00f3w dotycz\u0105cych zjawisk wpisanych na <a href=\"https:\/\/niematerialne.nid.pl\/niematerialne-dziedzictwo-kulturowe\/krajowa-lista-niematerialnego-dziedzictwa-kulturowego\/\" target=\"_blank\" rel=\"noreferrer noopener\">Krajow\u0105 list\u0119 niematerialnego dziedzictwa kulturowego<\/a>, s\u0142u\u017c\u0105cych wzmocnieniu przekazu pokoleniowego, ochrony i popularyzacji tych zjawisk.<\/p>\n\n\n\n<p>Krajowa lista to spis przejaw\u00f3w \u017cywego dziedzictwa niematerialnego z terenu Polski oraz forma ochrony dziedzictwa kulturowego wynikaj\u0105ca z&nbsp;podpisanej przez Polsk\u0119 Konwencji UNESCO z 2003 r. w sprawie ochrony niematerialnego dziedzictwa kulturowego. <a href=\"https:\/\/niematerialne.nid.pl\/niematerialne-dziedzictwo-kulturowe\/krajowa-lista-niematerialnego-dziedzictwa-kulturowego\/\" target=\"_blank\" rel=\"noreferrer noopener\">Obecnie na li\u015bcie znajduj\u0105 si\u0119 73 wpisy<\/a> i s\u0105 w\u015br\u00f3d nich m.in. takie elementy jak: tradycje hafciarskie w Dobrzeniu Wielkim, tradycje kulturowe g\u00f3rniczych orkiestr d\u0119tych z G\u00f3rnego \u015al\u0105ska czy tkanie r\u0119kawic furma\u0144skich przez Czarnych G\u00f3rali.List\u0119 prowadzi minister kultury i dziedzictwa narodowego we wsp\u00f3\u0142pracy z Narodowym Instytutem Dziedzictwa.<\/p>\n\n\n\n<p>Dzia\u0142ania realizowane w ramach programu maj\u0105 zwi\u0119ksza\u0107 wiedz\u0119 spo\u0142ecze\u0144stwa na temat roli tego dziedzictwa w kulturze lokalnej i og\u00f3lnopolskiej, aktywizowa\u0107 spo\u0142eczno\u015bci lokalne i budowa\u0107 sieci wsp\u00f3\u0142pracy w zakresie poznawania, ochrony i opieki nad dziedzictwem niematerialnym.<\/p>\n\n\n\n<p>Program adresowany jest do organizacji pozarz\u0105dowych, kt\u00f3re albo s\u0105 Depozytariuszami zjawisk wpisanych na Krajow\u0105 list\u0119 niematerialnego dziedzictwa kulturowego, albo wsp\u00f3\u0142pracuj\u0105 z Depozytariuszami (w ramach przygotowanego projektu).<\/p>\n\n\n\n<p>W ramach Programu wnioskodawcy mog\u0105 ubiega\u0107 si\u0119 o dofinansowanie zada\u0144 zwi\u0105zanych ze zjawiskami wpisanymi na Krajow\u0105 list\u0119 niematerialnego dziedzictwa kulturowego, obejmuj\u0105cych:<\/p>\n\n\n\n<ol class=\"wp-block-list\"><li>dzia\u0142ania zwi\u0105zane z dokumentowaniem element\u00f3w niematerialnego dziedzictwa prowadz\u0105ce do ich g\u0142\u0119bszego utrwalenia, zachowania dla kolejnych pokole\u0144 oraz popularyzuj\u0105ce lokalne niematerialne dziedzictwo;<\/li><li>projekty wspieraj\u0105ce mi\u0119dzypokoleniowy przekaz wiedzy i umiej\u0119tno\u015bci, prowadz\u0105ce do nabycia nowych kompetencji we wszystkich dziedzinach zwi\u0105zanych z danym zjawiskiem;<\/li><li>dzia\u0142ania edukacyjne prowadz\u0105ce do wzmocnienia \u015bwiadomo\u015bci spo\u0142ecznej, szczeg\u00f3lnie w\u015br\u00f3d m\u0142odego pokolenia, na temat roli dziedzictwa niematerialnego w kulturze lokalnej i og\u00f3lnopolskiej.<\/li><\/ol>\n\n\n\n<p>Nab\u00f3r wniosk\u00f3w do programu rusza 14 kwietnia i potrwa do 16 maja 2023 roku do godz. 15.00. Aplikacje nale\u017cy sk\u0142ada\u0107 za pomoc\u0105 platformy: <a href=\"http:\/\/witkac.pl\" target=\"_blank\" rel=\"noreferrer noopener\">witkac.pl<\/a>.<\/p>\n\n\n\n<p>Szczeg\u00f3\u0142owe informacje dotycz\u0105ce programu wraz z regulaminem b\u0119d\u0105 dost\u0119pne na stronie: <a href=\"https:\/\/nid.pl\/en\/\" target=\"_blank\" rel=\"noreferrer noopener\">www.nid.pl<\/a> w zak\u0142adce <a href=\"https:\/\/nid.pl\/en\/dotacje\/niematerialne-przekaz-dalej\/\" target=\"_blank\" rel=\"noreferrer noopener\"><strong>Dotacje\/Niematerialne &#8211; przeka\u017c dalej<\/strong><\/a>. Przy opracowaniu wniosku zach\u0119camy do skorzystania z wniosku wzorcowego zamieszczonego w materia\u0142ach do pobrania.<\/p>\n\n\n\n<p>Bud\u017cet programu na 2023 r. wynosi \u0142\u0105cznie 300 000 z\u0142, w ramach programu, mo\u017cna wnioskowa\u0107 o dofinansowanie w przedziale od 5 000 z\u0142 do 50 000 z\u0142.<\/p>\n\n\n\n<p>Program \u201eNiematerialne \u2013 przeka\u017c dalej\u201d realizowany jest ze \u015brodk\u00f3w Ministra Kultury i Dziedzictwa Narodowego.<\/p>\n\n\n\n<p><\/p>\n\n\n\n<p><\/p>","protected":false},"excerpt":{"rendered":"<p>14 kwietnia rusza nab\u00f3r wniosk\u00f3w w ramach program\u00f3w dotacyjnych Narodowego Instytutu Dziedzictwa: \u201eWsp\u00f3lnie dla dziedzictwa\u201d oraz \u201eNiematerialne \u2013 przeka\u017c dalej\u201d. Ju\u017c po raz \u00f3smy organizacje pozarz\u0105dowe mog\u0105 ubiega\u0107 si\u0119 o [&hellip;]<\/p>","protected":false},"author":7,"featured_media":10623,"comment_status":"open","ping_status":"open","sticky":false,"template":"","format":"standard","meta":{"_et_pb_use_builder":"off","_et_pb_old_content":"","_et_gb_content_width":"","_monsterinsights_skip_tracking":false,"_monsterinsights_sitenote_active":false,"_monsterinsights_sitenote_note":"","_monsterinsights_sitenote_category":0,"footnotes":""},"categories":[3],"tags":[],"class_list":["post-10610","post","type-post","status-publish","format-standard","has-post-thumbnail","hentry","category-aktualnosci"],"yoast_head":"<!-- This site is optimized with the Yoast SEO plugin v26.5 - https:\/\/yoast.com\/wordpress\/plugins\/seo\/ -->\n<title>Rusza nab\u00f3r wniosk\u00f3w do program\u00f3w dotacyjnych Narodowego Instytutu Dziedzictwa - NID<\/title>\n<meta name=\"robots\" content=\"index, follow, max-snippet:-1, max-image-preview:large, max-video-preview:-1\" \/>\n<link rel=\"canonical\" href=\"https:\/\/nid.pl\/en\/2023\/04\/14\/rusza-nabor-wnioskow-do-programow-dotacyjnych-narodowego-instytutu-dziedzictwa\/\" \/>\n<meta property=\"og:locale\" content=\"en_GB\" \/>\n<meta property=\"og:type\" content=\"article\" \/>\n<meta property=\"og:title\" content=\"Rusza nab\u00f3r wniosk\u00f3w do program\u00f3w dotacyjnych Narodowego Instytutu Dziedzictwa - NID\" \/>\n<meta property=\"og:description\" content=\"14 kwietnia rusza nab\u00f3r wniosk\u00f3w w ramach program\u00f3w dotacyjnych Narodowego Instytutu Dziedzictwa: \u201eWsp\u00f3lnie dla dziedzictwa\u201d oraz \u201eNiematerialne \u2013 przeka\u017c dalej\u201d. Ju\u017c po raz \u00f3smy organizacje pozarz\u0105dowe mog\u0105 ubiega\u0107 si\u0119 o [&hellip;]\" \/>\n<meta property=\"og:url\" content=\"https:\/\/nid.pl\/en\/2023\/04\/14\/rusza-nabor-wnioskow-do-programow-dotacyjnych-narodowego-instytutu-dziedzictwa\/\" \/>\n<meta property=\"og:site_name\" content=\"NID\" \/>\n<meta property=\"article:publisher\" content=\"https:\/\/www.facebook.com\/zabytek\" \/>\n<meta property=\"article:published_time\" content=\"2023-04-14T11:14:00+00:00\" \/>\n<meta property=\"article:modified_time\" content=\"2023-04-14T13:55:18+00:00\" \/>\n<meta property=\"og:image\" content=\"https:\/\/nid.pl\/wp-content\/uploads\/2023\/04\/miniaturka-programu-dotacyjne.png\" \/>\n\t<meta property=\"og:image:width\" content=\"1857\" \/>\n\t<meta property=\"og:image:height\" content=\"1238\" \/>\n\t<meta property=\"og:image:type\" content=\"image\/png\" \/>\n<meta name=\"author\" content=\"Barbara Halliop\" \/>\n<meta name=\"twitter:card\" content=\"summary_large_image\" \/>\n<meta name=\"twitter:creator\" content=\"@NarIDpl\" \/>\n<meta name=\"twitter:site\" content=\"@NarIDpl\" \/>\n<meta name=\"twitter:label1\" content=\"Written by\" \/>\n\t<meta name=\"twitter:data1\" content=\"Barbara Halliop\" \/>\n\t<meta name=\"twitter:label2\" content=\"Estimated reading time\" \/>\n\t<meta name=\"twitter:data2\" content=\"4 minutes\" \/>\n<script type=\"application\/ld+json\" class=\"yoast-schema-graph\">{\"@context\":\"https:\/\/schema.org\",\"@graph\":[{\"@type\":\"Article\",\"@id\":\"https:\/\/nid.pl\/2023\/04\/14\/rusza-nabor-wnioskow-do-programow-dotacyjnych-narodowego-instytutu-dziedzictwa\/#article\",\"isPartOf\":{\"@id\":\"https:\/\/nid.pl\/2023\/04\/14\/rusza-nabor-wnioskow-do-programow-dotacyjnych-narodowego-instytutu-dziedzictwa\/\"},\"author\":{\"name\":\"Barbara Halliop\",\"@id\":\"https:\/\/nid.pl\/#\/schema\/person\/1b690a8998a5111cfb9f0ffe24195a15\"},\"headline\":\"Rusza nab\u00f3r wniosk\u00f3w do program\u00f3w dotacyjnych Narodowego Instytutu Dziedzictwa\",\"datePublished\":\"2023-04-14T11:14:00+00:00\",\"dateModified\":\"2023-04-14T13:55:18+00:00\",\"mainEntityOfPage\":{\"@id\":\"https:\/\/nid.pl\/2023\/04\/14\/rusza-nabor-wnioskow-do-programow-dotacyjnych-narodowego-instytutu-dziedzictwa\/\"},\"wordCount\":981,\"commentCount\":0,\"publisher\":{\"@id\":\"https:\/\/nid.pl\/#organization\"},\"image\":{\"@id\":\"https:\/\/nid.pl\/2023\/04\/14\/rusza-nabor-wnioskow-do-programow-dotacyjnych-narodowego-instytutu-dziedzictwa\/#primaryimage\"},\"thumbnailUrl\":\"https:\/\/nid.pl\/wp-content\/uploads\/2023\/04\/miniaturka-programu-dotacyjne.png\",\"articleSection\":[\"Aktualno\u015bci\"],\"inLanguage\":\"en-GB\"},{\"@type\":\"WebPage\",\"@id\":\"https:\/\/nid.pl\/2023\/04\/14\/rusza-nabor-wnioskow-do-programow-dotacyjnych-narodowego-instytutu-dziedzictwa\/\",\"url\":\"https:\/\/nid.pl\/2023\/04\/14\/rusza-nabor-wnioskow-do-programow-dotacyjnych-narodowego-instytutu-dziedzictwa\/\",\"name\":\"Rusza nab\u00f3r wniosk\u00f3w do program\u00f3w dotacyjnych Narodowego Instytutu Dziedzictwa - NID\",\"isPartOf\":{\"@id\":\"https:\/\/nid.pl\/#website\"},\"primaryImageOfPage\":{\"@id\":\"https:\/\/nid.pl\/2023\/04\/14\/rusza-nabor-wnioskow-do-programow-dotacyjnych-narodowego-instytutu-dziedzictwa\/#primaryimage\"},\"image\":{\"@id\":\"https:\/\/nid.pl\/2023\/04\/14\/rusza-nabor-wnioskow-do-programow-dotacyjnych-narodowego-instytutu-dziedzictwa\/#primaryimage\"},\"thumbnailUrl\":\"https:\/\/nid.pl\/wp-content\/uploads\/2023\/04\/miniaturka-programu-dotacyjne.png\",\"datePublished\":\"2023-04-14T11:14:00+00:00\",\"dateModified\":\"2023-04-14T13:55:18+00:00\",\"breadcrumb\":{\"@id\":\"https:\/\/nid.pl\/2023\/04\/14\/rusza-nabor-wnioskow-do-programow-dotacyjnych-narodowego-instytutu-dziedzictwa\/#breadcrumb\"},\"inLanguage\":\"en-GB\",\"potentialAction\":[{\"@type\":\"ReadAction\",\"target\":[\"https:\/\/nid.pl\/2023\/04\/14\/rusza-nabor-wnioskow-do-programow-dotacyjnych-narodowego-instytutu-dziedzictwa\/\"]}]},{\"@type\":\"ImageObject\",\"inLanguage\":\"en-GB\",\"@id\":\"https:\/\/nid.pl\/2023\/04\/14\/rusza-nabor-wnioskow-do-programow-dotacyjnych-narodowego-instytutu-dziedzictwa\/#primaryimage\",\"url\":\"https:\/\/nid.pl\/wp-content\/uploads\/2023\/04\/miniaturka-programu-dotacyjne.png\",\"contentUrl\":\"https:\/\/nid.pl\/wp-content\/uploads\/2023\/04\/miniaturka-programu-dotacyjne.png\",\"width\":1857,\"height\":1238,\"caption\":\"miniaturka programu dotacyjne\"},{\"@type\":\"BreadcrumbList\",\"@id\":\"https:\/\/nid.pl\/2023\/04\/14\/rusza-nabor-wnioskow-do-programow-dotacyjnych-narodowego-instytutu-dziedzictwa\/#breadcrumb\",\"itemListElement\":[{\"@type\":\"ListItem\",\"position\":1,\"name\":\"Home\",\"item\":\"https:\/\/nid.pl\/\"},{\"@type\":\"ListItem\",\"position\":2,\"name\":\"Rusza nab\u00f3r wniosk\u00f3w do program\u00f3w dotacyjnych Narodowego Instytutu Dziedzictwa\"}]},{\"@type\":\"WebSite\",\"@id\":\"https:\/\/nid.pl\/#website\",\"url\":\"https:\/\/nid.pl\/\",\"name\":\"NID\",\"description\":\"Narodowy Instytut Dziedzictwa\",\"publisher\":{\"@id\":\"https:\/\/nid.pl\/#organization\"},\"potentialAction\":[{\"@type\":\"SearchAction\",\"target\":{\"@type\":\"EntryPoint\",\"urlTemplate\":\"https:\/\/nid.pl\/?s={search_term_string}\"},\"query-input\":{\"@type\":\"PropertyValueSpecification\",\"valueRequired\":true,\"valueName\":\"search_term_string\"}}],\"inLanguage\":\"en-GB\"},{\"@type\":\"Organization\",\"@id\":\"https:\/\/nid.pl\/#organization\",\"name\":\"Narodowy Instytut Dziedzictwa\",\"url\":\"https:\/\/nid.pl\/\",\"logo\":{\"@type\":\"ImageObject\",\"inLanguage\":\"en-GB\",\"@id\":\"https:\/\/nid.pl\/#\/schema\/logo\/image\/\",\"url\":\"https:\/\/nid.pl\/wp-content\/uploads\/2022\/10\/logoRedDark.png\",\"contentUrl\":\"https:\/\/nid.pl\/wp-content\/uploads\/2022\/10\/logoRedDark.png\",\"width\":200,\"height\":197,\"caption\":\"Narodowy Instytut Dziedzictwa\"},\"image\":{\"@id\":\"https:\/\/nid.pl\/#\/schema\/logo\/image\/\"},\"sameAs\":[\"https:\/\/www.facebook.com\/zabytek\",\"https:\/\/x.com\/NarIDpl\",\"https:\/\/www.instagram.com\/nid.pl\/?hl=pl\",\"https:\/\/www.linkedin.com\/company\/narodowy-instytut-dziedzictwa\",\"https:\/\/www.youtube.com\/channel\/UCQXuhKa2uHtmNvLRUSx40JA\"]},{\"@type\":\"Person\",\"@id\":\"https:\/\/nid.pl\/#\/schema\/person\/1b690a8998a5111cfb9f0ffe24195a15\",\"name\":\"Barbara Halliop\",\"image\":{\"@type\":\"ImageObject\",\"inLanguage\":\"en-GB\",\"@id\":\"https:\/\/nid.pl\/#\/schema\/person\/image\/\",\"url\":\"https:\/\/nid.pl\/wp-content\/litespeed\/avatar\/924046d17dd0c842c9fa9ccf489bc6dc.jpg?ver=1777444967\",\"contentUrl\":\"https:\/\/nid.pl\/wp-content\/litespeed\/avatar\/924046d17dd0c842c9fa9ccf489bc6dc.jpg?ver=1777444967\",\"caption\":\"Barbara Halliop\"},\"url\":\"https:\/\/nid.pl\/en\/author\/bhalliop\/\"}]}<\/script>\n<!-- \/ Yoast SEO plugin. -->","yoast_head_json":{"title":"Rusza nab\u00f3r wniosk\u00f3w do program\u00f3w dotacyjnych Narodowego Instytutu Dziedzictwa - NID","robots":{"index":"index","follow":"follow","max-snippet":"max-snippet:-1","max-image-preview":"max-image-preview:large","max-video-preview":"max-video-preview:-1"},"canonical":"https:\/\/nid.pl\/en\/2023\/04\/14\/rusza-nabor-wnioskow-do-programow-dotacyjnych-narodowego-instytutu-dziedzictwa\/","og_locale":"en_GB","og_type":"article","og_title":"Rusza nab\u00f3r wniosk\u00f3w do program\u00f3w dotacyjnych Narodowego Instytutu Dziedzictwa - NID","og_description":"14 kwietnia rusza nab\u00f3r wniosk\u00f3w w ramach program\u00f3w dotacyjnych Narodowego Instytutu Dziedzictwa: \u201eWsp\u00f3lnie dla dziedzictwa\u201d oraz \u201eNiematerialne \u2013 przeka\u017c dalej\u201d. Ju\u017c po raz \u00f3smy organizacje pozarz\u0105dowe mog\u0105 ubiega\u0107 si\u0119 o [&hellip;]","og_url":"https:\/\/nid.pl\/en\/2023\/04\/14\/rusza-nabor-wnioskow-do-programow-dotacyjnych-narodowego-instytutu-dziedzictwa\/","og_site_name":"NID","article_publisher":"https:\/\/www.facebook.com\/zabytek","article_published_time":"2023-04-14T11:14:00+00:00","article_modified_time":"2023-04-14T13:55:18+00:00","og_image":[{"width":1857,"height":1238,"url":"https:\/\/nid.pl\/wp-content\/uploads\/2023\/04\/miniaturka-programu-dotacyjne.png","type":"image\/png"}],"author":"Barbara Halliop","twitter_card":"summary_large_image","twitter_creator":"@NarIDpl","twitter_site":"@NarIDpl","twitter_misc":{"Written by":"Barbara Halliop","Estimated reading time":"4 minutes"},"schema":{"@context":"https:\/\/schema.org","@graph":[{"@type":"Article","@id":"https:\/\/nid.pl\/2023\/04\/14\/rusza-nabor-wnioskow-do-programow-dotacyjnych-narodowego-instytutu-dziedzictwa\/#article","isPartOf":{"@id":"https:\/\/nid.pl\/2023\/04\/14\/rusza-nabor-wnioskow-do-programow-dotacyjnych-narodowego-instytutu-dziedzictwa\/"},"author":{"name":"Barbara Halliop","@id":"https:\/\/nid.pl\/#\/schema\/person\/1b690a8998a5111cfb9f0ffe24195a15"},"headline":"Rusza nab\u00f3r wniosk\u00f3w do program\u00f3w dotacyjnych Narodowego Instytutu Dziedzictwa","datePublished":"2023-04-14T11:14:00+00:00","dateModified":"2023-04-14T13:55:18+00:00","mainEntityOfPage":{"@id":"https:\/\/nid.pl\/2023\/04\/14\/rusza-nabor-wnioskow-do-programow-dotacyjnych-narodowego-instytutu-dziedzictwa\/"},"wordCount":981,"commentCount":0,"publisher":{"@id":"https:\/\/nid.pl\/#organization"},"image":{"@id":"https:\/\/nid.pl\/2023\/04\/14\/rusza-nabor-wnioskow-do-programow-dotacyjnych-narodowego-instytutu-dziedzictwa\/#primaryimage"},"thumbnailUrl":"https:\/\/nid.pl\/wp-content\/uploads\/2023\/04\/miniaturka-programu-dotacyjne.png","articleSection":["Aktualno\u015bci"],"inLanguage":"en-GB"},{"@type":"WebPage","@id":"https:\/\/nid.pl\/2023\/04\/14\/rusza-nabor-wnioskow-do-programow-dotacyjnych-narodowego-instytutu-dziedzictwa\/","url":"https:\/\/nid.pl\/2023\/04\/14\/rusza-nabor-wnioskow-do-programow-dotacyjnych-narodowego-instytutu-dziedzictwa\/","name":"Rusza nab\u00f3r wniosk\u00f3w do program\u00f3w dotacyjnych Narodowego Instytutu Dziedzictwa - NID","isPartOf":{"@id":"https:\/\/nid.pl\/#website"},"primaryImageOfPage":{"@id":"https:\/\/nid.pl\/2023\/04\/14\/rusza-nabor-wnioskow-do-programow-dotacyjnych-narodowego-instytutu-dziedzictwa\/#primaryimage"},"image":{"@id":"https:\/\/nid.pl\/2023\/04\/14\/rusza-nabor-wnioskow-do-programow-dotacyjnych-narodowego-instytutu-dziedzictwa\/#primaryimage"},"thumbnailUrl":"https:\/\/nid.pl\/wp-content\/uploads\/2023\/04\/miniaturka-programu-dotacyjne.png","datePublished":"2023-04-14T11:14:00+00:00","dateModified":"2023-04-14T13:55:18+00:00","breadcrumb":{"@id":"https:\/\/nid.pl\/2023\/04\/14\/rusza-nabor-wnioskow-do-programow-dotacyjnych-narodowego-instytutu-dziedzictwa\/#breadcrumb"},"inLanguage":"en-GB","potentialAction":[{"@type":"ReadAction","target":["https:\/\/nid.pl\/2023\/04\/14\/rusza-nabor-wnioskow-do-programow-dotacyjnych-narodowego-instytutu-dziedzictwa\/"]}]},{"@type":"ImageObject","inLanguage":"en-GB","@id":"https:\/\/nid.pl\/2023\/04\/14\/rusza-nabor-wnioskow-do-programow-dotacyjnych-narodowego-instytutu-dziedzictwa\/#primaryimage","url":"https:\/\/nid.pl\/wp-content\/uploads\/2023\/04\/miniaturka-programu-dotacyjne.png","contentUrl":"https:\/\/nid.pl\/wp-content\/uploads\/2023\/04\/miniaturka-programu-dotacyjne.png","width":1857,"height":1238,"caption":"miniaturka programu dotacyjne"},{"@type":"BreadcrumbList","@id":"https:\/\/nid.pl\/2023\/04\/14\/rusza-nabor-wnioskow-do-programow-dotacyjnych-narodowego-instytutu-dziedzictwa\/#breadcrumb","itemListElement":[{"@type":"ListItem","position":1,"name":"Home","item":"https:\/\/nid.pl\/"},{"@type":"ListItem","position":2,"name":"Rusza nab\u00f3r wniosk\u00f3w do program\u00f3w dotacyjnych Narodowego Instytutu Dziedzictwa"}]},{"@type":"WebSite","@id":"https:\/\/nid.pl\/#website","url":"https:\/\/nid.pl\/","name":"NID","description":"Narodowy Instytut Dziedzictwa","publisher":{"@id":"https:\/\/nid.pl\/#organization"},"potentialAction":[{"@type":"SearchAction","target":{"@type":"EntryPoint","urlTemplate":"https:\/\/nid.pl\/?s={search_term_string}"},"query-input":{"@type":"PropertyValueSpecification","valueRequired":true,"valueName":"search_term_string"}}],"inLanguage":"en-GB"},{"@type":"Organization","@id":"https:\/\/nid.pl\/#organization","name":"Narodowy Instytut Dziedzictwa","url":"https:\/\/nid.pl\/","logo":{"@type":"ImageObject","inLanguage":"en-GB","@id":"https:\/\/nid.pl\/#\/schema\/logo\/image\/","url":"https:\/\/nid.pl\/wp-content\/uploads\/2022\/10\/logoRedDark.png","contentUrl":"https:\/\/nid.pl\/wp-content\/uploads\/2022\/10\/logoRedDark.png","width":200,"height":197,"caption":"Narodowy Instytut Dziedzictwa"},"image":{"@id":"https:\/\/nid.pl\/#\/schema\/logo\/image\/"},"sameAs":["https:\/\/www.facebook.com\/zabytek","https:\/\/x.com\/NarIDpl","https:\/\/www.instagram.com\/nid.pl\/?hl=pl","https:\/\/www.linkedin.com\/company\/narodowy-instytut-dziedzictwa","https:\/\/www.youtube.com\/channel\/UCQXuhKa2uHtmNvLRUSx40JA"]},{"@type":"Person","@id":"https:\/\/nid.pl\/#\/schema\/person\/1b690a8998a5111cfb9f0ffe24195a15","name":"Barbara Halliop","image":{"@type":"ImageObject","inLanguage":"en-GB","@id":"https:\/\/nid.pl\/#\/schema\/person\/image\/","url":"https:\/\/nid.pl\/wp-content\/litespeed\/avatar\/924046d17dd0c842c9fa9ccf489bc6dc.jpg?ver=1777444967","contentUrl":"https:\/\/nid.pl\/wp-content\/litespeed\/avatar\/924046d17dd0c842c9fa9ccf489bc6dc.jpg?ver=1777444967","caption":"Barbara Halliop"},"url":"https:\/\/nid.pl\/en\/author\/bhalliop\/"}]}},"_links":{"self":[{"href":"https:\/\/nid.pl\/en\/wp-json\/wp\/v2\/posts\/10610","targetHints":{"allow":["GET"]}}],"collection":[{"href":"https:\/\/nid.pl\/en\/wp-json\/wp\/v2\/posts"}],"about":[{"href":"https:\/\/nid.pl\/en\/wp-json\/wp\/v2\/types\/post"}],"author":[{"embeddable":true,"href":"https:\/\/nid.pl\/en\/wp-json\/wp\/v2\/users\/7"}],"replies":[{"embeddable":true,"href":"https:\/\/nid.pl\/en\/wp-json\/wp\/v2\/comments?post=10610"}],"version-history":[{"count":0,"href":"https:\/\/nid.pl\/en\/wp-json\/wp\/v2\/posts\/10610\/revisions"}],"wp:featuredmedia":[{"embeddable":true,"href":"https:\/\/nid.pl\/en\/wp-json\/wp\/v2\/media\/10623"}],"wp:attachment":[{"href":"https:\/\/nid.pl\/en\/wp-json\/wp\/v2\/media?parent=10610"}],"wp:term":[{"taxonomy":"category","embeddable":true,"href":"https:\/\/nid.pl\/en\/wp-json\/wp\/v2\/categories?post=10610"},{"taxonomy":"post_tag","embeddable":true,"href":"https:\/\/nid.pl\/en\/wp-json\/wp\/v2\/tags?post=10610"}],"curies":[{"name":"wp","href":"https:\/\/api.w.org\/{rel}","templated":true}]}}