{"id":10594,"date":"2023-04-13T15:25:22","date_gmt":"2023-04-13T13:25:22","guid":{"rendered":"https:\/\/nid.pl\/?p=10594"},"modified":"2024-02-09T12:44:21","modified_gmt":"2024-02-09T11:44:21","slug":"prezentacja-oznaczenia-cmentarza-zydowskiego-w-olsztynie","status":"publish","type":"post","link":"https:\/\/nid.pl\/en\/2023\/04\/13\/prezentacja-oznaczenia-cmentarza-zydowskiego-w-olsztynie\/","title":{"rendered":"Prezentacja oznaczenia cmentarza \u017cydowskiego w Olsztynie"},"content":{"rendered":"<p><strong>W Olsztynie odby\u0142a si\u0119 ceremonia prezentacji oznakowania cmentarza \u017cydowskiego, kt\u00f3ry znajduje si\u0119 przy \u017cydowskim domu pogrzebowym, projektu Ericha Mendelshona. Oznaczenie powsta\u0142o w ramach Programu oznakowania cmentarzy \u017cydowskich na terenie Rzeczypospolitej Polskiej, realizowanego przez Narodowy Instytut Dziedzictwa.<\/strong><\/p>\n\n\n\n<p><strong>Program \u201eOznakowanie cmentarzy \u017cydowskich na terenie Rzeczypospolitej Polskiej\u201d<\/strong><\/p>\n\n\n\n<p>Z inicjatywy Ministerstwa Kultury i Dziedzictwa Narodowego, Narodowy Instytut Dziedzictwa realizuje <a href=\"https:\/\/nid.pl\/en\/program-identyfikacji-i-oznakowania-cmentarzy-zydowskich-na-terenie-rp\/\" target=\"_blank\" rel=\"noreferrer noopener\">program \u201eOznakowanie cmentarzy \u017cydowskich na terenie Rzeczypospolitej Polskiej\u201d<\/a>. G\u0142\u00f3wnym celem Programu jest identyfikacja i upami\u0119tnienie cmentarzy \u017cydowskich, materialnego \u015bladu obecno\u015bci spo\u0142eczno\u015bci \u017cydowskiej na ziemiach polskich \u2013 odnalezienie miejsc w kt\u00f3rych si\u0119 znajduj\u0105, opisanie ich i docelowo oznakowanie.<\/p>\n\n\n\n<p>We wsp\u00f3\u0142pracy z Wojew\u00f3dzkimi Konserwatorami Zabytk\u00f3w, Muzeum Historii \u017byd\u00f3w Polskich POLIN, Zwi\u0105zkiem Gmin Wyznaniowych \u017bydowskich w RP, \u017bydowskim Instytutem Historycznym oraz Fundacj\u0105 Ochrony Dziedzictwa \u017bydowskiego, NID opracowa\u0142 program weryfikacji terenowej cmentarzy \u017cydowskich, na podstawie kt\u00f3rego wykonano szczeg\u00f3\u0142ow\u0105 inwentaryzacj\u0119 na terenie ca\u0142ej Polski. Wsp\u00f3lnie wypracowano tak\u017ce procedur\u0119 oznakowania cmentarzy. Powsta\u0142 znak graficzny przygotowany do potrzeb Programu \u2013 tablica w formie macewy z inskrypcj\u0105 w j\u0119zyku polskim i hebrajskim.&nbsp; Na tablicy jest umieszczony kod QR, kt\u00f3ry prowadzi do strony <a href=\"https:\/\/zabytek.pl\/pl\/obiekty\/czerwinsk-nad-wisla-dawne-opactwo-kanonikow-regularnych--2\" target=\"_blank\" rel=\"noreferrer noopener\">zabytek.pl<\/a>, gdzie znajduje si\u0119 informacja na temat danego cmentarza i spo\u0142eczno\u015bci \u017cydowskiej. Informacje s\u0105 dost\u0119pne w trzech j\u0119zykach \u2013 polskim, angielskim i hebrajskim.<\/p>\n\n\n\n<p>Dotychczas podczas wizji terenowych i og\u00f3lnych kwerend potwierdzano lokalizacj\u0119 1160 cmentarzy, z czego fizycznie oznakowano 36 obiekt\u00f3w. Specjali\u015bci Narodowego Instytutu Dziedzictwa oszacowali stan zachowania obiekt\u00f3w, okre\u015blili czytelno\u015b\u0107 historycznych granic oraz istnienie element\u00f3w upami\u0119tniaj\u0105cych.<\/p>\n\n\n\n<p><strong>Cmentarz \u017cydowski przy domu oczyszczenia projektu Ericha Mendelsohna<\/strong><\/p>\n\n\n\n<p>13 kwietnia w ramach organizowanych przez Narodowy Instytut Dziedzictwa obchod\u00f3w Mi\u0119dzynarodowego Dnia Ochrony Zabytk\u00f3w w wojew\u00f3dztwie warmi\u0144sko-mazurskim, odby\u0142a si\u0119 uroczysto\u015b\u0107 oznakowania starego cmentarza \u017cydowskiego przy domu oczyszczenia projektu Ericha Mendelsohna w Olsztynie.<\/p>\n\n\n\n<p>Jak podkre\u015bli\u0142a dr hab. Monika Bogdanowska, zast\u0119pca dyrektora Narodowego Instytutu Dziedzictwa, Program realizowany przez NID, to okazja do propagowania informacji o cmentarzach i innych obiektach kultury \u017cydowskiej:<\/p>\n\n\n\n<p>\u2013 <em>Program identyfikacji i oznakowania cmentarzy \u017cydowskich na terenie Rzeczpospolitej Polskiej jest okazj\u0105 do upowszechniania informacji o cmentarzach \u017cydowskich i innych obiektach kultury \u017cydowskiej w Polsce oraz organizowania akcji edukacyjnych s\u0142u\u017c\u0105cych wypracowywaniu mechanizm\u00f3w ich ochrony z udzia\u0142em lokalnych spo\u0142eczno\u015bci.<\/em><\/p>\n\n\n\n<p>Przy tej okazji dyrektor Bogdanowska nawi\u0105za\u0142a do zbli\u017caj\u0105cego si\u0119 mi\u0119dzynarodowego \u015bwi\u0119ta zabytk\u00f3w:<\/p>\n\n\n\n<p><em>\u2013 Pi\u0119kno zabytk\u00f3w w Polsce, to nie tylko efekt pracy s\u0142u\u017cb konserwatorskich. Bardzo istotne jest te\u017c spo\u0142eczne zaanga\u017cowanie. Niech przypadaj\u0105cy na 18 kwietnia Mi\u0119dzynarodowy Dzie\u0144 Ochrony Zabytk\u00f3w b\u0119dzie okazj\u0105, do wdzi\u0119czno\u015bci wszystkim tym, kt\u00f3rzy dbaj\u0105 o zabytki, a w\u015br\u00f3d nich o stare cmentarze \u017cydowskie.<\/em><\/p>\n\n\n\n<p>Cmentarz \u017cydowski w Olsztynie zosta\u0142 za\u0142o\u017cony na pocz\u0105tku XIX wieku. Z kolei na skraju terenu cmentarnego, na pocz\u0105tku XX wieku, zosta\u0142 wybudowany dom przedpogrzebowy (hebr. Bet Tahara &#8211; dom oczyszczenia) oraz mniejszy dom ogrodnika, przeznaczony dla opiekuna nekropolii. Oba budynki zaprojektowa\u0142 Erich Mendelsohn urodzony w&nbsp;Olsztynie, w&nbsp;zasymilowanej rodzinie \u017cydowskiej &#8211; p\u00f3\u017aniejszy \u015bwiatowej s\u0142awy architekt, tw\u00f3rca nurtu ekspresjonizmu (tzw. wie\u017ca Einsteina w&nbsp;Poczdamie) i&nbsp;wybitny architekt modernizmu (realizacje w&nbsp;\u00f3wczesnych Niemczech, w&nbsp;Anglii, Stanach Zjednoczonych, Izraelu). Jest to pierwsza i&nbsp;jedyna realizacja architekta w&nbsp;rodzinnym mie\u015bcie. Wi\u0119cej informacji na temat obiekt\u00f3w mo\u017cna znale\u017a\u0107 na stronie <a href=\"https:\/\/zabytek.pl\/pl\/obiekty\/olsztyn-dom-przedpogrzebowy-gminy-zydowskiej-obecnie-centrum-di\" target=\"_blank\" rel=\"noreferrer noopener\">zabytek.pl<\/a>.<\/p>\n\n\n\n<p>Kolejna ceremonia prezentacji oznaczenia cmentarza \u017cydowskiego odb\u0119dzie si\u0119 18 kwietnia w \u0141a\u0144cucie (woj. podkarpackie). W maju planowane s\u0105 uroczysto\u015bci w miejscowo\u015bciach: Przysucha (woj. mazowieckie) oraz Zawiercie-Kromo\u0142\u00f3w (woj. \u015bl\u0105skie).<\/p>\n\n\n\n<p>Ceremonia prezentacji oznakowania cmentarza \u017cydowskiego zosta\u0142a przeprowadzona w ramach realizowanego przez Narodowy Instytut Dziedzictwa programu \u201eOznakowanie cmentarzy \u017cydowskich w Rzeczypospolitej Polskiej\u201d finansowanego ze \u015brodk\u00f3w Ministerstwa Kultury i Dziedzictwa Narodowego.<\/p>\n\n\n\n<p><\/p>","protected":false},"excerpt":{"rendered":"<p>W Olsztynie odby\u0142a si\u0119 ceremonia prezentacji oznakowania cmentarza \u017cydowskiego, kt\u00f3ry znajduje si\u0119 przy \u017cydowskim domu pogrzebowym, projektu Ericha Mendelshona. Oznaczenie powsta\u0142o w ramach Programu oznakowania cmentarzy \u017cydowskich na terenie Rzeczypospolitej [&hellip;]<\/p>","protected":false},"author":7,"featured_media":10595,"comment_status":"closed","ping_status":"closed","sticky":false,"template":"","format":"standard","meta":{"_et_pb_use_builder":"off","_et_pb_old_content":"","_et_gb_content_width":"","_monsterinsights_skip_tracking":false,"_monsterinsights_sitenote_active":false,"_monsterinsights_sitenote_note":"","_monsterinsights_sitenote_category":0,"footnotes":""},"categories":[3,100],"tags":[],"class_list":["post-10594","post","type-post","status-publish","format-standard","has-post-thumbnail","hentry","category-aktualnosci","category-cmentarze-zydowskie"],"yoast_head":"<!-- This site is optimized with the Yoast SEO plugin v26.5 - https:\/\/yoast.com\/wordpress\/plugins\/seo\/ -->\n<title>Prezentacja oznaczenia cmentarza \u017cydowskiego w Olsztynie - NID<\/title>\n<meta name=\"robots\" content=\"index, follow, max-snippet:-1, max-image-preview:large, max-video-preview:-1\" \/>\n<link rel=\"canonical\" href=\"https:\/\/nid.pl\/en\/2023\/04\/13\/prezentacja-oznaczenia-cmentarza-zydowskiego-w-olsztynie\/\" \/>\n<meta property=\"og:locale\" content=\"en_GB\" \/>\n<meta property=\"og:type\" content=\"article\" \/>\n<meta property=\"og:title\" content=\"Prezentacja oznaczenia cmentarza \u017cydowskiego w Olsztynie - NID\" \/>\n<meta property=\"og:description\" content=\"W Olsztynie odby\u0142a si\u0119 ceremonia prezentacji oznakowania cmentarza \u017cydowskiego, kt\u00f3ry znajduje si\u0119 przy \u017cydowskim domu pogrzebowym, projektu Ericha Mendelshona. Oznaczenie powsta\u0142o w ramach Programu oznakowania cmentarzy \u017cydowskich na terenie Rzeczypospolitej [&hellip;]\" \/>\n<meta property=\"og:url\" content=\"https:\/\/nid.pl\/en\/2023\/04\/13\/prezentacja-oznaczenia-cmentarza-zydowskiego-w-olsztynie\/\" \/>\n<meta property=\"og:site_name\" content=\"NID\" \/>\n<meta property=\"article:publisher\" content=\"https:\/\/www.facebook.com\/zabytek\" \/>\n<meta property=\"article:published_time\" content=\"2023-04-13T13:25:22+00:00\" \/>\n<meta property=\"article:modified_time\" content=\"2024-02-09T11:44:21+00:00\" \/>\n<meta property=\"og:image\" content=\"https:\/\/nid.pl\/wp-content\/uploads\/2023\/04\/miniaturka-Olsztyn-cmentarze.png\" \/>\n\t<meta property=\"og:image:width\" content=\"1857\" \/>\n\t<meta property=\"og:image:height\" content=\"1238\" \/>\n\t<meta property=\"og:image:type\" content=\"image\/png\" \/>\n<meta name=\"author\" content=\"Barbara Halliop\" \/>\n<meta name=\"twitter:card\" content=\"summary_large_image\" \/>\n<meta name=\"twitter:creator\" content=\"@NarIDpl\" \/>\n<meta name=\"twitter:site\" content=\"@NarIDpl\" \/>\n<meta name=\"twitter:label1\" content=\"Written by\" \/>\n\t<meta name=\"twitter:data1\" content=\"Barbara Halliop\" \/>\n\t<meta name=\"twitter:label2\" content=\"Estimated reading time\" \/>\n\t<meta name=\"twitter:data2\" content=\"3 minutes\" \/>\n<script type=\"application\/ld+json\" class=\"yoast-schema-graph\">{\"@context\":\"https:\/\/schema.org\",\"@graph\":[{\"@type\":\"Article\",\"@id\":\"https:\/\/nid.pl\/2023\/04\/13\/prezentacja-oznaczenia-cmentarza-zydowskiego-w-olsztynie\/#article\",\"isPartOf\":{\"@id\":\"https:\/\/nid.pl\/2023\/04\/13\/prezentacja-oznaczenia-cmentarza-zydowskiego-w-olsztynie\/\"},\"author\":{\"name\":\"Barbara Halliop\",\"@id\":\"https:\/\/nid.pl\/#\/schema\/person\/1b690a8998a5111cfb9f0ffe24195a15\"},\"headline\":\"Prezentacja oznaczenia cmentarza \u017cydowskiego w Olsztynie\",\"datePublished\":\"2023-04-13T13:25:22+00:00\",\"dateModified\":\"2024-02-09T11:44:21+00:00\",\"mainEntityOfPage\":{\"@id\":\"https:\/\/nid.pl\/2023\/04\/13\/prezentacja-oznaczenia-cmentarza-zydowskiego-w-olsztynie\/\"},\"wordCount\":637,\"publisher\":{\"@id\":\"https:\/\/nid.pl\/#organization\"},\"image\":{\"@id\":\"https:\/\/nid.pl\/2023\/04\/13\/prezentacja-oznaczenia-cmentarza-zydowskiego-w-olsztynie\/#primaryimage\"},\"thumbnailUrl\":\"https:\/\/nid.pl\/wp-content\/uploads\/2023\/04\/miniaturka-Olsztyn-cmentarze.png\",\"articleSection\":[\"Aktualno\u015bci\",\"Cmentarze \u017cydowskie\"],\"inLanguage\":\"en-GB\"},{\"@type\":\"WebPage\",\"@id\":\"https:\/\/nid.pl\/2023\/04\/13\/prezentacja-oznaczenia-cmentarza-zydowskiego-w-olsztynie\/\",\"url\":\"https:\/\/nid.pl\/2023\/04\/13\/prezentacja-oznaczenia-cmentarza-zydowskiego-w-olsztynie\/\",\"name\":\"Prezentacja oznaczenia cmentarza \u017cydowskiego w Olsztynie - NID\",\"isPartOf\":{\"@id\":\"https:\/\/nid.pl\/#website\"},\"primaryImageOfPage\":{\"@id\":\"https:\/\/nid.pl\/2023\/04\/13\/prezentacja-oznaczenia-cmentarza-zydowskiego-w-olsztynie\/#primaryimage\"},\"image\":{\"@id\":\"https:\/\/nid.pl\/2023\/04\/13\/prezentacja-oznaczenia-cmentarza-zydowskiego-w-olsztynie\/#primaryimage\"},\"thumbnailUrl\":\"https:\/\/nid.pl\/wp-content\/uploads\/2023\/04\/miniaturka-Olsztyn-cmentarze.png\",\"datePublished\":\"2023-04-13T13:25:22+00:00\",\"dateModified\":\"2024-02-09T11:44:21+00:00\",\"breadcrumb\":{\"@id\":\"https:\/\/nid.pl\/2023\/04\/13\/prezentacja-oznaczenia-cmentarza-zydowskiego-w-olsztynie\/#breadcrumb\"},\"inLanguage\":\"en-GB\",\"potentialAction\":[{\"@type\":\"ReadAction\",\"target\":[\"https:\/\/nid.pl\/2023\/04\/13\/prezentacja-oznaczenia-cmentarza-zydowskiego-w-olsztynie\/\"]}]},{\"@type\":\"ImageObject\",\"inLanguage\":\"en-GB\",\"@id\":\"https:\/\/nid.pl\/2023\/04\/13\/prezentacja-oznaczenia-cmentarza-zydowskiego-w-olsztynie\/#primaryimage\",\"url\":\"https:\/\/nid.pl\/wp-content\/uploads\/2023\/04\/miniaturka-Olsztyn-cmentarze.png\",\"contentUrl\":\"https:\/\/nid.pl\/wp-content\/uploads\/2023\/04\/miniaturka-Olsztyn-cmentarze.png\",\"width\":1857,\"height\":1238,\"caption\":\"miniaturka Olsztyn cmentarze\"},{\"@type\":\"BreadcrumbList\",\"@id\":\"https:\/\/nid.pl\/2023\/04\/13\/prezentacja-oznaczenia-cmentarza-zydowskiego-w-olsztynie\/#breadcrumb\",\"itemListElement\":[{\"@type\":\"ListItem\",\"position\":1,\"name\":\"Home\",\"item\":\"https:\/\/nid.pl\/\"},{\"@type\":\"ListItem\",\"position\":2,\"name\":\"Prezentacja oznaczenia cmentarza \u017cydowskiego w Olsztynie\"}]},{\"@type\":\"WebSite\",\"@id\":\"https:\/\/nid.pl\/#website\",\"url\":\"https:\/\/nid.pl\/\",\"name\":\"NID\",\"description\":\"Narodowy Instytut Dziedzictwa\",\"publisher\":{\"@id\":\"https:\/\/nid.pl\/#organization\"},\"potentialAction\":[{\"@type\":\"SearchAction\",\"target\":{\"@type\":\"EntryPoint\",\"urlTemplate\":\"https:\/\/nid.pl\/?s={search_term_string}\"},\"query-input\":{\"@type\":\"PropertyValueSpecification\",\"valueRequired\":true,\"valueName\":\"search_term_string\"}}],\"inLanguage\":\"en-GB\"},{\"@type\":\"Organization\",\"@id\":\"https:\/\/nid.pl\/#organization\",\"name\":\"Narodowy Instytut Dziedzictwa\",\"url\":\"https:\/\/nid.pl\/\",\"logo\":{\"@type\":\"ImageObject\",\"inLanguage\":\"en-GB\",\"@id\":\"https:\/\/nid.pl\/#\/schema\/logo\/image\/\",\"url\":\"https:\/\/nid.pl\/wp-content\/uploads\/2022\/10\/logoRedDark.png\",\"contentUrl\":\"https:\/\/nid.pl\/wp-content\/uploads\/2022\/10\/logoRedDark.png\",\"width\":200,\"height\":197,\"caption\":\"Narodowy Instytut Dziedzictwa\"},\"image\":{\"@id\":\"https:\/\/nid.pl\/#\/schema\/logo\/image\/\"},\"sameAs\":[\"https:\/\/www.facebook.com\/zabytek\",\"https:\/\/x.com\/NarIDpl\",\"https:\/\/www.instagram.com\/nid.pl\/?hl=pl\",\"https:\/\/www.linkedin.com\/company\/narodowy-instytut-dziedzictwa\",\"https:\/\/www.youtube.com\/channel\/UCQXuhKa2uHtmNvLRUSx40JA\"]},{\"@type\":\"Person\",\"@id\":\"https:\/\/nid.pl\/#\/schema\/person\/1b690a8998a5111cfb9f0ffe24195a15\",\"name\":\"Barbara Halliop\",\"image\":{\"@type\":\"ImageObject\",\"inLanguage\":\"en-GB\",\"@id\":\"https:\/\/nid.pl\/#\/schema\/person\/image\/\",\"url\":\"https:\/\/nid.pl\/wp-content\/litespeed\/avatar\/924046d17dd0c842c9fa9ccf489bc6dc.jpg?ver=1777444967\",\"contentUrl\":\"https:\/\/nid.pl\/wp-content\/litespeed\/avatar\/924046d17dd0c842c9fa9ccf489bc6dc.jpg?ver=1777444967\",\"caption\":\"Barbara Halliop\"},\"url\":\"https:\/\/nid.pl\/en\/author\/bhalliop\/\"}]}<\/script>\n<!-- \/ Yoast SEO plugin. -->","yoast_head_json":{"title":"Prezentacja oznaczenia cmentarza \u017cydowskiego w Olsztynie - NID","robots":{"index":"index","follow":"follow","max-snippet":"max-snippet:-1","max-image-preview":"max-image-preview:large","max-video-preview":"max-video-preview:-1"},"canonical":"https:\/\/nid.pl\/en\/2023\/04\/13\/prezentacja-oznaczenia-cmentarza-zydowskiego-w-olsztynie\/","og_locale":"en_GB","og_type":"article","og_title":"Prezentacja oznaczenia cmentarza \u017cydowskiego w Olsztynie - NID","og_description":"W Olsztynie odby\u0142a si\u0119 ceremonia prezentacji oznakowania cmentarza \u017cydowskiego, kt\u00f3ry znajduje si\u0119 przy \u017cydowskim domu pogrzebowym, projektu Ericha Mendelshona. Oznaczenie powsta\u0142o w ramach Programu oznakowania cmentarzy \u017cydowskich na terenie Rzeczypospolitej [&hellip;]","og_url":"https:\/\/nid.pl\/en\/2023\/04\/13\/prezentacja-oznaczenia-cmentarza-zydowskiego-w-olsztynie\/","og_site_name":"NID","article_publisher":"https:\/\/www.facebook.com\/zabytek","article_published_time":"2023-04-13T13:25:22+00:00","article_modified_time":"2024-02-09T11:44:21+00:00","og_image":[{"width":1857,"height":1238,"url":"https:\/\/nid.pl\/wp-content\/uploads\/2023\/04\/miniaturka-Olsztyn-cmentarze.png","type":"image\/png"}],"author":"Barbara Halliop","twitter_card":"summary_large_image","twitter_creator":"@NarIDpl","twitter_site":"@NarIDpl","twitter_misc":{"Written by":"Barbara Halliop","Estimated reading time":"3 minutes"},"schema":{"@context":"https:\/\/schema.org","@graph":[{"@type":"Article","@id":"https:\/\/nid.pl\/2023\/04\/13\/prezentacja-oznaczenia-cmentarza-zydowskiego-w-olsztynie\/#article","isPartOf":{"@id":"https:\/\/nid.pl\/2023\/04\/13\/prezentacja-oznaczenia-cmentarza-zydowskiego-w-olsztynie\/"},"author":{"name":"Barbara Halliop","@id":"https:\/\/nid.pl\/#\/schema\/person\/1b690a8998a5111cfb9f0ffe24195a15"},"headline":"Prezentacja oznaczenia cmentarza \u017cydowskiego w Olsztynie","datePublished":"2023-04-13T13:25:22+00:00","dateModified":"2024-02-09T11:44:21+00:00","mainEntityOfPage":{"@id":"https:\/\/nid.pl\/2023\/04\/13\/prezentacja-oznaczenia-cmentarza-zydowskiego-w-olsztynie\/"},"wordCount":637,"publisher":{"@id":"https:\/\/nid.pl\/#organization"},"image":{"@id":"https:\/\/nid.pl\/2023\/04\/13\/prezentacja-oznaczenia-cmentarza-zydowskiego-w-olsztynie\/#primaryimage"},"thumbnailUrl":"https:\/\/nid.pl\/wp-content\/uploads\/2023\/04\/miniaturka-Olsztyn-cmentarze.png","articleSection":["Aktualno\u015bci","Cmentarze \u017cydowskie"],"inLanguage":"en-GB"},{"@type":"WebPage","@id":"https:\/\/nid.pl\/2023\/04\/13\/prezentacja-oznaczenia-cmentarza-zydowskiego-w-olsztynie\/","url":"https:\/\/nid.pl\/2023\/04\/13\/prezentacja-oznaczenia-cmentarza-zydowskiego-w-olsztynie\/","name":"Prezentacja oznaczenia cmentarza \u017cydowskiego w Olsztynie - NID","isPartOf":{"@id":"https:\/\/nid.pl\/#website"},"primaryImageOfPage":{"@id":"https:\/\/nid.pl\/2023\/04\/13\/prezentacja-oznaczenia-cmentarza-zydowskiego-w-olsztynie\/#primaryimage"},"image":{"@id":"https:\/\/nid.pl\/2023\/04\/13\/prezentacja-oznaczenia-cmentarza-zydowskiego-w-olsztynie\/#primaryimage"},"thumbnailUrl":"https:\/\/nid.pl\/wp-content\/uploads\/2023\/04\/miniaturka-Olsztyn-cmentarze.png","datePublished":"2023-04-13T13:25:22+00:00","dateModified":"2024-02-09T11:44:21+00:00","breadcrumb":{"@id":"https:\/\/nid.pl\/2023\/04\/13\/prezentacja-oznaczenia-cmentarza-zydowskiego-w-olsztynie\/#breadcrumb"},"inLanguage":"en-GB","potentialAction":[{"@type":"ReadAction","target":["https:\/\/nid.pl\/2023\/04\/13\/prezentacja-oznaczenia-cmentarza-zydowskiego-w-olsztynie\/"]}]},{"@type":"ImageObject","inLanguage":"en-GB","@id":"https:\/\/nid.pl\/2023\/04\/13\/prezentacja-oznaczenia-cmentarza-zydowskiego-w-olsztynie\/#primaryimage","url":"https:\/\/nid.pl\/wp-content\/uploads\/2023\/04\/miniaturka-Olsztyn-cmentarze.png","contentUrl":"https:\/\/nid.pl\/wp-content\/uploads\/2023\/04\/miniaturka-Olsztyn-cmentarze.png","width":1857,"height":1238,"caption":"miniaturka Olsztyn cmentarze"},{"@type":"BreadcrumbList","@id":"https:\/\/nid.pl\/2023\/04\/13\/prezentacja-oznaczenia-cmentarza-zydowskiego-w-olsztynie\/#breadcrumb","itemListElement":[{"@type":"ListItem","position":1,"name":"Home","item":"https:\/\/nid.pl\/"},{"@type":"ListItem","position":2,"name":"Prezentacja oznaczenia cmentarza \u017cydowskiego w Olsztynie"}]},{"@type":"WebSite","@id":"https:\/\/nid.pl\/#website","url":"https:\/\/nid.pl\/","name":"NID","description":"Narodowy Instytut Dziedzictwa","publisher":{"@id":"https:\/\/nid.pl\/#organization"},"potentialAction":[{"@type":"SearchAction","target":{"@type":"EntryPoint","urlTemplate":"https:\/\/nid.pl\/?s={search_term_string}"},"query-input":{"@type":"PropertyValueSpecification","valueRequired":true,"valueName":"search_term_string"}}],"inLanguage":"en-GB"},{"@type":"Organization","@id":"https:\/\/nid.pl\/#organization","name":"Narodowy Instytut Dziedzictwa","url":"https:\/\/nid.pl\/","logo":{"@type":"ImageObject","inLanguage":"en-GB","@id":"https:\/\/nid.pl\/#\/schema\/logo\/image\/","url":"https:\/\/nid.pl\/wp-content\/uploads\/2022\/10\/logoRedDark.png","contentUrl":"https:\/\/nid.pl\/wp-content\/uploads\/2022\/10\/logoRedDark.png","width":200,"height":197,"caption":"Narodowy Instytut Dziedzictwa"},"image":{"@id":"https:\/\/nid.pl\/#\/schema\/logo\/image\/"},"sameAs":["https:\/\/www.facebook.com\/zabytek","https:\/\/x.com\/NarIDpl","https:\/\/www.instagram.com\/nid.pl\/?hl=pl","https:\/\/www.linkedin.com\/company\/narodowy-instytut-dziedzictwa","https:\/\/www.youtube.com\/channel\/UCQXuhKa2uHtmNvLRUSx40JA"]},{"@type":"Person","@id":"https:\/\/nid.pl\/#\/schema\/person\/1b690a8998a5111cfb9f0ffe24195a15","name":"Barbara Halliop","image":{"@type":"ImageObject","inLanguage":"en-GB","@id":"https:\/\/nid.pl\/#\/schema\/person\/image\/","url":"https:\/\/nid.pl\/wp-content\/litespeed\/avatar\/924046d17dd0c842c9fa9ccf489bc6dc.jpg?ver=1777444967","contentUrl":"https:\/\/nid.pl\/wp-content\/litespeed\/avatar\/924046d17dd0c842c9fa9ccf489bc6dc.jpg?ver=1777444967","caption":"Barbara Halliop"},"url":"https:\/\/nid.pl\/en\/author\/bhalliop\/"}]}},"_links":{"self":[{"href":"https:\/\/nid.pl\/en\/wp-json\/wp\/v2\/posts\/10594","targetHints":{"allow":["GET"]}}],"collection":[{"href":"https:\/\/nid.pl\/en\/wp-json\/wp\/v2\/posts"}],"about":[{"href":"https:\/\/nid.pl\/en\/wp-json\/wp\/v2\/types\/post"}],"author":[{"embeddable":true,"href":"https:\/\/nid.pl\/en\/wp-json\/wp\/v2\/users\/7"}],"replies":[{"embeddable":true,"href":"https:\/\/nid.pl\/en\/wp-json\/wp\/v2\/comments?post=10594"}],"version-history":[{"count":0,"href":"https:\/\/nid.pl\/en\/wp-json\/wp\/v2\/posts\/10594\/revisions"}],"wp:featuredmedia":[{"embeddable":true,"href":"https:\/\/nid.pl\/en\/wp-json\/wp\/v2\/media\/10595"}],"wp:attachment":[{"href":"https:\/\/nid.pl\/en\/wp-json\/wp\/v2\/media?parent=10594"}],"wp:term":[{"taxonomy":"category","embeddable":true,"href":"https:\/\/nid.pl\/en\/wp-json\/wp\/v2\/categories?post=10594"},{"taxonomy":"post_tag","embeddable":true,"href":"https:\/\/nid.pl\/en\/wp-json\/wp\/v2\/tags?post=10594"}],"curies":[{"name":"wp","href":"https:\/\/api.w.org\/{rel}","templated":true}]}}