{"id":10550,"date":"2023-04-14T11:00:00","date_gmt":"2023-04-14T09:00:00","guid":{"rendered":"https:\/\/nid.pl\/?p=10550"},"modified":"2023-04-14T12:11:49","modified_gmt":"2023-04-14T10:11:49","slug":"rusza-nabor-wnioskow-do-programu-niematerialne-przekaz-dalej","status":"publish","type":"post","link":"https:\/\/nid.pl\/en\/2023\/04\/14\/rusza-nabor-wnioskow-do-programu-niematerialne-przekaz-dalej\/","title":{"rendered":"Rusza nab\u00f3r wniosk\u00f3w do programu \u201eNiematerialne \u2013 przeka\u017c dalej\u201d"},"content":{"rendered":"<p>14 kwietnia 2023 r. rusza nab\u00f3r do nowego programu dotacyjnego Narodowego Instytutu Dziedzictwa pn. \u201eNiematerialne \u2013 przeka\u017c dalej\u201d. Adresowany jest do organizacji pozarz\u0105dowych, kt\u00f3re albo s\u0105 Depozytariuszami zjawisk wpisanych na Krajow\u0105 list\u0119 niematerialnego dziedzictwa kulturowego, albo wsp\u00f3\u0142pracuj\u0105 z Depozytariuszami (w ramach przygotowanego projektu).<\/p>\n\n\n\n<p>W ramach Programu uprawnieni Wnioskodawcy mog\u0105 ubiega\u0107 si\u0119 o dofinansowanie zada\u0144 zwi\u0105zanych ze zjawiskami wpisanymi na Krajow\u0105 list\u0119 niematerialnego dziedzictwa kulturowego, obejmuj\u0105cych:<\/p>\n\n\n\n<ol class=\"wp-block-list\"><li>dzia\u0142ania zwi\u0105zane z dokumentowaniem element\u00f3w niematerialnego dziedzictwa prowadz\u0105ce do ich g\u0142\u0119bszego utrwalenia, zachowania dla kolejnych pokole\u0144 oraz popularyzuj\u0105ce lokalne niematerialne dziedzictwo;<\/li><li>projekty wspieraj\u0105ce mi\u0119dzypokoleniowy przekaz wiedzy i umiej\u0119tno\u015bci, prowadz\u0105ce do nabycia nowych kompetencji we wszystkich dziedzinach zwi\u0105zanych z danym zjawiskiem;<\/li><li>dzia\u0142ania edukacyjne prowadz\u0105ce do wzmocnienia \u015bwiadomo\u015bci spo\u0142ecznej, szczeg\u00f3lnie w\u015br\u00f3d m\u0142odego pokolenia, na temat roli dziedzictwa niematerialnego w kulturze lokalnej i og\u00f3lnopolskiej.<\/li><\/ol>\n\n\n\n<p>Bud\u017cet programu na 2023 r. wynosi 300 000 z\u0142. Dofinansowanie na realizacj\u0119 jednego zadania mo\u017ce wynie\u015b\u0107 od 5 000 z\u0142 do 50 000 z\u0142.<\/p>\n\n\n\n<p>Krajowa lista to spis przejaw\u00f3w \u017cywego dziedzictwa niematerialnego z terenu Polski oraz forma ochrony dziedzictwa kulturowego wynikaj\u0105ca z podpisanej przez Polsk\u0119 Konwencji UNESCO z 2003 r. w sprawie ochrony niematerialnego dziedzictwa kulturowego. Obecnie na Li\u015bcie znajduj\u0105 si\u0119 73 wpisy i s\u0105 w\u015br\u00f3d nich m.in. takie elementy jak: tradycje hafciarskie w Dobrzeniu Wielkim, tradycje kulturowe g\u00f3rniczych orkiestr d\u0119tych z G\u00f3rnego \u015al\u0105ska czy tkanie r\u0119kawic furma\u0144skich przez Czarnych G\u00f3rali. List\u0119 prowadzi minister kultury i dziedzictwa narodowego we wsp\u00f3\u0142pracy z Narodowym Instytutem Dziedzictwa.<\/p>\n\n\n\n<p>Aplikowanie do programu odbywa si\u0119 za pomoc\u0105 platformy <strong>Witkac <\/strong>&#8211; <a href=\"https:\/\/witkac.pl\/#\/contest\/view?id=26155\" target=\"_blank\" rel=\"noreferrer noopener\"><strong>https:\/\/witkac.pl\/#\/contest\/view?id=26155<\/strong><\/a><\/p>\n\n\n\n<p><strong>Wnioski mo\u017cna sk\u0142ada\u0107 do 16 maja 2023 r. do godz. 15.00.<\/strong><\/p>\n\n\n\n<p>Wi\u0119cej informacji: <a href=\"https:\/\/nid.pl\/en\/dotacje\/niematerialne-przekaz-dalej\/\" target=\"_blank\" rel=\"noreferrer noopener\">Dotacje\/ Niematerialne &#8211; przeka\u017c dalej<\/a><\/p>\n\n\n\n<p><\/p>\n\n\n\n<p class=\"has-text-align-center\">Program jest realizowany ze \u015brodk\u00f3w Ministra Kultury i Dziedzictwa Narodowego.<\/p>\n\n\n\n<div class=\"wp-block-image\"><figure class=\"aligncenter size-large is-resized\"><img loading=\"lazy\" decoding=\"async\" src=\"https:\/\/nid.pl\/wp-content\/uploads\/2023\/04\/Logo_NID_MKiDN_2023-1024x132.png\" alt=\"\" class=\"wp-image-10637\" width=\"538\" height=\"68\"\/><\/figure><\/div>\n\n\n\n<p><\/p>","protected":false},"excerpt":{"rendered":"<p>14 kwietnia 2023 r. rusza nab\u00f3r do nowego programu dotacyjnego Narodowego Instytutu Dziedzictwa pn. \u201eNiematerialne \u2013 przeka\u017c dalej\u201d. Adresowany jest do organizacji pozarz\u0105dowych, kt\u00f3re albo s\u0105 Depozytariuszami zjawisk wpisanych na [&hellip;]<\/p>","protected":false},"author":4,"featured_media":10558,"comment_status":"open","ping_status":"open","sticky":false,"template":"","format":"standard","meta":{"_et_pb_use_builder":"off","_et_pb_old_content":"","_et_gb_content_width":"","_monsterinsights_skip_tracking":false,"_monsterinsights_sitenote_active":false,"_monsterinsights_sitenote_note":"","_monsterinsights_sitenote_category":0,"footnotes":""},"categories":[3,80],"tags":[],"class_list":["post-10550","post","type-post","status-publish","format-standard","has-post-thumbnail","hentry","category-aktualnosci","category-niematerialne-przekaz-dalej"],"yoast_head":"<!-- This site is optimized with the Yoast SEO plugin v26.5 - https:\/\/yoast.com\/wordpress\/plugins\/seo\/ -->\n<title>Rusza nab\u00f3r wniosk\u00f3w do programu \u201eNiematerialne \u2013 przeka\u017c dalej\u201d - NID<\/title>\n<meta name=\"robots\" content=\"index, follow, max-snippet:-1, max-image-preview:large, max-video-preview:-1\" \/>\n<link rel=\"canonical\" href=\"https:\/\/nid.pl\/en\/2023\/04\/14\/rusza-nabor-wnioskow-do-programu-niematerialne-przekaz-dalej\/\" \/>\n<meta property=\"og:locale\" content=\"en_GB\" \/>\n<meta property=\"og:type\" content=\"article\" \/>\n<meta property=\"og:title\" content=\"Rusza nab\u00f3r wniosk\u00f3w do programu \u201eNiematerialne \u2013 przeka\u017c dalej\u201d - NID\" \/>\n<meta property=\"og:description\" content=\"14 kwietnia 2023 r. rusza nab\u00f3r do nowego programu dotacyjnego Narodowego Instytutu Dziedzictwa pn. \u201eNiematerialne \u2013 przeka\u017c dalej\u201d. Adresowany jest do organizacji pozarz\u0105dowych, kt\u00f3re albo s\u0105 Depozytariuszami zjawisk wpisanych na [&hellip;]\" \/>\n<meta property=\"og:url\" content=\"https:\/\/nid.pl\/en\/2023\/04\/14\/rusza-nabor-wnioskow-do-programu-niematerialne-przekaz-dalej\/\" \/>\n<meta property=\"og:site_name\" content=\"NID\" \/>\n<meta property=\"article:publisher\" content=\"https:\/\/www.facebook.com\/zabytek\" \/>\n<meta property=\"article:published_time\" content=\"2023-04-14T09:00:00+00:00\" \/>\n<meta property=\"article:modified_time\" content=\"2023-04-14T10:11:49+00:00\" \/>\n<meta property=\"og:image\" content=\"https:\/\/nid.pl\/wp-content\/uploads\/2023\/04\/Header-niematerialne-przekaz-dajej-2.jpg\" \/>\n\t<meta property=\"og:image:width\" content=\"2400\" \/>\n\t<meta property=\"og:image:height\" content=\"1596\" \/>\n\t<meta property=\"og:image:type\" content=\"image\/jpeg\" \/>\n<meta name=\"author\" content=\"Marta Or\u0119ziak\" \/>\n<meta name=\"twitter:card\" content=\"summary_large_image\" \/>\n<meta name=\"twitter:creator\" content=\"@NarIDpl\" \/>\n<meta name=\"twitter:site\" content=\"@NarIDpl\" \/>\n<meta name=\"twitter:label1\" content=\"Written by\" \/>\n\t<meta name=\"twitter:data1\" content=\"Marta Or\u0119ziak\" \/>\n\t<meta name=\"twitter:label2\" content=\"Estimated reading time\" \/>\n\t<meta name=\"twitter:data2\" content=\"2 minutes\" \/>\n<script type=\"application\/ld+json\" class=\"yoast-schema-graph\">{\"@context\":\"https:\/\/schema.org\",\"@graph\":[{\"@type\":\"Article\",\"@id\":\"https:\/\/nid.pl\/2023\/04\/14\/rusza-nabor-wnioskow-do-programu-niematerialne-przekaz-dalej\/#article\",\"isPartOf\":{\"@id\":\"https:\/\/nid.pl\/2023\/04\/14\/rusza-nabor-wnioskow-do-programu-niematerialne-przekaz-dalej\/\"},\"author\":{\"name\":\"Marta Or\u0119ziak\",\"@id\":\"https:\/\/nid.pl\/#\/schema\/person\/9d848c4a54b78bc2a1461f1c5d8de615\"},\"headline\":\"Rusza nab\u00f3r wniosk\u00f3w do programu \u201eNiematerialne \u2013 przeka\u017c dalej\u201d\",\"datePublished\":\"2023-04-14T09:00:00+00:00\",\"dateModified\":\"2023-04-14T10:11:49+00:00\",\"mainEntityOfPage\":{\"@id\":\"https:\/\/nid.pl\/2023\/04\/14\/rusza-nabor-wnioskow-do-programu-niematerialne-przekaz-dalej\/\"},\"wordCount\":316,\"commentCount\":0,\"publisher\":{\"@id\":\"https:\/\/nid.pl\/#organization\"},\"image\":{\"@id\":\"https:\/\/nid.pl\/2023\/04\/14\/rusza-nabor-wnioskow-do-programu-niematerialne-przekaz-dalej\/#primaryimage\"},\"thumbnailUrl\":\"https:\/\/nid.pl\/wp-content\/uploads\/2023\/04\/Header-niematerialne-przekaz-dajej-2.jpg\",\"articleSection\":[\"Aktualno\u015bci\",\"Niematerialne przeka\u017c dalej\"],\"inLanguage\":\"en-GB\"},{\"@type\":\"WebPage\",\"@id\":\"https:\/\/nid.pl\/2023\/04\/14\/rusza-nabor-wnioskow-do-programu-niematerialne-przekaz-dalej\/\",\"url\":\"https:\/\/nid.pl\/2023\/04\/14\/rusza-nabor-wnioskow-do-programu-niematerialne-przekaz-dalej\/\",\"name\":\"Rusza nab\u00f3r wniosk\u00f3w do programu \u201eNiematerialne \u2013 przeka\u017c dalej\u201d - NID\",\"isPartOf\":{\"@id\":\"https:\/\/nid.pl\/#website\"},\"primaryImageOfPage\":{\"@id\":\"https:\/\/nid.pl\/2023\/04\/14\/rusza-nabor-wnioskow-do-programu-niematerialne-przekaz-dalej\/#primaryimage\"},\"image\":{\"@id\":\"https:\/\/nid.pl\/2023\/04\/14\/rusza-nabor-wnioskow-do-programu-niematerialne-przekaz-dalej\/#primaryimage\"},\"thumbnailUrl\":\"https:\/\/nid.pl\/wp-content\/uploads\/2023\/04\/Header-niematerialne-przekaz-dajej-2.jpg\",\"datePublished\":\"2023-04-14T09:00:00+00:00\",\"dateModified\":\"2023-04-14T10:11:49+00:00\",\"breadcrumb\":{\"@id\":\"https:\/\/nid.pl\/2023\/04\/14\/rusza-nabor-wnioskow-do-programu-niematerialne-przekaz-dalej\/#breadcrumb\"},\"inLanguage\":\"en-GB\",\"potentialAction\":[{\"@type\":\"ReadAction\",\"target\":[\"https:\/\/nid.pl\/2023\/04\/14\/rusza-nabor-wnioskow-do-programu-niematerialne-przekaz-dalej\/\"]}]},{\"@type\":\"ImageObject\",\"inLanguage\":\"en-GB\",\"@id\":\"https:\/\/nid.pl\/2023\/04\/14\/rusza-nabor-wnioskow-do-programu-niematerialne-przekaz-dalej\/#primaryimage\",\"url\":\"https:\/\/nid.pl\/wp-content\/uploads\/2023\/04\/Header-niematerialne-przekaz-dajej-2.jpg\",\"contentUrl\":\"https:\/\/nid.pl\/wp-content\/uploads\/2023\/04\/Header-niematerialne-przekaz-dajej-2.jpg\",\"width\":2400,\"height\":1596,\"caption\":\"Header niematerialne przekaz dajej\"},{\"@type\":\"BreadcrumbList\",\"@id\":\"https:\/\/nid.pl\/2023\/04\/14\/rusza-nabor-wnioskow-do-programu-niematerialne-przekaz-dalej\/#breadcrumb\",\"itemListElement\":[{\"@type\":\"ListItem\",\"position\":1,\"name\":\"Home\",\"item\":\"https:\/\/nid.pl\/\"},{\"@type\":\"ListItem\",\"position\":2,\"name\":\"Rusza nab\u00f3r wniosk\u00f3w do programu \u201eNiematerialne \u2013 przeka\u017c dalej\u201d\"}]},{\"@type\":\"WebSite\",\"@id\":\"https:\/\/nid.pl\/#website\",\"url\":\"https:\/\/nid.pl\/\",\"name\":\"NID\",\"description\":\"Narodowy Instytut Dziedzictwa\",\"publisher\":{\"@id\":\"https:\/\/nid.pl\/#organization\"},\"potentialAction\":[{\"@type\":\"SearchAction\",\"target\":{\"@type\":\"EntryPoint\",\"urlTemplate\":\"https:\/\/nid.pl\/?s={search_term_string}\"},\"query-input\":{\"@type\":\"PropertyValueSpecification\",\"valueRequired\":true,\"valueName\":\"search_term_string\"}}],\"inLanguage\":\"en-GB\"},{\"@type\":\"Organization\",\"@id\":\"https:\/\/nid.pl\/#organization\",\"name\":\"Narodowy Instytut Dziedzictwa\",\"url\":\"https:\/\/nid.pl\/\",\"logo\":{\"@type\":\"ImageObject\",\"inLanguage\":\"en-GB\",\"@id\":\"https:\/\/nid.pl\/#\/schema\/logo\/image\/\",\"url\":\"https:\/\/nid.pl\/wp-content\/uploads\/2022\/10\/logoRedDark.png\",\"contentUrl\":\"https:\/\/nid.pl\/wp-content\/uploads\/2022\/10\/logoRedDark.png\",\"width\":200,\"height\":197,\"caption\":\"Narodowy Instytut Dziedzictwa\"},\"image\":{\"@id\":\"https:\/\/nid.pl\/#\/schema\/logo\/image\/\"},\"sameAs\":[\"https:\/\/www.facebook.com\/zabytek\",\"https:\/\/x.com\/NarIDpl\",\"https:\/\/www.instagram.com\/nid.pl\/?hl=pl\",\"https:\/\/www.linkedin.com\/company\/narodowy-instytut-dziedzictwa\",\"https:\/\/www.youtube.com\/channel\/UCQXuhKa2uHtmNvLRUSx40JA\"]},{\"@type\":\"Person\",\"@id\":\"https:\/\/nid.pl\/#\/schema\/person\/9d848c4a54b78bc2a1461f1c5d8de615\",\"name\":\"Marta Or\u0119ziak\",\"image\":{\"@type\":\"ImageObject\",\"inLanguage\":\"en-GB\",\"@id\":\"https:\/\/nid.pl\/#\/schema\/person\/image\/\",\"url\":\"https:\/\/nid.pl\/wp-content\/litespeed\/avatar\/3cdc296a7eb01425272974c992bee3ea.jpg?ver=1776840456\",\"contentUrl\":\"https:\/\/nid.pl\/wp-content\/litespeed\/avatar\/3cdc296a7eb01425272974c992bee3ea.jpg?ver=1776840456\",\"caption\":\"Marta Or\u0119ziak\"},\"url\":\"https:\/\/nid.pl\/en\/author\/moreziak\/\"}]}<\/script>\n<!-- \/ Yoast SEO plugin. -->","yoast_head_json":{"title":"Rusza nab\u00f3r wniosk\u00f3w do programu \u201eNiematerialne \u2013 przeka\u017c dalej\u201d - NID","robots":{"index":"index","follow":"follow","max-snippet":"max-snippet:-1","max-image-preview":"max-image-preview:large","max-video-preview":"max-video-preview:-1"},"canonical":"https:\/\/nid.pl\/en\/2023\/04\/14\/rusza-nabor-wnioskow-do-programu-niematerialne-przekaz-dalej\/","og_locale":"en_GB","og_type":"article","og_title":"Rusza nab\u00f3r wniosk\u00f3w do programu \u201eNiematerialne \u2013 przeka\u017c dalej\u201d - NID","og_description":"14 kwietnia 2023 r. rusza nab\u00f3r do nowego programu dotacyjnego Narodowego Instytutu Dziedzictwa pn. \u201eNiematerialne \u2013 przeka\u017c dalej\u201d. Adresowany jest do organizacji pozarz\u0105dowych, kt\u00f3re albo s\u0105 Depozytariuszami zjawisk wpisanych na [&hellip;]","og_url":"https:\/\/nid.pl\/en\/2023\/04\/14\/rusza-nabor-wnioskow-do-programu-niematerialne-przekaz-dalej\/","og_site_name":"NID","article_publisher":"https:\/\/www.facebook.com\/zabytek","article_published_time":"2023-04-14T09:00:00+00:00","article_modified_time":"2023-04-14T10:11:49+00:00","og_image":[{"width":2400,"height":1596,"url":"https:\/\/nid.pl\/wp-content\/uploads\/2023\/04\/Header-niematerialne-przekaz-dajej-2.jpg","type":"image\/jpeg"}],"author":"Marta Or\u0119ziak","twitter_card":"summary_large_image","twitter_creator":"@NarIDpl","twitter_site":"@NarIDpl","twitter_misc":{"Written by":"Marta Or\u0119ziak","Estimated reading time":"2 minutes"},"schema":{"@context":"https:\/\/schema.org","@graph":[{"@type":"Article","@id":"https:\/\/nid.pl\/2023\/04\/14\/rusza-nabor-wnioskow-do-programu-niematerialne-przekaz-dalej\/#article","isPartOf":{"@id":"https:\/\/nid.pl\/2023\/04\/14\/rusza-nabor-wnioskow-do-programu-niematerialne-przekaz-dalej\/"},"author":{"name":"Marta Or\u0119ziak","@id":"https:\/\/nid.pl\/#\/schema\/person\/9d848c4a54b78bc2a1461f1c5d8de615"},"headline":"Rusza nab\u00f3r wniosk\u00f3w do programu \u201eNiematerialne \u2013 przeka\u017c dalej\u201d","datePublished":"2023-04-14T09:00:00+00:00","dateModified":"2023-04-14T10:11:49+00:00","mainEntityOfPage":{"@id":"https:\/\/nid.pl\/2023\/04\/14\/rusza-nabor-wnioskow-do-programu-niematerialne-przekaz-dalej\/"},"wordCount":316,"commentCount":0,"publisher":{"@id":"https:\/\/nid.pl\/#organization"},"image":{"@id":"https:\/\/nid.pl\/2023\/04\/14\/rusza-nabor-wnioskow-do-programu-niematerialne-przekaz-dalej\/#primaryimage"},"thumbnailUrl":"https:\/\/nid.pl\/wp-content\/uploads\/2023\/04\/Header-niematerialne-przekaz-dajej-2.jpg","articleSection":["Aktualno\u015bci","Niematerialne przeka\u017c dalej"],"inLanguage":"en-GB"},{"@type":"WebPage","@id":"https:\/\/nid.pl\/2023\/04\/14\/rusza-nabor-wnioskow-do-programu-niematerialne-przekaz-dalej\/","url":"https:\/\/nid.pl\/2023\/04\/14\/rusza-nabor-wnioskow-do-programu-niematerialne-przekaz-dalej\/","name":"Rusza nab\u00f3r wniosk\u00f3w do programu \u201eNiematerialne \u2013 przeka\u017c dalej\u201d - NID","isPartOf":{"@id":"https:\/\/nid.pl\/#website"},"primaryImageOfPage":{"@id":"https:\/\/nid.pl\/2023\/04\/14\/rusza-nabor-wnioskow-do-programu-niematerialne-przekaz-dalej\/#primaryimage"},"image":{"@id":"https:\/\/nid.pl\/2023\/04\/14\/rusza-nabor-wnioskow-do-programu-niematerialne-przekaz-dalej\/#primaryimage"},"thumbnailUrl":"https:\/\/nid.pl\/wp-content\/uploads\/2023\/04\/Header-niematerialne-przekaz-dajej-2.jpg","datePublished":"2023-04-14T09:00:00+00:00","dateModified":"2023-04-14T10:11:49+00:00","breadcrumb":{"@id":"https:\/\/nid.pl\/2023\/04\/14\/rusza-nabor-wnioskow-do-programu-niematerialne-przekaz-dalej\/#breadcrumb"},"inLanguage":"en-GB","potentialAction":[{"@type":"ReadAction","target":["https:\/\/nid.pl\/2023\/04\/14\/rusza-nabor-wnioskow-do-programu-niematerialne-przekaz-dalej\/"]}]},{"@type":"ImageObject","inLanguage":"en-GB","@id":"https:\/\/nid.pl\/2023\/04\/14\/rusza-nabor-wnioskow-do-programu-niematerialne-przekaz-dalej\/#primaryimage","url":"https:\/\/nid.pl\/wp-content\/uploads\/2023\/04\/Header-niematerialne-przekaz-dajej-2.jpg","contentUrl":"https:\/\/nid.pl\/wp-content\/uploads\/2023\/04\/Header-niematerialne-przekaz-dajej-2.jpg","width":2400,"height":1596,"caption":"Header niematerialne przekaz dajej"},{"@type":"BreadcrumbList","@id":"https:\/\/nid.pl\/2023\/04\/14\/rusza-nabor-wnioskow-do-programu-niematerialne-przekaz-dalej\/#breadcrumb","itemListElement":[{"@type":"ListItem","position":1,"name":"Home","item":"https:\/\/nid.pl\/"},{"@type":"ListItem","position":2,"name":"Rusza nab\u00f3r wniosk\u00f3w do programu \u201eNiematerialne \u2013 przeka\u017c dalej\u201d"}]},{"@type":"WebSite","@id":"https:\/\/nid.pl\/#website","url":"https:\/\/nid.pl\/","name":"NID","description":"Narodowy Instytut Dziedzictwa","publisher":{"@id":"https:\/\/nid.pl\/#organization"},"potentialAction":[{"@type":"SearchAction","target":{"@type":"EntryPoint","urlTemplate":"https:\/\/nid.pl\/?s={search_term_string}"},"query-input":{"@type":"PropertyValueSpecification","valueRequired":true,"valueName":"search_term_string"}}],"inLanguage":"en-GB"},{"@type":"Organization","@id":"https:\/\/nid.pl\/#organization","name":"Narodowy Instytut Dziedzictwa","url":"https:\/\/nid.pl\/","logo":{"@type":"ImageObject","inLanguage":"en-GB","@id":"https:\/\/nid.pl\/#\/schema\/logo\/image\/","url":"https:\/\/nid.pl\/wp-content\/uploads\/2022\/10\/logoRedDark.png","contentUrl":"https:\/\/nid.pl\/wp-content\/uploads\/2022\/10\/logoRedDark.png","width":200,"height":197,"caption":"Narodowy Instytut Dziedzictwa"},"image":{"@id":"https:\/\/nid.pl\/#\/schema\/logo\/image\/"},"sameAs":["https:\/\/www.facebook.com\/zabytek","https:\/\/x.com\/NarIDpl","https:\/\/www.instagram.com\/nid.pl\/?hl=pl","https:\/\/www.linkedin.com\/company\/narodowy-instytut-dziedzictwa","https:\/\/www.youtube.com\/channel\/UCQXuhKa2uHtmNvLRUSx40JA"]},{"@type":"Person","@id":"https:\/\/nid.pl\/#\/schema\/person\/9d848c4a54b78bc2a1461f1c5d8de615","name":"Marta Or\u0119ziak","image":{"@type":"ImageObject","inLanguage":"en-GB","@id":"https:\/\/nid.pl\/#\/schema\/person\/image\/","url":"https:\/\/nid.pl\/wp-content\/litespeed\/avatar\/3cdc296a7eb01425272974c992bee3ea.jpg?ver=1776840456","contentUrl":"https:\/\/nid.pl\/wp-content\/litespeed\/avatar\/3cdc296a7eb01425272974c992bee3ea.jpg?ver=1776840456","caption":"Marta Or\u0119ziak"},"url":"https:\/\/nid.pl\/en\/author\/moreziak\/"}]}},"_links":{"self":[{"href":"https:\/\/nid.pl\/en\/wp-json\/wp\/v2\/posts\/10550","targetHints":{"allow":["GET"]}}],"collection":[{"href":"https:\/\/nid.pl\/en\/wp-json\/wp\/v2\/posts"}],"about":[{"href":"https:\/\/nid.pl\/en\/wp-json\/wp\/v2\/types\/post"}],"author":[{"embeddable":true,"href":"https:\/\/nid.pl\/en\/wp-json\/wp\/v2\/users\/4"}],"replies":[{"embeddable":true,"href":"https:\/\/nid.pl\/en\/wp-json\/wp\/v2\/comments?post=10550"}],"version-history":[{"count":0,"href":"https:\/\/nid.pl\/en\/wp-json\/wp\/v2\/posts\/10550\/revisions"}],"wp:featuredmedia":[{"embeddable":true,"href":"https:\/\/nid.pl\/en\/wp-json\/wp\/v2\/media\/10558"}],"wp:attachment":[{"href":"https:\/\/nid.pl\/en\/wp-json\/wp\/v2\/media?parent=10550"}],"wp:term":[{"taxonomy":"category","embeddable":true,"href":"https:\/\/nid.pl\/en\/wp-json\/wp\/v2\/categories?post=10550"},{"taxonomy":"post_tag","embeddable":true,"href":"https:\/\/nid.pl\/en\/wp-json\/wp\/v2\/tags?post=10550"}],"curies":[{"name":"wp","href":"https:\/\/api.w.org\/{rel}","templated":true}]}}