{"id":10497,"date":"2023-04-11T15:12:09","date_gmt":"2023-04-11T13:12:09","guid":{"rendered":"https:\/\/nid.pl\/?p=10497"},"modified":"2023-08-24T14:36:17","modified_gmt":"2023-08-24T12:36:17","slug":"europejskie-dni-dziedzictwa-spotkanie-koordynatorow-krajowych-w-wiedniu","status":"publish","type":"post","link":"https:\/\/nid.pl\/en\/2023\/04\/11\/europejskie-dni-dziedzictwa-spotkanie-koordynatorow-krajowych-w-wiedniu\/","title":{"rendered":"Europejskie Dni Dziedzictwa \u2013 spotkanie koordynator\u00f3w krajowych w Wiedniu"},"content":{"rendered":"<p><strong>Z ka\u017cdym dniem jeste\u015bmy coraz bli\u017cej tegorocznej edycji Europejskich Dni Dziedzictwa, kt\u00f3re odb\u0119d\u0105 si\u0119 w dwa wrze\u015bniowe weekendy: 9-10 i 16-17 wrze\u015bnia. W ramach przygotowa\u0144 do tegorocznej edycji #EDD, w Wiedniu odby\u0142o si\u0119 spotkanie koordynator\u00f3w krajowych wydarzenia.<\/strong><\/p>\n\n\n\n<p>Europejskie Dni Dziedzictwa to cykliczny projekt kulturalny, spo\u0142eczny i edukacyjny. Jego celem jest edukacja historyczna oraz promowanie r\u00f3\u017cnorodno\u015bci regionalnego dziedzictwa kulturowego. Co roku wydarzenie to jednoczy mieszka\u0144c\u00f3w Europy, kt\u00f3rzy mog\u0105 zwiedza\u0107 cz\u0119sto niedost\u0119pne na co dzie\u0144 zabytki, a tak\u017ce skorzysta\u0107 z szerokiego wachlarza wydarze\u0144.<\/p>\n\n\n\n<p>W trakcie spotkania w stolicy Austrii, koordynatorzy #EDD z blisko 40 kraj\u00f3w, w trakcie debat oraz prelekcji poruszyli wiele istotnych problem\u00f3w, jak: r\u00f3wny dost\u0119p do kultury, dziedzictwo \u201eosierocone\u201d, czy kwestia niematerialnego dziedzictwa kulturowego.<\/p>\n\n\n\n<p>Jak podkre\u015bli\u0142a uczestniczka wiede\u0144skiego spotkania, koordynatorka #EDD w wojew\u00f3dztwie \u015bl\u0105skim, Agata Mucha, tematyka 31. Europejskich Dni Dziedzictwa w Polsce, zwi\u0105zana jest z dwoma jubileuszami:<\/p>\n\n\n\n<p>\u2013 Tegoroczna edycja #EDD przebiega pod has\u0142em, kt\u00f3re dzielimy z pozosta\u0142ymi krajami, czyli: <a href=\"https:\/\/edd.nid.pl\/aktualnosci\/znamy-haslo-edd-2023\/\" target=\"_blank\" rel=\"noreferrer noopener\">\u017bywe Dziedzictwo \u2013 tradycje od pokole\u0144<\/a>. Wpisuje si\u0119 ono w obchody jubileuszu 20-lecia uchwalenia konwencji UNESCO w sprawie ochrony niematerialnego dziedzictwa kulturowego, a tak\u017ce 10-lecia <a href=\"https:\/\/niematerialne.nid.pl\/niematerialne-dziedzictwo-kulturowe\/krajowa-lista-niematerialnego-dziedzictwa-kulturowego\/\" target=\"_blank\" rel=\"noreferrer noopener\">Krajowej listy niematerialnego dziedzictwa kulturowego<\/a>.<\/p>\n\n\n\n<p>W trakcie pierwszego dnia troje koordynator\u00f3w podzieli\u0142o si\u0119 z uczestnikami spotkania bogatym do\u015bwiadczeniem, prezentuj\u0105c lokalne projekty anga\u017cuj\u0105ce m\u0142odych tw\u00f3rc\u00f3w. Uczestnicy mieli okazj\u0119 wys\u0142ucha\u0107, jak wa\u017cne s\u0105 lokalne spo\u0142eczno\u015bci, kt\u00f3re od lat bezinteresownie organizuj\u0105 wydarzenia prezentuj\u0105ce pi\u0119kno lokalnych tradycji. Bogactwo wydarze\u0144, od koncert\u00f3w anga\u017cuj\u0105cych r\u00f3\u017cne pokolenia muzyk\u00f3w, otwarte pracownie rzemie\u015blnicze, spotkania z bartnikami, po wsp\u00f3lne heklowanie (szyde\u0142kowanie) pozwalaj\u0105 dotkn\u0105\u0107 dziedzictwa i pozna\u0107 jego histori\u0119, za kt\u00f3r\u0105 stoi cz\u0142owiek.<\/p>\n\n\n\n<p>W trakcie debaty eksperci: Hannah Landsmann, menad\u017cer ds. komunikacji oraz kwestii programowych Muzeum \u017bydowskiego w Wiedniu, Mirjam-Angela Karoly, ekspertka ds. praw cz\u0142owieka, kt\u00f3rej dzia\u0142ania skupione s\u0105 wok\u00f3\u0142 spo\u0142eczno\u015bci Romskiej oraz Gernot Galib Stanfel, reprezentuj\u0105cy spo\u0142eczno\u015b\u0107 muzu\u0142ma\u0144sk\u0105, podkre\u015blili jak wa\u017cne s\u0105 dzia\u0142ania, kt\u00f3re w swojej formule s\u0105 otwarte na r\u00f3\u017cnorodno\u015b\u0107.<\/p>\n\n\n\n<p>Kolejnego dnia uczestnicy spotkania mogli wys\u0142ucha\u0107 prezentacji koordynator\u00f3w z Rumunii, Niemiec, Luksemburga oraz Polski, a tak\u017ce zobaczy\u0107, jak wygl\u0105da przekaz tradycyjnych umiej\u0119tno\u015bci rzemie\u015blniczych w Austrii. W drugiej cz\u0119\u015bci spotkania swoje wyst\u0105pienie mia\u0142 Graham Bell, ekspert ds. dziedzictwa, cz\u0142onek Europa Nostra.<\/p>\n\n\n\n<p><strong>Jak do\u0142\u0105czy\u0107 do grona organizator\u00f3w Europejskich Dni Dziedzictwa?<\/strong><\/p>\n\n\n\n<p>Wystarczy tylko wype\u0142ni\u0107 <a href=\"https:\/\/edd.nid.pl\/formularz-zgloszeniowy\/\" target=\"_blank\" rel=\"noreferrer noopener\">FORMULARZ ZG\u0141OSZENIOWY<\/a> znajduj\u0105cy si\u0119 na stronie og\u00f3lnopolskiego koordynatora #EDD, kt\u00f3rym jest Narodowy Instytut Dziedzictwa. Na stronie <a href=\"https:\/\/edd.nid.pl\/koordynatorzy\/\" target=\"_blank\" rel=\"noreferrer noopener\">edd.nid.pl<\/a>, znajduje si\u0119 r\u00f3wnie\u017c baza kontakt\u00f3w do koordynator\u00f3w lokalnych wydarzenia, kt\u00f3rzy odpowiedz\u0105 szczeg\u00f3\u0142owo na wszystkie pytania instytucji, kt\u00f3re zechc\u0105 w\u0142\u0105czy\u0107 si\u0119 do tegorocznej edycji Europejskich Dni Dziedzictwa.<br><br><strong>Patronem medialnym Europejskich Dni Dziedzictwa jest Polskie Radio S.A.<\/strong><\/p>\n\n\n\n<figure class=\"wp-block-image size-large\"><img loading=\"lazy\" decoding=\"async\" width=\"2560\" height=\"1707\" src=\"https:\/\/nid.pl\/wp-content\/uploads\/2023\/04\/EDD-spotkanie-koordynatorow-krajowych-w-Wiedniu_01-scaled.jpg\" alt=\"\" class=\"wp-image-10496\" srcset=\"https:\/\/nid.pl\/wp-content\/uploads\/2023\/04\/EDD-spotkanie-koordynatorow-krajowych-w-Wiedniu_01-scaled.jpg 2560w, https:\/\/nid.pl\/wp-content\/uploads\/2023\/04\/EDD-spotkanie-koordynatorow-krajowych-w-Wiedniu_01-1280x854.jpg 1280w, https:\/\/nid.pl\/wp-content\/uploads\/2023\/04\/EDD-spotkanie-koordynatorow-krajowych-w-Wiedniu_01-980x653.jpg 980w, https:\/\/nid.pl\/wp-content\/uploads\/2023\/04\/EDD-spotkanie-koordynatorow-krajowych-w-Wiedniu_01-480x320.jpg 480w\" sizes=\"(min-width: 0px) and (max-width: 480px) 480px, (min-width: 481px) and (max-width: 980px) 980px, (min-width: 981px) and (max-width: 1280px) 1280px, (min-width: 1281px) 2560px, 100vw\" \/><\/figure>\n\n\n\n<figure class=\"wp-block-gallery has-nested-images columns-default is-cropped wp-block-gallery-1 is-layout-flex wp-block-gallery-is-layout-flex\">\n<figure class=\"wp-block-image size-large\"><img loading=\"lazy\" decoding=\"async\" width=\"2560\" height=\"1707\" data-id=\"10502\" src=\"https:\/\/nid.pl\/wp-content\/uploads\/2023\/04\/EDD-spotkanie-koordynatorow-krajowych-w-Wiedniu_06-scaled.jpg\" alt=\"\" class=\"wp-image-10502\" srcset=\"https:\/\/nid.pl\/wp-content\/uploads\/2023\/04\/EDD-spotkanie-koordynatorow-krajowych-w-Wiedniu_06-scaled.jpg 2560w, https:\/\/nid.pl\/wp-content\/uploads\/2023\/04\/EDD-spotkanie-koordynatorow-krajowych-w-Wiedniu_06-1280x854.jpg 1280w, https:\/\/nid.pl\/wp-content\/uploads\/2023\/04\/EDD-spotkanie-koordynatorow-krajowych-w-Wiedniu_06-980x653.jpg 980w, https:\/\/nid.pl\/wp-content\/uploads\/2023\/04\/EDD-spotkanie-koordynatorow-krajowych-w-Wiedniu_06-480x320.jpg 480w\" sizes=\"(min-width: 0px) and (max-width: 480px) 480px, (min-width: 481px) and (max-width: 980px) 980px, (min-width: 981px) and (max-width: 1280px) 1280px, (min-width: 1281px) 2560px, 100vw\" \/><\/figure>\n\n\n\n<figure class=\"wp-block-image size-large\"><img loading=\"lazy\" decoding=\"async\" width=\"2560\" height=\"1707\" data-id=\"10498\" src=\"https:\/\/nid.pl\/wp-content\/uploads\/2023\/04\/EDD-spotkanie-koordynatorow-krajowych-w-Wiedniu_02-scaled.jpg\" alt=\"\" class=\"wp-image-10498\" srcset=\"https:\/\/nid.pl\/wp-content\/uploads\/2023\/04\/EDD-spotkanie-koordynatorow-krajowych-w-Wiedniu_02-scaled.jpg 2560w, https:\/\/nid.pl\/wp-content\/uploads\/2023\/04\/EDD-spotkanie-koordynatorow-krajowych-w-Wiedniu_02-1280x854.jpg 1280w, https:\/\/nid.pl\/wp-content\/uploads\/2023\/04\/EDD-spotkanie-koordynatorow-krajowych-w-Wiedniu_02-980x653.jpg 980w, https:\/\/nid.pl\/wp-content\/uploads\/2023\/04\/EDD-spotkanie-koordynatorow-krajowych-w-Wiedniu_02-480x320.jpg 480w\" sizes=\"(min-width: 0px) and (max-width: 480px) 480px, (min-width: 481px) and (max-width: 980px) 980px, (min-width: 981px) and (max-width: 1280px) 1280px, (min-width: 1281px) 2560px, 100vw\" \/><\/figure>\n\n\n\n<figure class=\"wp-block-image size-large\"><img loading=\"lazy\" decoding=\"async\" width=\"2560\" height=\"1707\" data-id=\"10501\" src=\"https:\/\/nid.pl\/wp-content\/uploads\/2023\/04\/EDD-spotkanie-koordynatorow-krajowych-w-Wiedniu_05-scaled.jpg\" alt=\"\" class=\"wp-image-10501\" srcset=\"https:\/\/nid.pl\/wp-content\/uploads\/2023\/04\/EDD-spotkanie-koordynatorow-krajowych-w-Wiedniu_05-scaled.jpg 2560w, https:\/\/nid.pl\/wp-content\/uploads\/2023\/04\/EDD-spotkanie-koordynatorow-krajowych-w-Wiedniu_05-1280x854.jpg 1280w, https:\/\/nid.pl\/wp-content\/uploads\/2023\/04\/EDD-spotkanie-koordynatorow-krajowych-w-Wiedniu_05-980x653.jpg 980w, https:\/\/nid.pl\/wp-content\/uploads\/2023\/04\/EDD-spotkanie-koordynatorow-krajowych-w-Wiedniu_05-480x320.jpg 480w\" sizes=\"(min-width: 0px) and (max-width: 480px) 480px, (min-width: 481px) and (max-width: 980px) 980px, (min-width: 981px) and (max-width: 1280px) 1280px, (min-width: 1281px) 2560px, 100vw\" \/><\/figure>\n\n\n\n<figure class=\"wp-block-image size-large\"><img loading=\"lazy\" decoding=\"async\" width=\"1707\" height=\"2560\" data-id=\"10503\" src=\"https:\/\/nid.pl\/wp-content\/uploads\/2023\/04\/EDD-spotkanie-koordynatorow-krajowych-w-Wiedniu_07-scaled.jpg\" alt=\"\" class=\"wp-image-10503\" srcset=\"https:\/\/nid.pl\/wp-content\/uploads\/2023\/04\/EDD-spotkanie-koordynatorow-krajowych-w-Wiedniu_07-scaled.jpg 1707w, https:\/\/nid.pl\/wp-content\/uploads\/2023\/04\/EDD-spotkanie-koordynatorow-krajowych-w-Wiedniu_07-1280x1920.jpg 1280w, https:\/\/nid.pl\/wp-content\/uploads\/2023\/04\/EDD-spotkanie-koordynatorow-krajowych-w-Wiedniu_07-980x1470.jpg 980w, https:\/\/nid.pl\/wp-content\/uploads\/2023\/04\/EDD-spotkanie-koordynatorow-krajowych-w-Wiedniu_07-480x720.jpg 480w\" sizes=\"(min-width: 0px) and (max-width: 480px) 480px, (min-width: 481px) and (max-width: 980px) 980px, (min-width: 981px) and (max-width: 1280px) 1280px, (min-width: 1281px) 1707px, 100vw\" \/><\/figure>\n\n\n\n<figure class=\"wp-block-image size-large\"><img loading=\"lazy\" decoding=\"async\" width=\"2560\" height=\"1707\" data-id=\"10500\" src=\"https:\/\/nid.pl\/wp-content\/uploads\/2023\/04\/EDD-spotkanie-koordynatorow-krajowych-w-Wiedniu_04-scaled.jpg\" alt=\"\" class=\"wp-image-10500\" srcset=\"https:\/\/nid.pl\/wp-content\/uploads\/2023\/04\/EDD-spotkanie-koordynatorow-krajowych-w-Wiedniu_04-scaled.jpg 2560w, https:\/\/nid.pl\/wp-content\/uploads\/2023\/04\/EDD-spotkanie-koordynatorow-krajowych-w-Wiedniu_04-1280x854.jpg 1280w, https:\/\/nid.pl\/wp-content\/uploads\/2023\/04\/EDD-spotkanie-koordynatorow-krajowych-w-Wiedniu_04-980x653.jpg 980w, https:\/\/nid.pl\/wp-content\/uploads\/2023\/04\/EDD-spotkanie-koordynatorow-krajowych-w-Wiedniu_04-480x320.jpg 480w\" sizes=\"(min-width: 0px) and (max-width: 480px) 480px, (min-width: 481px) and (max-width: 980px) 980px, (min-width: 981px) and (max-width: 1280px) 1280px, (min-width: 1281px) 2560px, 100vw\" \/><\/figure>\n\n\n\n<figure class=\"wp-block-image size-large\"><img loading=\"lazy\" decoding=\"async\" width=\"2560\" height=\"1707\" data-id=\"10499\" src=\"https:\/\/nid.pl\/wp-content\/uploads\/2023\/04\/EDD-spotkanie-koordynatorow-krajowych-w-Wiedniu_03-scaled.jpg\" alt=\"\" class=\"wp-image-10499\" srcset=\"https:\/\/nid.pl\/wp-content\/uploads\/2023\/04\/EDD-spotkanie-koordynatorow-krajowych-w-Wiedniu_03-scaled.jpg 2560w, https:\/\/nid.pl\/wp-content\/uploads\/2023\/04\/EDD-spotkanie-koordynatorow-krajowych-w-Wiedniu_03-1280x854.jpg 1280w, https:\/\/nid.pl\/wp-content\/uploads\/2023\/04\/EDD-spotkanie-koordynatorow-krajowych-w-Wiedniu_03-980x653.jpg 980w, https:\/\/nid.pl\/wp-content\/uploads\/2023\/04\/EDD-spotkanie-koordynatorow-krajowych-w-Wiedniu_03-480x320.jpg 480w\" sizes=\"(min-width: 0px) and (max-width: 480px) 480px, (min-width: 481px) and (max-width: 980px) 980px, (min-width: 981px) and (max-width: 1280px) 1280px, (min-width: 1281px) 2560px, 100vw\" \/><\/figure>\n<\/figure>","protected":false},"excerpt":{"rendered":"<p>Z ka\u017cdym dniem jeste\u015bmy coraz bli\u017cej tegorocznej edycji Europejskich Dni Dziedzictwa, kt\u00f3re odb\u0119d\u0105 si\u0119 w dwa wrze\u015bniowe weekendy: 9-10 i 16-17 wrze\u015bnia. W ramach przygotowa\u0144 do tegorocznej edycji #EDD, w [&hellip;]<\/p>","protected":false},"author":4,"featured_media":10504,"comment_status":"open","ping_status":"open","sticky":false,"template":"","format":"standard","meta":{"_et_pb_use_builder":"off","_et_pb_old_content":"","_et_gb_content_width":"","_monsterinsights_skip_tracking":false,"_monsterinsights_sitenote_active":false,"_monsterinsights_sitenote_note":"","_monsterinsights_sitenote_category":0,"footnotes":""},"categories":[3,89],"tags":[],"class_list":["post-10497","post","type-post","status-publish","format-standard","has-post-thumbnail","hentry","category-aktualnosci","category-europejskie-dni-dziedzictwa"],"yoast_head":"<!-- This site is optimized with the Yoast SEO plugin v26.5 - https:\/\/yoast.com\/wordpress\/plugins\/seo\/ -->\n<title>Europejskie Dni Dziedzictwa \u2013 spotkanie koordynator\u00f3w krajowych w Wiedniu - NID<\/title>\n<meta name=\"robots\" content=\"index, follow, max-snippet:-1, max-image-preview:large, max-video-preview:-1\" \/>\n<link rel=\"canonical\" href=\"https:\/\/nid.pl\/en\/2023\/04\/11\/europejskie-dni-dziedzictwa-spotkanie-koordynatorow-krajowych-w-wiedniu\/\" \/>\n<meta property=\"og:locale\" content=\"en_GB\" \/>\n<meta property=\"og:type\" content=\"article\" \/>\n<meta property=\"og:title\" content=\"Europejskie Dni Dziedzictwa \u2013 spotkanie koordynator\u00f3w krajowych w Wiedniu - NID\" \/>\n<meta property=\"og:description\" content=\"Z ka\u017cdym dniem jeste\u015bmy coraz bli\u017cej tegorocznej edycji Europejskich Dni Dziedzictwa, kt\u00f3re odb\u0119d\u0105 si\u0119 w dwa wrze\u015bniowe weekendy: 9-10 i 16-17 wrze\u015bnia. W ramach przygotowa\u0144 do tegorocznej edycji #EDD, w [&hellip;]\" \/>\n<meta property=\"og:url\" content=\"https:\/\/nid.pl\/en\/2023\/04\/11\/europejskie-dni-dziedzictwa-spotkanie-koordynatorow-krajowych-w-wiedniu\/\" \/>\n<meta property=\"og:site_name\" content=\"NID\" \/>\n<meta property=\"article:publisher\" content=\"https:\/\/www.facebook.com\/zabytek\" \/>\n<meta property=\"article:published_time\" content=\"2023-04-11T13:12:09+00:00\" \/>\n<meta property=\"article:modified_time\" content=\"2023-08-24T12:36:17+00:00\" \/>\n<meta property=\"og:image\" content=\"https:\/\/nid.pl\/wp-content\/uploads\/2023\/04\/EDD-spotkanie-koordynatorow-krajowych-w-Wiedniu_aktualnosci.png\" \/>\n\t<meta property=\"og:image:width\" content=\"1857\" \/>\n\t<meta property=\"og:image:height\" content=\"1238\" \/>\n\t<meta property=\"og:image:type\" content=\"image\/png\" \/>\n<meta name=\"author\" content=\"Marta Or\u0119ziak\" \/>\n<meta name=\"twitter:card\" content=\"summary_large_image\" \/>\n<meta name=\"twitter:creator\" content=\"@NarIDpl\" \/>\n<meta name=\"twitter:site\" content=\"@NarIDpl\" \/>\n<meta name=\"twitter:label1\" content=\"Written by\" \/>\n\t<meta name=\"twitter:data1\" content=\"Marta Or\u0119ziak\" \/>\n\t<meta name=\"twitter:label2\" content=\"Estimated reading time\" \/>\n\t<meta name=\"twitter:data2\" content=\"4 minutes\" \/>\n<script type=\"application\/ld+json\" class=\"yoast-schema-graph\">{\"@context\":\"https:\/\/schema.org\",\"@graph\":[{\"@type\":\"Article\",\"@id\":\"https:\/\/nid.pl\/2023\/04\/11\/europejskie-dni-dziedzictwa-spotkanie-koordynatorow-krajowych-w-wiedniu\/#article\",\"isPartOf\":{\"@id\":\"https:\/\/nid.pl\/2023\/04\/11\/europejskie-dni-dziedzictwa-spotkanie-koordynatorow-krajowych-w-wiedniu\/\"},\"author\":{\"name\":\"Marta Or\u0119ziak\",\"@id\":\"https:\/\/nid.pl\/#\/schema\/person\/9d848c4a54b78bc2a1461f1c5d8de615\"},\"headline\":\"Europejskie Dni Dziedzictwa \u2013 spotkanie koordynator\u00f3w krajowych w Wiedniu\",\"datePublished\":\"2023-04-11T13:12:09+00:00\",\"dateModified\":\"2023-08-24T12:36:17+00:00\",\"mainEntityOfPage\":{\"@id\":\"https:\/\/nid.pl\/2023\/04\/11\/europejskie-dni-dziedzictwa-spotkanie-koordynatorow-krajowych-w-wiedniu\/\"},\"wordCount\":505,\"commentCount\":0,\"publisher\":{\"@id\":\"https:\/\/nid.pl\/#organization\"},\"image\":{\"@id\":\"https:\/\/nid.pl\/2023\/04\/11\/europejskie-dni-dziedzictwa-spotkanie-koordynatorow-krajowych-w-wiedniu\/#primaryimage\"},\"thumbnailUrl\":\"https:\/\/nid.pl\/wp-content\/uploads\/2023\/04\/EDD-spotkanie-koordynatorow-krajowych-w-Wiedniu_aktualnosci.png\",\"articleSection\":[\"Aktualno\u015bci\",\"EDD\"],\"inLanguage\":\"en-GB\"},{\"@type\":\"WebPage\",\"@id\":\"https:\/\/nid.pl\/2023\/04\/11\/europejskie-dni-dziedzictwa-spotkanie-koordynatorow-krajowych-w-wiedniu\/\",\"url\":\"https:\/\/nid.pl\/2023\/04\/11\/europejskie-dni-dziedzictwa-spotkanie-koordynatorow-krajowych-w-wiedniu\/\",\"name\":\"Europejskie Dni Dziedzictwa \u2013 spotkanie koordynator\u00f3w krajowych w Wiedniu - NID\",\"isPartOf\":{\"@id\":\"https:\/\/nid.pl\/#website\"},\"primaryImageOfPage\":{\"@id\":\"https:\/\/nid.pl\/2023\/04\/11\/europejskie-dni-dziedzictwa-spotkanie-koordynatorow-krajowych-w-wiedniu\/#primaryimage\"},\"image\":{\"@id\":\"https:\/\/nid.pl\/2023\/04\/11\/europejskie-dni-dziedzictwa-spotkanie-koordynatorow-krajowych-w-wiedniu\/#primaryimage\"},\"thumbnailUrl\":\"https:\/\/nid.pl\/wp-content\/uploads\/2023\/04\/EDD-spotkanie-koordynatorow-krajowych-w-Wiedniu_aktualnosci.png\",\"datePublished\":\"2023-04-11T13:12:09+00:00\",\"dateModified\":\"2023-08-24T12:36:17+00:00\",\"breadcrumb\":{\"@id\":\"https:\/\/nid.pl\/2023\/04\/11\/europejskie-dni-dziedzictwa-spotkanie-koordynatorow-krajowych-w-wiedniu\/#breadcrumb\"},\"inLanguage\":\"en-GB\",\"potentialAction\":[{\"@type\":\"ReadAction\",\"target\":[\"https:\/\/nid.pl\/2023\/04\/11\/europejskie-dni-dziedzictwa-spotkanie-koordynatorow-krajowych-w-wiedniu\/\"]}]},{\"@type\":\"ImageObject\",\"inLanguage\":\"en-GB\",\"@id\":\"https:\/\/nid.pl\/2023\/04\/11\/europejskie-dni-dziedzictwa-spotkanie-koordynatorow-krajowych-w-wiedniu\/#primaryimage\",\"url\":\"https:\/\/nid.pl\/wp-content\/uploads\/2023\/04\/EDD-spotkanie-koordynatorow-krajowych-w-Wiedniu_aktualnosci.png\",\"contentUrl\":\"https:\/\/nid.pl\/wp-content\/uploads\/2023\/04\/EDD-spotkanie-koordynatorow-krajowych-w-Wiedniu_aktualnosci.png\",\"width\":1857,\"height\":1238,\"caption\":\"EDD spotkanie koordynatorow krajowych w Wiedniu aktualnosci\"},{\"@type\":\"BreadcrumbList\",\"@id\":\"https:\/\/nid.pl\/2023\/04\/11\/europejskie-dni-dziedzictwa-spotkanie-koordynatorow-krajowych-w-wiedniu\/#breadcrumb\",\"itemListElement\":[{\"@type\":\"ListItem\",\"position\":1,\"name\":\"Home\",\"item\":\"https:\/\/nid.pl\/\"},{\"@type\":\"ListItem\",\"position\":2,\"name\":\"Europejskie Dni Dziedzictwa \u2013 spotkanie koordynator\u00f3w krajowych w Wiedniu\"}]},{\"@type\":\"WebSite\",\"@id\":\"https:\/\/nid.pl\/#website\",\"url\":\"https:\/\/nid.pl\/\",\"name\":\"NID\",\"description\":\"Narodowy Instytut Dziedzictwa\",\"publisher\":{\"@id\":\"https:\/\/nid.pl\/#organization\"},\"potentialAction\":[{\"@type\":\"SearchAction\",\"target\":{\"@type\":\"EntryPoint\",\"urlTemplate\":\"https:\/\/nid.pl\/?s={search_term_string}\"},\"query-input\":{\"@type\":\"PropertyValueSpecification\",\"valueRequired\":true,\"valueName\":\"search_term_string\"}}],\"inLanguage\":\"en-GB\"},{\"@type\":\"Organization\",\"@id\":\"https:\/\/nid.pl\/#organization\",\"name\":\"Narodowy Instytut Dziedzictwa\",\"url\":\"https:\/\/nid.pl\/\",\"logo\":{\"@type\":\"ImageObject\",\"inLanguage\":\"en-GB\",\"@id\":\"https:\/\/nid.pl\/#\/schema\/logo\/image\/\",\"url\":\"https:\/\/nid.pl\/wp-content\/uploads\/2022\/10\/logoRedDark.png\",\"contentUrl\":\"https:\/\/nid.pl\/wp-content\/uploads\/2022\/10\/logoRedDark.png\",\"width\":200,\"height\":197,\"caption\":\"Narodowy Instytut Dziedzictwa\"},\"image\":{\"@id\":\"https:\/\/nid.pl\/#\/schema\/logo\/image\/\"},\"sameAs\":[\"https:\/\/www.facebook.com\/zabytek\",\"https:\/\/x.com\/NarIDpl\",\"https:\/\/www.instagram.com\/nid.pl\/?hl=pl\",\"https:\/\/www.linkedin.com\/company\/narodowy-instytut-dziedzictwa\",\"https:\/\/www.youtube.com\/channel\/UCQXuhKa2uHtmNvLRUSx40JA\"]},{\"@type\":\"Person\",\"@id\":\"https:\/\/nid.pl\/#\/schema\/person\/9d848c4a54b78bc2a1461f1c5d8de615\",\"name\":\"Marta Or\u0119ziak\",\"image\":{\"@type\":\"ImageObject\",\"inLanguage\":\"en-GB\",\"@id\":\"https:\/\/nid.pl\/#\/schema\/person\/image\/\",\"url\":\"https:\/\/nid.pl\/wp-content\/litespeed\/avatar\/3cdc296a7eb01425272974c992bee3ea.jpg?ver=1777445267\",\"contentUrl\":\"https:\/\/nid.pl\/wp-content\/litespeed\/avatar\/3cdc296a7eb01425272974c992bee3ea.jpg?ver=1777445267\",\"caption\":\"Marta Or\u0119ziak\"},\"url\":\"https:\/\/nid.pl\/en\/author\/moreziak\/\"}]}<\/script>\n<!-- \/ Yoast SEO plugin. -->","yoast_head_json":{"title":"Europejskie Dni Dziedzictwa \u2013 spotkanie koordynator\u00f3w krajowych w Wiedniu - NID","robots":{"index":"index","follow":"follow","max-snippet":"max-snippet:-1","max-image-preview":"max-image-preview:large","max-video-preview":"max-video-preview:-1"},"canonical":"https:\/\/nid.pl\/en\/2023\/04\/11\/europejskie-dni-dziedzictwa-spotkanie-koordynatorow-krajowych-w-wiedniu\/","og_locale":"en_GB","og_type":"article","og_title":"Europejskie Dni Dziedzictwa \u2013 spotkanie koordynator\u00f3w krajowych w Wiedniu - NID","og_description":"Z ka\u017cdym dniem jeste\u015bmy coraz bli\u017cej tegorocznej edycji Europejskich Dni Dziedzictwa, kt\u00f3re odb\u0119d\u0105 si\u0119 w dwa wrze\u015bniowe weekendy: 9-10 i 16-17 wrze\u015bnia. W ramach przygotowa\u0144 do tegorocznej edycji #EDD, w [&hellip;]","og_url":"https:\/\/nid.pl\/en\/2023\/04\/11\/europejskie-dni-dziedzictwa-spotkanie-koordynatorow-krajowych-w-wiedniu\/","og_site_name":"NID","article_publisher":"https:\/\/www.facebook.com\/zabytek","article_published_time":"2023-04-11T13:12:09+00:00","article_modified_time":"2023-08-24T12:36:17+00:00","og_image":[{"width":1857,"height":1238,"url":"https:\/\/nid.pl\/wp-content\/uploads\/2023\/04\/EDD-spotkanie-koordynatorow-krajowych-w-Wiedniu_aktualnosci.png","type":"image\/png"}],"author":"Marta Or\u0119ziak","twitter_card":"summary_large_image","twitter_creator":"@NarIDpl","twitter_site":"@NarIDpl","twitter_misc":{"Written by":"Marta Or\u0119ziak","Estimated reading time":"4 minutes"},"schema":{"@context":"https:\/\/schema.org","@graph":[{"@type":"Article","@id":"https:\/\/nid.pl\/2023\/04\/11\/europejskie-dni-dziedzictwa-spotkanie-koordynatorow-krajowych-w-wiedniu\/#article","isPartOf":{"@id":"https:\/\/nid.pl\/2023\/04\/11\/europejskie-dni-dziedzictwa-spotkanie-koordynatorow-krajowych-w-wiedniu\/"},"author":{"name":"Marta Or\u0119ziak","@id":"https:\/\/nid.pl\/#\/schema\/person\/9d848c4a54b78bc2a1461f1c5d8de615"},"headline":"Europejskie Dni Dziedzictwa \u2013 spotkanie koordynator\u00f3w krajowych w Wiedniu","datePublished":"2023-04-11T13:12:09+00:00","dateModified":"2023-08-24T12:36:17+00:00","mainEntityOfPage":{"@id":"https:\/\/nid.pl\/2023\/04\/11\/europejskie-dni-dziedzictwa-spotkanie-koordynatorow-krajowych-w-wiedniu\/"},"wordCount":505,"commentCount":0,"publisher":{"@id":"https:\/\/nid.pl\/#organization"},"image":{"@id":"https:\/\/nid.pl\/2023\/04\/11\/europejskie-dni-dziedzictwa-spotkanie-koordynatorow-krajowych-w-wiedniu\/#primaryimage"},"thumbnailUrl":"https:\/\/nid.pl\/wp-content\/uploads\/2023\/04\/EDD-spotkanie-koordynatorow-krajowych-w-Wiedniu_aktualnosci.png","articleSection":["Aktualno\u015bci","EDD"],"inLanguage":"en-GB"},{"@type":"WebPage","@id":"https:\/\/nid.pl\/2023\/04\/11\/europejskie-dni-dziedzictwa-spotkanie-koordynatorow-krajowych-w-wiedniu\/","url":"https:\/\/nid.pl\/2023\/04\/11\/europejskie-dni-dziedzictwa-spotkanie-koordynatorow-krajowych-w-wiedniu\/","name":"Europejskie Dni Dziedzictwa \u2013 spotkanie koordynator\u00f3w krajowych w Wiedniu - NID","isPartOf":{"@id":"https:\/\/nid.pl\/#website"},"primaryImageOfPage":{"@id":"https:\/\/nid.pl\/2023\/04\/11\/europejskie-dni-dziedzictwa-spotkanie-koordynatorow-krajowych-w-wiedniu\/#primaryimage"},"image":{"@id":"https:\/\/nid.pl\/2023\/04\/11\/europejskie-dni-dziedzictwa-spotkanie-koordynatorow-krajowych-w-wiedniu\/#primaryimage"},"thumbnailUrl":"https:\/\/nid.pl\/wp-content\/uploads\/2023\/04\/EDD-spotkanie-koordynatorow-krajowych-w-Wiedniu_aktualnosci.png","datePublished":"2023-04-11T13:12:09+00:00","dateModified":"2023-08-24T12:36:17+00:00","breadcrumb":{"@id":"https:\/\/nid.pl\/2023\/04\/11\/europejskie-dni-dziedzictwa-spotkanie-koordynatorow-krajowych-w-wiedniu\/#breadcrumb"},"inLanguage":"en-GB","potentialAction":[{"@type":"ReadAction","target":["https:\/\/nid.pl\/2023\/04\/11\/europejskie-dni-dziedzictwa-spotkanie-koordynatorow-krajowych-w-wiedniu\/"]}]},{"@type":"ImageObject","inLanguage":"en-GB","@id":"https:\/\/nid.pl\/2023\/04\/11\/europejskie-dni-dziedzictwa-spotkanie-koordynatorow-krajowych-w-wiedniu\/#primaryimage","url":"https:\/\/nid.pl\/wp-content\/uploads\/2023\/04\/EDD-spotkanie-koordynatorow-krajowych-w-Wiedniu_aktualnosci.png","contentUrl":"https:\/\/nid.pl\/wp-content\/uploads\/2023\/04\/EDD-spotkanie-koordynatorow-krajowych-w-Wiedniu_aktualnosci.png","width":1857,"height":1238,"caption":"EDD spotkanie koordynatorow krajowych w Wiedniu aktualnosci"},{"@type":"BreadcrumbList","@id":"https:\/\/nid.pl\/2023\/04\/11\/europejskie-dni-dziedzictwa-spotkanie-koordynatorow-krajowych-w-wiedniu\/#breadcrumb","itemListElement":[{"@type":"ListItem","position":1,"name":"Home","item":"https:\/\/nid.pl\/"},{"@type":"ListItem","position":2,"name":"Europejskie Dni Dziedzictwa \u2013 spotkanie koordynator\u00f3w krajowych w Wiedniu"}]},{"@type":"WebSite","@id":"https:\/\/nid.pl\/#website","url":"https:\/\/nid.pl\/","name":"NID","description":"Narodowy Instytut Dziedzictwa","publisher":{"@id":"https:\/\/nid.pl\/#organization"},"potentialAction":[{"@type":"SearchAction","target":{"@type":"EntryPoint","urlTemplate":"https:\/\/nid.pl\/?s={search_term_string}"},"query-input":{"@type":"PropertyValueSpecification","valueRequired":true,"valueName":"search_term_string"}}],"inLanguage":"en-GB"},{"@type":"Organization","@id":"https:\/\/nid.pl\/#organization","name":"Narodowy Instytut Dziedzictwa","url":"https:\/\/nid.pl\/","logo":{"@type":"ImageObject","inLanguage":"en-GB","@id":"https:\/\/nid.pl\/#\/schema\/logo\/image\/","url":"https:\/\/nid.pl\/wp-content\/uploads\/2022\/10\/logoRedDark.png","contentUrl":"https:\/\/nid.pl\/wp-content\/uploads\/2022\/10\/logoRedDark.png","width":200,"height":197,"caption":"Narodowy Instytut Dziedzictwa"},"image":{"@id":"https:\/\/nid.pl\/#\/schema\/logo\/image\/"},"sameAs":["https:\/\/www.facebook.com\/zabytek","https:\/\/x.com\/NarIDpl","https:\/\/www.instagram.com\/nid.pl\/?hl=pl","https:\/\/www.linkedin.com\/company\/narodowy-instytut-dziedzictwa","https:\/\/www.youtube.com\/channel\/UCQXuhKa2uHtmNvLRUSx40JA"]},{"@type":"Person","@id":"https:\/\/nid.pl\/#\/schema\/person\/9d848c4a54b78bc2a1461f1c5d8de615","name":"Marta Or\u0119ziak","image":{"@type":"ImageObject","inLanguage":"en-GB","@id":"https:\/\/nid.pl\/#\/schema\/person\/image\/","url":"https:\/\/nid.pl\/wp-content\/litespeed\/avatar\/3cdc296a7eb01425272974c992bee3ea.jpg?ver=1777445267","contentUrl":"https:\/\/nid.pl\/wp-content\/litespeed\/avatar\/3cdc296a7eb01425272974c992bee3ea.jpg?ver=1777445267","caption":"Marta Or\u0119ziak"},"url":"https:\/\/nid.pl\/en\/author\/moreziak\/"}]}},"_links":{"self":[{"href":"https:\/\/nid.pl\/en\/wp-json\/wp\/v2\/posts\/10497","targetHints":{"allow":["GET"]}}],"collection":[{"href":"https:\/\/nid.pl\/en\/wp-json\/wp\/v2\/posts"}],"about":[{"href":"https:\/\/nid.pl\/en\/wp-json\/wp\/v2\/types\/post"}],"author":[{"embeddable":true,"href":"https:\/\/nid.pl\/en\/wp-json\/wp\/v2\/users\/4"}],"replies":[{"embeddable":true,"href":"https:\/\/nid.pl\/en\/wp-json\/wp\/v2\/comments?post=10497"}],"version-history":[{"count":0,"href":"https:\/\/nid.pl\/en\/wp-json\/wp\/v2\/posts\/10497\/revisions"}],"wp:featuredmedia":[{"embeddable":true,"href":"https:\/\/nid.pl\/en\/wp-json\/wp\/v2\/media\/10504"}],"wp:attachment":[{"href":"https:\/\/nid.pl\/en\/wp-json\/wp\/v2\/media?parent=10497"}],"wp:term":[{"taxonomy":"category","embeddable":true,"href":"https:\/\/nid.pl\/en\/wp-json\/wp\/v2\/categories?post=10497"},{"taxonomy":"post_tag","embeddable":true,"href":"https:\/\/nid.pl\/en\/wp-json\/wp\/v2\/tags?post=10497"}],"curies":[{"name":"wp","href":"https:\/\/api.w.org\/{rel}","templated":true}]}}