{"id":10445,"date":"2023-04-05T13:28:18","date_gmt":"2023-04-05T11:28:18","guid":{"rendered":"https:\/\/nid.pl\/?p=10445"},"modified":"2023-11-23T10:09:19","modified_gmt":"2023-11-23T09:09:19","slug":"kierownik-zespolu-ds-orzecznictwa-administracyjnego-2","status":"publish","type":"post","link":"https:\/\/nid.pl\/en\/2023\/04\/05\/kierownik-zespolu-ds-orzecznictwa-administracyjnego-2\/","title":{"rendered":"Kierownik Zespo\u0142u ds. orzecznictwa administracyjnego"},"content":{"rendered":"<p><strong>Narodowy Instytut Dziedzictwa poszukuje pracownika \u2013 Kierownik Zespo\u0142u ds. orzecznictwa administracyjnego<\/strong><\/p>\n\n\n\n<p><strong>Zakres obowi\u0105zk\u00f3w:<\/strong>&nbsp;<\/p>\n\n\n\n<ul class=\"wp-block-list\"><li>kierowanie i nadzorowanie dzia\u0142alno\u015bci Zespo\u0142u ds. orzecznictwa administracyjnego;<\/li><li>prowadzenie \u2013 w zakresie powierzonym przez ministra w\u0142a\u015bciwego do spraw kultury i ochrony dziedzictwa narodowego \u2013 post\u0119powa\u0144 administracyjnych w zakresie ochrony zabytk\u00f3w, w&nbsp;szczeg\u00f3lno\u015bci wszczynanych z urz\u0119du post\u0119powa\u0144 w przedmiocie skre\u015blenia z rejestru zabytk\u00f3w obiekt\u00f3w nieistniej\u0105cych oraz obszarowych zabytk\u00f3w nieruchomych stanowi\u0105cych historyczne uk\u0142ady urbanistyczne i historyczne uk\u0142ady ruralistyczne;<\/li><li>przyjmowanie skarg wniesionych do Wojew\u00f3dzkiego S\u0105du Administracyjnego w Warszawie na decyzje w sprawach wskazanych w pkt. poprzedzaj\u0105cym wraz z opracowywaniem projekt\u00f3w odpowiedzi na ww. skargi i przekazaniem ich do Wojew\u00f3dzkiego S\u0105du Administracyjnego w Warszawie;<\/li><li>prowadzenie statystyk dot. prowadzonych post\u0119powa\u0144 administracyjnych;<\/li><li>prowadzenie w zleconym zakresie prac analitycznych w zakresie zwi\u0105zanych z prawnymi lub doktrynalnymi uwarunkowaniami dotycz\u0105cymi zabytk\u00f3w;<\/li><li>sporz\u0105dzanie analiz przepis\u00f3w prawnych i formu\u0142owanie uwag do projekt\u00f3w akt\u00f3w prawnych z zakresu ochrony zabytk\u00f3w i opieki nad zabytkami;<\/li><li>prowadzenie w zleconym zakresie szkole\u0144 specjalistycznych dla w zakresie zwi\u0105zanych z prawnymi lub doktrynalnymi uwarunkowaniami dotycz\u0105cymi zabytk\u00f3w;<\/li><li>doradztwo prawne w zakresie zagadnie\u0144 zwi\u0105zanych z prawn\u0105 ochron\u0105 zabytk\u00f3w.<\/li><\/ul>\n\n\n\n<p><strong>Wymagania:<\/strong>&nbsp;<\/p>\n\n\n\n<ul class=\"wp-block-list\"><li>wykszta\u0142cenie wy\u017csze prawnicze;<\/li><li>do\u015bwiadczenie zawodowe na stanowisku kierowniczym w organach administracji publicznej lub instytucji zwi\u0105zanej z ochron\u0105 zabytk\u00f3w, obejmuj\u0105ce prowadzenie post\u0119powa\u0144 administracyjnych i przygotowywanie projekt\u00f3w decyzji administracyjnych;<\/li><li>dobra znajomo\u015b\u0107 ustawy o ochronie zabytk\u00f3w i opiece nad zabytkami;<\/li><li>dobra znajomo\u015b\u0107 kodeksu post\u0119powania administracyjnego;<\/li><li>bardzo dobry poziom komunikacji w mowie i pi\u015bmie w j\u0119zyku polskim;<\/li><li>dobra organizacja i umiej\u0119tno\u015b\u0107 planowania pracy w\u0142asnej oraz pracy podleg\u0142ych pracownik\u00f3w;<\/li><li>zaanga\u017cowanie, motywacja do uczenia si\u0119;<\/li><li>rzetelno\u015b\u0107 i terminowo\u015b\u0107;<\/li><li>praktyczna znajomo\u015b\u0107 narz\u0119dzi pakietu Office.<\/li><\/ul>\n\n\n\n<p><strong>Dodatkowym atutem b\u0119dzie:<\/strong><\/p>\n\n\n\n<ul class=\"wp-block-list\"><li>znajomo\u015b\u0107 systemu Elektronicznego Zarz\u0105dzania Dokumentacj\u0105 (EZD);<\/li><li>znajomo\u015b\u0107 j. angielskiego w mowie i pi\u015bmie.<\/li><\/ul>\n\n\n\n<p><strong>Wymiar zatrudnienia<\/strong>: pe\u0142ny etat<\/p>\n\n\n\n<p><strong>Rodzaj umowy:<\/strong>&nbsp;umowa o prac\u0119<\/p>\n\n\n\n<p><strong>Miejsce wykonywania pracy:<\/strong>&nbsp;Warszawa<\/p>\n\n\n\n<p><strong>Wymagane dokumenty:&nbsp;<\/strong>CV, list motywacyjny \u2013 w tytule pliku prosimy zawrze\u0107 imi\u0119 i nazwisko<\/p>\n\n\n\n<p><strong>Termin sk\u0142adania dokument\u00f3w:<\/strong>&nbsp;19 kwietnia 2023 roku<\/p>\n\n\n\n<p><strong>Spos\u00f3b sk\u0142adania dokument\u00f3w:&nbsp;<\/strong>Aplikacje prosimy przes\u0142a\u0107 na adres e-mail:&nbsp;<a href=\"mailto:rekrutacja@nid.pl\">rekrutacja@nid.pl<\/a>&nbsp;podaj\u0105c w tytule maila&nbsp;<strong>\u201eKierownik Zespo\u0142u ds. orzecznictwa administracyjnego\u201d<\/strong>&nbsp;<\/p>\n\n\n\n<p><strong>Prosimy o dopisanie w CV nast\u0119puj\u0105cej klauzuli:<\/strong><\/p>\n\n\n\n<p>Wyra\u017cam zgod\u0119 na przetwarzanie moich danych osobowych dla potrzeb niezb\u0119dnych do realizacji procesu obecnej rekrutacji przez Narodowy Instytut Dziedzictwa zgodnie art. 7 ust. 1 i 2 Rozporz\u0105dzenia Parlamentu Europejskiego i Rady (UE) 2016\/679 z dnia 27 kwietnia 2016 r. w sprawie ochrony os\u00f3b fizycznych w zwi\u0105zku z przetwarzaniem danych osobowych i w sprawie swobodnego przep\u0142ywu takich danych oraz uchylenia dyrektywy 95\/46\/WE (og\u00f3lne rozporz\u0105dzenie o ochronie danych).<\/p>\n\n\n\n<p><strong>Informujemy, i\u017c:<\/strong><\/p>\n\n\n\n<ol class=\"wp-block-list\"><li>Administratorem Pani\/Pana danych osobowych jest Narodowy Instytut Dziedzictwa, ul. Kopernika 36\/40, 00-924 Warszawa.<\/li><li>Kontakt z Inspektorem Ochrony Danych w NID mo\u017cliwy jest poprzez ww. adres pocztowy lub pod adresem&nbsp;<a href=\"mailto:iod@nid.pl\" target=\"_blank\" rel=\"noreferrer noopener\">iod@nid.pl<\/a>.<\/li><li>Pani\/Pana dane osobowe przetwarzane b\u0119d\u0105 w celu realizacji przez Administratora procesu bie\u017c\u0105cej rekrutacji a podstaw\u0105 prawn\u0105 przetwarzania danych jest Pani\/Pana zgoda.<\/li><li>Administrator nie udost\u0119pnia Pani\/Pana danych osobowych \u017cadnym odbiorcom, z wyj\u0105tkiem przypadk\u00f3w, gdy obowi\u0105zek taki wynika z przepis\u00f3w prawa powszechnie obowi\u0105zuj\u0105cego.<\/li><li>Pani\/Pana dane b\u0119d\u0105 przechowywane przez okres trwania procedury rekrutacyjnej oraz 6 miesi\u0119cy od dnia jej zako\u0144czenia.<\/li><li>Pani\/Pana uprawnienia w zakresie danych osobowych:<br>1) prawo dost\u0119pu do swoich danych (w tym prawo do otrzymania ich kopii);<br>2) prawo do sprostowania swoich danych osobowych;<br>3) prawo do ograniczenia przetwarzania danych osobowych;<br>4) prawo do przenoszenia danych do innego administratora,<br>5) prawo do wniesienia sprzeciwu wobec przetwarzania danych,<br>6) prawo do wycofania zgody na przetwarzanie danych osobowych.<br>wycofanie zgody nie ma wp\u0142ywu na zgodno\u015b\u0107 z prawem przetwarzania, kt\u00f3rego dokonano na podstawie zgody przed jej wycofaniem; zgod\u0119 mo\u017cna wycofa\u0107 w ka\u017cdym momencie,<br>\u2013 \u017c\u0105danie realizacji tych praw nale\u017cy przes\u0142a\u0107 w formie pisemnej na adres kontaktowy administratora danych, podany powy\u017cej;<br>7) prawo do wniesienia skargi do Prezesa Urz\u0119du Ochrony Danych Osobowych gdy uzna Pani\/Pan, \u017ce przetwarzanie danych osobowych narusza przepisy RODO<\/li><\/ol>\n\n\n\n<ol class=\"wp-block-list\" start=\"7\"><li>Podanie przez Pani\u0105\/Pana danych osobowych w zakresie wynikaj\u0105cym z art. 221 Kodeksu Pracy (imi\u0119, nazwisko, data urodzenia, dane kontaktowe, wykszta\u0142cenie, kwalifikacje zawodowe, przebieg dotychczasowego zatrudnienia) jest niezb\u0119dne, aby uczestniczy\u0107 w post\u0119powaniu rekrutacyjnym. Podanie przez Pani\u0105\/Pana danych innych, ni\u017c wskazane w art. 221 Kodeksu Pracy, jest dobrowolne.<\/li><li>Podane dane nie b\u0119d\u0105 podstaw\u0105 do zautomatyzowanego podejmowania decyzji; nie b\u0119d\u0105 te\u017c profilowane.<\/li><\/ol>","protected":false},"excerpt":{"rendered":"<p>Termin sk\u0142adania dokument\u00f3w:\u00a019 kwietnia 2023 roku<\/p>","protected":false},"author":4,"featured_media":0,"comment_status":"closed","ping_status":"closed","sticky":false,"template":"","format":"standard","meta":{"_et_pb_use_builder":"off","_et_pb_old_content":"","_et_gb_content_width":"","_monsterinsights_skip_tracking":false,"_monsterinsights_sitenote_active":false,"_monsterinsights_sitenote_note":"","_monsterinsights_sitenote_category":0,"footnotes":""},"categories":[49],"tags":[],"class_list":["post-10445","post","type-post","status-publish","format-standard","hentry","category-archiwum-praca-bip"],"yoast_head":"<!-- This site is optimized with the Yoast SEO plugin v26.5 - https:\/\/yoast.com\/wordpress\/plugins\/seo\/ -->\n<title>Kierownik Zespo\u0142u ds. orzecznictwa administracyjnego - NID<\/title>\n<meta name=\"robots\" content=\"index, follow, max-snippet:-1, max-image-preview:large, max-video-preview:-1\" \/>\n<link rel=\"canonical\" href=\"https:\/\/nid.pl\/en\/2023\/04\/05\/kierownik-zespolu-ds-orzecznictwa-administracyjnego-2\/\" \/>\n<meta property=\"og:locale\" content=\"en_GB\" \/>\n<meta property=\"og:type\" content=\"article\" \/>\n<meta property=\"og:title\" content=\"Kierownik Zespo\u0142u ds. orzecznictwa administracyjnego - NID\" \/>\n<meta property=\"og:description\" content=\"Termin sk\u0142adania dokument\u00f3w:\u00a019 kwietnia 2023 roku\" \/>\n<meta property=\"og:url\" content=\"https:\/\/nid.pl\/en\/2023\/04\/05\/kierownik-zespolu-ds-orzecznictwa-administracyjnego-2\/\" \/>\n<meta property=\"og:site_name\" content=\"NID\" \/>\n<meta property=\"article:publisher\" content=\"https:\/\/www.facebook.com\/zabytek\" \/>\n<meta property=\"article:published_time\" content=\"2023-04-05T11:28:18+00:00\" \/>\n<meta property=\"article:modified_time\" content=\"2023-11-23T09:09:19+00:00\" \/>\n<meta name=\"author\" content=\"Marta Or\u0119ziak\" \/>\n<meta name=\"twitter:card\" content=\"summary_large_image\" \/>\n<meta name=\"twitter:creator\" content=\"@NarIDpl\" \/>\n<meta name=\"twitter:site\" content=\"@NarIDpl\" \/>\n<meta name=\"twitter:label1\" content=\"Written by\" \/>\n\t<meta name=\"twitter:data1\" content=\"Marta Or\u0119ziak\" \/>\n\t<meta name=\"twitter:label2\" content=\"Estimated reading time\" \/>\n\t<meta name=\"twitter:data2\" content=\"3 minutes\" \/>\n<script type=\"application\/ld+json\" class=\"yoast-schema-graph\">{\"@context\":\"https:\/\/schema.org\",\"@graph\":[{\"@type\":\"Article\",\"@id\":\"https:\/\/nid.pl\/2023\/04\/05\/kierownik-zespolu-ds-orzecznictwa-administracyjnego-2\/#article\",\"isPartOf\":{\"@id\":\"https:\/\/nid.pl\/2023\/04\/05\/kierownik-zespolu-ds-orzecznictwa-administracyjnego-2\/\"},\"author\":{\"name\":\"Marta Or\u0119ziak\",\"@id\":\"https:\/\/nid.pl\/#\/schema\/person\/9d848c4a54b78bc2a1461f1c5d8de615\"},\"headline\":\"Kierownik Zespo\u0142u ds. orzecznictwa administracyjnego\",\"datePublished\":\"2023-04-05T11:28:18+00:00\",\"dateModified\":\"2023-11-23T09:09:19+00:00\",\"mainEntityOfPage\":{\"@id\":\"https:\/\/nid.pl\/2023\/04\/05\/kierownik-zespolu-ds-orzecznictwa-administracyjnego-2\/\"},\"wordCount\":778,\"publisher\":{\"@id\":\"https:\/\/nid.pl\/#organization\"},\"articleSection\":[\"Archiwum Praca\"],\"inLanguage\":\"en-GB\"},{\"@type\":\"WebPage\",\"@id\":\"https:\/\/nid.pl\/2023\/04\/05\/kierownik-zespolu-ds-orzecznictwa-administracyjnego-2\/\",\"url\":\"https:\/\/nid.pl\/2023\/04\/05\/kierownik-zespolu-ds-orzecznictwa-administracyjnego-2\/\",\"name\":\"Kierownik Zespo\u0142u ds. orzecznictwa administracyjnego - NID\",\"isPartOf\":{\"@id\":\"https:\/\/nid.pl\/#website\"},\"datePublished\":\"2023-04-05T11:28:18+00:00\",\"dateModified\":\"2023-11-23T09:09:19+00:00\",\"breadcrumb\":{\"@id\":\"https:\/\/nid.pl\/2023\/04\/05\/kierownik-zespolu-ds-orzecznictwa-administracyjnego-2\/#breadcrumb\"},\"inLanguage\":\"en-GB\",\"potentialAction\":[{\"@type\":\"ReadAction\",\"target\":[\"https:\/\/nid.pl\/2023\/04\/05\/kierownik-zespolu-ds-orzecznictwa-administracyjnego-2\/\"]}]},{\"@type\":\"BreadcrumbList\",\"@id\":\"https:\/\/nid.pl\/2023\/04\/05\/kierownik-zespolu-ds-orzecznictwa-administracyjnego-2\/#breadcrumb\",\"itemListElement\":[{\"@type\":\"ListItem\",\"position\":1,\"name\":\"Home\",\"item\":\"https:\/\/nid.pl\/\"},{\"@type\":\"ListItem\",\"position\":2,\"name\":\"Kierownik Zespo\u0142u ds. orzecznictwa administracyjnego\"}]},{\"@type\":\"WebSite\",\"@id\":\"https:\/\/nid.pl\/#website\",\"url\":\"https:\/\/nid.pl\/\",\"name\":\"NID\",\"description\":\"Narodowy Instytut Dziedzictwa\",\"publisher\":{\"@id\":\"https:\/\/nid.pl\/#organization\"},\"potentialAction\":[{\"@type\":\"SearchAction\",\"target\":{\"@type\":\"EntryPoint\",\"urlTemplate\":\"https:\/\/nid.pl\/?s={search_term_string}\"},\"query-input\":{\"@type\":\"PropertyValueSpecification\",\"valueRequired\":true,\"valueName\":\"search_term_string\"}}],\"inLanguage\":\"en-GB\"},{\"@type\":\"Organization\",\"@id\":\"https:\/\/nid.pl\/#organization\",\"name\":\"Narodowy Instytut Dziedzictwa\",\"url\":\"https:\/\/nid.pl\/\",\"logo\":{\"@type\":\"ImageObject\",\"inLanguage\":\"en-GB\",\"@id\":\"https:\/\/nid.pl\/#\/schema\/logo\/image\/\",\"url\":\"https:\/\/nid.pl\/wp-content\/uploads\/2022\/10\/logoRedDark.png\",\"contentUrl\":\"https:\/\/nid.pl\/wp-content\/uploads\/2022\/10\/logoRedDark.png\",\"width\":200,\"height\":197,\"caption\":\"Narodowy Instytut Dziedzictwa\"},\"image\":{\"@id\":\"https:\/\/nid.pl\/#\/schema\/logo\/image\/\"},\"sameAs\":[\"https:\/\/www.facebook.com\/zabytek\",\"https:\/\/x.com\/NarIDpl\",\"https:\/\/www.instagram.com\/nid.pl\/?hl=pl\",\"https:\/\/www.linkedin.com\/company\/narodowy-instytut-dziedzictwa\",\"https:\/\/www.youtube.com\/channel\/UCQXuhKa2uHtmNvLRUSx40JA\"]},{\"@type\":\"Person\",\"@id\":\"https:\/\/nid.pl\/#\/schema\/person\/9d848c4a54b78bc2a1461f1c5d8de615\",\"name\":\"Marta Or\u0119ziak\",\"image\":{\"@type\":\"ImageObject\",\"inLanguage\":\"en-GB\",\"@id\":\"https:\/\/nid.pl\/#\/schema\/person\/image\/\",\"url\":\"https:\/\/nid.pl\/wp-content\/litespeed\/avatar\/3cdc296a7eb01425272974c992bee3ea.jpg?ver=1777445267\",\"contentUrl\":\"https:\/\/nid.pl\/wp-content\/litespeed\/avatar\/3cdc296a7eb01425272974c992bee3ea.jpg?ver=1777445267\",\"caption\":\"Marta Or\u0119ziak\"},\"url\":\"https:\/\/nid.pl\/en\/author\/moreziak\/\"}]}<\/script>\n<!-- \/ Yoast SEO plugin. -->","yoast_head_json":{"title":"Kierownik Zespo\u0142u ds. orzecznictwa administracyjnego - NID","robots":{"index":"index","follow":"follow","max-snippet":"max-snippet:-1","max-image-preview":"max-image-preview:large","max-video-preview":"max-video-preview:-1"},"canonical":"https:\/\/nid.pl\/en\/2023\/04\/05\/kierownik-zespolu-ds-orzecznictwa-administracyjnego-2\/","og_locale":"en_GB","og_type":"article","og_title":"Kierownik Zespo\u0142u ds. orzecznictwa administracyjnego - NID","og_description":"Termin sk\u0142adania dokument\u00f3w:\u00a019 kwietnia 2023 roku","og_url":"https:\/\/nid.pl\/en\/2023\/04\/05\/kierownik-zespolu-ds-orzecznictwa-administracyjnego-2\/","og_site_name":"NID","article_publisher":"https:\/\/www.facebook.com\/zabytek","article_published_time":"2023-04-05T11:28:18+00:00","article_modified_time":"2023-11-23T09:09:19+00:00","author":"Marta Or\u0119ziak","twitter_card":"summary_large_image","twitter_creator":"@NarIDpl","twitter_site":"@NarIDpl","twitter_misc":{"Written by":"Marta Or\u0119ziak","Estimated reading time":"3 minutes"},"schema":{"@context":"https:\/\/schema.org","@graph":[{"@type":"Article","@id":"https:\/\/nid.pl\/2023\/04\/05\/kierownik-zespolu-ds-orzecznictwa-administracyjnego-2\/#article","isPartOf":{"@id":"https:\/\/nid.pl\/2023\/04\/05\/kierownik-zespolu-ds-orzecznictwa-administracyjnego-2\/"},"author":{"name":"Marta Or\u0119ziak","@id":"https:\/\/nid.pl\/#\/schema\/person\/9d848c4a54b78bc2a1461f1c5d8de615"},"headline":"Kierownik Zespo\u0142u ds. orzecznictwa administracyjnego","datePublished":"2023-04-05T11:28:18+00:00","dateModified":"2023-11-23T09:09:19+00:00","mainEntityOfPage":{"@id":"https:\/\/nid.pl\/2023\/04\/05\/kierownik-zespolu-ds-orzecznictwa-administracyjnego-2\/"},"wordCount":778,"publisher":{"@id":"https:\/\/nid.pl\/#organization"},"articleSection":["Archiwum Praca"],"inLanguage":"en-GB"},{"@type":"WebPage","@id":"https:\/\/nid.pl\/2023\/04\/05\/kierownik-zespolu-ds-orzecznictwa-administracyjnego-2\/","url":"https:\/\/nid.pl\/2023\/04\/05\/kierownik-zespolu-ds-orzecznictwa-administracyjnego-2\/","name":"Kierownik Zespo\u0142u ds. orzecznictwa administracyjnego - NID","isPartOf":{"@id":"https:\/\/nid.pl\/#website"},"datePublished":"2023-04-05T11:28:18+00:00","dateModified":"2023-11-23T09:09:19+00:00","breadcrumb":{"@id":"https:\/\/nid.pl\/2023\/04\/05\/kierownik-zespolu-ds-orzecznictwa-administracyjnego-2\/#breadcrumb"},"inLanguage":"en-GB","potentialAction":[{"@type":"ReadAction","target":["https:\/\/nid.pl\/2023\/04\/05\/kierownik-zespolu-ds-orzecznictwa-administracyjnego-2\/"]}]},{"@type":"BreadcrumbList","@id":"https:\/\/nid.pl\/2023\/04\/05\/kierownik-zespolu-ds-orzecznictwa-administracyjnego-2\/#breadcrumb","itemListElement":[{"@type":"ListItem","position":1,"name":"Home","item":"https:\/\/nid.pl\/"},{"@type":"ListItem","position":2,"name":"Kierownik Zespo\u0142u ds. orzecznictwa administracyjnego"}]},{"@type":"WebSite","@id":"https:\/\/nid.pl\/#website","url":"https:\/\/nid.pl\/","name":"NID","description":"Narodowy Instytut Dziedzictwa","publisher":{"@id":"https:\/\/nid.pl\/#organization"},"potentialAction":[{"@type":"SearchAction","target":{"@type":"EntryPoint","urlTemplate":"https:\/\/nid.pl\/?s={search_term_string}"},"query-input":{"@type":"PropertyValueSpecification","valueRequired":true,"valueName":"search_term_string"}}],"inLanguage":"en-GB"},{"@type":"Organization","@id":"https:\/\/nid.pl\/#organization","name":"Narodowy Instytut Dziedzictwa","url":"https:\/\/nid.pl\/","logo":{"@type":"ImageObject","inLanguage":"en-GB","@id":"https:\/\/nid.pl\/#\/schema\/logo\/image\/","url":"https:\/\/nid.pl\/wp-content\/uploads\/2022\/10\/logoRedDark.png","contentUrl":"https:\/\/nid.pl\/wp-content\/uploads\/2022\/10\/logoRedDark.png","width":200,"height":197,"caption":"Narodowy Instytut Dziedzictwa"},"image":{"@id":"https:\/\/nid.pl\/#\/schema\/logo\/image\/"},"sameAs":["https:\/\/www.facebook.com\/zabytek","https:\/\/x.com\/NarIDpl","https:\/\/www.instagram.com\/nid.pl\/?hl=pl","https:\/\/www.linkedin.com\/company\/narodowy-instytut-dziedzictwa","https:\/\/www.youtube.com\/channel\/UCQXuhKa2uHtmNvLRUSx40JA"]},{"@type":"Person","@id":"https:\/\/nid.pl\/#\/schema\/person\/9d848c4a54b78bc2a1461f1c5d8de615","name":"Marta Or\u0119ziak","image":{"@type":"ImageObject","inLanguage":"en-GB","@id":"https:\/\/nid.pl\/#\/schema\/person\/image\/","url":"https:\/\/nid.pl\/wp-content\/litespeed\/avatar\/3cdc296a7eb01425272974c992bee3ea.jpg?ver=1777445267","contentUrl":"https:\/\/nid.pl\/wp-content\/litespeed\/avatar\/3cdc296a7eb01425272974c992bee3ea.jpg?ver=1777445267","caption":"Marta Or\u0119ziak"},"url":"https:\/\/nid.pl\/en\/author\/moreziak\/"}]}},"_links":{"self":[{"href":"https:\/\/nid.pl\/en\/wp-json\/wp\/v2\/posts\/10445","targetHints":{"allow":["GET"]}}],"collection":[{"href":"https:\/\/nid.pl\/en\/wp-json\/wp\/v2\/posts"}],"about":[{"href":"https:\/\/nid.pl\/en\/wp-json\/wp\/v2\/types\/post"}],"author":[{"embeddable":true,"href":"https:\/\/nid.pl\/en\/wp-json\/wp\/v2\/users\/4"}],"replies":[{"embeddable":true,"href":"https:\/\/nid.pl\/en\/wp-json\/wp\/v2\/comments?post=10445"}],"version-history":[{"count":0,"href":"https:\/\/nid.pl\/en\/wp-json\/wp\/v2\/posts\/10445\/revisions"}],"wp:attachment":[{"href":"https:\/\/nid.pl\/en\/wp-json\/wp\/v2\/media?parent=10445"}],"wp:term":[{"taxonomy":"category","embeddable":true,"href":"https:\/\/nid.pl\/en\/wp-json\/wp\/v2\/categories?post=10445"},{"taxonomy":"post_tag","embeddable":true,"href":"https:\/\/nid.pl\/en\/wp-json\/wp\/v2\/tags?post=10445"}],"curies":[{"name":"wp","href":"https:\/\/api.w.org\/{rel}","templated":true}]}}