{"id":10346,"date":"2023-03-30T15:36:46","date_gmt":"2023-03-30T13:36:46","guid":{"rendered":"https:\/\/nid.pl\/?p=10346"},"modified":"2023-05-25T11:58:15","modified_gmt":"2023-05-25T09:58:15","slug":"europejskie-dni-archeologii-dolacz-do-grona-organizatorow","status":"publish","type":"post","link":"https:\/\/nid.pl\/en\/2023\/03\/30\/europejskie-dni-archeologii-dolacz-do-grona-organizatorow\/","title":{"rendered":"Europejskie Dni Archeologii \u2013 do\u0142\u0105cz do grona organizator\u00f3w!"},"content":{"rendered":"<p><strong>Europejskie Dni Archeologii (#EDA) to wydarzenia, wystawy, pikniki, sesje naukowe i pokazy, przybli\u017caj\u0105ce dziedzictwo archeologiczne szerszej publiczno\u015bci. W&nbsp;ubieg\u0142ym roku, w ca\u0142ej Europie, pod szyldem #EDA odby\u0142o si\u0119 ponad tysi\u0105c wydarze\u0144 ukazuj\u0105cych i promuj\u0105cych dziedzictwo archeologiczne.<\/strong> <strong>Narodowy Instytut Dziedzictwa \u2013 og\u00f3lnopolski koordynator wydarzenia \u00ad- zaprasza instytucje zajmuj\u0105ce si\u0119 tematyk\u0105 archeologii, do udzia\u0142u w najwi\u0119kszym tego typu wydarzeniu w Europie.<\/strong><\/p>\n\n\n\n<p>W ubieg\u0142ym roku pod szyldem #EDA odby\u0142o si\u0119 ponad tysi\u0105c wydarze\u0144 w ca\u0142ej Europie, z czego niemal sto w Polsce. Ich uczestnicy mieli szans\u0119 do skorzystania z licznych atrakcji, a tak\u017ce wzi\u0119cia udzia\u0142u w \u017cywej lekcji historii danego regionu.<\/p>\n\n\n\n<p>Dyrektor Narodowego Instytutu Dziedzictwa, dr hab. Katarzyna Zalasi\u0144ska zaprasza instytucje badawcze i kulturalne do zorganizowania wydarzenia promuj\u0105cego dziedzictwo archeologiczne:<\/p>\n\n\n\n<p>\u2013 <em>Ju\u017c po raz czwarty, w trzeci weekend czerwca, popularyzatorzy archeologii zabior\u0105 wszystkich zainteresowanych na swoist\u0105 \u201epodr\u00f3\u017c w czasie\u201d by pokaza\u0107 skarby naszego dziedzictwa. Zach\u0119camy muzea, instytucje badawcze, uniwersytety, podmioty prowadz\u0105ce wykopaliska i organizacje pozarz\u0105dowe do do\u0142\u0105czenia do najwi\u0119kszego europejskiego wydarzenia po\u015bwi\u0119conego archeologii. Zapraszamy do wsp\u00f3\u0142tworzenia Europejskich Dni Archeologii, poprzez organizacj\u0119 wydarze\u0144 lub udost\u0119pnienie do zwiedzania obiekt\u00f3w na co dzie\u0144 niedost\u0119pnych, co umo\u017cliwi mieszka\u0144com regionu poznanie bogactwa w\u0142asnej historii i kultury <\/em>\u2013 m\u00f3wi dyrektor NID.<\/p>\n\n\n\n<p>Europejskie Dni Archeologii, co roku odbywaj\u0105 si\u0119 w czerwcu (w tym roku to 16, 17 i 18 czerwca), s\u0105 adresowane do bardzo zr\u00f3\u017cnicowanej grupy odbiorc\u00f3w: rodzin z dzie\u0107mi, m\u0142odzie\u017cy szkolnej i studenckiej, os\u00f3b doros\u0142ych, jak i pasjonat\u00f3w oraz specjalist\u00f3w z dziedziny archeologii. W inicjatywie udzia\u0142 bior\u0105 zar\u00f3wno najbardziej znane instytucje zwi\u0105zane z archeologi\u0105, jak muzea archeologiczne (np.&nbsp;Muzeum Archeologiczne w Biskupinie, Muzeum Archeologiczne i Rezerwat \u201eKrzemionki\u201d, Muzeum Pierwszych Piast\u00f3w na Lednicy), Instytut Archeologii i Etnologii PAN, uniwersytety i instytuty naukowe oraz inne&nbsp;muzea z ca\u0142ej Polski (m. in.&nbsp; Krakowa, Bia\u0142egostoku, Wroc\u0142awia i Sandomierza), ale r\u00f3wnie\u017c ko\u0142a naukowe, stowarzyszenia, fundacje, jak i bardzo ma\u0142e plac\u00f3wki, kt\u00f3re w tych dniach maj\u0105 okazj\u0119 zaprezentowania swoich dzia\u0142a\u0144.<\/p>\n\n\n\n<p><strong>#EDA <\/strong>to inicjatywa realizowana w Polsce od 2019 roku, kt\u00f3ra zosta\u0142a zapocz\u0105tkowana w 2010 roku, we Francji, przez Narodowy Instytut Archeologicznych Bada\u0144 Ratowniczych (Inrap). Wi\u0119cej informacji na temat Europejskich Dni Archeologii oraz wsp\u00f3\u0142tworzenia tegorocznego projektu, znajdziecie Pa\u0144stwo na stronie: <a href=\"https:\/\/nid.pl\/en\/dzialalnosc\/europejskie-dni-archeologii\/\" target=\"_blank\" rel=\"noreferrer noopener\">nid.pl<\/a>.<\/p>\n\n\n\n<p><strong>Europejskie Dni Archeologii <\/strong>obj\u0105\u0142 patronatem honorowym sekretarz stanu w Ministerstwie Kultury i Dziedzictwa Narodowego, Generalny Konserwator Zabytk\u00f3w, pan dr Jaros\u0142aw Sellin.<\/p>\n\n\n\n<p>Patronem medialnym Europejskich Dni Archeologii jest Polskie Radio S.A. i Archeologia \u017bywa.<\/p>","protected":false},"excerpt":{"rendered":"<p>Europejskie Dni Archeologii (#EDA) to wydarzenia, wystawy, pikniki, sesje naukowe i pokazy, przybli\u017caj\u0105ce dziedzictwo archeologiczne szerszej publiczno\u015bci. W&nbsp;ubieg\u0142ym roku, w ca\u0142ej Europie, pod szyldem #EDA odby\u0142o si\u0119 ponad tysi\u0105c wydarze\u0144 [&hellip;]<\/p>","protected":false},"author":7,"featured_media":10352,"comment_status":"open","ping_status":"open","sticky":false,"template":"","format":"standard","meta":{"_et_pb_use_builder":"off","_et_pb_old_content":"","_et_gb_content_width":"","_monsterinsights_skip_tracking":false,"_monsterinsights_sitenote_active":false,"_monsterinsights_sitenote_note":"","_monsterinsights_sitenote_category":0,"footnotes":""},"categories":[3,79],"tags":[],"class_list":["post-10346","post","type-post","status-publish","format-standard","has-post-thumbnail","hentry","category-aktualnosci","category-europejskie-dni-archeologii"],"yoast_head":"<!-- This site is optimized with the Yoast SEO plugin v26.5 - https:\/\/yoast.com\/wordpress\/plugins\/seo\/ -->\n<title>Europejskie Dni Archeologii \u2013 do\u0142\u0105cz do grona organizator\u00f3w! - NID<\/title>\n<meta name=\"robots\" content=\"index, follow, max-snippet:-1, max-image-preview:large, max-video-preview:-1\" \/>\n<link rel=\"canonical\" href=\"https:\/\/nid.pl\/en\/2023\/03\/30\/europejskie-dni-archeologii-dolacz-do-grona-organizatorow\/\" \/>\n<meta property=\"og:locale\" content=\"en_GB\" \/>\n<meta property=\"og:type\" content=\"article\" \/>\n<meta property=\"og:title\" content=\"Europejskie Dni Archeologii \u2013 do\u0142\u0105cz do grona organizator\u00f3w! - NID\" \/>\n<meta property=\"og:description\" content=\"Europejskie Dni Archeologii (#EDA) to wydarzenia, wystawy, pikniki, sesje naukowe i pokazy, przybli\u017caj\u0105ce dziedzictwo archeologiczne szerszej publiczno\u015bci. W&nbsp;ubieg\u0142ym roku, w ca\u0142ej Europie, pod szyldem #EDA odby\u0142o si\u0119 ponad tysi\u0105c wydarze\u0144 [&hellip;]\" \/>\n<meta property=\"og:url\" content=\"https:\/\/nid.pl\/en\/2023\/03\/30\/europejskie-dni-archeologii-dolacz-do-grona-organizatorow\/\" \/>\n<meta property=\"og:site_name\" content=\"NID\" \/>\n<meta property=\"article:publisher\" content=\"https:\/\/www.facebook.com\/zabytek\" \/>\n<meta property=\"article:published_time\" content=\"2023-03-30T13:36:46+00:00\" \/>\n<meta property=\"article:modified_time\" content=\"2023-05-25T09:58:15+00:00\" \/>\n<meta property=\"og:image\" content=\"https:\/\/nid.pl\/wp-content\/uploads\/2023\/03\/NID-2023-www-1857\u00d71238-px-1.png\" \/>\n\t<meta property=\"og:image:width\" content=\"1857\" \/>\n\t<meta property=\"og:image:height\" content=\"1238\" \/>\n\t<meta property=\"og:image:type\" content=\"image\/png\" \/>\n<meta name=\"author\" content=\"Barbara Halliop\" \/>\n<meta name=\"twitter:card\" content=\"summary_large_image\" \/>\n<meta name=\"twitter:creator\" content=\"@NarIDpl\" \/>\n<meta name=\"twitter:site\" content=\"@NarIDpl\" \/>\n<meta name=\"twitter:label1\" content=\"Written by\" \/>\n\t<meta name=\"twitter:data1\" content=\"Barbara Halliop\" \/>\n\t<meta name=\"twitter:label2\" content=\"Estimated reading time\" \/>\n\t<meta name=\"twitter:data2\" content=\"2 minutes\" \/>\n<script type=\"application\/ld+json\" class=\"yoast-schema-graph\">{\"@context\":\"https:\/\/schema.org\",\"@graph\":[{\"@type\":\"Article\",\"@id\":\"https:\/\/nid.pl\/2023\/03\/30\/europejskie-dni-archeologii-dolacz-do-grona-organizatorow\/#article\",\"isPartOf\":{\"@id\":\"https:\/\/nid.pl\/2023\/03\/30\/europejskie-dni-archeologii-dolacz-do-grona-organizatorow\/\"},\"author\":{\"name\":\"Barbara Halliop\",\"@id\":\"https:\/\/nid.pl\/#\/schema\/person\/1b690a8998a5111cfb9f0ffe24195a15\"},\"headline\":\"Europejskie Dni Archeologii \u2013 do\u0142\u0105cz do grona organizator\u00f3w!\",\"datePublished\":\"2023-03-30T13:36:46+00:00\",\"dateModified\":\"2023-05-25T09:58:15+00:00\",\"mainEntityOfPage\":{\"@id\":\"https:\/\/nid.pl\/2023\/03\/30\/europejskie-dni-archeologii-dolacz-do-grona-organizatorow\/\"},\"wordCount\":451,\"commentCount\":0,\"publisher\":{\"@id\":\"https:\/\/nid.pl\/#organization\"},\"image\":{\"@id\":\"https:\/\/nid.pl\/2023\/03\/30\/europejskie-dni-archeologii-dolacz-do-grona-organizatorow\/#primaryimage\"},\"thumbnailUrl\":\"https:\/\/nid.pl\/wp-content\/uploads\/2023\/03\/NID-2023-www-1857\u00d71238-px-1.png\",\"articleSection\":[\"Aktualno\u015bci\",\"EDA\"],\"inLanguage\":\"en-GB\"},{\"@type\":\"WebPage\",\"@id\":\"https:\/\/nid.pl\/2023\/03\/30\/europejskie-dni-archeologii-dolacz-do-grona-organizatorow\/\",\"url\":\"https:\/\/nid.pl\/2023\/03\/30\/europejskie-dni-archeologii-dolacz-do-grona-organizatorow\/\",\"name\":\"Europejskie Dni Archeologii \u2013 do\u0142\u0105cz do grona organizator\u00f3w! - NID\",\"isPartOf\":{\"@id\":\"https:\/\/nid.pl\/#website\"},\"primaryImageOfPage\":{\"@id\":\"https:\/\/nid.pl\/2023\/03\/30\/europejskie-dni-archeologii-dolacz-do-grona-organizatorow\/#primaryimage\"},\"image\":{\"@id\":\"https:\/\/nid.pl\/2023\/03\/30\/europejskie-dni-archeologii-dolacz-do-grona-organizatorow\/#primaryimage\"},\"thumbnailUrl\":\"https:\/\/nid.pl\/wp-content\/uploads\/2023\/03\/NID-2023-www-1857\u00d71238-px-1.png\",\"datePublished\":\"2023-03-30T13:36:46+00:00\",\"dateModified\":\"2023-05-25T09:58:15+00:00\",\"breadcrumb\":{\"@id\":\"https:\/\/nid.pl\/2023\/03\/30\/europejskie-dni-archeologii-dolacz-do-grona-organizatorow\/#breadcrumb\"},\"inLanguage\":\"en-GB\",\"potentialAction\":[{\"@type\":\"ReadAction\",\"target\":[\"https:\/\/nid.pl\/2023\/03\/30\/europejskie-dni-archeologii-dolacz-do-grona-organizatorow\/\"]}]},{\"@type\":\"ImageObject\",\"inLanguage\":\"en-GB\",\"@id\":\"https:\/\/nid.pl\/2023\/03\/30\/europejskie-dni-archeologii-dolacz-do-grona-organizatorow\/#primaryimage\",\"url\":\"https:\/\/nid.pl\/wp-content\/uploads\/2023\/03\/NID-2023-www-1857\u00d71238-px-1.png\",\"contentUrl\":\"https:\/\/nid.pl\/wp-content\/uploads\/2023\/03\/NID-2023-www-1857\u00d71238-px-1.png\",\"width\":1857,\"height\":1238,\"caption\":\"NID www \u00d7 px\"},{\"@type\":\"BreadcrumbList\",\"@id\":\"https:\/\/nid.pl\/2023\/03\/30\/europejskie-dni-archeologii-dolacz-do-grona-organizatorow\/#breadcrumb\",\"itemListElement\":[{\"@type\":\"ListItem\",\"position\":1,\"name\":\"Home\",\"item\":\"https:\/\/nid.pl\/\"},{\"@type\":\"ListItem\",\"position\":2,\"name\":\"Europejskie Dni Archeologii \u2013 do\u0142\u0105cz do grona organizator\u00f3w!\"}]},{\"@type\":\"WebSite\",\"@id\":\"https:\/\/nid.pl\/#website\",\"url\":\"https:\/\/nid.pl\/\",\"name\":\"NID\",\"description\":\"Narodowy Instytut Dziedzictwa\",\"publisher\":{\"@id\":\"https:\/\/nid.pl\/#organization\"},\"potentialAction\":[{\"@type\":\"SearchAction\",\"target\":{\"@type\":\"EntryPoint\",\"urlTemplate\":\"https:\/\/nid.pl\/?s={search_term_string}\"},\"query-input\":{\"@type\":\"PropertyValueSpecification\",\"valueRequired\":true,\"valueName\":\"search_term_string\"}}],\"inLanguage\":\"en-GB\"},{\"@type\":\"Organization\",\"@id\":\"https:\/\/nid.pl\/#organization\",\"name\":\"Narodowy Instytut Dziedzictwa\",\"url\":\"https:\/\/nid.pl\/\",\"logo\":{\"@type\":\"ImageObject\",\"inLanguage\":\"en-GB\",\"@id\":\"https:\/\/nid.pl\/#\/schema\/logo\/image\/\",\"url\":\"https:\/\/nid.pl\/wp-content\/uploads\/2022\/10\/logoRedDark.png\",\"contentUrl\":\"https:\/\/nid.pl\/wp-content\/uploads\/2022\/10\/logoRedDark.png\",\"width\":200,\"height\":197,\"caption\":\"Narodowy Instytut Dziedzictwa\"},\"image\":{\"@id\":\"https:\/\/nid.pl\/#\/schema\/logo\/image\/\"},\"sameAs\":[\"https:\/\/www.facebook.com\/zabytek\",\"https:\/\/x.com\/NarIDpl\",\"https:\/\/www.instagram.com\/nid.pl\/?hl=pl\",\"https:\/\/www.linkedin.com\/company\/narodowy-instytut-dziedzictwa\",\"https:\/\/www.youtube.com\/channel\/UCQXuhKa2uHtmNvLRUSx40JA\"]},{\"@type\":\"Person\",\"@id\":\"https:\/\/nid.pl\/#\/schema\/person\/1b690a8998a5111cfb9f0ffe24195a15\",\"name\":\"Barbara Halliop\",\"image\":{\"@type\":\"ImageObject\",\"inLanguage\":\"en-GB\",\"@id\":\"https:\/\/nid.pl\/#\/schema\/person\/image\/\",\"url\":\"https:\/\/nid.pl\/wp-content\/litespeed\/avatar\/924046d17dd0c842c9fa9ccf489bc6dc.jpg?ver=1777444967\",\"contentUrl\":\"https:\/\/nid.pl\/wp-content\/litespeed\/avatar\/924046d17dd0c842c9fa9ccf489bc6dc.jpg?ver=1777444967\",\"caption\":\"Barbara Halliop\"},\"url\":\"https:\/\/nid.pl\/en\/author\/bhalliop\/\"}]}<\/script>\n<!-- \/ Yoast SEO plugin. -->","yoast_head_json":{"title":"Europejskie Dni Archeologii \u2013 do\u0142\u0105cz do grona organizator\u00f3w! - NID","robots":{"index":"index","follow":"follow","max-snippet":"max-snippet:-1","max-image-preview":"max-image-preview:large","max-video-preview":"max-video-preview:-1"},"canonical":"https:\/\/nid.pl\/en\/2023\/03\/30\/europejskie-dni-archeologii-dolacz-do-grona-organizatorow\/","og_locale":"en_GB","og_type":"article","og_title":"Europejskie Dni Archeologii \u2013 do\u0142\u0105cz do grona organizator\u00f3w! - NID","og_description":"Europejskie Dni Archeologii (#EDA) to wydarzenia, wystawy, pikniki, sesje naukowe i pokazy, przybli\u017caj\u0105ce dziedzictwo archeologiczne szerszej publiczno\u015bci. W&nbsp;ubieg\u0142ym roku, w ca\u0142ej Europie, pod szyldem #EDA odby\u0142o si\u0119 ponad tysi\u0105c wydarze\u0144 [&hellip;]","og_url":"https:\/\/nid.pl\/en\/2023\/03\/30\/europejskie-dni-archeologii-dolacz-do-grona-organizatorow\/","og_site_name":"NID","article_publisher":"https:\/\/www.facebook.com\/zabytek","article_published_time":"2023-03-30T13:36:46+00:00","article_modified_time":"2023-05-25T09:58:15+00:00","og_image":[{"width":1857,"height":1238,"url":"https:\/\/nid.pl\/wp-content\/uploads\/2023\/03\/NID-2023-www-1857\u00d71238-px-1.png","type":"image\/png"}],"author":"Barbara Halliop","twitter_card":"summary_large_image","twitter_creator":"@NarIDpl","twitter_site":"@NarIDpl","twitter_misc":{"Written by":"Barbara Halliop","Estimated reading time":"2 minutes"},"schema":{"@context":"https:\/\/schema.org","@graph":[{"@type":"Article","@id":"https:\/\/nid.pl\/2023\/03\/30\/europejskie-dni-archeologii-dolacz-do-grona-organizatorow\/#article","isPartOf":{"@id":"https:\/\/nid.pl\/2023\/03\/30\/europejskie-dni-archeologii-dolacz-do-grona-organizatorow\/"},"author":{"name":"Barbara Halliop","@id":"https:\/\/nid.pl\/#\/schema\/person\/1b690a8998a5111cfb9f0ffe24195a15"},"headline":"Europejskie Dni Archeologii \u2013 do\u0142\u0105cz do grona organizator\u00f3w!","datePublished":"2023-03-30T13:36:46+00:00","dateModified":"2023-05-25T09:58:15+00:00","mainEntityOfPage":{"@id":"https:\/\/nid.pl\/2023\/03\/30\/europejskie-dni-archeologii-dolacz-do-grona-organizatorow\/"},"wordCount":451,"commentCount":0,"publisher":{"@id":"https:\/\/nid.pl\/#organization"},"image":{"@id":"https:\/\/nid.pl\/2023\/03\/30\/europejskie-dni-archeologii-dolacz-do-grona-organizatorow\/#primaryimage"},"thumbnailUrl":"https:\/\/nid.pl\/wp-content\/uploads\/2023\/03\/NID-2023-www-1857\u00d71238-px-1.png","articleSection":["Aktualno\u015bci","EDA"],"inLanguage":"en-GB"},{"@type":"WebPage","@id":"https:\/\/nid.pl\/2023\/03\/30\/europejskie-dni-archeologii-dolacz-do-grona-organizatorow\/","url":"https:\/\/nid.pl\/2023\/03\/30\/europejskie-dni-archeologii-dolacz-do-grona-organizatorow\/","name":"Europejskie Dni Archeologii \u2013 do\u0142\u0105cz do grona organizator\u00f3w! - NID","isPartOf":{"@id":"https:\/\/nid.pl\/#website"},"primaryImageOfPage":{"@id":"https:\/\/nid.pl\/2023\/03\/30\/europejskie-dni-archeologii-dolacz-do-grona-organizatorow\/#primaryimage"},"image":{"@id":"https:\/\/nid.pl\/2023\/03\/30\/europejskie-dni-archeologii-dolacz-do-grona-organizatorow\/#primaryimage"},"thumbnailUrl":"https:\/\/nid.pl\/wp-content\/uploads\/2023\/03\/NID-2023-www-1857\u00d71238-px-1.png","datePublished":"2023-03-30T13:36:46+00:00","dateModified":"2023-05-25T09:58:15+00:00","breadcrumb":{"@id":"https:\/\/nid.pl\/2023\/03\/30\/europejskie-dni-archeologii-dolacz-do-grona-organizatorow\/#breadcrumb"},"inLanguage":"en-GB","potentialAction":[{"@type":"ReadAction","target":["https:\/\/nid.pl\/2023\/03\/30\/europejskie-dni-archeologii-dolacz-do-grona-organizatorow\/"]}]},{"@type":"ImageObject","inLanguage":"en-GB","@id":"https:\/\/nid.pl\/2023\/03\/30\/europejskie-dni-archeologii-dolacz-do-grona-organizatorow\/#primaryimage","url":"https:\/\/nid.pl\/wp-content\/uploads\/2023\/03\/NID-2023-www-1857\u00d71238-px-1.png","contentUrl":"https:\/\/nid.pl\/wp-content\/uploads\/2023\/03\/NID-2023-www-1857\u00d71238-px-1.png","width":1857,"height":1238,"caption":"NID www \u00d7 px"},{"@type":"BreadcrumbList","@id":"https:\/\/nid.pl\/2023\/03\/30\/europejskie-dni-archeologii-dolacz-do-grona-organizatorow\/#breadcrumb","itemListElement":[{"@type":"ListItem","position":1,"name":"Home","item":"https:\/\/nid.pl\/"},{"@type":"ListItem","position":2,"name":"Europejskie Dni Archeologii \u2013 do\u0142\u0105cz do grona organizator\u00f3w!"}]},{"@type":"WebSite","@id":"https:\/\/nid.pl\/#website","url":"https:\/\/nid.pl\/","name":"NID","description":"Narodowy Instytut Dziedzictwa","publisher":{"@id":"https:\/\/nid.pl\/#organization"},"potentialAction":[{"@type":"SearchAction","target":{"@type":"EntryPoint","urlTemplate":"https:\/\/nid.pl\/?s={search_term_string}"},"query-input":{"@type":"PropertyValueSpecification","valueRequired":true,"valueName":"search_term_string"}}],"inLanguage":"en-GB"},{"@type":"Organization","@id":"https:\/\/nid.pl\/#organization","name":"Narodowy Instytut Dziedzictwa","url":"https:\/\/nid.pl\/","logo":{"@type":"ImageObject","inLanguage":"en-GB","@id":"https:\/\/nid.pl\/#\/schema\/logo\/image\/","url":"https:\/\/nid.pl\/wp-content\/uploads\/2022\/10\/logoRedDark.png","contentUrl":"https:\/\/nid.pl\/wp-content\/uploads\/2022\/10\/logoRedDark.png","width":200,"height":197,"caption":"Narodowy Instytut Dziedzictwa"},"image":{"@id":"https:\/\/nid.pl\/#\/schema\/logo\/image\/"},"sameAs":["https:\/\/www.facebook.com\/zabytek","https:\/\/x.com\/NarIDpl","https:\/\/www.instagram.com\/nid.pl\/?hl=pl","https:\/\/www.linkedin.com\/company\/narodowy-instytut-dziedzictwa","https:\/\/www.youtube.com\/channel\/UCQXuhKa2uHtmNvLRUSx40JA"]},{"@type":"Person","@id":"https:\/\/nid.pl\/#\/schema\/person\/1b690a8998a5111cfb9f0ffe24195a15","name":"Barbara Halliop","image":{"@type":"ImageObject","inLanguage":"en-GB","@id":"https:\/\/nid.pl\/#\/schema\/person\/image\/","url":"https:\/\/nid.pl\/wp-content\/litespeed\/avatar\/924046d17dd0c842c9fa9ccf489bc6dc.jpg?ver=1777444967","contentUrl":"https:\/\/nid.pl\/wp-content\/litespeed\/avatar\/924046d17dd0c842c9fa9ccf489bc6dc.jpg?ver=1777444967","caption":"Barbara Halliop"},"url":"https:\/\/nid.pl\/en\/author\/bhalliop\/"}]}},"_links":{"self":[{"href":"https:\/\/nid.pl\/en\/wp-json\/wp\/v2\/posts\/10346","targetHints":{"allow":["GET"]}}],"collection":[{"href":"https:\/\/nid.pl\/en\/wp-json\/wp\/v2\/posts"}],"about":[{"href":"https:\/\/nid.pl\/en\/wp-json\/wp\/v2\/types\/post"}],"author":[{"embeddable":true,"href":"https:\/\/nid.pl\/en\/wp-json\/wp\/v2\/users\/7"}],"replies":[{"embeddable":true,"href":"https:\/\/nid.pl\/en\/wp-json\/wp\/v2\/comments?post=10346"}],"version-history":[{"count":0,"href":"https:\/\/nid.pl\/en\/wp-json\/wp\/v2\/posts\/10346\/revisions"}],"wp:featuredmedia":[{"embeddable":true,"href":"https:\/\/nid.pl\/en\/wp-json\/wp\/v2\/media\/10352"}],"wp:attachment":[{"href":"https:\/\/nid.pl\/en\/wp-json\/wp\/v2\/media?parent=10346"}],"wp:term":[{"taxonomy":"category","embeddable":true,"href":"https:\/\/nid.pl\/en\/wp-json\/wp\/v2\/categories?post=10346"},{"taxonomy":"post_tag","embeddable":true,"href":"https:\/\/nid.pl\/en\/wp-json\/wp\/v2\/tags?post=10346"}],"curies":[{"name":"wp","href":"https:\/\/api.w.org\/{rel}","templated":true}]}}