{"id":10343,"date":"2023-03-30T11:10:52","date_gmt":"2023-03-30T09:10:52","guid":{"rendered":"https:\/\/nid.pl\/?p=10343"},"modified":"2023-03-30T15:40:05","modified_gmt":"2023-03-30T13:40:05","slug":"studium-ochrony-wartosci-kulturowych-miasta-czaplinek","status":"publish","type":"post","link":"https:\/\/nid.pl\/en\/2023\/03\/30\/studium-ochrony-wartosci-kulturowych-miasta-czaplinek\/","title":{"rendered":"Studium Ochrony Warto\u015bci Kulturowych miasta Czaplinek"},"content":{"rendered":"<p><strong>Podczas konferencji naukowej \u201eDni Henrykowskie w Siemczynie\u201d, zaprezentowane zosta\u0142y wyniki zawarte w opracowaniu Studium Ochrony Warto\u015bci Kulturowych miasta Czaplinek (SOWK), autorstwa zespo\u0142u Narodowego Instytutu Dziedzictwa Pracowni Terenowej w&nbsp;Szczecinie.<\/strong><\/p>\n\n\n\n<p>Dokumentacja SOWK stanowi merytoryczne wsparcie Gminy Czaplinek w zakresie opracowania gminnych dokument\u00f3w programowych, planistycznych i strategicznych, w tym: aktualizacji gminnego programu rewitalizacji czy studium uwarunkowa\u0144 i&nbsp;kierunk\u00f3w zagospodarowania przestrzennego. Jednym z&nbsp;element\u00f3w SOWK jest katalog zabytk\u00f3w, kt\u00f3rego zakres i struktura umo\u017cliwia opracowanie gminnej ewidencji zabytk\u00f3w, a w przysz\u0142o\u015bci, przygotowanie gminnego programu opieki nad zabytkami.<\/p>\n\n\n\n<p>Wyniki zawarte w opracowaniu SOWK zosta\u0142y zaprezentowane podczas konferencji naukowej \u201eDni Henrykowskie w Siemczynie\u201d, obj\u0119tej patronatem Narodowego Instytutu Dziedzictwa, oraz opublikowane w \u201eZeszytach Siemczy\u0144sko-Henrykowskich\u201d (Tom XVI, 2022). W ramach wsp\u00f3\u0142pracy z Gmin\u0105 Czaplinek zesp\u00f3\u0142 Pracowni Terenowej NID w Szczecinie prowadzi\u0142 szkolenia w&nbsp;zakresie waloryzacji dziedzictwa kulturowego gminy oraz warsztaty dotycz\u0105ce opracowania gminnej ewidencji zabytk\u00f3w.<\/p>\n\n\n\n<p>Nawi\u0105zana wsp\u00f3\u0142praca mi\u0119dzy NID (Pracowni\u0105 Terenow\u0105 w Szczecinie), a&nbsp;samorz\u0105dem Gminy Czaplinek stanowi przyczynek do dalszych, wsp\u00f3lnych dzia\u0142a\u0144 zwi\u0105zanych z ochron\u0105 i promocj\u0105 dziedzictwa kulturowego na pograniczu dawnej Rzeczypospolitej.<\/p>\n\n\n\n<p>Studium Ochrony Warto\u015bci Kulturowych miasta Czaplinek opracowa\u0142 zesp\u00f3\u0142 Narodowego Instytutu Dziedzictwa Pracowni Terenowej w&nbsp;Szczecinie w ramach Krajowego Programu Ochrony Zabytk\u00f3w i Opieki nad Zabytkami na lata 2019-2022, w zakresie zadania 1.1.3 (merytoryczne wsparcie procesu planowania i&nbsp;rewitalizacji w gminach) i realizacji Programu \u201eWzorcowa rewitalizacja\u201d.<\/p>\n\n\n\n<p><\/p>\n\n\n\n<figure class=\"wp-block-gallery aligncenter has-nested-images columns-default is-cropped wp-block-gallery-1 is-layout-flex wp-block-gallery-is-layout-flex\">\n<figure class=\"wp-block-image size-large\"><img loading=\"lazy\" decoding=\"async\" width=\"1600\" height=\"1200\" data-id=\"10339\" src=\"https:\/\/nid.pl\/wp-content\/uploads\/2023\/03\/Siemczyno-Czaplinek-01.jpg\" alt=\"\" class=\"wp-image-10339\" srcset=\"https:\/\/nid.pl\/wp-content\/uploads\/2023\/03\/Siemczyno-Czaplinek-01.jpg 1600w, https:\/\/nid.pl\/wp-content\/uploads\/2023\/03\/Siemczyno-Czaplinek-01-1280x960.jpg 1280w, https:\/\/nid.pl\/wp-content\/uploads\/2023\/03\/Siemczyno-Czaplinek-01-980x735.jpg 980w, https:\/\/nid.pl\/wp-content\/uploads\/2023\/03\/Siemczyno-Czaplinek-01-480x360.jpg 480w\" sizes=\"(min-width: 0px) and (max-width: 480px) 480px, (min-width: 481px) and (max-width: 980px) 980px, (min-width: 981px) and (max-width: 1280px) 1280px, (min-width: 1281px) 1600px, 100vw\" \/><\/figure>\n<\/figure>","protected":false},"excerpt":{"rendered":"<p>Podczas konferencji naukowej \u201eDni Henrykowskie w Siemczynie\u201d, zaprezentowane zosta\u0142y wyniki zawarte w opracowaniu Studium Ochrony Warto\u015bci Kulturowych miasta Czaplinek (SOWK), autorstwa zespo\u0142u Narodowego Instytutu Dziedzictwa Pracowni Terenowej w&nbsp;Szczecinie. Dokumentacja SOWK [&hellip;]<\/p>","protected":false},"author":7,"featured_media":10341,"comment_status":"open","ping_status":"open","sticky":false,"template":"","format":"standard","meta":{"_et_pb_use_builder":"off","_et_pb_old_content":"","_et_gb_content_width":"","_monsterinsights_skip_tracking":false,"_monsterinsights_sitenote_active":false,"_monsterinsights_sitenote_note":"","_monsterinsights_sitenote_category":0,"footnotes":""},"categories":[3],"tags":[],"class_list":["post-10343","post","type-post","status-publish","format-standard","has-post-thumbnail","hentry","category-aktualnosci"],"yoast_head":"<!-- This site is optimized with the Yoast SEO plugin v26.5 - https:\/\/yoast.com\/wordpress\/plugins\/seo\/ -->\n<title>Studium Ochrony Warto\u015bci Kulturowych miasta Czaplinek - NID<\/title>\n<meta name=\"robots\" content=\"index, follow, max-snippet:-1, max-image-preview:large, max-video-preview:-1\" \/>\n<link rel=\"canonical\" href=\"https:\/\/nid.pl\/en\/2023\/03\/30\/studium-ochrony-wartosci-kulturowych-miasta-czaplinek\/\" \/>\n<meta property=\"og:locale\" content=\"en_GB\" \/>\n<meta property=\"og:type\" content=\"article\" \/>\n<meta property=\"og:title\" content=\"Studium Ochrony Warto\u015bci Kulturowych miasta Czaplinek - NID\" \/>\n<meta property=\"og:description\" content=\"Podczas konferencji naukowej \u201eDni Henrykowskie w Siemczynie\u201d, zaprezentowane zosta\u0142y wyniki zawarte w opracowaniu Studium Ochrony Warto\u015bci Kulturowych miasta Czaplinek (SOWK), autorstwa zespo\u0142u Narodowego Instytutu Dziedzictwa Pracowni Terenowej w&nbsp;Szczecinie. Dokumentacja SOWK [&hellip;]\" \/>\n<meta property=\"og:url\" content=\"https:\/\/nid.pl\/en\/2023\/03\/30\/studium-ochrony-wartosci-kulturowych-miasta-czaplinek\/\" \/>\n<meta property=\"og:site_name\" content=\"NID\" \/>\n<meta property=\"article:publisher\" content=\"https:\/\/www.facebook.com\/zabytek\" \/>\n<meta property=\"article:published_time\" content=\"2023-03-30T09:10:52+00:00\" \/>\n<meta property=\"article:modified_time\" content=\"2023-03-30T13:40:05+00:00\" \/>\n<meta property=\"og:image\" content=\"https:\/\/nid.pl\/wp-content\/uploads\/2023\/03\/miniaturka-czaplinek.jpg\" \/>\n\t<meta property=\"og:image:width\" content=\"1857\" \/>\n\t<meta property=\"og:image:height\" content=\"1238\" \/>\n\t<meta property=\"og:image:type\" content=\"image\/jpeg\" \/>\n<meta name=\"author\" content=\"Barbara Halliop\" \/>\n<meta name=\"twitter:card\" content=\"summary_large_image\" \/>\n<meta name=\"twitter:creator\" content=\"@NarIDpl\" \/>\n<meta name=\"twitter:site\" content=\"@NarIDpl\" \/>\n<meta name=\"twitter:label1\" content=\"Written by\" \/>\n\t<meta name=\"twitter:data1\" content=\"Barbara Halliop\" \/>\n\t<meta name=\"twitter:label2\" content=\"Estimated reading time\" \/>\n\t<meta name=\"twitter:data2\" content=\"2 minutes\" \/>\n<script type=\"application\/ld+json\" class=\"yoast-schema-graph\">{\"@context\":\"https:\/\/schema.org\",\"@graph\":[{\"@type\":\"Article\",\"@id\":\"https:\/\/nid.pl\/2023\/03\/30\/studium-ochrony-wartosci-kulturowych-miasta-czaplinek\/#article\",\"isPartOf\":{\"@id\":\"https:\/\/nid.pl\/2023\/03\/30\/studium-ochrony-wartosci-kulturowych-miasta-czaplinek\/\"},\"author\":{\"name\":\"Barbara Halliop\",\"@id\":\"https:\/\/nid.pl\/#\/schema\/person\/1b690a8998a5111cfb9f0ffe24195a15\"},\"headline\":\"Studium Ochrony Warto\u015bci Kulturowych miasta Czaplinek\",\"datePublished\":\"2023-03-30T09:10:52+00:00\",\"dateModified\":\"2023-03-30T13:40:05+00:00\",\"mainEntityOfPage\":{\"@id\":\"https:\/\/nid.pl\/2023\/03\/30\/studium-ochrony-wartosci-kulturowych-miasta-czaplinek\/\"},\"wordCount\":250,\"commentCount\":0,\"publisher\":{\"@id\":\"https:\/\/nid.pl\/#organization\"},\"image\":{\"@id\":\"https:\/\/nid.pl\/2023\/03\/30\/studium-ochrony-wartosci-kulturowych-miasta-czaplinek\/#primaryimage\"},\"thumbnailUrl\":\"https:\/\/nid.pl\/wp-content\/uploads\/2023\/03\/miniaturka-czaplinek.jpg\",\"articleSection\":[\"Aktualno\u015bci\"],\"inLanguage\":\"en-GB\"},{\"@type\":\"WebPage\",\"@id\":\"https:\/\/nid.pl\/2023\/03\/30\/studium-ochrony-wartosci-kulturowych-miasta-czaplinek\/\",\"url\":\"https:\/\/nid.pl\/2023\/03\/30\/studium-ochrony-wartosci-kulturowych-miasta-czaplinek\/\",\"name\":\"Studium Ochrony Warto\u015bci Kulturowych miasta Czaplinek - NID\",\"isPartOf\":{\"@id\":\"https:\/\/nid.pl\/#website\"},\"primaryImageOfPage\":{\"@id\":\"https:\/\/nid.pl\/2023\/03\/30\/studium-ochrony-wartosci-kulturowych-miasta-czaplinek\/#primaryimage\"},\"image\":{\"@id\":\"https:\/\/nid.pl\/2023\/03\/30\/studium-ochrony-wartosci-kulturowych-miasta-czaplinek\/#primaryimage\"},\"thumbnailUrl\":\"https:\/\/nid.pl\/wp-content\/uploads\/2023\/03\/miniaturka-czaplinek.jpg\",\"datePublished\":\"2023-03-30T09:10:52+00:00\",\"dateModified\":\"2023-03-30T13:40:05+00:00\",\"breadcrumb\":{\"@id\":\"https:\/\/nid.pl\/2023\/03\/30\/studium-ochrony-wartosci-kulturowych-miasta-czaplinek\/#breadcrumb\"},\"inLanguage\":\"en-GB\",\"potentialAction\":[{\"@type\":\"ReadAction\",\"target\":[\"https:\/\/nid.pl\/2023\/03\/30\/studium-ochrony-wartosci-kulturowych-miasta-czaplinek\/\"]}]},{\"@type\":\"ImageObject\",\"inLanguage\":\"en-GB\",\"@id\":\"https:\/\/nid.pl\/2023\/03\/30\/studium-ochrony-wartosci-kulturowych-miasta-czaplinek\/#primaryimage\",\"url\":\"https:\/\/nid.pl\/wp-content\/uploads\/2023\/03\/miniaturka-czaplinek.jpg\",\"contentUrl\":\"https:\/\/nid.pl\/wp-content\/uploads\/2023\/03\/miniaturka-czaplinek.jpg\",\"width\":1857,\"height\":1238,\"caption\":\"miniaturka czaplinek\"},{\"@type\":\"BreadcrumbList\",\"@id\":\"https:\/\/nid.pl\/2023\/03\/30\/studium-ochrony-wartosci-kulturowych-miasta-czaplinek\/#breadcrumb\",\"itemListElement\":[{\"@type\":\"ListItem\",\"position\":1,\"name\":\"Home\",\"item\":\"https:\/\/nid.pl\/\"},{\"@type\":\"ListItem\",\"position\":2,\"name\":\"Studium Ochrony Warto\u015bci Kulturowych miasta Czaplinek\"}]},{\"@type\":\"WebSite\",\"@id\":\"https:\/\/nid.pl\/#website\",\"url\":\"https:\/\/nid.pl\/\",\"name\":\"NID\",\"description\":\"Narodowy Instytut Dziedzictwa\",\"publisher\":{\"@id\":\"https:\/\/nid.pl\/#organization\"},\"potentialAction\":[{\"@type\":\"SearchAction\",\"target\":{\"@type\":\"EntryPoint\",\"urlTemplate\":\"https:\/\/nid.pl\/?s={search_term_string}\"},\"query-input\":{\"@type\":\"PropertyValueSpecification\",\"valueRequired\":true,\"valueName\":\"search_term_string\"}}],\"inLanguage\":\"en-GB\"},{\"@type\":\"Organization\",\"@id\":\"https:\/\/nid.pl\/#organization\",\"name\":\"Narodowy Instytut Dziedzictwa\",\"url\":\"https:\/\/nid.pl\/\",\"logo\":{\"@type\":\"ImageObject\",\"inLanguage\":\"en-GB\",\"@id\":\"https:\/\/nid.pl\/#\/schema\/logo\/image\/\",\"url\":\"https:\/\/nid.pl\/wp-content\/uploads\/2022\/10\/logoRedDark.png\",\"contentUrl\":\"https:\/\/nid.pl\/wp-content\/uploads\/2022\/10\/logoRedDark.png\",\"width\":200,\"height\":197,\"caption\":\"Narodowy Instytut Dziedzictwa\"},\"image\":{\"@id\":\"https:\/\/nid.pl\/#\/schema\/logo\/image\/\"},\"sameAs\":[\"https:\/\/www.facebook.com\/zabytek\",\"https:\/\/x.com\/NarIDpl\",\"https:\/\/www.instagram.com\/nid.pl\/?hl=pl\",\"https:\/\/www.linkedin.com\/company\/narodowy-instytut-dziedzictwa\",\"https:\/\/www.youtube.com\/channel\/UCQXuhKa2uHtmNvLRUSx40JA\"]},{\"@type\":\"Person\",\"@id\":\"https:\/\/nid.pl\/#\/schema\/person\/1b690a8998a5111cfb9f0ffe24195a15\",\"name\":\"Barbara Halliop\",\"image\":{\"@type\":\"ImageObject\",\"inLanguage\":\"en-GB\",\"@id\":\"https:\/\/nid.pl\/#\/schema\/person\/image\/\",\"url\":\"https:\/\/nid.pl\/wp-content\/litespeed\/avatar\/924046d17dd0c842c9fa9ccf489bc6dc.jpg?ver=1777444967\",\"contentUrl\":\"https:\/\/nid.pl\/wp-content\/litespeed\/avatar\/924046d17dd0c842c9fa9ccf489bc6dc.jpg?ver=1777444967\",\"caption\":\"Barbara Halliop\"},\"url\":\"https:\/\/nid.pl\/en\/author\/bhalliop\/\"}]}<\/script>\n<!-- \/ Yoast SEO plugin. -->","yoast_head_json":{"title":"Studium Ochrony Warto\u015bci Kulturowych miasta Czaplinek - NID","robots":{"index":"index","follow":"follow","max-snippet":"max-snippet:-1","max-image-preview":"max-image-preview:large","max-video-preview":"max-video-preview:-1"},"canonical":"https:\/\/nid.pl\/en\/2023\/03\/30\/studium-ochrony-wartosci-kulturowych-miasta-czaplinek\/","og_locale":"en_GB","og_type":"article","og_title":"Studium Ochrony Warto\u015bci Kulturowych miasta Czaplinek - NID","og_description":"Podczas konferencji naukowej \u201eDni Henrykowskie w Siemczynie\u201d, zaprezentowane zosta\u0142y wyniki zawarte w opracowaniu Studium Ochrony Warto\u015bci Kulturowych miasta Czaplinek (SOWK), autorstwa zespo\u0142u Narodowego Instytutu Dziedzictwa Pracowni Terenowej w&nbsp;Szczecinie. Dokumentacja SOWK [&hellip;]","og_url":"https:\/\/nid.pl\/en\/2023\/03\/30\/studium-ochrony-wartosci-kulturowych-miasta-czaplinek\/","og_site_name":"NID","article_publisher":"https:\/\/www.facebook.com\/zabytek","article_published_time":"2023-03-30T09:10:52+00:00","article_modified_time":"2023-03-30T13:40:05+00:00","og_image":[{"width":1857,"height":1238,"url":"https:\/\/nid.pl\/wp-content\/uploads\/2023\/03\/miniaturka-czaplinek.jpg","type":"image\/jpeg"}],"author":"Barbara Halliop","twitter_card":"summary_large_image","twitter_creator":"@NarIDpl","twitter_site":"@NarIDpl","twitter_misc":{"Written by":"Barbara Halliop","Estimated reading time":"2 minutes"},"schema":{"@context":"https:\/\/schema.org","@graph":[{"@type":"Article","@id":"https:\/\/nid.pl\/2023\/03\/30\/studium-ochrony-wartosci-kulturowych-miasta-czaplinek\/#article","isPartOf":{"@id":"https:\/\/nid.pl\/2023\/03\/30\/studium-ochrony-wartosci-kulturowych-miasta-czaplinek\/"},"author":{"name":"Barbara Halliop","@id":"https:\/\/nid.pl\/#\/schema\/person\/1b690a8998a5111cfb9f0ffe24195a15"},"headline":"Studium Ochrony Warto\u015bci Kulturowych miasta Czaplinek","datePublished":"2023-03-30T09:10:52+00:00","dateModified":"2023-03-30T13:40:05+00:00","mainEntityOfPage":{"@id":"https:\/\/nid.pl\/2023\/03\/30\/studium-ochrony-wartosci-kulturowych-miasta-czaplinek\/"},"wordCount":250,"commentCount":0,"publisher":{"@id":"https:\/\/nid.pl\/#organization"},"image":{"@id":"https:\/\/nid.pl\/2023\/03\/30\/studium-ochrony-wartosci-kulturowych-miasta-czaplinek\/#primaryimage"},"thumbnailUrl":"https:\/\/nid.pl\/wp-content\/uploads\/2023\/03\/miniaturka-czaplinek.jpg","articleSection":["Aktualno\u015bci"],"inLanguage":"en-GB"},{"@type":"WebPage","@id":"https:\/\/nid.pl\/2023\/03\/30\/studium-ochrony-wartosci-kulturowych-miasta-czaplinek\/","url":"https:\/\/nid.pl\/2023\/03\/30\/studium-ochrony-wartosci-kulturowych-miasta-czaplinek\/","name":"Studium Ochrony Warto\u015bci Kulturowych miasta Czaplinek - NID","isPartOf":{"@id":"https:\/\/nid.pl\/#website"},"primaryImageOfPage":{"@id":"https:\/\/nid.pl\/2023\/03\/30\/studium-ochrony-wartosci-kulturowych-miasta-czaplinek\/#primaryimage"},"image":{"@id":"https:\/\/nid.pl\/2023\/03\/30\/studium-ochrony-wartosci-kulturowych-miasta-czaplinek\/#primaryimage"},"thumbnailUrl":"https:\/\/nid.pl\/wp-content\/uploads\/2023\/03\/miniaturka-czaplinek.jpg","datePublished":"2023-03-30T09:10:52+00:00","dateModified":"2023-03-30T13:40:05+00:00","breadcrumb":{"@id":"https:\/\/nid.pl\/2023\/03\/30\/studium-ochrony-wartosci-kulturowych-miasta-czaplinek\/#breadcrumb"},"inLanguage":"en-GB","potentialAction":[{"@type":"ReadAction","target":["https:\/\/nid.pl\/2023\/03\/30\/studium-ochrony-wartosci-kulturowych-miasta-czaplinek\/"]}]},{"@type":"ImageObject","inLanguage":"en-GB","@id":"https:\/\/nid.pl\/2023\/03\/30\/studium-ochrony-wartosci-kulturowych-miasta-czaplinek\/#primaryimage","url":"https:\/\/nid.pl\/wp-content\/uploads\/2023\/03\/miniaturka-czaplinek.jpg","contentUrl":"https:\/\/nid.pl\/wp-content\/uploads\/2023\/03\/miniaturka-czaplinek.jpg","width":1857,"height":1238,"caption":"miniaturka czaplinek"},{"@type":"BreadcrumbList","@id":"https:\/\/nid.pl\/2023\/03\/30\/studium-ochrony-wartosci-kulturowych-miasta-czaplinek\/#breadcrumb","itemListElement":[{"@type":"ListItem","position":1,"name":"Home","item":"https:\/\/nid.pl\/"},{"@type":"ListItem","position":2,"name":"Studium Ochrony Warto\u015bci Kulturowych miasta Czaplinek"}]},{"@type":"WebSite","@id":"https:\/\/nid.pl\/#website","url":"https:\/\/nid.pl\/","name":"NID","description":"Narodowy Instytut Dziedzictwa","publisher":{"@id":"https:\/\/nid.pl\/#organization"},"potentialAction":[{"@type":"SearchAction","target":{"@type":"EntryPoint","urlTemplate":"https:\/\/nid.pl\/?s={search_term_string}"},"query-input":{"@type":"PropertyValueSpecification","valueRequired":true,"valueName":"search_term_string"}}],"inLanguage":"en-GB"},{"@type":"Organization","@id":"https:\/\/nid.pl\/#organization","name":"Narodowy Instytut Dziedzictwa","url":"https:\/\/nid.pl\/","logo":{"@type":"ImageObject","inLanguage":"en-GB","@id":"https:\/\/nid.pl\/#\/schema\/logo\/image\/","url":"https:\/\/nid.pl\/wp-content\/uploads\/2022\/10\/logoRedDark.png","contentUrl":"https:\/\/nid.pl\/wp-content\/uploads\/2022\/10\/logoRedDark.png","width":200,"height":197,"caption":"Narodowy Instytut Dziedzictwa"},"image":{"@id":"https:\/\/nid.pl\/#\/schema\/logo\/image\/"},"sameAs":["https:\/\/www.facebook.com\/zabytek","https:\/\/x.com\/NarIDpl","https:\/\/www.instagram.com\/nid.pl\/?hl=pl","https:\/\/www.linkedin.com\/company\/narodowy-instytut-dziedzictwa","https:\/\/www.youtube.com\/channel\/UCQXuhKa2uHtmNvLRUSx40JA"]},{"@type":"Person","@id":"https:\/\/nid.pl\/#\/schema\/person\/1b690a8998a5111cfb9f0ffe24195a15","name":"Barbara Halliop","image":{"@type":"ImageObject","inLanguage":"en-GB","@id":"https:\/\/nid.pl\/#\/schema\/person\/image\/","url":"https:\/\/nid.pl\/wp-content\/litespeed\/avatar\/924046d17dd0c842c9fa9ccf489bc6dc.jpg?ver=1777444967","contentUrl":"https:\/\/nid.pl\/wp-content\/litespeed\/avatar\/924046d17dd0c842c9fa9ccf489bc6dc.jpg?ver=1777444967","caption":"Barbara Halliop"},"url":"https:\/\/nid.pl\/en\/author\/bhalliop\/"}]}},"_links":{"self":[{"href":"https:\/\/nid.pl\/en\/wp-json\/wp\/v2\/posts\/10343","targetHints":{"allow":["GET"]}}],"collection":[{"href":"https:\/\/nid.pl\/en\/wp-json\/wp\/v2\/posts"}],"about":[{"href":"https:\/\/nid.pl\/en\/wp-json\/wp\/v2\/types\/post"}],"author":[{"embeddable":true,"href":"https:\/\/nid.pl\/en\/wp-json\/wp\/v2\/users\/7"}],"replies":[{"embeddable":true,"href":"https:\/\/nid.pl\/en\/wp-json\/wp\/v2\/comments?post=10343"}],"version-history":[{"count":0,"href":"https:\/\/nid.pl\/en\/wp-json\/wp\/v2\/posts\/10343\/revisions"}],"wp:featuredmedia":[{"embeddable":true,"href":"https:\/\/nid.pl\/en\/wp-json\/wp\/v2\/media\/10341"}],"wp:attachment":[{"href":"https:\/\/nid.pl\/en\/wp-json\/wp\/v2\/media?parent=10343"}],"wp:term":[{"taxonomy":"category","embeddable":true,"href":"https:\/\/nid.pl\/en\/wp-json\/wp\/v2\/categories?post=10343"},{"taxonomy":"post_tag","embeddable":true,"href":"https:\/\/nid.pl\/en\/wp-json\/wp\/v2\/tags?post=10343"}],"curies":[{"name":"wp","href":"https:\/\/api.w.org\/{rel}","templated":true}]}}