{"id":10322,"date":"2023-03-24T10:46:34","date_gmt":"2023-03-24T09:46:34","guid":{"rendered":"https:\/\/nid.pl\/?p=10322"},"modified":"2023-05-25T11:59:33","modified_gmt":"2023-05-25T09:59:33","slug":"ostrow-lednicki-dlaczego-przypuszczamy-ze-to-wlasnie-tu-odbyl-sie-chrzest-ksiecia-mieszka-i","status":"publish","type":"post","link":"https:\/\/nid.pl\/en\/2023\/03\/24\/ostrow-lednicki-dlaczego-przypuszczamy-ze-to-wlasnie-tu-odbyl-sie-chrzest-ksiecia-mieszka-i\/","title":{"rendered":"Ostr\u00f3w Lednicki &#8211; dlaczego przypuszczamy, \u017ce to w\u0142a\u015bnie tu odby\u0142 si\u0119 chrzest ksi\u0119cia Mieszka I?"},"content":{"rendered":"<p><strong>Ze wzgl\u0119du na swoj\u0105 unikatow\u0105 warto\u015b\u0107 historyczn\u0105 i naukow\u0105 Ostr\u00f3w Lednicki jest jednym z trzech zabytk\u00f3w archeologicznych, kt\u00f3re zosta\u0142y wpisane na list\u0119 Pomnik\u00f3w Historii. Badania archeologiczno-historyczne prowadzone na wyspie od po\u0142owy XIX wieku, wci\u0105\u017c dostarczaj\u0105 nowych informacji dotycz\u0105cych funkcjonowania grodu w przesz\u0142o\u015bci. Wiele z nich wskazuje na to, \u017ce najprawdopodobniej to tu odby\u0142 si\u0119 chrzest ksi\u0119cia Mieszka I.<\/strong><\/p>\n\n\n\n<p><strong>Ksi\u0105\u017c\u0119ca siedziba na wyspie<\/strong><\/p>\n\n\n\n<p>Po\u0142o\u017cony na wyspie i znajduj\u0105cy si\u0119 w po\u0142owie drogi pomi\u0119dzy Gnieznem a Poznaniem Ostr\u00f3w Lednicki, by\u0142 jednym z najwa\u017cniejszych o\u015brodk\u00f3w administracyjnych wczesnopiastowskiego pa\u0144stwa. W powszechnym odbiorze jest znany jako siedziba i o\u015brodek w\u0142adzy pierwszych w\u0142adc\u00f3w Polski i kojarzony z wydarzeniami o wyj\u0105tkowym znaczeniu dla dziej\u00f3w pa\u0144stwa polskiego.<\/p>\n\n\n\n<p>Walory obronne oraz usytuowanie Ostrowa Lednickiego na trasie jednego z kluczowych, strategiczno-handlowych szlak\u00f3w zadecydowa\u0142y o jego wysokiej randze. Pierwszy niewielki gr\u00f3dek plemienny na wyspie istnia\u0142 ju\u017c w II po\u0142. IX i I po\u0142. X w.. Oko\u0142o po\u0142owy X w., z polecenia ksi\u0119cia Mieszka I, na miejscu starego grodu wzniesiono du\u017cy, ufortyfikowany gr\u00f3d obronny, kt\u00f3rego drewniano-ziemne wa\u0142y obronne o d\u0142ugo\u015bci ok. 470 m wznosi\u0142y si\u0119 na wysoko\u015b\u0107 ok. 12 m otaczaj\u0105c 120-metrowy majdan. Gr\u00f3d zajmowa\u0142 ok. 1\/3 powierzchni cz\u0119\u015b\u0107 wyspy, pozosta\u0142y obszar zaj\u0119ty by\u0142 przez nieobwarowane podgrodzie zamieszka\u0142e przez cz\u0119\u015b\u0107 dru\u017cyny woj\u00f3w i ludno\u015b\u0107 s\u0142u\u017cebn\u0105.<\/p>\n\n\n\n<p>Do dzisiaj mo\u017cna podziwia\u0107 tu ruiny jednych z pierwszych na ziemiach polskich kamiennych budowli \u2013 w obr\u0119bie grodu znajdowa\u0142o si\u0119 monumentalne za\u0142o\u017cenie pa\u0142acowe, tzw. palatium oraz przylegaj\u0105ca do niego od wschodu kaplica przeznaczona na potrzeby monarchy i jego dworu. W latach 90-tych XX w. dokonano sensacyjnego odkrycia \u2013 w obr\u0119bie kaplicy ods\u0142oni\u0119to dwa zag\u0142\u0119bienia \u2013 baseny w kszta\u0142cie po\u0142owy r\u00f3wnoramiennego krzy\u017ca o wymiarach ok. 4,5 m x 1,8 m, kt\u00f3re badacze zinterpretowali jako baseny chrzcielne. Mo\u017cna przypuszcza\u0107, \u017ce w\u0142a\u015bnie tutaj w 966 roku m\u00f3g\u0142 przyj\u0105\u0107 chrzest ksi\u0105\u017c\u0119 Mieszko I wraz z jego najbli\u017cszym otoczeniem.<\/p>\n\n\n\n<p>Palatium i kaplica nie by\u0142y jedynymi kamiennymi budowlami w obr\u0119bie grodu. W niedalekim s\u0105siedztwie bramy grodowej odkryto relikty wolnostoj\u0105cego ko\u015bcio\u0142a powsta\u0142ego pod koniec X w. lub na pocz\u0105tku XI w., kt\u00f3ry by\u0142 dost\u0119pny dla wszystkich mieszka\u0144c\u00f3w grodu. Jego fundatorem by\u0142 Boles\u0142aw Chrobry.<\/p>\n\n\n\n<p>Wydarzenia zwi\u0105zane z kryzysem pa\u0144stwa pierwszych Piast\u00f3w tj: walka o w\u0142adz\u0119 po \u015bmierci Boles\u0142awa Chrobrego, reakcja poga\u0144ska i wreszcie najazd czeskiego ksi\u0119cia Brzetys\u0142awa w 1039 r. po\u0142o\u017cy\u0142y koniec \u015bwietno\u015bci o\u015brodka lednickiego. Wyspa sta\u0142a si\u0119 siedzib\u0105 kasztelanii i nigdy nie odzyska\u0142a swojego wcze\u015bniejszego blasku.<\/p>\n\n\n\n<p><\/p>\n\n\n\n<figure class=\"wp-block-gallery aligncenter has-nested-images columns-default is-cropped wp-block-gallery-1 is-layout-flex wp-block-gallery-is-layout-flex\">\n<figure class=\"wp-block-image size-large\"><img loading=\"lazy\" decoding=\"async\" width=\"2560\" height=\"1664\" data-id=\"10319\" src=\"https:\/\/nid.pl\/wp-content\/uploads\/2023\/03\/Ostrow-Lednicki-1-scaled.jpg\" alt=\"\" class=\"wp-image-10319\" srcset=\"https:\/\/nid.pl\/wp-content\/uploads\/2023\/03\/Ostrow-Lednicki-1-scaled.jpg 2560w, https:\/\/nid.pl\/wp-content\/uploads\/2023\/03\/Ostrow-Lednicki-1-1280x832.jpg 1280w, https:\/\/nid.pl\/wp-content\/uploads\/2023\/03\/Ostrow-Lednicki-1-980x637.jpg 980w, https:\/\/nid.pl\/wp-content\/uploads\/2023\/03\/Ostrow-Lednicki-1-480x312.jpg 480w\" sizes=\"(min-width: 0px) and (max-width: 480px) 480px, (min-width: 481px) and (max-width: 980px) 980px, (min-width: 981px) and (max-width: 1280px) 1280px, (min-width: 1281px) 2560px, 100vw\" \/><\/figure>\n<\/figure>\n\n\n\n<p><strong>Podwodne badania odkrywaj\u0105 przesz\u0142o\u015b\u0107<\/strong><\/p>\n\n\n\n<p>Zabytkowe ruiny na Ostrowie Lednickim znane by\u0142y od 1822 r., jednak\u017ce pierwsze badania archeologiczne mia\u0142y miejsce w latach 1932-35. Na terenie majdanu grodziska ujawniono istnienie jednego z najwi\u0119kszych w Polsce cmentarzysk wczesno\u015bredniowiecznych. Badania archeologiczno-historyczne, prowadzone na wyspie od po\u0142owy XIX wieku wci\u0105\u017c dostarczaj\u0105 nowych informacji dotycz\u0105cych funkcjonowania grodu w przesz\u0142o\u015bci. Od 1959 r. w wodach Jeziora Lednickiego, na kt\u00f3rych po\u0142o\u017cona jest wyspa, prowadzone s\u0105 archeologiczne badania podwodne.<\/p>\n\n\n\n<p>Dowiadujemy si\u0119 z nich, \u017ce siedziba ksi\u0105\u017c\u0119ca na Ostrowie Lednickim by\u0142a znakomicie skomunikowana z l\u0105dem. Podczas podwodnych bada\u0144 odkryto tu relikty dw\u00f3ch sta\u0142ych most\u00f3w, kt\u00f3rych budowa \u015bwiadczy o kunszcie \u00f3wczesnych budowniczych. Kr\u00f3tszy z most\u00f3w o d\u0142ugo\u015bci ok. 170 m prowadzi\u0142 w kierunku Gniezna, drugi \u0142\u0105czy\u0142 wysp\u0119 z brzegiem od strony Poznania i mia\u0142 ok. 440 m d\u0142ugo\u015bci. Wieloletnie badania podwodne pozwoli\u0142y na dok\u0142adne odtworzenie konstrukcji obu most\u00f3w. Dzi\u0119ki badaniom dendrochronologicznym drewna konstrukcyjnego most\u00f3w ustalono precyzyjne datowanie czasu ich powstania, przebud\u00f3w i napraw \u2013 wynika z nich, \u017ce budow\u0119 rozpocz\u0119to zim\u0105 i wiosn\u0105 962\/963 roku. Mosty te s\u0142u\u017cy\u0142y nie tylko do codziennej komunikacji, ale r\u00f3wnie\u017c umo\u017cliwi\u0142y transport materia\u0142u kamiennego do budowy palatium i kaplicy.<\/p>\n\n\n\n<p>Badania podwodne trwaj\u0105 nadal \u2013 tym razem przy u\u017cyciu metod nieinwazyjnych &#8211; w 2017 przeprowadzono badania z wykorzystaniem magnetometru, sonaru wielowi\u0105zkowego i profilera osad\u00f3w dennych, kt\u00f3re pozwoli\u0142y odkry\u0107 poszukiwane od dawna relikty trzeciej na Jeziorze Lednickim przeprawy mostowej wiod\u0105cej na jedn\u0105 z wysp na Jeziorze Lednickim &#8211; Ledniczk\u0119. Analiza przebiegu i konstrukcji przeprawy pozwala przypuszcza\u0107, \u017ce most mia\u0142 ok. 100 m d\u0142ugo\u015bci. Wst\u0119pne analizy C14 oraz datowanie dendrochronologiczne pr\u00f3bek drewna pobranych z relikt\u00f3w przeprawy mostowej wskazuj\u0105, \u017ce odkryte relikty s\u0105 pozosta\u0142o\u015bciami po dw\u00f3ch przeprawach mostowych, z kt\u00f3rych jedna datowana jest na wiek X, druga za\u015b na prze\u0142om XIII i XIV w.<\/p>\n\n\n\n<p><strong>O czym m\u00f3wi\u0105 muszle pielgrzymie?<\/strong><\/p>\n\n\n\n<p>Niewiele os\u00f3b wie, \u017ce Ostr\u00f3w Lednicki jest jednym z punkt\u00f3w przestankowych na Szlaku \u015aw. Jakuba Aposto\u0142a wiod\u0105cym do Santiago de Compostela. O tym, \u017ce \u015bredniowieczni p\u0105tnicy go\u015bcili na Ostrowie Lednickim \u015bwiadczy odkryta podczas bada\u0144 cmentarzyska w latach trzydziestych XX w. pierwsza w Polsce muszla pielgrzyma. Takie muszle na prze\u0142omie XIII i XIV w. by\u0142y znakiem ka\u017cdego p\u0105tnika pielgrzymuj\u0105cego do Santiago de Compostela w Hiszpanii. Obecnie na ziemiach polskich znanych jest z bada\u0144 wykopaliskowych osiem muszli pielgrzymich.<\/p>\n\n\n\n<p><strong>Skarby z przesz\u0142o\u015bci<\/strong><\/p>\n\n\n\n<p>O randze siedziby w\u0142adc\u00f3w na Ostrowie Lednickim \u015bwiadcz\u0105 liczne zabytki ruchome o niezwyk\u0142ej warto\u015bci historycznej i naukowej pozyskane podczas bada\u0144 archeologicznych na l\u0105dzie i pod wod\u0105.<\/p>\n\n\n\n<p>Jednym z najbardziej interesuj\u0105cych zabytk\u00f3w jest najstarsza znana z terenu Polski stauroteka, czyli relikwiarz w kszta\u0142cie zdobionego krzy\u017ca przeznaczony do przechowywania drzazg z Krzy\u017ca \u015awi\u0119tego. Lednicka stauroteka z poz\u0142acanej blachy br\u0105zowej oprawiona w gagat (czarny bursztyn) i sk\u00f3rzany futera\u0142 pochodzi 2 po\u0142. X \u2013 1 po\u0142. XI w. i stanowi\u0142a zapewne dar cesarza bizantyjskiego dla ksi\u0119cia Mieszka I z okazji chrztu ksi\u0119cia.<\/p>\n\n\n\n<p>W trakcie bada\u0144, g\u0142\u00f3wnie podwodnych pozyskano r\u00f3wnie\u017c unikatow\u0105 w skali Europy, licz\u0105c\u0105 ponad 300 sztuk, kolekcj\u0119 wczesno\u015bredniowiecznych militari\u00f3w oraz wyposa\u017cenia je\u017adzieckiego, kt\u00f3re w beztlenowych warunkach, pod woda zachowa\u0142y si\u0119 w dobrym stanie. Do szczeg\u00f3lnie cennych eksponat\u00f3w nale\u017c\u0105: he\u0142m z nosalem, kolczuga, miecze zdobione inskrypcjami i stemplami wytw\u00f3rc\u00f3w pochodz\u0105ce z nadre\u0144skich i fryzyjskich warsztat\u00f3w, inkrustowane groty w\u0142\u00f3czni,&nbsp; strzemiona, liczne topory i siekiery, liczne groty oszczep\u00f3w, kt\u00f3rych zdobienie wskazuje na pochodzenie z kr\u0119gu wiki\u0144skiego. Dzi\u0119ki odkrytej broni i innym elementom uzbrojenia mo\u017cna by\u0142o zrekonstruowa\u0107 rynsztunek wczesno\u015bredniowiecznych woj\u00f3w z czas\u00f3w pierwszych Piast\u00f3w.<\/p>\n\n\n\n<p>Odkryte zabytki to nie tylko militaria, ale r\u00f3wnie\u017c przedmioty \u015bwiadcz\u0105ce o \u017cyciu codziennym mieszka\u0144c\u00f3w Ostrowa Lednickiego, takie jak narz\u0119dzia rolnicze &#8211; sierpy, p\u00f3\u0142koski, radlice, przedmioty s\u0142u\u017c\u0105ce do po\u0142owu ryb \u2013 haczyki, o\u015bcienie, sieci, naczynia drewniane i ceramiczne. Cennym znaleziskiem s\u0105 znakomicie zachowane w wodnym \u015brodowisku d\u0142ubanki \u2013 \u0142odzie wykonane z jednego pnia drzewa wydobyte z dna jeziora.<\/p>\n\n\n\n<p><strong>Warto zobaczy\u0107<\/strong><\/p>\n\n\n\n<p>Wczesnopiastowska Rezydencja na Ostrowie Lednickim wchodzi w sk\u0142ad Muzeum Pierwszych Piast\u00f3w. W 2022 roku otwarty zosta\u0142 nowy budynek muzealny,&nbsp; w kt\u00f3rego salach wystawienniczych mo\u017cna podziwia\u0107 blisko 900 eksponat\u00f3w archeologicznych z bada\u0144 archeologicznych na Ostrowie Lednickim. Znajduj\u0105 si\u0119 tam r\u00f3wnie\u017c nowoczesne pracownie archeologiczne, konserwatorskie i naukowe, biblioteka i sale edukacyjne.<\/p>\n\n\n\n<p>Wi\u0119cej informacji na temat \u015bwietnej przesz\u0142o\u015bci Ostrowa Lednickiego mo\u017cna znale\u017a\u0107 na portalu Narodowego Instytut Dziedzictwa www.zabytek.pl, na kt\u00f3rym dost\u0119pny jest r\u00f3wnie\u017c model 3D lednickiego Palatium i kaplicy (<a href=\"https:\/\/zabytek.pl\/pl\/obiekty\/rybitwy-palatium-na-ostrowie-lednickim\" target=\"_blank\" rel=\"noreferrer noopener\">https:\/\/zabytek.pl\/pl\/obiekty\/rybitwy-palatium-na-ostrowie-lednickim<\/a>).<\/p>\n\n\n\n<p>Dobr\u0105 okazj\u0105 do poznania fakt\u00f3w i ciekawostek z przesz\u0142o\u015bci mog\u0105 by\u0107 <a href=\"https:\/\/www.inrap.fr\/\">Europejskie Dni Archeologii<\/a> \u2013 cykliczna impreza zainicjowana przez francuski Narodowy Instytut Archeologicznych Bada\u0144 Ratowniczych. Od 2010 organizowano je tylko we Francji, a od 2019 r. w ca\u0142ej Europie. W ramach EDA co roku odbywa si\u0119 ponad 1000 wydarze\u0144, a tylko w Polsce w 2021 r. by\u0142o ich ponad 90!<\/p>\n\n\n\n<p><\/p>\n\n\n\n<figure class=\"wp-block-gallery has-nested-images columns-default is-cropped wp-block-gallery-2 is-layout-flex wp-block-gallery-is-layout-flex\">\n<figure class=\"wp-block-image size-large\"><img loading=\"lazy\" decoding=\"async\" width=\"2560\" height=\"1654\" data-id=\"10320\" src=\"https:\/\/nid.pl\/wp-content\/uploads\/2023\/03\/Ostrow-Lednicki-4-scaled.jpg\" alt=\"\" class=\"wp-image-10320\" srcset=\"https:\/\/nid.pl\/wp-content\/uploads\/2023\/03\/Ostrow-Lednicki-4-scaled.jpg 2560w, https:\/\/nid.pl\/wp-content\/uploads\/2023\/03\/Ostrow-Lednicki-4-1280x827.jpg 1280w, https:\/\/nid.pl\/wp-content\/uploads\/2023\/03\/Ostrow-Lednicki-4-980x633.jpg 980w, https:\/\/nid.pl\/wp-content\/uploads\/2023\/03\/Ostrow-Lednicki-4-480x310.jpg 480w\" sizes=\"(min-width: 0px) and (max-width: 480px) 480px, (min-width: 481px) and (max-width: 980px) 980px, (min-width: 981px) and (max-width: 1280px) 1280px, (min-width: 1281px) 2560px, 100vw\" \/><\/figure>\n\n\n\n<figure class=\"wp-block-image size-large\"><img loading=\"lazy\" decoding=\"async\" width=\"2560\" height=\"1664\" data-id=\"10321\" src=\"https:\/\/nid.pl\/wp-content\/uploads\/2023\/03\/Ostrow-Lednicki-5-scaled.jpg\" alt=\"\" class=\"wp-image-10321\" srcset=\"https:\/\/nid.pl\/wp-content\/uploads\/2023\/03\/Ostrow-Lednicki-5-scaled.jpg 2560w, https:\/\/nid.pl\/wp-content\/uploads\/2023\/03\/Ostrow-Lednicki-5-1280x832.jpg 1280w, https:\/\/nid.pl\/wp-content\/uploads\/2023\/03\/Ostrow-Lednicki-5-980x637.jpg 980w, https:\/\/nid.pl\/wp-content\/uploads\/2023\/03\/Ostrow-Lednicki-5-480x312.jpg 480w\" sizes=\"(min-width: 0px) and (max-width: 480px) 480px, (min-width: 481px) and (max-width: 980px) 980px, (min-width: 981px) and (max-width: 1280px) 1280px, (min-width: 1281px) 2560px, 100vw\" \/><\/figure>\n<\/figure>","protected":false},"excerpt":{"rendered":"<p>Ze wzgl\u0119du na swoj\u0105 unikatow\u0105 warto\u015b\u0107 historyczn\u0105 i naukow\u0105 Ostr\u00f3w Lednicki jest jednym z trzech zabytk\u00f3w archeologicznych, kt\u00f3re zosta\u0142y wpisane na list\u0119 Pomnik\u00f3w Historii. Badania archeologiczno-historyczne prowadzone na wyspie od [&hellip;]<\/p>","protected":false},"author":7,"featured_media":10323,"comment_status":"open","ping_status":"open","sticky":false,"template":"","format":"standard","meta":{"_et_pb_use_builder":"off","_et_pb_old_content":"","_et_gb_content_width":"","_monsterinsights_skip_tracking":false,"_monsterinsights_sitenote_active":false,"_monsterinsights_sitenote_note":"","_monsterinsights_sitenote_category":0,"footnotes":""},"categories":[3,79],"tags":[],"class_list":["post-10322","post","type-post","status-publish","format-standard","has-post-thumbnail","hentry","category-aktualnosci","category-europejskie-dni-archeologii"],"yoast_head":"<!-- This site is optimized with the Yoast SEO plugin v26.5 - https:\/\/yoast.com\/wordpress\/plugins\/seo\/ -->\n<title>Ostr\u00f3w Lednicki - dlaczego przypuszczamy, \u017ce to w\u0142a\u015bnie tu odby\u0142 si\u0119 chrzest ksi\u0119cia Mieszka I? - NID<\/title>\n<meta name=\"robots\" content=\"index, follow, max-snippet:-1, max-image-preview:large, max-video-preview:-1\" \/>\n<link rel=\"canonical\" href=\"https:\/\/nid.pl\/en\/2023\/03\/24\/ostrow-lednicki-dlaczego-przypuszczamy-ze-to-wlasnie-tu-odbyl-sie-chrzest-ksiecia-mieszka-i\/\" \/>\n<meta property=\"og:locale\" content=\"en_GB\" \/>\n<meta property=\"og:type\" content=\"article\" \/>\n<meta property=\"og:title\" content=\"Ostr\u00f3w Lednicki - dlaczego przypuszczamy, \u017ce to w\u0142a\u015bnie tu odby\u0142 si\u0119 chrzest ksi\u0119cia Mieszka I? - NID\" \/>\n<meta property=\"og:description\" content=\"Ze wzgl\u0119du na swoj\u0105 unikatow\u0105 warto\u015b\u0107 historyczn\u0105 i naukow\u0105 Ostr\u00f3w Lednicki jest jednym z trzech zabytk\u00f3w archeologicznych, kt\u00f3re zosta\u0142y wpisane na list\u0119 Pomnik\u00f3w Historii. Badania archeologiczno-historyczne prowadzone na wyspie od [&hellip;]\" \/>\n<meta property=\"og:url\" content=\"https:\/\/nid.pl\/en\/2023\/03\/24\/ostrow-lednicki-dlaczego-przypuszczamy-ze-to-wlasnie-tu-odbyl-sie-chrzest-ksiecia-mieszka-i\/\" \/>\n<meta property=\"og:site_name\" content=\"NID\" \/>\n<meta property=\"article:publisher\" content=\"https:\/\/www.facebook.com\/zabytek\" \/>\n<meta property=\"article:published_time\" content=\"2023-03-24T09:46:34+00:00\" \/>\n<meta property=\"article:modified_time\" content=\"2023-05-25T09:59:33+00:00\" \/>\n<meta property=\"og:image\" content=\"https:\/\/nid.pl\/wp-content\/uploads\/2023\/03\/miniaturka-ostrow-lednicki.jpg\" \/>\n\t<meta property=\"og:image:width\" content=\"1857\" \/>\n\t<meta property=\"og:image:height\" content=\"1238\" \/>\n\t<meta property=\"og:image:type\" content=\"image\/jpeg\" \/>\n<meta name=\"author\" content=\"Barbara Halliop\" \/>\n<meta name=\"twitter:card\" content=\"summary_large_image\" \/>\n<meta name=\"twitter:creator\" content=\"@NarIDpl\" \/>\n<meta name=\"twitter:site\" content=\"@NarIDpl\" \/>\n<meta name=\"twitter:label1\" content=\"Written by\" \/>\n\t<meta name=\"twitter:data1\" content=\"Barbara Halliop\" \/>\n\t<meta name=\"twitter:label2\" content=\"Estimated reading time\" \/>\n\t<meta name=\"twitter:data2\" content=\"6 minutes\" \/>\n<script type=\"application\/ld+json\" class=\"yoast-schema-graph\">{\"@context\":\"https:\/\/schema.org\",\"@graph\":[{\"@type\":\"Article\",\"@id\":\"https:\/\/nid.pl\/2023\/03\/24\/ostrow-lednicki-dlaczego-przypuszczamy-ze-to-wlasnie-tu-odbyl-sie-chrzest-ksiecia-mieszka-i\/#article\",\"isPartOf\":{\"@id\":\"https:\/\/nid.pl\/2023\/03\/24\/ostrow-lednicki-dlaczego-przypuszczamy-ze-to-wlasnie-tu-odbyl-sie-chrzest-ksiecia-mieszka-i\/\"},\"author\":{\"name\":\"Barbara Halliop\",\"@id\":\"https:\/\/nid.pl\/#\/schema\/person\/1b690a8998a5111cfb9f0ffe24195a15\"},\"headline\":\"Ostr\u00f3w Lednicki &#8211; dlaczego przypuszczamy, \u017ce to w\u0142a\u015bnie tu odby\u0142 si\u0119 chrzest ksi\u0119cia Mieszka I?\",\"datePublished\":\"2023-03-24T09:46:34+00:00\",\"dateModified\":\"2023-05-25T09:59:33+00:00\",\"mainEntityOfPage\":{\"@id\":\"https:\/\/nid.pl\/2023\/03\/24\/ostrow-lednicki-dlaczego-przypuszczamy-ze-to-wlasnie-tu-odbyl-sie-chrzest-ksiecia-mieszka-i\/\"},\"wordCount\":1366,\"commentCount\":0,\"publisher\":{\"@id\":\"https:\/\/nid.pl\/#organization\"},\"image\":{\"@id\":\"https:\/\/nid.pl\/2023\/03\/24\/ostrow-lednicki-dlaczego-przypuszczamy-ze-to-wlasnie-tu-odbyl-sie-chrzest-ksiecia-mieszka-i\/#primaryimage\"},\"thumbnailUrl\":\"https:\/\/nid.pl\/wp-content\/uploads\/2023\/03\/miniaturka-ostrow-lednicki.jpg\",\"articleSection\":[\"Aktualno\u015bci\",\"EDA\"],\"inLanguage\":\"en-GB\"},{\"@type\":\"WebPage\",\"@id\":\"https:\/\/nid.pl\/2023\/03\/24\/ostrow-lednicki-dlaczego-przypuszczamy-ze-to-wlasnie-tu-odbyl-sie-chrzest-ksiecia-mieszka-i\/\",\"url\":\"https:\/\/nid.pl\/2023\/03\/24\/ostrow-lednicki-dlaczego-przypuszczamy-ze-to-wlasnie-tu-odbyl-sie-chrzest-ksiecia-mieszka-i\/\",\"name\":\"Ostr\u00f3w Lednicki - dlaczego przypuszczamy, \u017ce to w\u0142a\u015bnie tu odby\u0142 si\u0119 chrzest ksi\u0119cia Mieszka I? - NID\",\"isPartOf\":{\"@id\":\"https:\/\/nid.pl\/#website\"},\"primaryImageOfPage\":{\"@id\":\"https:\/\/nid.pl\/2023\/03\/24\/ostrow-lednicki-dlaczego-przypuszczamy-ze-to-wlasnie-tu-odbyl-sie-chrzest-ksiecia-mieszka-i\/#primaryimage\"},\"image\":{\"@id\":\"https:\/\/nid.pl\/2023\/03\/24\/ostrow-lednicki-dlaczego-przypuszczamy-ze-to-wlasnie-tu-odbyl-sie-chrzest-ksiecia-mieszka-i\/#primaryimage\"},\"thumbnailUrl\":\"https:\/\/nid.pl\/wp-content\/uploads\/2023\/03\/miniaturka-ostrow-lednicki.jpg\",\"datePublished\":\"2023-03-24T09:46:34+00:00\",\"dateModified\":\"2023-05-25T09:59:33+00:00\",\"breadcrumb\":{\"@id\":\"https:\/\/nid.pl\/2023\/03\/24\/ostrow-lednicki-dlaczego-przypuszczamy-ze-to-wlasnie-tu-odbyl-sie-chrzest-ksiecia-mieszka-i\/#breadcrumb\"},\"inLanguage\":\"en-GB\",\"potentialAction\":[{\"@type\":\"ReadAction\",\"target\":[\"https:\/\/nid.pl\/2023\/03\/24\/ostrow-lednicki-dlaczego-przypuszczamy-ze-to-wlasnie-tu-odbyl-sie-chrzest-ksiecia-mieszka-i\/\"]}]},{\"@type\":\"ImageObject\",\"inLanguage\":\"en-GB\",\"@id\":\"https:\/\/nid.pl\/2023\/03\/24\/ostrow-lednicki-dlaczego-przypuszczamy-ze-to-wlasnie-tu-odbyl-sie-chrzest-ksiecia-mieszka-i\/#primaryimage\",\"url\":\"https:\/\/nid.pl\/wp-content\/uploads\/2023\/03\/miniaturka-ostrow-lednicki.jpg\",\"contentUrl\":\"https:\/\/nid.pl\/wp-content\/uploads\/2023\/03\/miniaturka-ostrow-lednicki.jpg\",\"width\":1857,\"height\":1238,\"caption\":\"miniaturka ostrow lednicki\"},{\"@type\":\"BreadcrumbList\",\"@id\":\"https:\/\/nid.pl\/2023\/03\/24\/ostrow-lednicki-dlaczego-przypuszczamy-ze-to-wlasnie-tu-odbyl-sie-chrzest-ksiecia-mieszka-i\/#breadcrumb\",\"itemListElement\":[{\"@type\":\"ListItem\",\"position\":1,\"name\":\"Home\",\"item\":\"https:\/\/nid.pl\/\"},{\"@type\":\"ListItem\",\"position\":2,\"name\":\"Ostr\u00f3w Lednicki &#8211; dlaczego przypuszczamy, \u017ce to w\u0142a\u015bnie tu odby\u0142 si\u0119 chrzest ksi\u0119cia Mieszka I?\"}]},{\"@type\":\"WebSite\",\"@id\":\"https:\/\/nid.pl\/#website\",\"url\":\"https:\/\/nid.pl\/\",\"name\":\"NID\",\"description\":\"Narodowy Instytut Dziedzictwa\",\"publisher\":{\"@id\":\"https:\/\/nid.pl\/#organization\"},\"potentialAction\":[{\"@type\":\"SearchAction\",\"target\":{\"@type\":\"EntryPoint\",\"urlTemplate\":\"https:\/\/nid.pl\/?s={search_term_string}\"},\"query-input\":{\"@type\":\"PropertyValueSpecification\",\"valueRequired\":true,\"valueName\":\"search_term_string\"}}],\"inLanguage\":\"en-GB\"},{\"@type\":\"Organization\",\"@id\":\"https:\/\/nid.pl\/#organization\",\"name\":\"Narodowy Instytut Dziedzictwa\",\"url\":\"https:\/\/nid.pl\/\",\"logo\":{\"@type\":\"ImageObject\",\"inLanguage\":\"en-GB\",\"@id\":\"https:\/\/nid.pl\/#\/schema\/logo\/image\/\",\"url\":\"https:\/\/nid.pl\/wp-content\/uploads\/2022\/10\/logoRedDark.png\",\"contentUrl\":\"https:\/\/nid.pl\/wp-content\/uploads\/2022\/10\/logoRedDark.png\",\"width\":200,\"height\":197,\"caption\":\"Narodowy Instytut Dziedzictwa\"},\"image\":{\"@id\":\"https:\/\/nid.pl\/#\/schema\/logo\/image\/\"},\"sameAs\":[\"https:\/\/www.facebook.com\/zabytek\",\"https:\/\/x.com\/NarIDpl\",\"https:\/\/www.instagram.com\/nid.pl\/?hl=pl\",\"https:\/\/www.linkedin.com\/company\/narodowy-instytut-dziedzictwa\",\"https:\/\/www.youtube.com\/channel\/UCQXuhKa2uHtmNvLRUSx40JA\"]},{\"@type\":\"Person\",\"@id\":\"https:\/\/nid.pl\/#\/schema\/person\/1b690a8998a5111cfb9f0ffe24195a15\",\"name\":\"Barbara Halliop\",\"image\":{\"@type\":\"ImageObject\",\"inLanguage\":\"en-GB\",\"@id\":\"https:\/\/nid.pl\/#\/schema\/person\/image\/\",\"url\":\"https:\/\/nid.pl\/wp-content\/litespeed\/avatar\/924046d17dd0c842c9fa9ccf489bc6dc.jpg?ver=1777444967\",\"contentUrl\":\"https:\/\/nid.pl\/wp-content\/litespeed\/avatar\/924046d17dd0c842c9fa9ccf489bc6dc.jpg?ver=1777444967\",\"caption\":\"Barbara Halliop\"},\"url\":\"https:\/\/nid.pl\/en\/author\/bhalliop\/\"}]}<\/script>\n<!-- \/ Yoast SEO plugin. -->","yoast_head_json":{"title":"Ostr\u00f3w Lednicki - dlaczego przypuszczamy, \u017ce to w\u0142a\u015bnie tu odby\u0142 si\u0119 chrzest ksi\u0119cia Mieszka I? - NID","robots":{"index":"index","follow":"follow","max-snippet":"max-snippet:-1","max-image-preview":"max-image-preview:large","max-video-preview":"max-video-preview:-1"},"canonical":"https:\/\/nid.pl\/en\/2023\/03\/24\/ostrow-lednicki-dlaczego-przypuszczamy-ze-to-wlasnie-tu-odbyl-sie-chrzest-ksiecia-mieszka-i\/","og_locale":"en_GB","og_type":"article","og_title":"Ostr\u00f3w Lednicki - dlaczego przypuszczamy, \u017ce to w\u0142a\u015bnie tu odby\u0142 si\u0119 chrzest ksi\u0119cia Mieszka I? - NID","og_description":"Ze wzgl\u0119du na swoj\u0105 unikatow\u0105 warto\u015b\u0107 historyczn\u0105 i naukow\u0105 Ostr\u00f3w Lednicki jest jednym z trzech zabytk\u00f3w archeologicznych, kt\u00f3re zosta\u0142y wpisane na list\u0119 Pomnik\u00f3w Historii. Badania archeologiczno-historyczne prowadzone na wyspie od [&hellip;]","og_url":"https:\/\/nid.pl\/en\/2023\/03\/24\/ostrow-lednicki-dlaczego-przypuszczamy-ze-to-wlasnie-tu-odbyl-sie-chrzest-ksiecia-mieszka-i\/","og_site_name":"NID","article_publisher":"https:\/\/www.facebook.com\/zabytek","article_published_time":"2023-03-24T09:46:34+00:00","article_modified_time":"2023-05-25T09:59:33+00:00","og_image":[{"width":1857,"height":1238,"url":"https:\/\/nid.pl\/wp-content\/uploads\/2023\/03\/miniaturka-ostrow-lednicki.jpg","type":"image\/jpeg"}],"author":"Barbara Halliop","twitter_card":"summary_large_image","twitter_creator":"@NarIDpl","twitter_site":"@NarIDpl","twitter_misc":{"Written by":"Barbara Halliop","Estimated reading time":"6 minutes"},"schema":{"@context":"https:\/\/schema.org","@graph":[{"@type":"Article","@id":"https:\/\/nid.pl\/2023\/03\/24\/ostrow-lednicki-dlaczego-przypuszczamy-ze-to-wlasnie-tu-odbyl-sie-chrzest-ksiecia-mieszka-i\/#article","isPartOf":{"@id":"https:\/\/nid.pl\/2023\/03\/24\/ostrow-lednicki-dlaczego-przypuszczamy-ze-to-wlasnie-tu-odbyl-sie-chrzest-ksiecia-mieszka-i\/"},"author":{"name":"Barbara Halliop","@id":"https:\/\/nid.pl\/#\/schema\/person\/1b690a8998a5111cfb9f0ffe24195a15"},"headline":"Ostr\u00f3w Lednicki &#8211; dlaczego przypuszczamy, \u017ce to w\u0142a\u015bnie tu odby\u0142 si\u0119 chrzest ksi\u0119cia Mieszka I?","datePublished":"2023-03-24T09:46:34+00:00","dateModified":"2023-05-25T09:59:33+00:00","mainEntityOfPage":{"@id":"https:\/\/nid.pl\/2023\/03\/24\/ostrow-lednicki-dlaczego-przypuszczamy-ze-to-wlasnie-tu-odbyl-sie-chrzest-ksiecia-mieszka-i\/"},"wordCount":1366,"commentCount":0,"publisher":{"@id":"https:\/\/nid.pl\/#organization"},"image":{"@id":"https:\/\/nid.pl\/2023\/03\/24\/ostrow-lednicki-dlaczego-przypuszczamy-ze-to-wlasnie-tu-odbyl-sie-chrzest-ksiecia-mieszka-i\/#primaryimage"},"thumbnailUrl":"https:\/\/nid.pl\/wp-content\/uploads\/2023\/03\/miniaturka-ostrow-lednicki.jpg","articleSection":["Aktualno\u015bci","EDA"],"inLanguage":"en-GB"},{"@type":"WebPage","@id":"https:\/\/nid.pl\/2023\/03\/24\/ostrow-lednicki-dlaczego-przypuszczamy-ze-to-wlasnie-tu-odbyl-sie-chrzest-ksiecia-mieszka-i\/","url":"https:\/\/nid.pl\/2023\/03\/24\/ostrow-lednicki-dlaczego-przypuszczamy-ze-to-wlasnie-tu-odbyl-sie-chrzest-ksiecia-mieszka-i\/","name":"Ostr\u00f3w Lednicki - dlaczego przypuszczamy, \u017ce to w\u0142a\u015bnie tu odby\u0142 si\u0119 chrzest ksi\u0119cia Mieszka I? - NID","isPartOf":{"@id":"https:\/\/nid.pl\/#website"},"primaryImageOfPage":{"@id":"https:\/\/nid.pl\/2023\/03\/24\/ostrow-lednicki-dlaczego-przypuszczamy-ze-to-wlasnie-tu-odbyl-sie-chrzest-ksiecia-mieszka-i\/#primaryimage"},"image":{"@id":"https:\/\/nid.pl\/2023\/03\/24\/ostrow-lednicki-dlaczego-przypuszczamy-ze-to-wlasnie-tu-odbyl-sie-chrzest-ksiecia-mieszka-i\/#primaryimage"},"thumbnailUrl":"https:\/\/nid.pl\/wp-content\/uploads\/2023\/03\/miniaturka-ostrow-lednicki.jpg","datePublished":"2023-03-24T09:46:34+00:00","dateModified":"2023-05-25T09:59:33+00:00","breadcrumb":{"@id":"https:\/\/nid.pl\/2023\/03\/24\/ostrow-lednicki-dlaczego-przypuszczamy-ze-to-wlasnie-tu-odbyl-sie-chrzest-ksiecia-mieszka-i\/#breadcrumb"},"inLanguage":"en-GB","potentialAction":[{"@type":"ReadAction","target":["https:\/\/nid.pl\/2023\/03\/24\/ostrow-lednicki-dlaczego-przypuszczamy-ze-to-wlasnie-tu-odbyl-sie-chrzest-ksiecia-mieszka-i\/"]}]},{"@type":"ImageObject","inLanguage":"en-GB","@id":"https:\/\/nid.pl\/2023\/03\/24\/ostrow-lednicki-dlaczego-przypuszczamy-ze-to-wlasnie-tu-odbyl-sie-chrzest-ksiecia-mieszka-i\/#primaryimage","url":"https:\/\/nid.pl\/wp-content\/uploads\/2023\/03\/miniaturka-ostrow-lednicki.jpg","contentUrl":"https:\/\/nid.pl\/wp-content\/uploads\/2023\/03\/miniaturka-ostrow-lednicki.jpg","width":1857,"height":1238,"caption":"miniaturka ostrow lednicki"},{"@type":"BreadcrumbList","@id":"https:\/\/nid.pl\/2023\/03\/24\/ostrow-lednicki-dlaczego-przypuszczamy-ze-to-wlasnie-tu-odbyl-sie-chrzest-ksiecia-mieszka-i\/#breadcrumb","itemListElement":[{"@type":"ListItem","position":1,"name":"Home","item":"https:\/\/nid.pl\/"},{"@type":"ListItem","position":2,"name":"Ostr\u00f3w Lednicki &#8211; dlaczego przypuszczamy, \u017ce to w\u0142a\u015bnie tu odby\u0142 si\u0119 chrzest ksi\u0119cia Mieszka I?"}]},{"@type":"WebSite","@id":"https:\/\/nid.pl\/#website","url":"https:\/\/nid.pl\/","name":"NID","description":"Narodowy Instytut Dziedzictwa","publisher":{"@id":"https:\/\/nid.pl\/#organization"},"potentialAction":[{"@type":"SearchAction","target":{"@type":"EntryPoint","urlTemplate":"https:\/\/nid.pl\/?s={search_term_string}"},"query-input":{"@type":"PropertyValueSpecification","valueRequired":true,"valueName":"search_term_string"}}],"inLanguage":"en-GB"},{"@type":"Organization","@id":"https:\/\/nid.pl\/#organization","name":"Narodowy Instytut Dziedzictwa","url":"https:\/\/nid.pl\/","logo":{"@type":"ImageObject","inLanguage":"en-GB","@id":"https:\/\/nid.pl\/#\/schema\/logo\/image\/","url":"https:\/\/nid.pl\/wp-content\/uploads\/2022\/10\/logoRedDark.png","contentUrl":"https:\/\/nid.pl\/wp-content\/uploads\/2022\/10\/logoRedDark.png","width":200,"height":197,"caption":"Narodowy Instytut Dziedzictwa"},"image":{"@id":"https:\/\/nid.pl\/#\/schema\/logo\/image\/"},"sameAs":["https:\/\/www.facebook.com\/zabytek","https:\/\/x.com\/NarIDpl","https:\/\/www.instagram.com\/nid.pl\/?hl=pl","https:\/\/www.linkedin.com\/company\/narodowy-instytut-dziedzictwa","https:\/\/www.youtube.com\/channel\/UCQXuhKa2uHtmNvLRUSx40JA"]},{"@type":"Person","@id":"https:\/\/nid.pl\/#\/schema\/person\/1b690a8998a5111cfb9f0ffe24195a15","name":"Barbara Halliop","image":{"@type":"ImageObject","inLanguage":"en-GB","@id":"https:\/\/nid.pl\/#\/schema\/person\/image\/","url":"https:\/\/nid.pl\/wp-content\/litespeed\/avatar\/924046d17dd0c842c9fa9ccf489bc6dc.jpg?ver=1777444967","contentUrl":"https:\/\/nid.pl\/wp-content\/litespeed\/avatar\/924046d17dd0c842c9fa9ccf489bc6dc.jpg?ver=1777444967","caption":"Barbara Halliop"},"url":"https:\/\/nid.pl\/en\/author\/bhalliop\/"}]}},"_links":{"self":[{"href":"https:\/\/nid.pl\/en\/wp-json\/wp\/v2\/posts\/10322","targetHints":{"allow":["GET"]}}],"collection":[{"href":"https:\/\/nid.pl\/en\/wp-json\/wp\/v2\/posts"}],"about":[{"href":"https:\/\/nid.pl\/en\/wp-json\/wp\/v2\/types\/post"}],"author":[{"embeddable":true,"href":"https:\/\/nid.pl\/en\/wp-json\/wp\/v2\/users\/7"}],"replies":[{"embeddable":true,"href":"https:\/\/nid.pl\/en\/wp-json\/wp\/v2\/comments?post=10322"}],"version-history":[{"count":0,"href":"https:\/\/nid.pl\/en\/wp-json\/wp\/v2\/posts\/10322\/revisions"}],"wp:featuredmedia":[{"embeddable":true,"href":"https:\/\/nid.pl\/en\/wp-json\/wp\/v2\/media\/10323"}],"wp:attachment":[{"href":"https:\/\/nid.pl\/en\/wp-json\/wp\/v2\/media?parent=10322"}],"wp:term":[{"taxonomy":"category","embeddable":true,"href":"https:\/\/nid.pl\/en\/wp-json\/wp\/v2\/categories?post=10322"},{"taxonomy":"post_tag","embeddable":true,"href":"https:\/\/nid.pl\/en\/wp-json\/wp\/v2\/tags?post=10322"}],"curies":[{"name":"wp","href":"https:\/\/api.w.org\/{rel}","templated":true}]}}