{"id":10309,"date":"2023-03-23T14:25:59","date_gmt":"2023-03-23T13:25:59","guid":{"rendered":"https:\/\/nid.pl\/?p=10309"},"modified":"2023-08-24T14:36:06","modified_gmt":"2023-08-24T12:36:06","slug":"europejskie-dni-dziedzictwa-dolacz-do-grona-organizatorow","status":"publish","type":"post","link":"https:\/\/nid.pl\/en\/2023\/03\/23\/europejskie-dni-dziedzictwa-dolacz-do-grona-organizatorow\/","title":{"rendered":"Europejskie Dni Dziedzictwa \u2013 do\u0142\u0105cz do grona organizator\u00f3w!"},"content":{"rendered":"<p><strong>Ka\u017cdego roku Europejskie Dni Dziedzictwa gromadz\u0105 tysi\u0105ce uczestnik\u00f3w z 50 kraj\u00f3w. Narodowy Instytut Dziedzictwa &#8211; og\u00f3lnopolski koordynator projektu \u00ad- zaprasza wszystkie instytucje kultury, depozytariuszy dziedzictwa kulturowego, do udzia\u0142u w najwi\u0119kszym tego typu wydarzeniu w Europie.<\/strong><\/p>\n\n\n\n<p>Europejskie Dni Dziedzictwa (#EDD), to cykliczny projekt kulturalno-spo\u0142eczno-edukacyjny obejmuj\u0105cy swoim zasi\u0119giem 50 kraj\u00f3w, sygnatariuszy Europejskiej Konwencji Kulturalnej. W&nbsp;ubieg\u0142ym roku, w ca\u0142ej Europie, pod szyldem #EDD odby\u0142o si\u0119 a\u017c 50 000 wydarze\u0144, ukazuj\u0105cych i promuj\u0105cych dziedzictwo kulturowe. W Polsce, przez dwa wrze\u015bniowe weekendy, przesz\u0142o 200 tysi\u0119cy os\u00f3b wzi\u0119\u0142o udzia\u0142 w ponad 1200 wydarzeniach b\u0119d\u0105cych okazj\u0105 do odkrywania historii ludzi i miejsc. Nie brakowa\u0142o wystaw, koncert\u00f3w, pokaz\u00f3w, spacer\u00f3w, rajd\u00f3w, festyn\u00f3w i wielu innych ciekawych przedsi\u0119wzi\u0119\u0107.<\/p>\n\n\n\n<p>\u2013 <em>Na przestrzeni czasu &#8211; przy zaanga\u017cowaniu setek organizator\u00f3w poszczeg\u00f3lnych wydarze\u0144, zar\u00f3wno du\u017cych muze\u00f3w, lokalnych o\u015brodk\u00f3w kultury, organizacji pozarz\u0105dowych, jak i&nbsp;ma\u0142ych gminnych bibliotek czy os\u00f3b prywatnych \u2013 powsta\u0142a wyj\u0105tkowa formu\u0142a projektu, pod wsp\u00f3lnym szyldem Europejskich Dni Dziedzictwa <\/em>\u2013 wyja\u015bnia dyrektor Narodowego Instytutu Dziedzictwa, dr hab. Katarzyna Zalasi\u0144ska.<\/p>\n\n\n\n<p><strong>Dlaczego warto do\u0142\u0105czy\u0107 do grona organizator\u00f3w Europejskich Dni Dziedzictwa?<\/strong><\/p>\n\n\n\n<p>Dziedzictwo kulturowe nie ko\u0144czy si\u0119 na zabytkach i zbiorach obiekt\u00f3w. Obejmuje ono r\u00f3wnie\u017c tradycje lub \u017cywe formy wyrazu odziedziczone po naszych przodkach i przekazane przysz\u0142ym pokoleniom, takie jak tradycje ustne, sztuki widowiskowe, wiedza i praktyki dotycz\u0105ce przyrody lub wiedza i tradycyjne umiej\u0119tno\u015bci rzemie\u015blnicze.<\/p>\n\n\n\n<p>Jak podkre\u015bla dr hab. Janusz Trupinda &#8211; dyrektor Muzeum Zamkowego w Malborku, instytucji od lat zaanga\u017cowanej w organizacj\u0119 #EDD w wojew\u00f3dztwie pomorskim &#8211; to dzi\u0119ki zaanga\u017cowaniu pasjonat\u00f3w, mo\u017cemy odkrywa\u0107 nasz\u0105 histori\u0119 i bogactwo kulturowe, a&nbsp;organizatorzy wydarze\u0144 wrze\u015bniowych, mog\u0105 nawi\u0105zywa\u0107 owocne relacje.<\/p>\n\n\n\n<p>\u2013 <em>Malbork to zamek zbudowany z ceg\u0142y, ale o\u017cywiany pasj\u0105. Od wiek\u00f3w budowany i&nbsp;odbudowywany przez pasjonat\u00f3w, ideowc\u00f3w i idealist\u00f3w, ludzi bez reszty mu oddanych. \u015amiem twierdzi\u0107, \u017ce w\u0142a\u015bnie to stanowi o jego pi\u0119knie i magii \u2013 jest prawdziwym dziedzictwem. Europejskie Dni Dziedzictwa to okazja do spotkania ludzi nam podobnych, pe\u0142nych pasji i&nbsp;energii, do nawi\u0105zania wsp\u00f3\u0142pracy, kt\u00f3ra przynosi pi\u0119kne owoce. Dlatego w pe\u0142ni \u015bwiadomie, z przyjemno\u015bci\u0105 i zaanga\u017cowaniem w\u0142\u0105czyli\u015bmy si\u0119 w organizacj\u0119 EDD w wojew\u00f3dztwie pomorskim \u2013 <\/em>podkre\u015bla dyrektor malborskiego zamku.<\/p>\n\n\n\n<p>R\u00f3wnie\u017c zdaniem Miejskiego Konserwatora Zabytk\u00f3w w Rudzie \u015al\u0105skiej, dr. in\u017c. arch. \u0141ukasza Urba\u0144czyka, udzia\u0142 w #EDD to okazja do nawi\u0105zania wsp\u00f3\u0142pracy i wymiany do\u015bwiadcze\u0144 w temacie dzia\u0142a\u0144 historyczno-kulturalnych, w\u0142a\u015bcicieli i zarz\u0105dc\u00f3w obiekt\u00f3w zabytkowych, instytucji samorz\u0105dowych czy organizacji pozarz\u0105dowych. To tak\u017ce okazja do promocji zabytk\u00f3w i&nbsp;dziedzictwa kulturowego \u201ema\u0142ych ojczyzn\u201d.<\/p>\n\n\n\n<p>\u2013 <em>Dzi\u0119ki w\u0142\u0105czeniu si\u0119 w celebrowanie #EDD, mo\u017cliwe jest podzielenie si\u0119 z interesariuszami dziedzictwa fachow\u0105 wiedz\u0105 w przyst\u0119pny spos\u00f3b, pokazanie miejsc, na co dzie\u0144 niedost\u0119pnych lub wskrzeszenie dawnych tradycji. Przek\u0142ada si\u0119 to na do\u015bwiadczenie mi\u0119dzypokoleniowego spotkania wok\u00f3\u0142 warto\u015bci p\u0142yn\u0105cych z dziedzictwa.&nbsp;Ponadto organizacja #EDD pozwala na nawi\u0105zanie wsp\u00f3\u0142pracy z r\u00f3\u017cnymi \u015brodowiskami, dla kt\u00f3rych dziedzictwo kulturowe stanowi centraln\u0105 o\u015b dzia\u0142ania. Dzi\u0119ki niej mo\u017cliwe staje si\u0119 stworzenie platformy wymiany do\u015bwiadcze\u0144 i wiedzy w temacie lokalnej historii i kultury, co owocuje nie tylko lepszym rozpoznaniem dziedzictwa, ale r\u00f3wnie\u017c pog\u0142\u0119bieniem wra\u017cliwo\u015bci na r\u00f3\u017cnorodne jego oblicza <\/em>\u2013 wyja\u015bnia \u0141ukasz Urba\u0144czyk.<\/p>\n\n\n\n<p>Jak podkre\u015bla Ma\u0142gorzata Michalczyk, jedna z organizatorek #EDD<strong> <\/strong>w Raciborzu, Europejskie Dni Dziedzictwa s\u0105 doskona\u0142\u0105 okazj\u0105 promocji d\u00f3br kulturowych ka\u017cdej \u201ema\u0142ej ojczyzny\u201d przez lokalne instytucje kultury.<\/p>\n\n\n\n<p><em>\u2013 W\u0142\u0105czaj\u0105c si\u0119 w organizacj\u0119 #EDD dajemy szans\u0119 lokalnej spo\u0142eczno\u015bci obcowania z tym, czego na co dzie\u0144 si\u0119 nie zauwa\u017ca a jest tak blisko. Organizowane wydarzenia s\u0105 swoist\u0105 form\u0105 edukacji regionalnej nieco zapominanej w plac\u00f3wkach o\u015bwiatowych. Biblioteka w\u0142\u0105czaj\u0105c si\u0119 w projekt #EDD podnosi swoj\u0105 rang\u0119 w oczach lokalnej spo\u0142eczno\u015bci, jako jednostka piel\u0119gnuj\u0105ca dziedzictwo kulturowe i stanowi wz\u00f3r do na\u015bladowania \u2013 <\/em>wyja\u015bnia Ma\u0142gorzata Michalczyk Instruktor Miejskiej i Powiatowej Biblioteki Publicznej im. Ryszarda Kincla w&nbsp;Raciborzu.<\/p>\n\n\n\n<p><strong>We\u017a udzia\u0142 w tegorocznej edycji #EDD<\/strong><\/p>\n\n\n\n<p>Europejskie Dni Dziedzictwa odbywaj\u0105 si\u0119 ka\u017cdego roku w II i III weekend wrze\u015bnia. W 2023 roku przypadaj\u0105 na 9-10 i 16-17 wrze\u015bnia. Zapraszamy do organizacji wyj\u0105tkowych wydarze\u0144 w tych dniach, zwi\u0105zanych z histori\u0105 i zabytkami swojego miejsca. Inspiracj\u0105 w ich organizacji mo\u017ce by\u0107 temat przewodni, kt\u00f3ry towarzyszy ka\u017cdej edycji #EDD. Do tej pory Europejskie Dni Dziedzictwa w Polsce odbywa\u0142y si\u0119 pod takimi has\u0142ami, jak np.: \u201eKrajobraz dziedzictwa \u2013 dziedzictwo krajobrazu\u201d, \u201eNiepodleg\u0142a dla wszystkich\u201d, \u201eSmaki dziedzictwa\u201d czy \u201ePo\u0142\u0105czeni dziedzictwem\u201d.<\/p>\n\n\n\n<p><strong>\u017bywe dziedzictwo &#8211; tradycje od pokole\u0144\u201d<\/strong> \u2013 zwi\u0105zane jest z jubileuszem 20-lecia uchwalenia konwencji UNESCO w sprawie ochrony niematerialnego dziedzictwa kulturowego, a tak\u017ce 10-leciem <a href=\"https:\/\/niematerialne.nid.pl\/\" target=\"_blank\" rel=\"noreferrer noopener\">Krajowej listy niematerialnego dziedzictwa kulturowego<\/a>. Wi\u0119cej informacji o tegorocznym ha\u015ble dost\u0119pnych jest na stronie: <a href=\"https:\/\/edd.nid.pl\/aktualnosci\/znamy-haslo-edd-2023\/\" target=\"_blank\" rel=\"noreferrer noopener\">edd.nid.pl<\/a>.<\/p>\n\n\n\n<p><strong><em>Jak wzi\u0105\u0107 udzia\u0142 w Europejskich Dniach Dziedzictwa?<\/em><\/strong><\/p>\n\n\n\n<p>Wystarczy tylko wype\u0142ni\u0107&nbsp;&nbsp;<a href=\"https:\/\/edd.nid.pl\/formularz-zgloszeniowy\/\">FORMULARZ ZG\u0141OSZE<\/a><a href=\"https:\/\/edd.nid.pl\/formularz-zgloszeniowy\/\" target=\"_blank\" rel=\"noreferrer noopener\">NIOWY<\/a> znajduj\u0105cy si\u0119 na stronie og\u00f3lnopolskiego koordynatora #EDD, kt\u00f3rym jest Narodowy Instytut Dziedzictwa. Na stronie <a href=\"https:\/\/edd.nid.pl\/koordynatorzy\/\" target=\"_blank\" rel=\"noreferrer noopener\">edd.nid.pl<\/a>, znajduje si\u0119 r\u00f3wnie\u017c baza kontakt\u00f3w do koordynator\u00f3w lokalnych wydarzenia, kt\u00f3rzy odpowiedz\u0105 szczeg\u00f3\u0142owo na wszystkie pytania instytucji, kt\u00f3re zechc\u0105 w\u0142\u0105czy\u0107 si\u0119 do tegorocznej edycji Europejskich Dni Dziedzictwa.<\/p>\n\n\n\n<p><strong>Patronem medialnym Europejskich Dni Dziedzictwa jest Polskie Radio S.A.<\/strong><\/p>\n\n\n\n<p><\/p>\n\n\n\n<figure class=\"wp-block-embed aligncenter is-type-video is-provider-youtube wp-block-embed-youtube wp-embed-aspect-16-9 wp-has-aspect-ratio\"><div class=\"wp-block-embed__wrapper\">\n<iframe loading=\"lazy\" title=\"EUROPEJSKIE DNI DZIEDZICTWA 2023 - \u201e\u017bywe dziedzictwo - tradycje od pokole\u0144\u201d.\" width=\"1080\" height=\"608\" src=\"https:\/\/www.youtube.com\/embed\/hr5pUkDvBtE?feature=oembed\"  allow=\"accelerometer; autoplay; clipboard-write; encrypted-media; gyroscope; picture-in-picture; web-share\" allowfullscreen><\/iframe>\n<\/div><\/figure>","protected":false},"excerpt":{"rendered":"<p>Ka\u017cdego roku Europejskie Dni Dziedzictwa gromadz\u0105 tysi\u0105ce uczestnik\u00f3w z 50 kraj\u00f3w. Narodowy Instytut Dziedzictwa &#8211; og\u00f3lnopolski koordynator projektu \u00ad- zaprasza wszystkie instytucje kultury, depozytariuszy dziedzictwa kulturowego, do udzia\u0142u w najwi\u0119kszym [&hellip;]<\/p>","protected":false},"author":7,"featured_media":10314,"comment_status":"open","ping_status":"open","sticky":false,"template":"","format":"standard","meta":{"_et_pb_use_builder":"off","_et_pb_old_content":"","_et_gb_content_width":"","_monsterinsights_skip_tracking":false,"_monsterinsights_sitenote_active":false,"_monsterinsights_sitenote_note":"","_monsterinsights_sitenote_category":0,"footnotes":""},"categories":[3,89],"tags":[],"class_list":["post-10309","post","type-post","status-publish","format-standard","has-post-thumbnail","hentry","category-aktualnosci","category-europejskie-dni-dziedzictwa"],"yoast_head":"<!-- This site is optimized with the Yoast SEO plugin v26.5 - https:\/\/yoast.com\/wordpress\/plugins\/seo\/ -->\n<title>Europejskie Dni Dziedzictwa \u2013 do\u0142\u0105cz do grona organizator\u00f3w! - NID<\/title>\n<meta name=\"robots\" content=\"index, follow, max-snippet:-1, max-image-preview:large, max-video-preview:-1\" \/>\n<link rel=\"canonical\" href=\"https:\/\/nid.pl\/en\/2023\/03\/23\/europejskie-dni-dziedzictwa-dolacz-do-grona-organizatorow\/\" \/>\n<meta property=\"og:locale\" content=\"en_GB\" \/>\n<meta property=\"og:type\" content=\"article\" \/>\n<meta property=\"og:title\" content=\"Europejskie Dni Dziedzictwa \u2013 do\u0142\u0105cz do grona organizator\u00f3w! - NID\" \/>\n<meta property=\"og:description\" content=\"Ka\u017cdego roku Europejskie Dni Dziedzictwa gromadz\u0105 tysi\u0105ce uczestnik\u00f3w z 50 kraj\u00f3w. Narodowy Instytut Dziedzictwa &#8211; og\u00f3lnopolski koordynator projektu \u00ad- zaprasza wszystkie instytucje kultury, depozytariuszy dziedzictwa kulturowego, do udzia\u0142u w najwi\u0119kszym [&hellip;]\" \/>\n<meta property=\"og:url\" content=\"https:\/\/nid.pl\/en\/2023\/03\/23\/europejskie-dni-dziedzictwa-dolacz-do-grona-organizatorow\/\" \/>\n<meta property=\"og:site_name\" content=\"NID\" \/>\n<meta property=\"article:publisher\" content=\"https:\/\/www.facebook.com\/zabytek\" \/>\n<meta property=\"article:published_time\" content=\"2023-03-23T13:25:59+00:00\" \/>\n<meta property=\"article:modified_time\" content=\"2023-08-24T12:36:06+00:00\" \/>\n<meta property=\"og:image\" content=\"https:\/\/nid.pl\/wp-content\/uploads\/2023\/03\/miniaturka-EDD.jpg\" \/>\n\t<meta property=\"og:image:width\" content=\"1857\" \/>\n\t<meta property=\"og:image:height\" content=\"1238\" \/>\n\t<meta property=\"og:image:type\" content=\"image\/jpeg\" \/>\n<meta name=\"author\" content=\"Barbara Halliop\" \/>\n<meta name=\"twitter:card\" content=\"summary_large_image\" \/>\n<meta name=\"twitter:creator\" content=\"@NarIDpl\" \/>\n<meta name=\"twitter:site\" content=\"@NarIDpl\" \/>\n<meta name=\"twitter:label1\" content=\"Written by\" \/>\n\t<meta name=\"twitter:data1\" content=\"Barbara Halliop\" \/>\n\t<meta name=\"twitter:label2\" content=\"Estimated reading time\" \/>\n\t<meta name=\"twitter:data2\" content=\"4 minutes\" \/>\n<script type=\"application\/ld+json\" class=\"yoast-schema-graph\">{\"@context\":\"https:\/\/schema.org\",\"@graph\":[{\"@type\":\"Article\",\"@id\":\"https:\/\/nid.pl\/2023\/03\/23\/europejskie-dni-dziedzictwa-dolacz-do-grona-organizatorow\/#article\",\"isPartOf\":{\"@id\":\"https:\/\/nid.pl\/2023\/03\/23\/europejskie-dni-dziedzictwa-dolacz-do-grona-organizatorow\/\"},\"author\":{\"name\":\"Barbara Halliop\",\"@id\":\"https:\/\/nid.pl\/#\/schema\/person\/1b690a8998a5111cfb9f0ffe24195a15\"},\"headline\":\"Europejskie Dni Dziedzictwa \u2013 do\u0142\u0105cz do grona organizator\u00f3w!\",\"datePublished\":\"2023-03-23T13:25:59+00:00\",\"dateModified\":\"2023-08-24T12:36:06+00:00\",\"mainEntityOfPage\":{\"@id\":\"https:\/\/nid.pl\/2023\/03\/23\/europejskie-dni-dziedzictwa-dolacz-do-grona-organizatorow\/\"},\"wordCount\":963,\"commentCount\":0,\"publisher\":{\"@id\":\"https:\/\/nid.pl\/#organization\"},\"image\":{\"@id\":\"https:\/\/nid.pl\/2023\/03\/23\/europejskie-dni-dziedzictwa-dolacz-do-grona-organizatorow\/#primaryimage\"},\"thumbnailUrl\":\"https:\/\/nid.pl\/wp-content\/uploads\/2023\/03\/miniaturka-EDD.jpg\",\"articleSection\":[\"Aktualno\u015bci\",\"EDD\"],\"inLanguage\":\"en-GB\"},{\"@type\":\"WebPage\",\"@id\":\"https:\/\/nid.pl\/2023\/03\/23\/europejskie-dni-dziedzictwa-dolacz-do-grona-organizatorow\/\",\"url\":\"https:\/\/nid.pl\/2023\/03\/23\/europejskie-dni-dziedzictwa-dolacz-do-grona-organizatorow\/\",\"name\":\"Europejskie Dni Dziedzictwa \u2013 do\u0142\u0105cz do grona organizator\u00f3w! - NID\",\"isPartOf\":{\"@id\":\"https:\/\/nid.pl\/#website\"},\"primaryImageOfPage\":{\"@id\":\"https:\/\/nid.pl\/2023\/03\/23\/europejskie-dni-dziedzictwa-dolacz-do-grona-organizatorow\/#primaryimage\"},\"image\":{\"@id\":\"https:\/\/nid.pl\/2023\/03\/23\/europejskie-dni-dziedzictwa-dolacz-do-grona-organizatorow\/#primaryimage\"},\"thumbnailUrl\":\"https:\/\/nid.pl\/wp-content\/uploads\/2023\/03\/miniaturka-EDD.jpg\",\"datePublished\":\"2023-03-23T13:25:59+00:00\",\"dateModified\":\"2023-08-24T12:36:06+00:00\",\"breadcrumb\":{\"@id\":\"https:\/\/nid.pl\/2023\/03\/23\/europejskie-dni-dziedzictwa-dolacz-do-grona-organizatorow\/#breadcrumb\"},\"inLanguage\":\"en-GB\",\"potentialAction\":[{\"@type\":\"ReadAction\",\"target\":[\"https:\/\/nid.pl\/2023\/03\/23\/europejskie-dni-dziedzictwa-dolacz-do-grona-organizatorow\/\"]}]},{\"@type\":\"ImageObject\",\"inLanguage\":\"en-GB\",\"@id\":\"https:\/\/nid.pl\/2023\/03\/23\/europejskie-dni-dziedzictwa-dolacz-do-grona-organizatorow\/#primaryimage\",\"url\":\"https:\/\/nid.pl\/wp-content\/uploads\/2023\/03\/miniaturka-EDD.jpg\",\"contentUrl\":\"https:\/\/nid.pl\/wp-content\/uploads\/2023\/03\/miniaturka-EDD.jpg\",\"width\":1857,\"height\":1238,\"caption\":\"miniaturka EDD\"},{\"@type\":\"BreadcrumbList\",\"@id\":\"https:\/\/nid.pl\/2023\/03\/23\/europejskie-dni-dziedzictwa-dolacz-do-grona-organizatorow\/#breadcrumb\",\"itemListElement\":[{\"@type\":\"ListItem\",\"position\":1,\"name\":\"Home\",\"item\":\"https:\/\/nid.pl\/\"},{\"@type\":\"ListItem\",\"position\":2,\"name\":\"Europejskie Dni Dziedzictwa \u2013 do\u0142\u0105cz do grona organizator\u00f3w!\"}]},{\"@type\":\"WebSite\",\"@id\":\"https:\/\/nid.pl\/#website\",\"url\":\"https:\/\/nid.pl\/\",\"name\":\"NID\",\"description\":\"Narodowy Instytut Dziedzictwa\",\"publisher\":{\"@id\":\"https:\/\/nid.pl\/#organization\"},\"potentialAction\":[{\"@type\":\"SearchAction\",\"target\":{\"@type\":\"EntryPoint\",\"urlTemplate\":\"https:\/\/nid.pl\/?s={search_term_string}\"},\"query-input\":{\"@type\":\"PropertyValueSpecification\",\"valueRequired\":true,\"valueName\":\"search_term_string\"}}],\"inLanguage\":\"en-GB\"},{\"@type\":\"Organization\",\"@id\":\"https:\/\/nid.pl\/#organization\",\"name\":\"Narodowy Instytut Dziedzictwa\",\"url\":\"https:\/\/nid.pl\/\",\"logo\":{\"@type\":\"ImageObject\",\"inLanguage\":\"en-GB\",\"@id\":\"https:\/\/nid.pl\/#\/schema\/logo\/image\/\",\"url\":\"https:\/\/nid.pl\/wp-content\/uploads\/2022\/10\/logoRedDark.png\",\"contentUrl\":\"https:\/\/nid.pl\/wp-content\/uploads\/2022\/10\/logoRedDark.png\",\"width\":200,\"height\":197,\"caption\":\"Narodowy Instytut Dziedzictwa\"},\"image\":{\"@id\":\"https:\/\/nid.pl\/#\/schema\/logo\/image\/\"},\"sameAs\":[\"https:\/\/www.facebook.com\/zabytek\",\"https:\/\/x.com\/NarIDpl\",\"https:\/\/www.instagram.com\/nid.pl\/?hl=pl\",\"https:\/\/www.linkedin.com\/company\/narodowy-instytut-dziedzictwa\",\"https:\/\/www.youtube.com\/channel\/UCQXuhKa2uHtmNvLRUSx40JA\"]},{\"@type\":\"Person\",\"@id\":\"https:\/\/nid.pl\/#\/schema\/person\/1b690a8998a5111cfb9f0ffe24195a15\",\"name\":\"Barbara Halliop\",\"image\":{\"@type\":\"ImageObject\",\"inLanguage\":\"en-GB\",\"@id\":\"https:\/\/nid.pl\/#\/schema\/person\/image\/\",\"url\":\"https:\/\/nid.pl\/wp-content\/litespeed\/avatar\/924046d17dd0c842c9fa9ccf489bc6dc.jpg?ver=1777444967\",\"contentUrl\":\"https:\/\/nid.pl\/wp-content\/litespeed\/avatar\/924046d17dd0c842c9fa9ccf489bc6dc.jpg?ver=1777444967\",\"caption\":\"Barbara Halliop\"},\"url\":\"https:\/\/nid.pl\/en\/author\/bhalliop\/\"}]}<\/script>\n<!-- \/ Yoast SEO plugin. -->","yoast_head_json":{"title":"Europejskie Dni Dziedzictwa \u2013 do\u0142\u0105cz do grona organizator\u00f3w! - NID","robots":{"index":"index","follow":"follow","max-snippet":"max-snippet:-1","max-image-preview":"max-image-preview:large","max-video-preview":"max-video-preview:-1"},"canonical":"https:\/\/nid.pl\/en\/2023\/03\/23\/europejskie-dni-dziedzictwa-dolacz-do-grona-organizatorow\/","og_locale":"en_GB","og_type":"article","og_title":"Europejskie Dni Dziedzictwa \u2013 do\u0142\u0105cz do grona organizator\u00f3w! - NID","og_description":"Ka\u017cdego roku Europejskie Dni Dziedzictwa gromadz\u0105 tysi\u0105ce uczestnik\u00f3w z 50 kraj\u00f3w. Narodowy Instytut Dziedzictwa &#8211; og\u00f3lnopolski koordynator projektu \u00ad- zaprasza wszystkie instytucje kultury, depozytariuszy dziedzictwa kulturowego, do udzia\u0142u w najwi\u0119kszym [&hellip;]","og_url":"https:\/\/nid.pl\/en\/2023\/03\/23\/europejskie-dni-dziedzictwa-dolacz-do-grona-organizatorow\/","og_site_name":"NID","article_publisher":"https:\/\/www.facebook.com\/zabytek","article_published_time":"2023-03-23T13:25:59+00:00","article_modified_time":"2023-08-24T12:36:06+00:00","og_image":[{"width":1857,"height":1238,"url":"https:\/\/nid.pl\/wp-content\/uploads\/2023\/03\/miniaturka-EDD.jpg","type":"image\/jpeg"}],"author":"Barbara Halliop","twitter_card":"summary_large_image","twitter_creator":"@NarIDpl","twitter_site":"@NarIDpl","twitter_misc":{"Written by":"Barbara Halliop","Estimated reading time":"4 minutes"},"schema":{"@context":"https:\/\/schema.org","@graph":[{"@type":"Article","@id":"https:\/\/nid.pl\/2023\/03\/23\/europejskie-dni-dziedzictwa-dolacz-do-grona-organizatorow\/#article","isPartOf":{"@id":"https:\/\/nid.pl\/2023\/03\/23\/europejskie-dni-dziedzictwa-dolacz-do-grona-organizatorow\/"},"author":{"name":"Barbara Halliop","@id":"https:\/\/nid.pl\/#\/schema\/person\/1b690a8998a5111cfb9f0ffe24195a15"},"headline":"Europejskie Dni Dziedzictwa \u2013 do\u0142\u0105cz do grona organizator\u00f3w!","datePublished":"2023-03-23T13:25:59+00:00","dateModified":"2023-08-24T12:36:06+00:00","mainEntityOfPage":{"@id":"https:\/\/nid.pl\/2023\/03\/23\/europejskie-dni-dziedzictwa-dolacz-do-grona-organizatorow\/"},"wordCount":963,"commentCount":0,"publisher":{"@id":"https:\/\/nid.pl\/#organization"},"image":{"@id":"https:\/\/nid.pl\/2023\/03\/23\/europejskie-dni-dziedzictwa-dolacz-do-grona-organizatorow\/#primaryimage"},"thumbnailUrl":"https:\/\/nid.pl\/wp-content\/uploads\/2023\/03\/miniaturka-EDD.jpg","articleSection":["Aktualno\u015bci","EDD"],"inLanguage":"en-GB"},{"@type":"WebPage","@id":"https:\/\/nid.pl\/2023\/03\/23\/europejskie-dni-dziedzictwa-dolacz-do-grona-organizatorow\/","url":"https:\/\/nid.pl\/2023\/03\/23\/europejskie-dni-dziedzictwa-dolacz-do-grona-organizatorow\/","name":"Europejskie Dni Dziedzictwa \u2013 do\u0142\u0105cz do grona organizator\u00f3w! - NID","isPartOf":{"@id":"https:\/\/nid.pl\/#website"},"primaryImageOfPage":{"@id":"https:\/\/nid.pl\/2023\/03\/23\/europejskie-dni-dziedzictwa-dolacz-do-grona-organizatorow\/#primaryimage"},"image":{"@id":"https:\/\/nid.pl\/2023\/03\/23\/europejskie-dni-dziedzictwa-dolacz-do-grona-organizatorow\/#primaryimage"},"thumbnailUrl":"https:\/\/nid.pl\/wp-content\/uploads\/2023\/03\/miniaturka-EDD.jpg","datePublished":"2023-03-23T13:25:59+00:00","dateModified":"2023-08-24T12:36:06+00:00","breadcrumb":{"@id":"https:\/\/nid.pl\/2023\/03\/23\/europejskie-dni-dziedzictwa-dolacz-do-grona-organizatorow\/#breadcrumb"},"inLanguage":"en-GB","potentialAction":[{"@type":"ReadAction","target":["https:\/\/nid.pl\/2023\/03\/23\/europejskie-dni-dziedzictwa-dolacz-do-grona-organizatorow\/"]}]},{"@type":"ImageObject","inLanguage":"en-GB","@id":"https:\/\/nid.pl\/2023\/03\/23\/europejskie-dni-dziedzictwa-dolacz-do-grona-organizatorow\/#primaryimage","url":"https:\/\/nid.pl\/wp-content\/uploads\/2023\/03\/miniaturka-EDD.jpg","contentUrl":"https:\/\/nid.pl\/wp-content\/uploads\/2023\/03\/miniaturka-EDD.jpg","width":1857,"height":1238,"caption":"miniaturka EDD"},{"@type":"BreadcrumbList","@id":"https:\/\/nid.pl\/2023\/03\/23\/europejskie-dni-dziedzictwa-dolacz-do-grona-organizatorow\/#breadcrumb","itemListElement":[{"@type":"ListItem","position":1,"name":"Home","item":"https:\/\/nid.pl\/"},{"@type":"ListItem","position":2,"name":"Europejskie Dni Dziedzictwa \u2013 do\u0142\u0105cz do grona organizator\u00f3w!"}]},{"@type":"WebSite","@id":"https:\/\/nid.pl\/#website","url":"https:\/\/nid.pl\/","name":"NID","description":"Narodowy Instytut Dziedzictwa","publisher":{"@id":"https:\/\/nid.pl\/#organization"},"potentialAction":[{"@type":"SearchAction","target":{"@type":"EntryPoint","urlTemplate":"https:\/\/nid.pl\/?s={search_term_string}"},"query-input":{"@type":"PropertyValueSpecification","valueRequired":true,"valueName":"search_term_string"}}],"inLanguage":"en-GB"},{"@type":"Organization","@id":"https:\/\/nid.pl\/#organization","name":"Narodowy Instytut Dziedzictwa","url":"https:\/\/nid.pl\/","logo":{"@type":"ImageObject","inLanguage":"en-GB","@id":"https:\/\/nid.pl\/#\/schema\/logo\/image\/","url":"https:\/\/nid.pl\/wp-content\/uploads\/2022\/10\/logoRedDark.png","contentUrl":"https:\/\/nid.pl\/wp-content\/uploads\/2022\/10\/logoRedDark.png","width":200,"height":197,"caption":"Narodowy Instytut Dziedzictwa"},"image":{"@id":"https:\/\/nid.pl\/#\/schema\/logo\/image\/"},"sameAs":["https:\/\/www.facebook.com\/zabytek","https:\/\/x.com\/NarIDpl","https:\/\/www.instagram.com\/nid.pl\/?hl=pl","https:\/\/www.linkedin.com\/company\/narodowy-instytut-dziedzictwa","https:\/\/www.youtube.com\/channel\/UCQXuhKa2uHtmNvLRUSx40JA"]},{"@type":"Person","@id":"https:\/\/nid.pl\/#\/schema\/person\/1b690a8998a5111cfb9f0ffe24195a15","name":"Barbara Halliop","image":{"@type":"ImageObject","inLanguage":"en-GB","@id":"https:\/\/nid.pl\/#\/schema\/person\/image\/","url":"https:\/\/nid.pl\/wp-content\/litespeed\/avatar\/924046d17dd0c842c9fa9ccf489bc6dc.jpg?ver=1777444967","contentUrl":"https:\/\/nid.pl\/wp-content\/litespeed\/avatar\/924046d17dd0c842c9fa9ccf489bc6dc.jpg?ver=1777444967","caption":"Barbara Halliop"},"url":"https:\/\/nid.pl\/en\/author\/bhalliop\/"}]}},"_links":{"self":[{"href":"https:\/\/nid.pl\/en\/wp-json\/wp\/v2\/posts\/10309","targetHints":{"allow":["GET"]}}],"collection":[{"href":"https:\/\/nid.pl\/en\/wp-json\/wp\/v2\/posts"}],"about":[{"href":"https:\/\/nid.pl\/en\/wp-json\/wp\/v2\/types\/post"}],"author":[{"embeddable":true,"href":"https:\/\/nid.pl\/en\/wp-json\/wp\/v2\/users\/7"}],"replies":[{"embeddable":true,"href":"https:\/\/nid.pl\/en\/wp-json\/wp\/v2\/comments?post=10309"}],"version-history":[{"count":0,"href":"https:\/\/nid.pl\/en\/wp-json\/wp\/v2\/posts\/10309\/revisions"}],"wp:featuredmedia":[{"embeddable":true,"href":"https:\/\/nid.pl\/en\/wp-json\/wp\/v2\/media\/10314"}],"wp:attachment":[{"href":"https:\/\/nid.pl\/en\/wp-json\/wp\/v2\/media?parent=10309"}],"wp:term":[{"taxonomy":"category","embeddable":true,"href":"https:\/\/nid.pl\/en\/wp-json\/wp\/v2\/categories?post=10309"},{"taxonomy":"post_tag","embeddable":true,"href":"https:\/\/nid.pl\/en\/wp-json\/wp\/v2\/tags?post=10309"}],"curies":[{"name":"wp","href":"https:\/\/api.w.org\/{rel}","templated":true}]}}