{"id":10306,"date":"2023-03-23T14:19:07","date_gmt":"2023-03-23T13:19:07","guid":{"rendered":"https:\/\/nid.pl\/?p=10306"},"modified":"2023-03-30T15:39:49","modified_gmt":"2023-03-30T13:39:49","slug":"wzorcowa-rewitalizacja-w-czerwinsku-nad-wisla","status":"publish","type":"post","link":"https:\/\/nid.pl\/en\/2023\/03\/23\/wzorcowa-rewitalizacja-w-czerwinsku-nad-wisla\/","title":{"rendered":"Wzorcowa Rewitalizacja w Czerwi\u0144sku nad Wis\u0142\u0105"},"content":{"rendered":"<p><strong>Czerwi\u0144sk nad Wis\u0142\u0105 to wyj\u0105tkowe miejsce na mapie Mazowsza. Znajduj\u0105 si\u0119 tu niezwykle cenne zabytki. W ramach projektu \u201eWzorcowa Rewitalizacja\u201d powsta\u0142o opracowanie naukowe \u201eStudium ochrony warto\u015bci kulturowych miasta Czerwi\u0144sk na Wis\u0142\u0105\u201d, przygotowane przez interdyscyplinarny zesp\u00f3\u0142 pracownik\u00f3w Narodowego Instytutu Dziedzictwa. 10 marca, podczas uroczystego spotkania, mia\u0142o miejsce przekazanie opracowania, przedstawicielom interesariuszy tamtejszej rewitalizacji: burmistrzowi, Marcinowi Gortatowi oraz proboszczowi sanktuarium Matki Bo\u017cej Pocieszenia, ks. \u0141ukaszowi Mastalerzowi SDB.<\/strong><\/p>\n\n\n\n<p>Historyczny uk\u0142ad urbanistyczny Czerwi\u0144ska nad Wis\u0142\u0105, jego drewniana zabudowa zwi\u0105zana z represjami po powstaniu styczniowym, posiada wyj\u0105tkow\u0105 warto\u015b\u0107 historyczn\u0105. W mie\u015bcie znajduje si\u0119 r\u00f3wnie\u017c XII-wieczne opactwo Kanonik\u00f3w Regularnych, kt\u00f3rego warto\u015b\u0107 historyczn\u0105 oraz krajobrazowo-przestrzenn\u0105 doceniono presti\u017cowym tytu\u0142em <a href=\"https:\/\/zabytek.pl\/pl\/obiekty\/czerwinsk-nad-wisla-dawne-opactwo-kanonikow-regularnych--2\" target=\"_blank\" rel=\"noreferrer noopener\">Pomnik Historii<\/a>.<\/p>\n\n\n\n<p>Narodowy Instytut Dziedzictwa w ramach Krajowego Programu Ochrony Zabytk\u00f3w i Opieki nad Zabytkami na lata 2019-2022, realizowa\u0142 projekt \u201eWzorcowa Rewitalizacja\u201d, kt\u00f3rego celem by\u0142o wsparcie gmin w procesach planowania i wdra\u017cania&nbsp; Gminnych Program\u00f3w Rewitalizacji. Eksperci NID wraz z miejscowymi interesariuszami rewitalizacji przygotowywali kompleksowe opracowania, w tym zakresie, mi\u0119dzy innymi dla Czerwi\u0144ska nad Wis\u0142\u0105. Podczas spotkania, Bogus\u0142aw Chmiel, zast\u0119pca dyrektora NID, przypomnia\u0142, na jaki rodzaj wsparcia mogli liczy\u0107 interesariusze rewitalizacji z Czerwi\u0144ska nad Wis\u0142\u0105:<\/p>\n\n\n\n<p>\u2013<em> W tym czasie korzystali\u015bcie Pa\u0144stwo z dedykowanych szkole\u0144 w zakresie w\u0142a\u015bciwego ujmowania dziedzictwa w procesie przygotowywania i wra\u017cania rewitalizacji oraz zorganizowali\u015bmy dla Pa\u0144stwa wizyt\u0119 studyjn\u0105 w Opolu Lubelskim.<\/em><\/p>\n\n\n\n<p>Spotkanie by\u0142o okazj\u0105 do przekazania, na r\u0119ce burmistrza Marcina Gortata, wyj\u0105tkowego opracowania naukowego \u201eStudium ochrony warto\u015bci kulturowych miasta Czerwi\u0144sk na Wis\u0142\u0105\u201d, kt\u00f3re zosta\u0142o przygotowane przez interdyscyplinarny zesp\u00f3\u0142 pracownik\u00f3w Narodowego Instytutu Dziedzictwa.<\/p>\n\n\n\n<p>\u2013 <em>Chcemy Pa\u0144stwu przekaza\u0107 wyj\u0105tkowe opracowanie naukowe: \u201eStudium ochrony warto\u015bci kulturowych miasta Czerwi\u0144sk na Wis\u0142\u0105\u201d. (\u2026) Mam nadziej\u0119, \u017ce przygotowane przez nas opracowanie pozwoli Pa\u0144stwu na w\u0142a\u015bciwe zarz\u0105dzanie wyj\u0105tkowym dziedzictwem, b\u0119d\u0105cym pod opiek\u0105 gminy. Na przygotowanie i przyj\u0119cie gminnej ewidencji zabytk\u00f3w, gminnego programu opieki nad zabytkami oraz gminnego programu rewitalizacji. Mam r\u00f3wnie\u017c nadziej\u0119, \u017ce dokumenty te b\u0119d\u0105 wykorzystywa\u0142y lokalnego dziedzictwa dla rozwoju Czerwi\u0144ska, ale r\u00f3wnie\u017c b\u0119d\u0105 s\u0142u\u017cy\u0142y jego ochronie, renowacji i popularyzacji \u2013 <\/em>powiedzia\u0142 Bogus\u0142aw Chmiel.<\/p>\n\n\n\n<p>Opracowanie obejmuje cz\u0119\u015b\u0107 miasta Czerwi\u0144sk nad Wis\u0142\u0105, w granicach kompozycji krajobrazowej obejmuj\u0105cej trzy wzg\u00f3rza rozdzielone jarami, uk\u0142ad urbanistyczny miasteczka rozlokowanego poni\u017cej, na stokach tych wzg\u00f3rz schodz\u0105cych do Wis\u0142y oraz zlokalizowane w najbli\u017cszym otoczeniu: drogi i aleje dojazdowe, jary, Kopiec Ko\u015bciuszki i nadbrze\u017ce rzeki Wis\u0142y. Zakres opracowania ustalono na podstawie materia\u0142\u00f3w \u017ar\u00f3d\u0142owych i rozpoznania terenowego, kt\u00f3re wykonano na pocz\u0105tku pracy nad tematem.<\/p>\n\n\n\n<p>Studium dedykowane miastu Czerwi\u0144sk nad Wis\u0142\u0105, sk\u0142ada si\u0119 z trzech bogato ilustrowanych tom\u00f3w, zawieraj\u0105cych nie tylko fotografie, ale r\u00f3wnie\u017c rysunki i plansze wielkoformatowe. Tom pierwszy obejmuje om\u00f3wienie uwarunkowa\u0144 prawnych, rys historyczny miejscowo\u015bci oparty na za\u0142\u0105czonych \u017ar\u00f3d\u0142ach archiwalnych oraz formy ochrony konserwatorskiej i przyrodniczej znajduj\u0105ce si\u0119 na badanym obszarze.<\/p>\n\n\n\n<p>Drugi tom zawiera wytyczne do ochrony uk\u0142adu przestrzennego obszaru opracowania i jego element\u00f3w oraz katalog zabytk\u00f3w architektury i budownictwa, uk\u0142adu urbanistycznego i zieleni zabytkowej. Ponadto uj\u0119to w nim niematerialne dziedzictwo kulturowe mieszka\u0144c\u00f3w Czerwi\u0144ska nad Wis\u0142\u0105 oraz katalog stanowisk archeologicznych wraz z niezwykle ciekaw\u0105 histori\u0105 bada\u0144 archeologicznych na terenie miasta. Ostatni\u0105 cz\u0119\u015bci\u0105 tego tomu s\u0105 Rekomendacje do programu rewitalizacji.<\/p>\n\n\n\n<p>Trzeci tom zawiera rysunki i plansze dotycz\u0105ce uk\u0142adu kompozycyjno-przestrzennego Zespo\u0142u sakralnego i miasteczka. Zmieszczono w nim r\u00f3wnie\u017c plansze wielkoformatowe inwentaryzuj\u0105ce zasoby dziedzictwa i wskazuj\u0105ce kierunki koniecznej ochrony zachowanych element\u00f3w historycznej kompozycji krajobrazowej.<\/p>\n\n\n\n<p>Projekt \u201eWzorcowa rewitalizacja\u201d w Czerwi\u0144sku by\u0142 realizowany r\u00f3wnie\u017c we wsp\u00f3\u0142pracy z sanktuarium Matki Bo\u017cej Pocieszenia, wchodz\u0105cej w sk\u0142ad opactwa Kanonik\u00f3w Regularnych. Dlatego tego dnia nast\u0105pi\u0142o r\u00f3wnie\u017c przekazanie kolejnego egzemplarza \u201eStudium ochrony warto\u015bci kulturowych miasta Czerwi\u0144sk na Wis\u0142\u0105\u201d proboszczowi sanktuarium Matki Bo\u017cej Pocieszenia, ks. \u0141ukaszowi Mastalerzowi SDB.<\/p>\n\n\n\n<p>Dawne opactwo Kanonik\u00f3w Regularnych w Czerwi\u0144sku nad Wis\u0142\u0105, kt\u00f3re obecnie jest pod opiek\u0105 ksi\u0119\u017cy Salezjan\u00f3w, to niezwykle cenny zabytek, wpisany na presti\u017cow\u0105 list\u0119 <a href=\"https:\/\/nid.pl\/en\/pomniki-historii\/\" target=\"_blank\" rel=\"noreferrer noopener\">Pomnik\u00f3w Historii<\/a>.&nbsp; Miejsce to by\u0142o \u015bwiadkiem wa\u017cnych wydarze\u0144 w dziejach Polski oraz mia\u0142o zwi\u0105zek z wieloma znanymi postaciami historycznymi: kr\u00f3lami, ksi\u0105\u017c\u0119tami, biskupami. Zabytek ten nale\u017cy do w\u0105skiego grona dzie\u0142 architektury w stylu roma\u0144skim o najwy\u017cszej warto\u015bci artystycznej w skali kraju, a realizacje rze\u017abiarskie i malarskie, z kt\u00f3rych s\u0142ynie: roma\u0144ski portal i polichromie, to unikaty w tej cz\u0119\u015bci Europy. Ko\u015bci\u00f3\u0142 konwentualny jest jednym z najlepiej zachowanych przyk\u0142ad\u00f3w architektury roma\u0144skiej w Polsce.<\/p>\n\n\n\n<p>Wi\u0119cej informacji na temat programu \u201eWzorcowa Rewitalizacja\u201d na: <a href=\"http:\/\/samorzad.nid.pl\/rewitalizacja\/\" target=\"_blank\" rel=\"noreferrer noopener\">http:\/\/samorzad.nid.pl\/rewitalizacja\/<\/a> <\/p>\n\n\n\n<p><\/p>\n\n\n\n<figure class=\"wp-block-gallery has-nested-images columns-default is-cropped wp-block-gallery-1 is-layout-flex wp-block-gallery-is-layout-flex\">\n<figure class=\"wp-block-image size-large\"><img loading=\"lazy\" decoding=\"async\" width=\"1600\" height=\"1064\" data-id=\"10302\" src=\"https:\/\/nid.pl\/wp-content\/uploads\/2023\/03\/wzorcowa-rewitalziacja.jpg\" alt=\"\" class=\"wp-image-10302\" srcset=\"https:\/\/nid.pl\/wp-content\/uploads\/2023\/03\/wzorcowa-rewitalziacja.jpg 1600w, https:\/\/nid.pl\/wp-content\/uploads\/2023\/03\/wzorcowa-rewitalziacja-1280x851.jpg 1280w, https:\/\/nid.pl\/wp-content\/uploads\/2023\/03\/wzorcowa-rewitalziacja-980x652.jpg 980w, https:\/\/nid.pl\/wp-content\/uploads\/2023\/03\/wzorcowa-rewitalziacja-480x319.jpg 480w\" sizes=\"(min-width: 0px) and (max-width: 480px) 480px, (min-width: 481px) and (max-width: 980px) 980px, (min-width: 981px) and (max-width: 1280px) 1280px, (min-width: 1281px) 1600px, 100vw\" \/><\/figure>\n<\/figure>\n\n\n\n<figure class=\"wp-block-gallery has-nested-images columns-default is-cropped wp-block-gallery-2 is-layout-flex wp-block-gallery-is-layout-flex\">\n<figure class=\"wp-block-image size-large\"><img loading=\"lazy\" decoding=\"async\" width=\"1600\" height=\"1064\" data-id=\"10304\" src=\"https:\/\/nid.pl\/wp-content\/uploads\/2023\/03\/wzorcowa-rewitalizacja-3.jpg\" alt=\"\" class=\"wp-image-10304\" srcset=\"https:\/\/nid.pl\/wp-content\/uploads\/2023\/03\/wzorcowa-rewitalizacja-3.jpg 1600w, https:\/\/nid.pl\/wp-content\/uploads\/2023\/03\/wzorcowa-rewitalizacja-3-1280x851.jpg 1280w, https:\/\/nid.pl\/wp-content\/uploads\/2023\/03\/wzorcowa-rewitalizacja-3-980x652.jpg 980w, https:\/\/nid.pl\/wp-content\/uploads\/2023\/03\/wzorcowa-rewitalizacja-3-480x319.jpg 480w\" sizes=\"(min-width: 0px) and (max-width: 480px) 480px, (min-width: 481px) and (max-width: 980px) 980px, (min-width: 981px) and (max-width: 1280px) 1280px, (min-width: 1281px) 1600px, 100vw\" \/><\/figure>\n<\/figure>\n\n\n\n<figure class=\"wp-block-gallery has-nested-images columns-default is-cropped wp-block-gallery-3 is-layout-flex wp-block-gallery-is-layout-flex\">\n<figure class=\"wp-block-image size-large\"><img loading=\"lazy\" decoding=\"async\" width=\"1600\" height=\"1064\" data-id=\"10303\" src=\"https:\/\/nid.pl\/wp-content\/uploads\/2023\/03\/wzorcowa-rewitalizacja-2.jpg\" alt=\"\" class=\"wp-image-10303\" srcset=\"https:\/\/nid.pl\/wp-content\/uploads\/2023\/03\/wzorcowa-rewitalizacja-2.jpg 1600w, https:\/\/nid.pl\/wp-content\/uploads\/2023\/03\/wzorcowa-rewitalizacja-2-1280x851.jpg 1280w, https:\/\/nid.pl\/wp-content\/uploads\/2023\/03\/wzorcowa-rewitalizacja-2-980x652.jpg 980w, https:\/\/nid.pl\/wp-content\/uploads\/2023\/03\/wzorcowa-rewitalizacja-2-480x319.jpg 480w\" sizes=\"(min-width: 0px) and (max-width: 480px) 480px, (min-width: 481px) and (max-width: 980px) 980px, (min-width: 981px) and (max-width: 1280px) 1280px, (min-width: 1281px) 1600px, 100vw\" \/><\/figure>\n<\/figure>\n\n\n\n<figure class=\"wp-block-gallery has-nested-images columns-default is-cropped wp-block-gallery-4 is-layout-flex wp-block-gallery-is-layout-flex\">\n<figure class=\"wp-block-image size-large\"><img loading=\"lazy\" decoding=\"async\" width=\"1600\" height=\"1064\" data-id=\"10305\" src=\"https:\/\/nid.pl\/wp-content\/uploads\/2023\/03\/wzorcowa-rewitalizacja-4.jpg\" alt=\"\" class=\"wp-image-10305\" srcset=\"https:\/\/nid.pl\/wp-content\/uploads\/2023\/03\/wzorcowa-rewitalizacja-4.jpg 1600w, https:\/\/nid.pl\/wp-content\/uploads\/2023\/03\/wzorcowa-rewitalizacja-4-1280x851.jpg 1280w, https:\/\/nid.pl\/wp-content\/uploads\/2023\/03\/wzorcowa-rewitalizacja-4-980x652.jpg 980w, https:\/\/nid.pl\/wp-content\/uploads\/2023\/03\/wzorcowa-rewitalizacja-4-480x319.jpg 480w\" sizes=\"(min-width: 0px) and (max-width: 480px) 480px, (min-width: 481px) and (max-width: 980px) 980px, (min-width: 981px) and (max-width: 1280px) 1280px, (min-width: 1281px) 1600px, 100vw\" \/><\/figure>\n<\/figure>\n\n\n\n<p><\/p>","protected":false},"excerpt":{"rendered":"<p>Czerwi\u0144sk nad Wis\u0142\u0105 to wyj\u0105tkowe miejsce na mapie Mazowsza. Znajduj\u0105 si\u0119 tu niezwykle cenne zabytki. W ramach projektu \u201eWzorcowa Rewitalizacja\u201d powsta\u0142o opracowanie naukowe \u201eStudium ochrony warto\u015bci kulturowych miasta Czerwi\u0144sk na [&hellip;]<\/p>","protected":false},"author":7,"featured_media":10301,"comment_status":"open","ping_status":"open","sticky":false,"template":"","format":"standard","meta":{"_et_pb_use_builder":"off","_et_pb_old_content":"","_et_gb_content_width":"","_monsterinsights_skip_tracking":false,"_monsterinsights_sitenote_active":false,"_monsterinsights_sitenote_note":"","_monsterinsights_sitenote_category":0,"footnotes":""},"categories":[3],"tags":[],"class_list":["post-10306","post","type-post","status-publish","format-standard","has-post-thumbnail","hentry","category-aktualnosci"],"yoast_head":"<!-- This site is optimized with the Yoast SEO plugin v26.5 - https:\/\/yoast.com\/wordpress\/plugins\/seo\/ -->\n<title>Wzorcowa Rewitalizacja w Czerwi\u0144sku nad Wis\u0142\u0105 - NID<\/title>\n<meta name=\"robots\" content=\"index, follow, max-snippet:-1, max-image-preview:large, max-video-preview:-1\" \/>\n<link rel=\"canonical\" href=\"https:\/\/nid.pl\/en\/2023\/03\/23\/wzorcowa-rewitalizacja-w-czerwinsku-nad-wisla\/\" \/>\n<meta property=\"og:locale\" content=\"en_GB\" \/>\n<meta property=\"og:type\" content=\"article\" \/>\n<meta property=\"og:title\" content=\"Wzorcowa Rewitalizacja w Czerwi\u0144sku nad Wis\u0142\u0105 - NID\" \/>\n<meta property=\"og:description\" content=\"Czerwi\u0144sk nad Wis\u0142\u0105 to wyj\u0105tkowe miejsce na mapie Mazowsza. Znajduj\u0105 si\u0119 tu niezwykle cenne zabytki. W ramach projektu \u201eWzorcowa Rewitalizacja\u201d powsta\u0142o opracowanie naukowe \u201eStudium ochrony warto\u015bci kulturowych miasta Czerwi\u0144sk na [&hellip;]\" \/>\n<meta property=\"og:url\" content=\"https:\/\/nid.pl\/en\/2023\/03\/23\/wzorcowa-rewitalizacja-w-czerwinsku-nad-wisla\/\" \/>\n<meta property=\"og:site_name\" content=\"NID\" \/>\n<meta property=\"article:publisher\" content=\"https:\/\/www.facebook.com\/zabytek\" \/>\n<meta property=\"article:published_time\" content=\"2023-03-23T13:19:07+00:00\" \/>\n<meta property=\"article:modified_time\" content=\"2023-03-30T13:39:49+00:00\" \/>\n<meta property=\"og:image\" content=\"https:\/\/nid.pl\/wp-content\/uploads\/2023\/03\/miniaturka-wzorcowa-rewitalizacja.jpg\" \/>\n\t<meta property=\"og:image:width\" content=\"1600\" \/>\n\t<meta property=\"og:image:height\" content=\"1064\" \/>\n\t<meta property=\"og:image:type\" content=\"image\/jpeg\" \/>\n<meta name=\"author\" content=\"Barbara Halliop\" \/>\n<meta name=\"twitter:card\" content=\"summary_large_image\" \/>\n<meta name=\"twitter:creator\" content=\"@NarIDpl\" \/>\n<meta name=\"twitter:site\" content=\"@NarIDpl\" \/>\n<meta name=\"twitter:label1\" content=\"Written by\" \/>\n\t<meta name=\"twitter:data1\" content=\"Barbara Halliop\" \/>\n\t<meta name=\"twitter:label2\" content=\"Estimated reading time\" \/>\n\t<meta name=\"twitter:data2\" content=\"4 minutes\" \/>\n<script type=\"application\/ld+json\" class=\"yoast-schema-graph\">{\"@context\":\"https:\/\/schema.org\",\"@graph\":[{\"@type\":\"Article\",\"@id\":\"https:\/\/nid.pl\/2023\/03\/23\/wzorcowa-rewitalizacja-w-czerwinsku-nad-wisla\/#article\",\"isPartOf\":{\"@id\":\"https:\/\/nid.pl\/2023\/03\/23\/wzorcowa-rewitalizacja-w-czerwinsku-nad-wisla\/\"},\"author\":{\"name\":\"Barbara Halliop\",\"@id\":\"https:\/\/nid.pl\/#\/schema\/person\/1b690a8998a5111cfb9f0ffe24195a15\"},\"headline\":\"Wzorcowa Rewitalizacja w Czerwi\u0144sku nad Wis\u0142\u0105\",\"datePublished\":\"2023-03-23T13:19:07+00:00\",\"dateModified\":\"2023-03-30T13:39:49+00:00\",\"mainEntityOfPage\":{\"@id\":\"https:\/\/nid.pl\/2023\/03\/23\/wzorcowa-rewitalizacja-w-czerwinsku-nad-wisla\/\"},\"wordCount\":817,\"commentCount\":0,\"publisher\":{\"@id\":\"https:\/\/nid.pl\/#organization\"},\"image\":{\"@id\":\"https:\/\/nid.pl\/2023\/03\/23\/wzorcowa-rewitalizacja-w-czerwinsku-nad-wisla\/#primaryimage\"},\"thumbnailUrl\":\"https:\/\/nid.pl\/wp-content\/uploads\/2023\/03\/miniaturka-wzorcowa-rewitalizacja.jpg\",\"articleSection\":[\"Aktualno\u015bci\"],\"inLanguage\":\"en-GB\"},{\"@type\":\"WebPage\",\"@id\":\"https:\/\/nid.pl\/2023\/03\/23\/wzorcowa-rewitalizacja-w-czerwinsku-nad-wisla\/\",\"url\":\"https:\/\/nid.pl\/2023\/03\/23\/wzorcowa-rewitalizacja-w-czerwinsku-nad-wisla\/\",\"name\":\"Wzorcowa Rewitalizacja w Czerwi\u0144sku nad Wis\u0142\u0105 - NID\",\"isPartOf\":{\"@id\":\"https:\/\/nid.pl\/#website\"},\"primaryImageOfPage\":{\"@id\":\"https:\/\/nid.pl\/2023\/03\/23\/wzorcowa-rewitalizacja-w-czerwinsku-nad-wisla\/#primaryimage\"},\"image\":{\"@id\":\"https:\/\/nid.pl\/2023\/03\/23\/wzorcowa-rewitalizacja-w-czerwinsku-nad-wisla\/#primaryimage\"},\"thumbnailUrl\":\"https:\/\/nid.pl\/wp-content\/uploads\/2023\/03\/miniaturka-wzorcowa-rewitalizacja.jpg\",\"datePublished\":\"2023-03-23T13:19:07+00:00\",\"dateModified\":\"2023-03-30T13:39:49+00:00\",\"breadcrumb\":{\"@id\":\"https:\/\/nid.pl\/2023\/03\/23\/wzorcowa-rewitalizacja-w-czerwinsku-nad-wisla\/#breadcrumb\"},\"inLanguage\":\"en-GB\",\"potentialAction\":[{\"@type\":\"ReadAction\",\"target\":[\"https:\/\/nid.pl\/2023\/03\/23\/wzorcowa-rewitalizacja-w-czerwinsku-nad-wisla\/\"]}]},{\"@type\":\"ImageObject\",\"inLanguage\":\"en-GB\",\"@id\":\"https:\/\/nid.pl\/2023\/03\/23\/wzorcowa-rewitalizacja-w-czerwinsku-nad-wisla\/#primaryimage\",\"url\":\"https:\/\/nid.pl\/wp-content\/uploads\/2023\/03\/miniaturka-wzorcowa-rewitalizacja.jpg\",\"contentUrl\":\"https:\/\/nid.pl\/wp-content\/uploads\/2023\/03\/miniaturka-wzorcowa-rewitalizacja.jpg\",\"width\":1600,\"height\":1064,\"caption\":\"miniaturka wzorcowa rewitalizacja\"},{\"@type\":\"BreadcrumbList\",\"@id\":\"https:\/\/nid.pl\/2023\/03\/23\/wzorcowa-rewitalizacja-w-czerwinsku-nad-wisla\/#breadcrumb\",\"itemListElement\":[{\"@type\":\"ListItem\",\"position\":1,\"name\":\"Home\",\"item\":\"https:\/\/nid.pl\/\"},{\"@type\":\"ListItem\",\"position\":2,\"name\":\"Wzorcowa Rewitalizacja w Czerwi\u0144sku nad Wis\u0142\u0105\"}]},{\"@type\":\"WebSite\",\"@id\":\"https:\/\/nid.pl\/#website\",\"url\":\"https:\/\/nid.pl\/\",\"name\":\"NID\",\"description\":\"Narodowy Instytut Dziedzictwa\",\"publisher\":{\"@id\":\"https:\/\/nid.pl\/#organization\"},\"potentialAction\":[{\"@type\":\"SearchAction\",\"target\":{\"@type\":\"EntryPoint\",\"urlTemplate\":\"https:\/\/nid.pl\/?s={search_term_string}\"},\"query-input\":{\"@type\":\"PropertyValueSpecification\",\"valueRequired\":true,\"valueName\":\"search_term_string\"}}],\"inLanguage\":\"en-GB\"},{\"@type\":\"Organization\",\"@id\":\"https:\/\/nid.pl\/#organization\",\"name\":\"Narodowy Instytut Dziedzictwa\",\"url\":\"https:\/\/nid.pl\/\",\"logo\":{\"@type\":\"ImageObject\",\"inLanguage\":\"en-GB\",\"@id\":\"https:\/\/nid.pl\/#\/schema\/logo\/image\/\",\"url\":\"https:\/\/nid.pl\/wp-content\/uploads\/2022\/10\/logoRedDark.png\",\"contentUrl\":\"https:\/\/nid.pl\/wp-content\/uploads\/2022\/10\/logoRedDark.png\",\"width\":200,\"height\":197,\"caption\":\"Narodowy Instytut Dziedzictwa\"},\"image\":{\"@id\":\"https:\/\/nid.pl\/#\/schema\/logo\/image\/\"},\"sameAs\":[\"https:\/\/www.facebook.com\/zabytek\",\"https:\/\/x.com\/NarIDpl\",\"https:\/\/www.instagram.com\/nid.pl\/?hl=pl\",\"https:\/\/www.linkedin.com\/company\/narodowy-instytut-dziedzictwa\",\"https:\/\/www.youtube.com\/channel\/UCQXuhKa2uHtmNvLRUSx40JA\"]},{\"@type\":\"Person\",\"@id\":\"https:\/\/nid.pl\/#\/schema\/person\/1b690a8998a5111cfb9f0ffe24195a15\",\"name\":\"Barbara Halliop\",\"image\":{\"@type\":\"ImageObject\",\"inLanguage\":\"en-GB\",\"@id\":\"https:\/\/nid.pl\/#\/schema\/person\/image\/\",\"url\":\"https:\/\/nid.pl\/wp-content\/litespeed\/avatar\/924046d17dd0c842c9fa9ccf489bc6dc.jpg?ver=1777444967\",\"contentUrl\":\"https:\/\/nid.pl\/wp-content\/litespeed\/avatar\/924046d17dd0c842c9fa9ccf489bc6dc.jpg?ver=1777444967\",\"caption\":\"Barbara Halliop\"},\"url\":\"https:\/\/nid.pl\/en\/author\/bhalliop\/\"}]}<\/script>\n<!-- \/ Yoast SEO plugin. -->","yoast_head_json":{"title":"Wzorcowa Rewitalizacja w Czerwi\u0144sku nad Wis\u0142\u0105 - NID","robots":{"index":"index","follow":"follow","max-snippet":"max-snippet:-1","max-image-preview":"max-image-preview:large","max-video-preview":"max-video-preview:-1"},"canonical":"https:\/\/nid.pl\/en\/2023\/03\/23\/wzorcowa-rewitalizacja-w-czerwinsku-nad-wisla\/","og_locale":"en_GB","og_type":"article","og_title":"Wzorcowa Rewitalizacja w Czerwi\u0144sku nad Wis\u0142\u0105 - NID","og_description":"Czerwi\u0144sk nad Wis\u0142\u0105 to wyj\u0105tkowe miejsce na mapie Mazowsza. Znajduj\u0105 si\u0119 tu niezwykle cenne zabytki. W ramach projektu \u201eWzorcowa Rewitalizacja\u201d powsta\u0142o opracowanie naukowe \u201eStudium ochrony warto\u015bci kulturowych miasta Czerwi\u0144sk na [&hellip;]","og_url":"https:\/\/nid.pl\/en\/2023\/03\/23\/wzorcowa-rewitalizacja-w-czerwinsku-nad-wisla\/","og_site_name":"NID","article_publisher":"https:\/\/www.facebook.com\/zabytek","article_published_time":"2023-03-23T13:19:07+00:00","article_modified_time":"2023-03-30T13:39:49+00:00","og_image":[{"width":1600,"height":1064,"url":"https:\/\/nid.pl\/wp-content\/uploads\/2023\/03\/miniaturka-wzorcowa-rewitalizacja.jpg","type":"image\/jpeg"}],"author":"Barbara Halliop","twitter_card":"summary_large_image","twitter_creator":"@NarIDpl","twitter_site":"@NarIDpl","twitter_misc":{"Written by":"Barbara Halliop","Estimated reading time":"4 minutes"},"schema":{"@context":"https:\/\/schema.org","@graph":[{"@type":"Article","@id":"https:\/\/nid.pl\/2023\/03\/23\/wzorcowa-rewitalizacja-w-czerwinsku-nad-wisla\/#article","isPartOf":{"@id":"https:\/\/nid.pl\/2023\/03\/23\/wzorcowa-rewitalizacja-w-czerwinsku-nad-wisla\/"},"author":{"name":"Barbara Halliop","@id":"https:\/\/nid.pl\/#\/schema\/person\/1b690a8998a5111cfb9f0ffe24195a15"},"headline":"Wzorcowa Rewitalizacja w Czerwi\u0144sku nad Wis\u0142\u0105","datePublished":"2023-03-23T13:19:07+00:00","dateModified":"2023-03-30T13:39:49+00:00","mainEntityOfPage":{"@id":"https:\/\/nid.pl\/2023\/03\/23\/wzorcowa-rewitalizacja-w-czerwinsku-nad-wisla\/"},"wordCount":817,"commentCount":0,"publisher":{"@id":"https:\/\/nid.pl\/#organization"},"image":{"@id":"https:\/\/nid.pl\/2023\/03\/23\/wzorcowa-rewitalizacja-w-czerwinsku-nad-wisla\/#primaryimage"},"thumbnailUrl":"https:\/\/nid.pl\/wp-content\/uploads\/2023\/03\/miniaturka-wzorcowa-rewitalizacja.jpg","articleSection":["Aktualno\u015bci"],"inLanguage":"en-GB"},{"@type":"WebPage","@id":"https:\/\/nid.pl\/2023\/03\/23\/wzorcowa-rewitalizacja-w-czerwinsku-nad-wisla\/","url":"https:\/\/nid.pl\/2023\/03\/23\/wzorcowa-rewitalizacja-w-czerwinsku-nad-wisla\/","name":"Wzorcowa Rewitalizacja w Czerwi\u0144sku nad Wis\u0142\u0105 - NID","isPartOf":{"@id":"https:\/\/nid.pl\/#website"},"primaryImageOfPage":{"@id":"https:\/\/nid.pl\/2023\/03\/23\/wzorcowa-rewitalizacja-w-czerwinsku-nad-wisla\/#primaryimage"},"image":{"@id":"https:\/\/nid.pl\/2023\/03\/23\/wzorcowa-rewitalizacja-w-czerwinsku-nad-wisla\/#primaryimage"},"thumbnailUrl":"https:\/\/nid.pl\/wp-content\/uploads\/2023\/03\/miniaturka-wzorcowa-rewitalizacja.jpg","datePublished":"2023-03-23T13:19:07+00:00","dateModified":"2023-03-30T13:39:49+00:00","breadcrumb":{"@id":"https:\/\/nid.pl\/2023\/03\/23\/wzorcowa-rewitalizacja-w-czerwinsku-nad-wisla\/#breadcrumb"},"inLanguage":"en-GB","potentialAction":[{"@type":"ReadAction","target":["https:\/\/nid.pl\/2023\/03\/23\/wzorcowa-rewitalizacja-w-czerwinsku-nad-wisla\/"]}]},{"@type":"ImageObject","inLanguage":"en-GB","@id":"https:\/\/nid.pl\/2023\/03\/23\/wzorcowa-rewitalizacja-w-czerwinsku-nad-wisla\/#primaryimage","url":"https:\/\/nid.pl\/wp-content\/uploads\/2023\/03\/miniaturka-wzorcowa-rewitalizacja.jpg","contentUrl":"https:\/\/nid.pl\/wp-content\/uploads\/2023\/03\/miniaturka-wzorcowa-rewitalizacja.jpg","width":1600,"height":1064,"caption":"miniaturka wzorcowa rewitalizacja"},{"@type":"BreadcrumbList","@id":"https:\/\/nid.pl\/2023\/03\/23\/wzorcowa-rewitalizacja-w-czerwinsku-nad-wisla\/#breadcrumb","itemListElement":[{"@type":"ListItem","position":1,"name":"Home","item":"https:\/\/nid.pl\/"},{"@type":"ListItem","position":2,"name":"Wzorcowa Rewitalizacja w Czerwi\u0144sku nad Wis\u0142\u0105"}]},{"@type":"WebSite","@id":"https:\/\/nid.pl\/#website","url":"https:\/\/nid.pl\/","name":"NID","description":"Narodowy Instytut Dziedzictwa","publisher":{"@id":"https:\/\/nid.pl\/#organization"},"potentialAction":[{"@type":"SearchAction","target":{"@type":"EntryPoint","urlTemplate":"https:\/\/nid.pl\/?s={search_term_string}"},"query-input":{"@type":"PropertyValueSpecification","valueRequired":true,"valueName":"search_term_string"}}],"inLanguage":"en-GB"},{"@type":"Organization","@id":"https:\/\/nid.pl\/#organization","name":"Narodowy Instytut Dziedzictwa","url":"https:\/\/nid.pl\/","logo":{"@type":"ImageObject","inLanguage":"en-GB","@id":"https:\/\/nid.pl\/#\/schema\/logo\/image\/","url":"https:\/\/nid.pl\/wp-content\/uploads\/2022\/10\/logoRedDark.png","contentUrl":"https:\/\/nid.pl\/wp-content\/uploads\/2022\/10\/logoRedDark.png","width":200,"height":197,"caption":"Narodowy Instytut Dziedzictwa"},"image":{"@id":"https:\/\/nid.pl\/#\/schema\/logo\/image\/"},"sameAs":["https:\/\/www.facebook.com\/zabytek","https:\/\/x.com\/NarIDpl","https:\/\/www.instagram.com\/nid.pl\/?hl=pl","https:\/\/www.linkedin.com\/company\/narodowy-instytut-dziedzictwa","https:\/\/www.youtube.com\/channel\/UCQXuhKa2uHtmNvLRUSx40JA"]},{"@type":"Person","@id":"https:\/\/nid.pl\/#\/schema\/person\/1b690a8998a5111cfb9f0ffe24195a15","name":"Barbara Halliop","image":{"@type":"ImageObject","inLanguage":"en-GB","@id":"https:\/\/nid.pl\/#\/schema\/person\/image\/","url":"https:\/\/nid.pl\/wp-content\/litespeed\/avatar\/924046d17dd0c842c9fa9ccf489bc6dc.jpg?ver=1777444967","contentUrl":"https:\/\/nid.pl\/wp-content\/litespeed\/avatar\/924046d17dd0c842c9fa9ccf489bc6dc.jpg?ver=1777444967","caption":"Barbara Halliop"},"url":"https:\/\/nid.pl\/en\/author\/bhalliop\/"}]}},"_links":{"self":[{"href":"https:\/\/nid.pl\/en\/wp-json\/wp\/v2\/posts\/10306","targetHints":{"allow":["GET"]}}],"collection":[{"href":"https:\/\/nid.pl\/en\/wp-json\/wp\/v2\/posts"}],"about":[{"href":"https:\/\/nid.pl\/en\/wp-json\/wp\/v2\/types\/post"}],"author":[{"embeddable":true,"href":"https:\/\/nid.pl\/en\/wp-json\/wp\/v2\/users\/7"}],"replies":[{"embeddable":true,"href":"https:\/\/nid.pl\/en\/wp-json\/wp\/v2\/comments?post=10306"}],"version-history":[{"count":0,"href":"https:\/\/nid.pl\/en\/wp-json\/wp\/v2\/posts\/10306\/revisions"}],"wp:featuredmedia":[{"embeddable":true,"href":"https:\/\/nid.pl\/en\/wp-json\/wp\/v2\/media\/10301"}],"wp:attachment":[{"href":"https:\/\/nid.pl\/en\/wp-json\/wp\/v2\/media?parent=10306"}],"wp:term":[{"taxonomy":"category","embeddable":true,"href":"https:\/\/nid.pl\/en\/wp-json\/wp\/v2\/categories?post=10306"},{"taxonomy":"post_tag","embeddable":true,"href":"https:\/\/nid.pl\/en\/wp-json\/wp\/v2\/tags?post=10306"}],"curies":[{"name":"wp","href":"https:\/\/api.w.org\/{rel}","templated":true}]}}