{"id":10200,"date":"2023-03-14T16:36:00","date_gmt":"2023-03-14T15:36:00","guid":{"rendered":"https:\/\/nid.pl\/?p=10200"},"modified":"2023-11-23T10:09:38","modified_gmt":"2023-11-23T09:09:38","slug":"koordynator-ds-organizacji-wydarzen","status":"publish","type":"post","link":"https:\/\/nid.pl\/en\/2023\/03\/14\/koordynator-ds-organizacji-wydarzen\/","title":{"rendered":"Koordynator ds. organizacji wydarze\u0144"},"content":{"rendered":"<p><strong>Narodowy Instytut Dziedzictwa poszukuje pracownika na stanowisko: Koordynator ds. organizacji wydarze\u0144 Narodowego Instytutu Dziedzictwa<\/strong><\/p>\n\n\n\n<p><strong>Zakres zada\u0144 na stanowisku:<\/strong><\/p>\n\n\n\n<ul class=\"wp-block-list\"><li>og\u00f3lnopolska koordynacja Europejskich Dni Dziedzictwa (EDD) \u2013 tj. koordynacja wydarze\u0144, koncert\u00f3w spotka\u0144 przygotowywanych przez instytucje kultury na terenie ca\u0142ego kraju obejmuj\u0105ca:<ul><li>bie\u017c\u0105c\u0105 wsp\u00f3\u0142prac\u0119 i prowadzenie ustale\u0144 z 16 regionalnymi koordynatorami EDD w zakresie tematu kolejnych edycji EDD, ilo\u015bci wydarze\u0144 oraz sposob\u00f3w promocji,<\/li><li>organizowanie spotka\u0144 koordynator\u00f3w i przedstawicieli instytucji kultury z ca\u0142ej Polski,<\/li><li>zapewnienie sprawnego funkcjonowania strony internetowej,<\/li><li>uczestniczenie w promocji i komunikacji projektu EDD zar\u00f3wno na poziomie europejskim, krajowym jak i regionalnym,<\/li><li>przygotowywanie i prowadzenie bud\u017cetu projektu EDD oraz jego monitoring i rozlicznie,<\/li><li>prowadzenie ca\u0142ej korespondencji zwi\u0105zanej z EDD,<\/li><li>udzia\u0142 w spotkaniach koordynator\u00f3w EDD na poziomie europejskim i prezentacja projektu<\/li><\/ul><\/li><\/ul>\n\n\n\n<ul class=\"wp-block-list\"><li>przygotowywanie wydarze\u0144 kulturalnych Instytutu tj. konferencji, gal, pokaz\u00f3w filmowych lub koncert\u00f3w, obejmuj\u0105ce:<ul><li>przygotowywanie koncepcji i scenariusza wydarzenia,<\/li><li>zarz\u0105dzanie i uczestniczenie w przygotowaniu ca\u0142ego wydarzania w tym organizacja wynajmu sali, pocz\u0119stunku, wyst\u0119pu artystycznego, itp.,<\/li><li>uczestniczenie i monitorowanie przygotowania list go\u015bci, zaprosze\u0144 (ich druku, wysy\u0142ki i potwierdze\u0144), wspieranie dzia\u0142a\u0144 promocyjnych i komunikacyjnych,<\/li><li>zarz\u0105dzanie ekipami monta\u017cowymi w miejscu wydarzenia a tak\u017ce innymi dzia\u0142ania zwi\u0105zanymi z jego realizacj\u0105 (monta\u017c, demonta\u017c, bie\u017c\u0105ca obs\u0142uga),<\/li><li>opracowywanie kosztorysu wydarzenia, monitoring wydatk\u00f3w oraz rozliczanie wydarze\u0144,<\/li><li>podpisywanie um\u00f3w zwi\u0105zanych z organizacj\u0105 wydarze\u0144,<\/li><li>przygotowanie pism, wniosk\u00f3w oraz innej korespondencji zwi\u0105zanej z przygotowaniem wydarzenia,<\/li><li>utrzymanie kontakt\u00f3w z osobami i instytucjami uczestnicz\u0105cymi w procesie realizacji projektu.<\/li><\/ul><\/li><\/ul>\n\n\n\n<p><strong>Wymagania:<\/strong><\/p>\n\n\n\n<ul class=\"wp-block-list\"><li>wykszta\u0142cenie wy\u017csze<\/li><li>do\u015bwiadczenie w organizacji wydarze\u0144<\/li><li>wysokie umiej\u0119tno\u015bci interpersonalne i wysoka kultura osobista,<\/li><li>umiej\u0119tno\u015b\u0107 szybkiego podejmowania decyzji<\/li><li>umiej\u0119tno\u015b\u0107 pracy pod presj\u0105 czasu<\/li><li>bardzo dobra znajomo\u015b\u0107 pakietu Microsoft Office<\/li><li>znajomo\u015b\u0107 j\u0119zyka angielskiego (poziom \u015bredniozaawansowany)<\/li><\/ul>\n\n\n\n<p><strong>Mile widziane:<\/strong><\/p>\n\n\n\n<ul class=\"wp-block-list\"><li>do\u015bwiadczenie w pracy w instytucjach kultury<\/li><li>znajomo\u015b\u0107 prawa zam\u00f3wie\u0144 publicznych<\/li><\/ul>\n\n\n\n<p><strong>Wymiar zatrudnieni<\/strong>a: pe\u0142ny etat<\/p>\n\n\n\n<p><strong>Rodzaj umowy: <\/strong>umowa o prac\u0119<\/p>\n\n\n\n<p><strong>Miejsce wykonywania pracy: <\/strong>Warszawa, siedziba NID<\/p>\n\n\n\n<p><strong>Wymagane dokumenty:<\/strong><\/p>\n\n\n\n<ul class=\"wp-block-list\"><li>CV i list motywacyjny \u2013 tytu\u0142 pliku z imieniem i nazwiskiem<\/li><\/ul>\n\n\n\n<p><strong>Termin sk\u0142adania dokument\u00f3w:<\/strong> do 16 kwietnia 2023 roku<\/p>\n\n\n\n<p>Spos\u00f3b sk\u0142adania dokument\u00f3w: Aplikacje prosimy przes\u0142a\u0107 na adres e-mail: <a href=\"mailto:rekrutacja@nid.pl\" target=\"_blank\" rel=\"noreferrer noopener\">rekrutacja@nid.pl<\/a> podaj\u0105c w tytule maila <strong>\u201eKoordynator ds. wydarze\u0144\u201d<\/strong>.<\/p>\n\n\n\n<div class=\"wp-block-group is-layout-flow wp-block-group-is-layout-flow\">\n<p><strong>Prosimy o dopisanie w CV nast\u0119puj\u0105cej klauzuli:<\/strong><\/p>\n\n\n\n<p>Wyra\u017cam zgod\u0119 na przetwarzanie moich danych osobowych dla potrzeb niezb\u0119dnych do realizacji procesu obecnej rekrutacji przez Narodowy Instytut Dziedzictwa zgodnie art. 7 ust. 1 i 2 Rozporz\u0105dzenia Parlamentu Europejskiego i Rady (UE) 2016\/679 z dnia 27 kwietnia 2016 r. w sprawie ochrony os\u00f3b fizycznych w zwi\u0105zku z przetwarzaniem danych osobowych i w sprawie swobodnego przep\u0142ywu takich danych oraz uchylenia dyrektywy 95\/46\/WE (og\u00f3lne rozporz\u0105dzenie o ochronie danych).<\/p>\n<\/div>\n\n\n\n<p><\/p>\n\n\n\n<p><strong>Informujemy, i\u017c:<\/strong><\/p>\n\n\n\n<ol class=\"wp-block-list\"><li>Administratorem Pani\/Pana danych osobowych jest Narodowy Instytut Dziedzictwa, ul. Kopernika 36\/40, 00-924 Warszawa.<\/li><li>Kontakt z Inspektorem Ochrony Danych w NID mo\u017cliwy jest poprzez ww. adres pocztowy lub pod adresem <a href=\"mailto:iod@nid.pl\" target=\"_blank\" rel=\"noreferrer noopener\">iod@nid.pl<\/a>.<\/li><li>Pani\/Pana dane osobowe przetwarzane b\u0119d\u0105 w celu realizacji przez Administratora procesu bie\u017c\u0105cej rekrutacji a podstaw\u0105 prawn\u0105 przetwarzania danych jest Pani\/Pana zgoda.<\/li><li>Administrator nie udost\u0119pnia Pani\/Pana danych osobowych \u017cadnym odbiorcom, z wyj\u0105tkiem przypadk\u00f3w, gdy obowi\u0105zek taki wynika z przepis\u00f3w prawa powszechnie obowi\u0105zuj\u0105cego.<\/li><li>Pani\/Pana dane b\u0119d\u0105 przechowywane przez okres trwania procedury rekrutacyjnej oraz 6 miesi\u0119cy od dnia jej zako\u0144czenia.<\/li><li>Pani\/Pana uprawnienia w zakresie danych osobowych:<br>1) prawo dost\u0119pu do swoich danych (w tym prawo do otrzymania ich kopii);<br>2) prawo do sprostowania swoich danych osobowych;<br>3) prawo do ograniczenia przetwarzania danych osobowych;<br>4) prawo do przenoszenia danych do innego administratora,<br>5) prawo do wniesienia sprzeciwu wobec przetwarzania danych,<br>6) prawo do wycofania zgody na przetwarzanie danych osobowych.<br>wycofanie zgody nie ma wp\u0142ywu na zgodno\u015b\u0107 z prawem przetwarzania, kt\u00f3rego dokonano na podstawie zgody przed jej wycofaniem; zgod\u0119 mo\u017cna wycofa\u0107 w ka\u017cdym momencie,<br>&#8211; \u017c\u0105danie realizacji tych praw nale\u017cy przes\u0142a\u0107 w formie pisemnej na adres kontaktowy administratora danych, podany powy\u017cej;<br>7) prawo do wniesienia skargi do Prezesa Urz\u0119du Ochrony Danych Osobowych gdy uzna Pani\/Pan, \u017ce przetwarzanie danych osobowych narusza przepisy RODO<\/li><\/ol>\n\n\n\n<ol class=\"wp-block-list\" start=\"7\"><li>Podanie przez Pani\u0105\/Pana danych osobowych w zakresie wynikaj\u0105cym z art. 221 Kodeksu Pracy (imi\u0119, nazwisko, data urodzenia, dane kontaktowe, wykszta\u0142cenie, kwalifikacje zawodowe, przebieg dotychczasowego zatrudnienia) jest niezb\u0119dne, aby uczestniczy\u0107 w post\u0119powaniu rekrutacyjnym. Podanie przez Pani\u0105\/Pana danych innych, ni\u017c wskazane w art. 221 Kodeksu Pracy, jest dobrowolne.<\/li><li>Podane dane nie b\u0119d\u0105 podstaw\u0105 do zautomatyzowanego podejmowania decyzji; nie b\u0119d\u0105 te\u017c profilowane.<\/li><\/ol>\n\n\n\n<p><strong>Oferty nades\u0142ane po up\u0142ywie wskazanego terminu lub bez kompletu wymaganych dokument\u00f3w nie b\u0119d\u0105 rozpatrywane.<br>Zastrzegamy sobie prawo do skontaktowania si\u0119 z wybranymi kandydatami.<\/strong><\/p>","protected":false},"excerpt":{"rendered":"<p>Termin sk\u0142adania dokument\u00f3w: 16 kwietnia 2023  roku<\/p>","protected":false},"author":4,"featured_media":0,"comment_status":"closed","ping_status":"closed","sticky":false,"template":"","format":"standard","meta":{"_et_pb_use_builder":"off","_et_pb_old_content":"","_et_gb_content_width":"","_monsterinsights_skip_tracking":false,"_monsterinsights_sitenote_active":false,"_monsterinsights_sitenote_note":"","_monsterinsights_sitenote_category":0,"footnotes":""},"categories":[49],"tags":[],"class_list":["post-10200","post","type-post","status-publish","format-standard","hentry","category-archiwum-praca-bip"],"yoast_head":"<!-- This site is optimized with the Yoast SEO plugin v26.5 - https:\/\/yoast.com\/wordpress\/plugins\/seo\/ -->\n<title>Koordynator ds. organizacji wydarze\u0144 - NID<\/title>\n<meta name=\"robots\" content=\"index, follow, max-snippet:-1, max-image-preview:large, max-video-preview:-1\" \/>\n<link rel=\"canonical\" href=\"https:\/\/nid.pl\/en\/2023\/03\/14\/koordynator-ds-organizacji-wydarzen\/\" \/>\n<meta property=\"og:locale\" content=\"en_GB\" \/>\n<meta property=\"og:type\" content=\"article\" \/>\n<meta property=\"og:title\" content=\"Koordynator ds. organizacji wydarze\u0144 - NID\" \/>\n<meta property=\"og:description\" content=\"Termin sk\u0142adania dokument\u00f3w: 16 kwietnia 2023 roku\" \/>\n<meta property=\"og:url\" content=\"https:\/\/nid.pl\/en\/2023\/03\/14\/koordynator-ds-organizacji-wydarzen\/\" \/>\n<meta property=\"og:site_name\" content=\"NID\" \/>\n<meta property=\"article:publisher\" content=\"https:\/\/www.facebook.com\/zabytek\" \/>\n<meta property=\"article:published_time\" content=\"2023-03-14T15:36:00+00:00\" \/>\n<meta property=\"article:modified_time\" content=\"2023-11-23T09:09:38+00:00\" \/>\n<meta name=\"author\" content=\"Marta Or\u0119ziak\" \/>\n<meta name=\"twitter:card\" content=\"summary_large_image\" \/>\n<meta name=\"twitter:creator\" content=\"@NarIDpl\" \/>\n<meta name=\"twitter:site\" content=\"@NarIDpl\" \/>\n<meta name=\"twitter:label1\" content=\"Written by\" \/>\n\t<meta name=\"twitter:data1\" content=\"Marta Or\u0119ziak\" \/>\n\t<meta name=\"twitter:label2\" content=\"Estimated reading time\" \/>\n\t<meta name=\"twitter:data2\" content=\"2 minutes\" \/>\n<script type=\"application\/ld+json\" class=\"yoast-schema-graph\">{\"@context\":\"https:\/\/schema.org\",\"@graph\":[{\"@type\":\"Article\",\"@id\":\"https:\/\/nid.pl\/2023\/03\/14\/koordynator-ds-organizacji-wydarzen\/#article\",\"isPartOf\":{\"@id\":\"https:\/\/nid.pl\/2023\/03\/14\/koordynator-ds-organizacji-wydarzen\/\"},\"author\":{\"name\":\"Marta Or\u0119ziak\",\"@id\":\"https:\/\/nid.pl\/#\/schema\/person\/9d848c4a54b78bc2a1461f1c5d8de615\"},\"headline\":\"Koordynator ds. organizacji wydarze\u0144\",\"datePublished\":\"2023-03-14T15:36:00+00:00\",\"dateModified\":\"2023-11-23T09:09:38+00:00\",\"mainEntityOfPage\":{\"@id\":\"https:\/\/nid.pl\/2023\/03\/14\/koordynator-ds-organizacji-wydarzen\/\"},\"wordCount\":405,\"publisher\":{\"@id\":\"https:\/\/nid.pl\/#organization\"},\"articleSection\":[\"Archiwum Praca\"],\"inLanguage\":\"en-GB\"},{\"@type\":\"WebPage\",\"@id\":\"https:\/\/nid.pl\/2023\/03\/14\/koordynator-ds-organizacji-wydarzen\/\",\"url\":\"https:\/\/nid.pl\/2023\/03\/14\/koordynator-ds-organizacji-wydarzen\/\",\"name\":\"Koordynator ds. organizacji wydarze\u0144 - NID\",\"isPartOf\":{\"@id\":\"https:\/\/nid.pl\/#website\"},\"datePublished\":\"2023-03-14T15:36:00+00:00\",\"dateModified\":\"2023-11-23T09:09:38+00:00\",\"breadcrumb\":{\"@id\":\"https:\/\/nid.pl\/2023\/03\/14\/koordynator-ds-organizacji-wydarzen\/#breadcrumb\"},\"inLanguage\":\"en-GB\",\"potentialAction\":[{\"@type\":\"ReadAction\",\"target\":[\"https:\/\/nid.pl\/2023\/03\/14\/koordynator-ds-organizacji-wydarzen\/\"]}]},{\"@type\":\"BreadcrumbList\",\"@id\":\"https:\/\/nid.pl\/2023\/03\/14\/koordynator-ds-organizacji-wydarzen\/#breadcrumb\",\"itemListElement\":[{\"@type\":\"ListItem\",\"position\":1,\"name\":\"Home\",\"item\":\"https:\/\/nid.pl\/\"},{\"@type\":\"ListItem\",\"position\":2,\"name\":\"Koordynator ds. organizacji wydarze\u0144\"}]},{\"@type\":\"WebSite\",\"@id\":\"https:\/\/nid.pl\/#website\",\"url\":\"https:\/\/nid.pl\/\",\"name\":\"NID\",\"description\":\"Narodowy Instytut Dziedzictwa\",\"publisher\":{\"@id\":\"https:\/\/nid.pl\/#organization\"},\"potentialAction\":[{\"@type\":\"SearchAction\",\"target\":{\"@type\":\"EntryPoint\",\"urlTemplate\":\"https:\/\/nid.pl\/?s={search_term_string}\"},\"query-input\":{\"@type\":\"PropertyValueSpecification\",\"valueRequired\":true,\"valueName\":\"search_term_string\"}}],\"inLanguage\":\"en-GB\"},{\"@type\":\"Organization\",\"@id\":\"https:\/\/nid.pl\/#organization\",\"name\":\"Narodowy Instytut Dziedzictwa\",\"url\":\"https:\/\/nid.pl\/\",\"logo\":{\"@type\":\"ImageObject\",\"inLanguage\":\"en-GB\",\"@id\":\"https:\/\/nid.pl\/#\/schema\/logo\/image\/\",\"url\":\"https:\/\/nid.pl\/wp-content\/uploads\/2022\/10\/logoRedDark.png\",\"contentUrl\":\"https:\/\/nid.pl\/wp-content\/uploads\/2022\/10\/logoRedDark.png\",\"width\":200,\"height\":197,\"caption\":\"Narodowy Instytut Dziedzictwa\"},\"image\":{\"@id\":\"https:\/\/nid.pl\/#\/schema\/logo\/image\/\"},\"sameAs\":[\"https:\/\/www.facebook.com\/zabytek\",\"https:\/\/x.com\/NarIDpl\",\"https:\/\/www.instagram.com\/nid.pl\/?hl=pl\",\"https:\/\/www.linkedin.com\/company\/narodowy-instytut-dziedzictwa\",\"https:\/\/www.youtube.com\/channel\/UCQXuhKa2uHtmNvLRUSx40JA\"]},{\"@type\":\"Person\",\"@id\":\"https:\/\/nid.pl\/#\/schema\/person\/9d848c4a54b78bc2a1461f1c5d8de615\",\"name\":\"Marta Or\u0119ziak\",\"image\":{\"@type\":\"ImageObject\",\"inLanguage\":\"en-GB\",\"@id\":\"https:\/\/nid.pl\/#\/schema\/person\/image\/\",\"url\":\"https:\/\/nid.pl\/wp-content\/litespeed\/avatar\/3cdc296a7eb01425272974c992bee3ea.jpg?ver=1777445267\",\"contentUrl\":\"https:\/\/nid.pl\/wp-content\/litespeed\/avatar\/3cdc296a7eb01425272974c992bee3ea.jpg?ver=1777445267\",\"caption\":\"Marta Or\u0119ziak\"},\"url\":\"https:\/\/nid.pl\/en\/author\/moreziak\/\"}]}<\/script>\n<!-- \/ Yoast SEO plugin. -->","yoast_head_json":{"title":"Koordynator ds. organizacji wydarze\u0144 - NID","robots":{"index":"index","follow":"follow","max-snippet":"max-snippet:-1","max-image-preview":"max-image-preview:large","max-video-preview":"max-video-preview:-1"},"canonical":"https:\/\/nid.pl\/en\/2023\/03\/14\/koordynator-ds-organizacji-wydarzen\/","og_locale":"en_GB","og_type":"article","og_title":"Koordynator ds. organizacji wydarze\u0144 - NID","og_description":"Termin sk\u0142adania dokument\u00f3w: 16 kwietnia 2023 roku","og_url":"https:\/\/nid.pl\/en\/2023\/03\/14\/koordynator-ds-organizacji-wydarzen\/","og_site_name":"NID","article_publisher":"https:\/\/www.facebook.com\/zabytek","article_published_time":"2023-03-14T15:36:00+00:00","article_modified_time":"2023-11-23T09:09:38+00:00","author":"Marta Or\u0119ziak","twitter_card":"summary_large_image","twitter_creator":"@NarIDpl","twitter_site":"@NarIDpl","twitter_misc":{"Written by":"Marta Or\u0119ziak","Estimated reading time":"2 minutes"},"schema":{"@context":"https:\/\/schema.org","@graph":[{"@type":"Article","@id":"https:\/\/nid.pl\/2023\/03\/14\/koordynator-ds-organizacji-wydarzen\/#article","isPartOf":{"@id":"https:\/\/nid.pl\/2023\/03\/14\/koordynator-ds-organizacji-wydarzen\/"},"author":{"name":"Marta Or\u0119ziak","@id":"https:\/\/nid.pl\/#\/schema\/person\/9d848c4a54b78bc2a1461f1c5d8de615"},"headline":"Koordynator ds. organizacji wydarze\u0144","datePublished":"2023-03-14T15:36:00+00:00","dateModified":"2023-11-23T09:09:38+00:00","mainEntityOfPage":{"@id":"https:\/\/nid.pl\/2023\/03\/14\/koordynator-ds-organizacji-wydarzen\/"},"wordCount":405,"publisher":{"@id":"https:\/\/nid.pl\/#organization"},"articleSection":["Archiwum Praca"],"inLanguage":"en-GB"},{"@type":"WebPage","@id":"https:\/\/nid.pl\/2023\/03\/14\/koordynator-ds-organizacji-wydarzen\/","url":"https:\/\/nid.pl\/2023\/03\/14\/koordynator-ds-organizacji-wydarzen\/","name":"Koordynator ds. organizacji wydarze\u0144 - NID","isPartOf":{"@id":"https:\/\/nid.pl\/#website"},"datePublished":"2023-03-14T15:36:00+00:00","dateModified":"2023-11-23T09:09:38+00:00","breadcrumb":{"@id":"https:\/\/nid.pl\/2023\/03\/14\/koordynator-ds-organizacji-wydarzen\/#breadcrumb"},"inLanguage":"en-GB","potentialAction":[{"@type":"ReadAction","target":["https:\/\/nid.pl\/2023\/03\/14\/koordynator-ds-organizacji-wydarzen\/"]}]},{"@type":"BreadcrumbList","@id":"https:\/\/nid.pl\/2023\/03\/14\/koordynator-ds-organizacji-wydarzen\/#breadcrumb","itemListElement":[{"@type":"ListItem","position":1,"name":"Home","item":"https:\/\/nid.pl\/"},{"@type":"ListItem","position":2,"name":"Koordynator ds. organizacji wydarze\u0144"}]},{"@type":"WebSite","@id":"https:\/\/nid.pl\/#website","url":"https:\/\/nid.pl\/","name":"NID","description":"Narodowy Instytut Dziedzictwa","publisher":{"@id":"https:\/\/nid.pl\/#organization"},"potentialAction":[{"@type":"SearchAction","target":{"@type":"EntryPoint","urlTemplate":"https:\/\/nid.pl\/?s={search_term_string}"},"query-input":{"@type":"PropertyValueSpecification","valueRequired":true,"valueName":"search_term_string"}}],"inLanguage":"en-GB"},{"@type":"Organization","@id":"https:\/\/nid.pl\/#organization","name":"Narodowy Instytut Dziedzictwa","url":"https:\/\/nid.pl\/","logo":{"@type":"ImageObject","inLanguage":"en-GB","@id":"https:\/\/nid.pl\/#\/schema\/logo\/image\/","url":"https:\/\/nid.pl\/wp-content\/uploads\/2022\/10\/logoRedDark.png","contentUrl":"https:\/\/nid.pl\/wp-content\/uploads\/2022\/10\/logoRedDark.png","width":200,"height":197,"caption":"Narodowy Instytut Dziedzictwa"},"image":{"@id":"https:\/\/nid.pl\/#\/schema\/logo\/image\/"},"sameAs":["https:\/\/www.facebook.com\/zabytek","https:\/\/x.com\/NarIDpl","https:\/\/www.instagram.com\/nid.pl\/?hl=pl","https:\/\/www.linkedin.com\/company\/narodowy-instytut-dziedzictwa","https:\/\/www.youtube.com\/channel\/UCQXuhKa2uHtmNvLRUSx40JA"]},{"@type":"Person","@id":"https:\/\/nid.pl\/#\/schema\/person\/9d848c4a54b78bc2a1461f1c5d8de615","name":"Marta Or\u0119ziak","image":{"@type":"ImageObject","inLanguage":"en-GB","@id":"https:\/\/nid.pl\/#\/schema\/person\/image\/","url":"https:\/\/nid.pl\/wp-content\/litespeed\/avatar\/3cdc296a7eb01425272974c992bee3ea.jpg?ver=1777445267","contentUrl":"https:\/\/nid.pl\/wp-content\/litespeed\/avatar\/3cdc296a7eb01425272974c992bee3ea.jpg?ver=1777445267","caption":"Marta Or\u0119ziak"},"url":"https:\/\/nid.pl\/en\/author\/moreziak\/"}]}},"_links":{"self":[{"href":"https:\/\/nid.pl\/en\/wp-json\/wp\/v2\/posts\/10200","targetHints":{"allow":["GET"]}}],"collection":[{"href":"https:\/\/nid.pl\/en\/wp-json\/wp\/v2\/posts"}],"about":[{"href":"https:\/\/nid.pl\/en\/wp-json\/wp\/v2\/types\/post"}],"author":[{"embeddable":true,"href":"https:\/\/nid.pl\/en\/wp-json\/wp\/v2\/users\/4"}],"replies":[{"embeddable":true,"href":"https:\/\/nid.pl\/en\/wp-json\/wp\/v2\/comments?post=10200"}],"version-history":[{"count":0,"href":"https:\/\/nid.pl\/en\/wp-json\/wp\/v2\/posts\/10200\/revisions"}],"wp:attachment":[{"href":"https:\/\/nid.pl\/en\/wp-json\/wp\/v2\/media?parent=10200"}],"wp:term":[{"taxonomy":"category","embeddable":true,"href":"https:\/\/nid.pl\/en\/wp-json\/wp\/v2\/categories?post=10200"},{"taxonomy":"post_tag","embeddable":true,"href":"https:\/\/nid.pl\/en\/wp-json\/wp\/v2\/tags?post=10200"}],"curies":[{"name":"wp","href":"https:\/\/api.w.org\/{rel}","templated":true}]}}