{"id":10155,"date":"2023-03-08T11:16:24","date_gmt":"2023-03-08T10:16:24","guid":{"rendered":"https:\/\/nid.pl\/?p=10155"},"modified":"2023-04-04T11:22:48","modified_gmt":"2023-04-04T09:22:48","slug":"zapraszamy-na-webinar-dziedzictwo-kulturowe-i-rozwoj","status":"publish","type":"post","link":"https:\/\/nid.pl\/en\/2023\/03\/08\/zapraszamy-na-webinar-dziedzictwo-kulturowe-i-rozwoj\/","title":{"rendered":"Zapraszamy na webinar \u201eDziedzictwo kulturowe i\u00a0rozw\u00f3j\u201d"},"content":{"rendered":"<p><strong>Jaki wp\u0142yw na rozw\u00f3j spo\u0142eczno-gospodarczy ma dziedzictwo kulturowe? Dlaczego warto prowadzi\u0107 w tym zakresie badania i gromadzi\u0107 dane? Narodowy Instytut Dziedzictwa zaprasza \u2013 13 marca \u2013 na webinar \u201eDziedzictwo kulturowe i rozw\u00f3j\u201d dedykowany pracownikom instytucji gromadz\u0105cych dane oraz badaczom, zajmuj\u0105cym si\u0119 problematyk\u0105 dziedzictwa, a zw\u0142aszcza relacjami mi\u0119dzy dziedzictwem kulturowym a rozwojem. Podczas spotkania zostan\u0105 podsumowane efekty realizacji projekt\u00f3w NID dotycz\u0105cych gromadzenia danych na temat sektora dziedzictwa.<\/strong><\/p>\n\n\n\n<p>Dziedzictwo kulturowe oddzia\u0142uje na rozw\u00f3j spo\u0142eczno-gospodarczy na r\u00f3\u017cnych p\u0142aszczyznach: ekonomicznej, spo\u0142ecznej i \u015brodowiskowej. W spos\u00f3b bezpo\u015bredni widoczne mog\u0105 by\u0107 efekty ekonomiczne rewitalizacji zabytk\u00f3w nieruchomych w postaci np. wzmo\u017conego ruchu turystycznego i wy\u017cszych przychod\u00f3w z turystyki kulturowej w gminie czy mie\u015bcie. Z punktu widzenia wp\u0142ywu spo\u0142ecznego, dziedzictwo mo\u017ce przyczynia\u0107 si\u0119 do wzrostu jako\u015bci \u017cycia mieszka\u0144c\u00f3w. Przyk\u0142adem mo\u017ce by\u0107 stosunkowo prosta zmiana &#8211; zadbana przestrze\u0144. Wsp\u00f3\u0142cze\u015bnie wa\u017cnym aspektem staj\u0105 si\u0119 efekty ekologiczne, w tym racjonalne gospodarowanie przestrzeni\u0105 ju\u017c zagospodarowan\u0105 i wt\u00f3rne wykorzystywanie istniej\u0105cej zabudowy.<\/p>\n\n\n\n<p>Spotkanie on-line, zaplanowane na 13 marca, po\u015bwi\u0119cone b\u0119dzie monitorowaniu i ewaluacji wp\u0142ywu dziedzictwa kulturowego na rozw\u00f3j spo\u0142eczno-gospodarczy. Jak podkre\u015bla dyrektor Narodowego Instytutu Dziedzictwa, dr hab. Katarzyna Zalasi\u0144ska, podj\u0119ty temat jest niezwykle aktualny.<\/p>\n\n\n\n<p><strong>\u2013 <\/strong><em>Wyb\u00f3r tematu wpisuje si\u0119 w widoczny od kilku lat trend systematyzowania bada\u0144 nad statystyk\u0105 kultury, w ramach kt\u00f3rego dziedzictwo kulturowe staje si\u0119 wa\u017cnym elementem rezonuj\u0105cym na otoczenie spo\u0142eczno-gospodarcze<\/em><strong> \u00ad<\/strong>\u2013 wyja\u015bnia dyrektor NID.<\/p>\n\n\n\n<p>W trakcie webinaru dyskutanci \u2013 dr Anna G\u00f3ral, dr Jaros\u0142aw Kla\u015b i dr Katarzyna Kope\u0107 \u2013 zarysuj\u0105 uwarunkowania monitorowania i ewaluacji oddzia\u0142ywania dziedzictwa kulturowego na rozw\u00f3j spo\u0142eczno-gospodarczy. Podsumowane zostan\u0105 efekty realizacji dw\u00f3ch projekt\u00f3w, zrealizowane na zlecenie Narodowego Instytutu Dziedzictwa, dotycz\u0105cych gromadzenia danych na temat sektora dziedzictwa:<\/p>\n\n\n\n<ul class=\"wp-block-list\"><li><strong>\u201eDziedzictwo kulturowe i&nbsp;rozw\u00f3j. Przegl\u0105d wybranych podej\u015b\u0107 do&nbsp;gromadzenia danych na temat dziedzictwa kulturowego\u201d<\/strong> \u2013 opracowanie przedstawia aktualne podej\u015bcia do gromadzenia danych wykazuj\u0105cych oddzia\u0142ywanie dziedzictwa kulturowego na rozw\u00f3j spo\u0142eczno-gospodarczy w uj\u0119ciu mi\u0119dzynarodowym. Analiza mia\u0142a na celu zgromadzenie wiedzy o wska\u017anikach statystycznych wykorzystywanych w wybranych pa\u0144stwach do monitorowania i ewaluacji wp\u0142ywu dziedzictwa kulturowego na rozw\u00f3j spo\u0142eczno-gospodarczy. By pokaza\u0107 r\u00f3\u017cnorodne podej\u015bcia do gromadzenia danych statystycznych w tym obszarze pos\u0142u\u017cono si\u0119 opisem rozwi\u0105za\u0144 stosowanych w nast\u0119puj\u0105cych pa\u0144stwach: Australia, Islandia, Niemcy, Stany Zjednoczone, Szwajcaria i Wielka Brytania.<br><\/li><li>&nbsp;<strong>\u201ePropozycje wska\u017anik\u00f3w statystycznych s\u0142u\u017c\u0105cych pomiarowi wp\u0142ywu dziedzictwa na rozw\u00f3j spo\u0142eczno-gospodarczy dla Polski\u201d<\/strong> stanowi wst\u0119pn\u0105 propozycj\u0119 ram do pomiaru wp\u0142ywu dziedzictwa na rozw\u00f3j spo\u0142eczno-gospodarczy Polski. W raporcie zaproponowano, by wp\u0142yw dziedzictwa okre\u015bli\u0107 w ramach czterech obszar\u00f3w: polityki ochrony zabytk\u00f3w, wp\u0142ywu spo\u0142ecznego, wp\u0142ywu gospodarczego oraz \u015brodowiska. Intencj\u0105 autor\u00f3w niniejszego raportu by\u0142o stworzenie wytycznych, kt\u00f3re mog\u0105 u\u0142atwi\u0107 zbieranie, danych na temat wp\u0142ywu dziedzictwa kulturowego, analiz\u0119 trend\u00f3w, a w konsekwencji wsparcie proces\u00f3w podejmowania decyzji dotycz\u0105cych zasob\u00f3w dziedzictwa kulturowego i projektowania dedykowanych mu polityk publicznych.<\/li><\/ul>\n\n\n\n<p><\/p>\n\n\n\n<p><strong>Dyskutanci:<\/strong><\/p>\n\n\n\n<p><strong>Dr Anna G\u00f3ral<\/strong> \u2013 zawodowo zwi\u0105zana z Instytutem Kultury UJ, gdzie pracuje na stanowisku adiunkta w Zak\u0142adzie Zarz\u0105dzania Kultur\u0105. Od wielu lat zwi\u0105zana z sektorem pozarz\u0105dowym i publicznym. Autorka szeregu publikacji naukowych poruszaj\u0105cych zagadnienia zarz\u0105dzania dziedzictwem kulturowym, a zw\u0142aszcza roli wsp\u00f3\u0142pracy mi\u0119dzysektorowej w rozwoju dziedzictwa. Aktualnie jej zainteresowania naukowe koncentruj\u0105 si\u0119 wok\u00f3\u0142 problematyki zarz\u0105dzania r\u00f3\u017cnorodno\u015bci\u0105 w organizacjach, aktywno\u015bci obywatelskiej oraz nowych form organizacji. &nbsp;&nbsp;<\/p>\n\n\n\n<p><strong>Dr Jaros\u0142aw Kla\u015b<\/strong> \u2013 zawodowo zwi\u0105zany z O\u015brodkiem Kultury im. C. K. Norwida w Krakowie, gdzie pe\u0142ni funkcj\u0119 dyrektora. Wsp\u00f3\u0142pracuje z r\u00f3\u017cnymi instytucjami kultury i organizacjami pozarz\u0105dowymi. Prowadzi zaj\u0119cia z zakresu zarz\u0105dzania kultur\u0105 dla student\u00f3w i s\u0142uchaczy studi\u00f3w podyplomowych na Uniwersytecie Jagiello\u0144skim w Krakowie, Uniwersytecie Ekonomicznym we Wroc\u0142awiu i Akademii G\u00f3rniczo-Hutniczej w Krakowie. Pomys\u0142odawca i koordynator wielu projekt\u00f3w animacyjnych dotycz\u0105cych g\u0142\u00f3wnie dziedzictwa kulturowego. G\u0142\u00f3wne zainteresowania badawcze: animacja kultury, zarz\u0105dzanie instytucjami kultury i dziedzictwem kulturowym (zw\u0142aszcza Nowej Huty).<\/p>\n\n\n\n<p><strong>Dr Katarzyna Kope\u0107 \u2013<\/strong> zawodowo zwi\u0105zana z Instytutem Kultury UJ, gdzie prowadzi zaj\u0119cia dydaktyczne i badania naukowe w obszarze ewaluacji polityki kulturalnej, zarz\u0105dzania w kulturze i spo\u0142eczno-kulturowych kontekst\u00f3w finansowania kultury. Aktualnie jest zaanga\u017cowana w projekty mi\u0119dzynarodowe dotycz\u0105ce innowacyjno\u015bci sektora kreatywnego (np. EIT Culture and Creativity, Erasmus XR).<\/p>\n\n\n\n<p><\/p>\n\n\n\n<p><strong>Termin: 13 marca 2023<\/strong>; czas trwania: 12.00 -13.00.<\/p>\n\n\n\n<p><strong>Udzia\u0142 po rejestracji pod linkiem<\/strong>: <a href=\"https:\/\/events.teams.microsoft.com\/event\/ae6d9a57-9e41-4c3c-a6ba-1f47717b7d74@263a2be6-39c0-4c4d-9b57-59437c69146e\" target=\"_blank\" rel=\"noreferrer noopener\">https:\/\/events.teams.microsoft.com\/event\/ae6d9a57-9e41-4c3c-a6ba-1f47717b7d74@263a2be6-39c0-4c4d-9b57-59437c69146e<\/a><\/p>\n\n\n\n<p><strong>Udzia\u0142 w wydarzeniu jest bezp\u0142atny.<\/strong><\/p>\n\n\n\n<figure class=\"wp-block-gallery aligncenter has-nested-images columns-default is-cropped wp-block-gallery-1 is-layout-flex wp-block-gallery-is-layout-flex\">\n<figure class=\"wp-block-image size-large\"><img loading=\"lazy\" decoding=\"async\" width=\"920\" height=\"230\" data-id=\"10154\" src=\"https:\/\/nid.pl\/wp-content\/uploads\/2023\/03\/webinar-zdjecie-tla.png\" alt=\"\" class=\"wp-image-10154\" srcset=\"https:\/\/nid.pl\/wp-content\/uploads\/2023\/03\/webinar-zdjecie-tla.png 920w, https:\/\/nid.pl\/wp-content\/uploads\/2023\/03\/webinar-zdjecie-tla-480x120.png 480w\" sizes=\"(min-width: 0px) and (max-width: 480px) 480px, (min-width: 481px) 920px, 100vw\" \/><\/figure>\n<\/figure>","protected":false},"excerpt":{"rendered":"<p>Jaki wp\u0142yw na rozw\u00f3j spo\u0142eczno-gospodarczy ma dziedzictwo kulturowe? Dlaczego warto prowadzi\u0107 w tym zakresie badania i gromadzi\u0107 dane? Narodowy Instytut Dziedzictwa zaprasza \u2013 13 marca \u2013 na webinar \u201eDziedzictwo kulturowe [&hellip;]<\/p>","protected":false},"author":7,"featured_media":10184,"comment_status":"open","ping_status":"open","sticky":false,"template":"","format":"standard","meta":{"_et_pb_use_builder":"off","_et_pb_old_content":"","_et_gb_content_width":"","_monsterinsights_skip_tracking":false,"_monsterinsights_sitenote_active":false,"_monsterinsights_sitenote_note":"","_monsterinsights_sitenote_category":0,"footnotes":""},"categories":[3,32],"tags":[],"class_list":["post-10155","post","type-post","status-publish","format-standard","has-post-thumbnail","hentry","category-aktualnosci","category-samorzad-dla-dziedzictwa"],"yoast_head":"<!-- This site is optimized with the Yoast SEO plugin v26.5 - https:\/\/yoast.com\/wordpress\/plugins\/seo\/ -->\n<title>Zapraszamy na webinar \u201eDziedzictwo kulturowe i\u00a0rozw\u00f3j\u201d - NID<\/title>\n<meta name=\"robots\" content=\"index, follow, max-snippet:-1, max-image-preview:large, max-video-preview:-1\" \/>\n<link rel=\"canonical\" href=\"https:\/\/nid.pl\/en\/2023\/03\/08\/zapraszamy-na-webinar-dziedzictwo-kulturowe-i-rozwoj\/\" \/>\n<meta property=\"og:locale\" content=\"en_GB\" \/>\n<meta property=\"og:type\" content=\"article\" \/>\n<meta property=\"og:title\" content=\"Zapraszamy na webinar \u201eDziedzictwo kulturowe i\u00a0rozw\u00f3j\u201d - NID\" \/>\n<meta property=\"og:description\" content=\"Jaki wp\u0142yw na rozw\u00f3j spo\u0142eczno-gospodarczy ma dziedzictwo kulturowe? Dlaczego warto prowadzi\u0107 w tym zakresie badania i gromadzi\u0107 dane? Narodowy Instytut Dziedzictwa zaprasza \u2013 13 marca \u2013 na webinar \u201eDziedzictwo kulturowe [&hellip;]\" \/>\n<meta property=\"og:url\" content=\"https:\/\/nid.pl\/en\/2023\/03\/08\/zapraszamy-na-webinar-dziedzictwo-kulturowe-i-rozwoj\/\" \/>\n<meta property=\"og:site_name\" content=\"NID\" \/>\n<meta property=\"article:publisher\" content=\"https:\/\/www.facebook.com\/zabytek\" \/>\n<meta property=\"article:published_time\" content=\"2023-03-08T10:16:24+00:00\" \/>\n<meta property=\"article:modified_time\" content=\"2023-04-04T09:22:48+00:00\" \/>\n<meta property=\"og:image\" content=\"https:\/\/nid.pl\/wp-content\/uploads\/2023\/03\/miniaturka-webinar.jpg\" \/>\n\t<meta property=\"og:image:width\" content=\"1857\" \/>\n\t<meta property=\"og:image:height\" content=\"1238\" \/>\n\t<meta property=\"og:image:type\" content=\"image\/jpeg\" \/>\n<meta name=\"author\" content=\"Barbara Halliop\" \/>\n<meta name=\"twitter:card\" content=\"summary_large_image\" \/>\n<meta name=\"twitter:creator\" content=\"@NarIDpl\" \/>\n<meta name=\"twitter:site\" content=\"@NarIDpl\" \/>\n<meta name=\"twitter:label1\" content=\"Written by\" \/>\n\t<meta name=\"twitter:data1\" content=\"Barbara Halliop\" \/>\n\t<meta name=\"twitter:label2\" content=\"Estimated reading time\" \/>\n\t<meta name=\"twitter:data2\" content=\"3 minutes\" \/>\n<script type=\"application\/ld+json\" class=\"yoast-schema-graph\">{\"@context\":\"https:\/\/schema.org\",\"@graph\":[{\"@type\":\"Article\",\"@id\":\"https:\/\/nid.pl\/2023\/03\/08\/zapraszamy-na-webinar-dziedzictwo-kulturowe-i-rozwoj\/#article\",\"isPartOf\":{\"@id\":\"https:\/\/nid.pl\/2023\/03\/08\/zapraszamy-na-webinar-dziedzictwo-kulturowe-i-rozwoj\/\"},\"author\":{\"name\":\"Barbara Halliop\",\"@id\":\"https:\/\/nid.pl\/#\/schema\/person\/1b690a8998a5111cfb9f0ffe24195a15\"},\"headline\":\"Zapraszamy na webinar \u201eDziedzictwo kulturowe i\u00a0rozw\u00f3j\u201d\",\"datePublished\":\"2023-03-08T10:16:24+00:00\",\"dateModified\":\"2023-04-04T09:22:48+00:00\",\"mainEntityOfPage\":{\"@id\":\"https:\/\/nid.pl\/2023\/03\/08\/zapraszamy-na-webinar-dziedzictwo-kulturowe-i-rozwoj\/\"},\"wordCount\":811,\"commentCount\":0,\"publisher\":{\"@id\":\"https:\/\/nid.pl\/#organization\"},\"image\":{\"@id\":\"https:\/\/nid.pl\/2023\/03\/08\/zapraszamy-na-webinar-dziedzictwo-kulturowe-i-rozwoj\/#primaryimage\"},\"thumbnailUrl\":\"https:\/\/nid.pl\/wp-content\/uploads\/2023\/03\/miniaturka-webinar.jpg\",\"articleSection\":[\"Aktualno\u015bci\",\"Samorz\u0105d dla dziedzictwa\"],\"inLanguage\":\"en-GB\"},{\"@type\":\"WebPage\",\"@id\":\"https:\/\/nid.pl\/2023\/03\/08\/zapraszamy-na-webinar-dziedzictwo-kulturowe-i-rozwoj\/\",\"url\":\"https:\/\/nid.pl\/2023\/03\/08\/zapraszamy-na-webinar-dziedzictwo-kulturowe-i-rozwoj\/\",\"name\":\"Zapraszamy na webinar \u201eDziedzictwo kulturowe i\u00a0rozw\u00f3j\u201d - NID\",\"isPartOf\":{\"@id\":\"https:\/\/nid.pl\/#website\"},\"primaryImageOfPage\":{\"@id\":\"https:\/\/nid.pl\/2023\/03\/08\/zapraszamy-na-webinar-dziedzictwo-kulturowe-i-rozwoj\/#primaryimage\"},\"image\":{\"@id\":\"https:\/\/nid.pl\/2023\/03\/08\/zapraszamy-na-webinar-dziedzictwo-kulturowe-i-rozwoj\/#primaryimage\"},\"thumbnailUrl\":\"https:\/\/nid.pl\/wp-content\/uploads\/2023\/03\/miniaturka-webinar.jpg\",\"datePublished\":\"2023-03-08T10:16:24+00:00\",\"dateModified\":\"2023-04-04T09:22:48+00:00\",\"breadcrumb\":{\"@id\":\"https:\/\/nid.pl\/2023\/03\/08\/zapraszamy-na-webinar-dziedzictwo-kulturowe-i-rozwoj\/#breadcrumb\"},\"inLanguage\":\"en-GB\",\"potentialAction\":[{\"@type\":\"ReadAction\",\"target\":[\"https:\/\/nid.pl\/2023\/03\/08\/zapraszamy-na-webinar-dziedzictwo-kulturowe-i-rozwoj\/\"]}]},{\"@type\":\"ImageObject\",\"inLanguage\":\"en-GB\",\"@id\":\"https:\/\/nid.pl\/2023\/03\/08\/zapraszamy-na-webinar-dziedzictwo-kulturowe-i-rozwoj\/#primaryimage\",\"url\":\"https:\/\/nid.pl\/wp-content\/uploads\/2023\/03\/miniaturka-webinar.jpg\",\"contentUrl\":\"https:\/\/nid.pl\/wp-content\/uploads\/2023\/03\/miniaturka-webinar.jpg\",\"width\":1857,\"height\":1238,\"caption\":\"miniaturka webinar\"},{\"@type\":\"BreadcrumbList\",\"@id\":\"https:\/\/nid.pl\/2023\/03\/08\/zapraszamy-na-webinar-dziedzictwo-kulturowe-i-rozwoj\/#breadcrumb\",\"itemListElement\":[{\"@type\":\"ListItem\",\"position\":1,\"name\":\"Home\",\"item\":\"https:\/\/nid.pl\/\"},{\"@type\":\"ListItem\",\"position\":2,\"name\":\"Zapraszamy na webinar \u201eDziedzictwo kulturowe i\u00a0rozw\u00f3j\u201d\"}]},{\"@type\":\"WebSite\",\"@id\":\"https:\/\/nid.pl\/#website\",\"url\":\"https:\/\/nid.pl\/\",\"name\":\"NID\",\"description\":\"Narodowy Instytut Dziedzictwa\",\"publisher\":{\"@id\":\"https:\/\/nid.pl\/#organization\"},\"potentialAction\":[{\"@type\":\"SearchAction\",\"target\":{\"@type\":\"EntryPoint\",\"urlTemplate\":\"https:\/\/nid.pl\/?s={search_term_string}\"},\"query-input\":{\"@type\":\"PropertyValueSpecification\",\"valueRequired\":true,\"valueName\":\"search_term_string\"}}],\"inLanguage\":\"en-GB\"},{\"@type\":\"Organization\",\"@id\":\"https:\/\/nid.pl\/#organization\",\"name\":\"Narodowy Instytut Dziedzictwa\",\"url\":\"https:\/\/nid.pl\/\",\"logo\":{\"@type\":\"ImageObject\",\"inLanguage\":\"en-GB\",\"@id\":\"https:\/\/nid.pl\/#\/schema\/logo\/image\/\",\"url\":\"https:\/\/nid.pl\/wp-content\/uploads\/2022\/10\/logoRedDark.png\",\"contentUrl\":\"https:\/\/nid.pl\/wp-content\/uploads\/2022\/10\/logoRedDark.png\",\"width\":200,\"height\":197,\"caption\":\"Narodowy Instytut Dziedzictwa\"},\"image\":{\"@id\":\"https:\/\/nid.pl\/#\/schema\/logo\/image\/\"},\"sameAs\":[\"https:\/\/www.facebook.com\/zabytek\",\"https:\/\/x.com\/NarIDpl\",\"https:\/\/www.instagram.com\/nid.pl\/?hl=pl\",\"https:\/\/www.linkedin.com\/company\/narodowy-instytut-dziedzictwa\",\"https:\/\/www.youtube.com\/channel\/UCQXuhKa2uHtmNvLRUSx40JA\"]},{\"@type\":\"Person\",\"@id\":\"https:\/\/nid.pl\/#\/schema\/person\/1b690a8998a5111cfb9f0ffe24195a15\",\"name\":\"Barbara Halliop\",\"image\":{\"@type\":\"ImageObject\",\"inLanguage\":\"en-GB\",\"@id\":\"https:\/\/nid.pl\/#\/schema\/person\/image\/\",\"url\":\"https:\/\/nid.pl\/wp-content\/litespeed\/avatar\/924046d17dd0c842c9fa9ccf489bc6dc.jpg?ver=1777444967\",\"contentUrl\":\"https:\/\/nid.pl\/wp-content\/litespeed\/avatar\/924046d17dd0c842c9fa9ccf489bc6dc.jpg?ver=1777444967\",\"caption\":\"Barbara Halliop\"},\"url\":\"https:\/\/nid.pl\/en\/author\/bhalliop\/\"}]}<\/script>\n<!-- \/ Yoast SEO plugin. -->","yoast_head_json":{"title":"Zapraszamy na webinar \u201eDziedzictwo kulturowe i\u00a0rozw\u00f3j\u201d - NID","robots":{"index":"index","follow":"follow","max-snippet":"max-snippet:-1","max-image-preview":"max-image-preview:large","max-video-preview":"max-video-preview:-1"},"canonical":"https:\/\/nid.pl\/en\/2023\/03\/08\/zapraszamy-na-webinar-dziedzictwo-kulturowe-i-rozwoj\/","og_locale":"en_GB","og_type":"article","og_title":"Zapraszamy na webinar \u201eDziedzictwo kulturowe i\u00a0rozw\u00f3j\u201d - NID","og_description":"Jaki wp\u0142yw na rozw\u00f3j spo\u0142eczno-gospodarczy ma dziedzictwo kulturowe? Dlaczego warto prowadzi\u0107 w tym zakresie badania i gromadzi\u0107 dane? Narodowy Instytut Dziedzictwa zaprasza \u2013 13 marca \u2013 na webinar \u201eDziedzictwo kulturowe [&hellip;]","og_url":"https:\/\/nid.pl\/en\/2023\/03\/08\/zapraszamy-na-webinar-dziedzictwo-kulturowe-i-rozwoj\/","og_site_name":"NID","article_publisher":"https:\/\/www.facebook.com\/zabytek","article_published_time":"2023-03-08T10:16:24+00:00","article_modified_time":"2023-04-04T09:22:48+00:00","og_image":[{"width":1857,"height":1238,"url":"https:\/\/nid.pl\/wp-content\/uploads\/2023\/03\/miniaturka-webinar.jpg","type":"image\/jpeg"}],"author":"Barbara Halliop","twitter_card":"summary_large_image","twitter_creator":"@NarIDpl","twitter_site":"@NarIDpl","twitter_misc":{"Written by":"Barbara Halliop","Estimated reading time":"3 minutes"},"schema":{"@context":"https:\/\/schema.org","@graph":[{"@type":"Article","@id":"https:\/\/nid.pl\/2023\/03\/08\/zapraszamy-na-webinar-dziedzictwo-kulturowe-i-rozwoj\/#article","isPartOf":{"@id":"https:\/\/nid.pl\/2023\/03\/08\/zapraszamy-na-webinar-dziedzictwo-kulturowe-i-rozwoj\/"},"author":{"name":"Barbara Halliop","@id":"https:\/\/nid.pl\/#\/schema\/person\/1b690a8998a5111cfb9f0ffe24195a15"},"headline":"Zapraszamy na webinar \u201eDziedzictwo kulturowe i\u00a0rozw\u00f3j\u201d","datePublished":"2023-03-08T10:16:24+00:00","dateModified":"2023-04-04T09:22:48+00:00","mainEntityOfPage":{"@id":"https:\/\/nid.pl\/2023\/03\/08\/zapraszamy-na-webinar-dziedzictwo-kulturowe-i-rozwoj\/"},"wordCount":811,"commentCount":0,"publisher":{"@id":"https:\/\/nid.pl\/#organization"},"image":{"@id":"https:\/\/nid.pl\/2023\/03\/08\/zapraszamy-na-webinar-dziedzictwo-kulturowe-i-rozwoj\/#primaryimage"},"thumbnailUrl":"https:\/\/nid.pl\/wp-content\/uploads\/2023\/03\/miniaturka-webinar.jpg","articleSection":["Aktualno\u015bci","Samorz\u0105d dla dziedzictwa"],"inLanguage":"en-GB"},{"@type":"WebPage","@id":"https:\/\/nid.pl\/2023\/03\/08\/zapraszamy-na-webinar-dziedzictwo-kulturowe-i-rozwoj\/","url":"https:\/\/nid.pl\/2023\/03\/08\/zapraszamy-na-webinar-dziedzictwo-kulturowe-i-rozwoj\/","name":"Zapraszamy na webinar \u201eDziedzictwo kulturowe i\u00a0rozw\u00f3j\u201d - NID","isPartOf":{"@id":"https:\/\/nid.pl\/#website"},"primaryImageOfPage":{"@id":"https:\/\/nid.pl\/2023\/03\/08\/zapraszamy-na-webinar-dziedzictwo-kulturowe-i-rozwoj\/#primaryimage"},"image":{"@id":"https:\/\/nid.pl\/2023\/03\/08\/zapraszamy-na-webinar-dziedzictwo-kulturowe-i-rozwoj\/#primaryimage"},"thumbnailUrl":"https:\/\/nid.pl\/wp-content\/uploads\/2023\/03\/miniaturka-webinar.jpg","datePublished":"2023-03-08T10:16:24+00:00","dateModified":"2023-04-04T09:22:48+00:00","breadcrumb":{"@id":"https:\/\/nid.pl\/2023\/03\/08\/zapraszamy-na-webinar-dziedzictwo-kulturowe-i-rozwoj\/#breadcrumb"},"inLanguage":"en-GB","potentialAction":[{"@type":"ReadAction","target":["https:\/\/nid.pl\/2023\/03\/08\/zapraszamy-na-webinar-dziedzictwo-kulturowe-i-rozwoj\/"]}]},{"@type":"ImageObject","inLanguage":"en-GB","@id":"https:\/\/nid.pl\/2023\/03\/08\/zapraszamy-na-webinar-dziedzictwo-kulturowe-i-rozwoj\/#primaryimage","url":"https:\/\/nid.pl\/wp-content\/uploads\/2023\/03\/miniaturka-webinar.jpg","contentUrl":"https:\/\/nid.pl\/wp-content\/uploads\/2023\/03\/miniaturka-webinar.jpg","width":1857,"height":1238,"caption":"miniaturka webinar"},{"@type":"BreadcrumbList","@id":"https:\/\/nid.pl\/2023\/03\/08\/zapraszamy-na-webinar-dziedzictwo-kulturowe-i-rozwoj\/#breadcrumb","itemListElement":[{"@type":"ListItem","position":1,"name":"Home","item":"https:\/\/nid.pl\/"},{"@type":"ListItem","position":2,"name":"Zapraszamy na webinar \u201eDziedzictwo kulturowe i\u00a0rozw\u00f3j\u201d"}]},{"@type":"WebSite","@id":"https:\/\/nid.pl\/#website","url":"https:\/\/nid.pl\/","name":"NID","description":"Narodowy Instytut Dziedzictwa","publisher":{"@id":"https:\/\/nid.pl\/#organization"},"potentialAction":[{"@type":"SearchAction","target":{"@type":"EntryPoint","urlTemplate":"https:\/\/nid.pl\/?s={search_term_string}"},"query-input":{"@type":"PropertyValueSpecification","valueRequired":true,"valueName":"search_term_string"}}],"inLanguage":"en-GB"},{"@type":"Organization","@id":"https:\/\/nid.pl\/#organization","name":"Narodowy Instytut Dziedzictwa","url":"https:\/\/nid.pl\/","logo":{"@type":"ImageObject","inLanguage":"en-GB","@id":"https:\/\/nid.pl\/#\/schema\/logo\/image\/","url":"https:\/\/nid.pl\/wp-content\/uploads\/2022\/10\/logoRedDark.png","contentUrl":"https:\/\/nid.pl\/wp-content\/uploads\/2022\/10\/logoRedDark.png","width":200,"height":197,"caption":"Narodowy Instytut Dziedzictwa"},"image":{"@id":"https:\/\/nid.pl\/#\/schema\/logo\/image\/"},"sameAs":["https:\/\/www.facebook.com\/zabytek","https:\/\/x.com\/NarIDpl","https:\/\/www.instagram.com\/nid.pl\/?hl=pl","https:\/\/www.linkedin.com\/company\/narodowy-instytut-dziedzictwa","https:\/\/www.youtube.com\/channel\/UCQXuhKa2uHtmNvLRUSx40JA"]},{"@type":"Person","@id":"https:\/\/nid.pl\/#\/schema\/person\/1b690a8998a5111cfb9f0ffe24195a15","name":"Barbara Halliop","image":{"@type":"ImageObject","inLanguage":"en-GB","@id":"https:\/\/nid.pl\/#\/schema\/person\/image\/","url":"https:\/\/nid.pl\/wp-content\/litespeed\/avatar\/924046d17dd0c842c9fa9ccf489bc6dc.jpg?ver=1777444967","contentUrl":"https:\/\/nid.pl\/wp-content\/litespeed\/avatar\/924046d17dd0c842c9fa9ccf489bc6dc.jpg?ver=1777444967","caption":"Barbara Halliop"},"url":"https:\/\/nid.pl\/en\/author\/bhalliop\/"}]}},"_links":{"self":[{"href":"https:\/\/nid.pl\/en\/wp-json\/wp\/v2\/posts\/10155","targetHints":{"allow":["GET"]}}],"collection":[{"href":"https:\/\/nid.pl\/en\/wp-json\/wp\/v2\/posts"}],"about":[{"href":"https:\/\/nid.pl\/en\/wp-json\/wp\/v2\/types\/post"}],"author":[{"embeddable":true,"href":"https:\/\/nid.pl\/en\/wp-json\/wp\/v2\/users\/7"}],"replies":[{"embeddable":true,"href":"https:\/\/nid.pl\/en\/wp-json\/wp\/v2\/comments?post=10155"}],"version-history":[{"count":0,"href":"https:\/\/nid.pl\/en\/wp-json\/wp\/v2\/posts\/10155\/revisions"}],"wp:featuredmedia":[{"embeddable":true,"href":"https:\/\/nid.pl\/en\/wp-json\/wp\/v2\/media\/10184"}],"wp:attachment":[{"href":"https:\/\/nid.pl\/en\/wp-json\/wp\/v2\/media?parent=10155"}],"wp:term":[{"taxonomy":"category","embeddable":true,"href":"https:\/\/nid.pl\/en\/wp-json\/wp\/v2\/categories?post=10155"},{"taxonomy":"post_tag","embeddable":true,"href":"https:\/\/nid.pl\/en\/wp-json\/wp\/v2\/tags?post=10155"}],"curies":[{"name":"wp","href":"https:\/\/api.w.org\/{rel}","templated":true}]}}