{"id":1,"date":"2021-01-14T12:25:00","date_gmt":"2021-01-14T11:25:00","guid":{"rendered":"https:\/\/nid.pl\/?p=1"},"modified":"2021-11-18T15:05:55","modified_gmt":"2021-11-18T14:05:55","slug":"etnograficzna-podroz-adolfa-dygacza","status":"publish","type":"post","link":"https:\/\/nid.pl\/en\/2021\/01\/14\/etnograficzna-podroz-adolfa-dygacza\/","title":{"rendered":"Projekt \u201eEtnograficzna podr\u00f3\u017c Adolfa Dygacza\u201d"},"content":{"rendered":"<p><strong>Narodowy Instytut Dziedzictwa obj\u0105\u0142 patronat nad projektem ,,Etnograficzna podr\u00f3\u017c Adolfa Dygacza\u201d, kt\u00f3ry przybli\u017ca muzyczn\u0105 tw\u00f3rczo\u015b\u0107 ludow\u0105 zarchiwizowan\u0105 i zarejestrowan\u0105 przez profesora Dygacza.<\/strong><br><br>Zapraszamy do zapoznania si\u0119 z projektem \u201eEtnograficzna podr\u00f3\u017c Adolfa Dygacza\u201d, kt\u00f3ry powsta\u0142 w 2020 roku w ramach Stypendium tw\u00f3rczego Ministra Kultury i Dziedzictwa Narodowego w kategorii tw\u00f3rczo\u015b\u0107 ludowa przyznanego Agacie Krajewskiej. Rezultaty projektu mo\u017cna ogl\u0105da\u0107 na stronie&nbsp;<a href=\"https:\/\/adolfdygacz.pl\/\" target=\"_blank\" rel=\"noreferrer noopener\">www.adolfdygacz.pl<\/a><br><br>Dzi\u0119ki wnikliwej kwerendzie archiwalnych zbior\u00f3w muzycznych profesora Adolfa Dygacza, kt\u00f3re w 2018 roku przekaza\u0142y do Muzeum \u201eG\u00f3rno\u015bl\u0105ski Park Etnograficzny w Chorzowie\u201d Panie Janina Lipi\u0144ska-Dygacz oraz Kornelia Dygacz, autorka projektu opracowa\u0142a map\u0119 miejsc, w kt\u00f3rych folklorysta rejestrowa\u0142 pie\u015bni ludowe. Wi\u0119kszo\u015b\u0107 \u2013 z racji zainteresowa\u0144 etnomuzykologa \u2013 pochodzi z G\u00f3rnego \u015al\u0105ska i Zag\u0142\u0119bia D\u0105browskiego. Na stronie internetowej znajduje si\u0119 mapa z punktami zawieraj\u0105cymi \u015bcie\u017cki d\u017awi\u0119kowe, teksty, opisy pie\u015bni oraz notki o informatorach. Zamieszczono r\u00f3wnie\u017c biografi\u0119 Profesora i pami\u0105tkowe zdj\u0119cia, kt\u00f3rych na potrzeby projektu u\u017cyczy\u0142a Pani Janina Lipi\u0144ska-Dygacz.<br><br>W kolejnym etapie pracy nad projektem (2021 rok) dodane zostan\u0105 zrekonstruowane przez autork\u0119 materia\u0142y nutowe (do pobrania ze strony).<br>&#8212;&#8212;<br>Agata Krajewska jest pracownikiem naukowym Muzeum \u201eG\u00f3rno\u015bl\u0105ski Park Etnograficzny w Chorzowie\u201d, a tak\u017ce doktorantk\u0105 Instytutu Nauk o Kulturze Uniwersytetu \u015al\u0105skiego w Katowicach, gdzie pod opiek\u0105 naukow\u0105 dr hab. prof. U\u015a Dobros\u0142awy W\u0119\u017cowicz-Zi\u00f3\u0142kowskiej przygotowuje rozpraw\u0119 o tradycjach muzycznych Zag\u0142\u0119bia D\u0105browskiego.<\/p>\n\n\n\n<p>Projekt \u201eEtnograficzna podr\u00f3\u017c Adolfa Dygacza\u201d zosta\u0142 zrealizowany w ramach Stypendium tw\u00f3rczego Ministra Kultury i Dziedzictwa Narodowego w kategorii tw\u00f3rczo\u015b\u0107 ludowa.<\/p>","protected":false},"excerpt":{"rendered":"<p>Narodowy Instytut Dziedzictwa obj\u0105\u0142 patronat nad projektem ,,Etnograficzna podr\u00f3\u017c Adolfa Dygacza\u201d, kt\u00f3ry przybli\u017ca muzyczn\u0105 tw\u00f3rczo\u015b\u0107 ludow\u0105 zarchiwizowan\u0105 i zarejestrowan\u0105 przez profesora Dygacza. Zapraszamy do zapoznania si\u0119 z projektem \u201eEtnograficzna podr\u00f3\u017c [&hellip;]<\/p>","protected":false},"author":1,"featured_media":2062,"comment_status":"open","ping_status":"open","sticky":false,"template":"","format":"standard","meta":{"_et_pb_use_builder":"","_et_pb_old_content":"","_et_gb_content_width":"","_monsterinsights_skip_tracking":false,"_monsterinsights_sitenote_active":false,"_monsterinsights_sitenote_note":"","_monsterinsights_sitenote_category":0,"footnotes":""},"categories":[28],"tags":[],"class_list":["post-1","post","type-post","status-publish","format-standard","has-post-thumbnail","hentry","category-patronaty"],"yoast_head":"<!-- This site is optimized with the Yoast SEO plugin v26.5 - https:\/\/yoast.com\/wordpress\/plugins\/seo\/ -->\n<title>Projekt \u201eEtnograficzna podr\u00f3\u017c Adolfa Dygacza\u201d - NID<\/title>\n<meta name=\"robots\" content=\"index, follow, max-snippet:-1, max-image-preview:large, max-video-preview:-1\" \/>\n<link rel=\"canonical\" href=\"https:\/\/nid.pl\/en\/2021\/01\/14\/etnograficzna-podroz-adolfa-dygacza\/\" \/>\n<meta property=\"og:locale\" content=\"en_GB\" \/>\n<meta property=\"og:type\" content=\"article\" \/>\n<meta property=\"og:title\" content=\"Projekt \u201eEtnograficzna podr\u00f3\u017c Adolfa Dygacza\u201d - NID\" \/>\n<meta property=\"og:description\" content=\"Narodowy Instytut Dziedzictwa obj\u0105\u0142 patronat nad projektem ,,Etnograficzna podr\u00f3\u017c Adolfa Dygacza\u201d, kt\u00f3ry przybli\u017ca muzyczn\u0105 tw\u00f3rczo\u015b\u0107 ludow\u0105 zarchiwizowan\u0105 i zarejestrowan\u0105 przez profesora Dygacza. Zapraszamy do zapoznania si\u0119 z projektem \u201eEtnograficzna podr\u00f3\u017c [&hellip;]\" \/>\n<meta property=\"og:url\" content=\"https:\/\/nid.pl\/en\/2021\/01\/14\/etnograficzna-podroz-adolfa-dygacza\/\" \/>\n<meta property=\"og:site_name\" content=\"NID\" \/>\n<meta property=\"article:publisher\" content=\"https:\/\/www.facebook.com\/zabytek\" \/>\n<meta property=\"article:published_time\" content=\"2021-01-14T11:25:00+00:00\" \/>\n<meta property=\"article:modified_time\" content=\"2021-11-18T14:05:55+00:00\" \/>\n<meta property=\"og:image\" content=\"https:\/\/nid.pl\/wp-content\/uploads\/2020\/12\/grafika1.jpg\" \/>\n\t<meta property=\"og:image:width\" content=\"514\" \/>\n\t<meta property=\"og:image:height\" content=\"600\" \/>\n\t<meta property=\"og:image:type\" content=\"image\/jpeg\" \/>\n<meta name=\"author\" content=\"nid\" \/>\n<meta name=\"twitter:card\" content=\"summary_large_image\" \/>\n<meta name=\"twitter:creator\" content=\"@NarIDpl\" \/>\n<meta name=\"twitter:site\" content=\"@NarIDpl\" \/>\n<meta name=\"twitter:label1\" content=\"Written by\" \/>\n\t<meta name=\"twitter:data1\" content=\"nid\" \/>\n\t<meta name=\"twitter:label2\" content=\"Estimated reading time\" \/>\n\t<meta name=\"twitter:data2\" content=\"1 minute\" \/>\n<script type=\"application\/ld+json\" class=\"yoast-schema-graph\">{\"@context\":\"https:\/\/schema.org\",\"@graph\":[{\"@type\":\"Article\",\"@id\":\"https:\/\/nid.pl\/2021\/01\/14\/etnograficzna-podroz-adolfa-dygacza\/#article\",\"isPartOf\":{\"@id\":\"https:\/\/nid.pl\/2021\/01\/14\/etnograficzna-podroz-adolfa-dygacza\/\"},\"author\":{\"name\":\"nid\",\"@id\":\"https:\/\/nid.pl\/#\/schema\/person\/22437ee2856f28894f7088d83d4c8b81\"},\"headline\":\"Projekt \u201eEtnograficzna podr\u00f3\u017c Adolfa Dygacza\u201d\",\"datePublished\":\"2021-01-14T11:25:00+00:00\",\"dateModified\":\"2021-11-18T14:05:55+00:00\",\"mainEntityOfPage\":{\"@id\":\"https:\/\/nid.pl\/2021\/01\/14\/etnograficzna-podroz-adolfa-dygacza\/\"},\"wordCount\":275,\"commentCount\":0,\"publisher\":{\"@id\":\"https:\/\/nid.pl\/#organization\"},\"image\":{\"@id\":\"https:\/\/nid.pl\/2021\/01\/14\/etnograficzna-podroz-adolfa-dygacza\/#primaryimage\"},\"thumbnailUrl\":\"https:\/\/nid.pl\/wp-content\/uploads\/2020\/12\/grafika1.jpg\",\"articleSection\":[\"Patronaty\"],\"inLanguage\":\"en-GB\"},{\"@type\":\"WebPage\",\"@id\":\"https:\/\/nid.pl\/2021\/01\/14\/etnograficzna-podroz-adolfa-dygacza\/\",\"url\":\"https:\/\/nid.pl\/2021\/01\/14\/etnograficzna-podroz-adolfa-dygacza\/\",\"name\":\"Projekt \u201eEtnograficzna podr\u00f3\u017c Adolfa Dygacza\u201d - NID\",\"isPartOf\":{\"@id\":\"https:\/\/nid.pl\/#website\"},\"primaryImageOfPage\":{\"@id\":\"https:\/\/nid.pl\/2021\/01\/14\/etnograficzna-podroz-adolfa-dygacza\/#primaryimage\"},\"image\":{\"@id\":\"https:\/\/nid.pl\/2021\/01\/14\/etnograficzna-podroz-adolfa-dygacza\/#primaryimage\"},\"thumbnailUrl\":\"https:\/\/nid.pl\/wp-content\/uploads\/2020\/12\/grafika1.jpg\",\"datePublished\":\"2021-01-14T11:25:00+00:00\",\"dateModified\":\"2021-11-18T14:05:55+00:00\",\"breadcrumb\":{\"@id\":\"https:\/\/nid.pl\/2021\/01\/14\/etnograficzna-podroz-adolfa-dygacza\/#breadcrumb\"},\"inLanguage\":\"en-GB\",\"potentialAction\":[{\"@type\":\"ReadAction\",\"target\":[\"https:\/\/nid.pl\/2021\/01\/14\/etnograficzna-podroz-adolfa-dygacza\/\"]}]},{\"@type\":\"ImageObject\",\"inLanguage\":\"en-GB\",\"@id\":\"https:\/\/nid.pl\/2021\/01\/14\/etnograficzna-podroz-adolfa-dygacza\/#primaryimage\",\"url\":\"https:\/\/nid.pl\/wp-content\/uploads\/2020\/12\/grafika1.jpg\",\"contentUrl\":\"https:\/\/nid.pl\/wp-content\/uploads\/2020\/12\/grafika1.jpg\",\"width\":514,\"height\":600,\"caption\":\"grafika\"},{\"@type\":\"BreadcrumbList\",\"@id\":\"https:\/\/nid.pl\/2021\/01\/14\/etnograficzna-podroz-adolfa-dygacza\/#breadcrumb\",\"itemListElement\":[{\"@type\":\"ListItem\",\"position\":1,\"name\":\"Home\",\"item\":\"https:\/\/nid.pl\/\"},{\"@type\":\"ListItem\",\"position\":2,\"name\":\"Projekt \u201eEtnograficzna podr\u00f3\u017c Adolfa Dygacza\u201d\"}]},{\"@type\":\"WebSite\",\"@id\":\"https:\/\/nid.pl\/#website\",\"url\":\"https:\/\/nid.pl\/\",\"name\":\"NID\",\"description\":\"Narodowy Instytut Dziedzictwa\",\"publisher\":{\"@id\":\"https:\/\/nid.pl\/#organization\"},\"potentialAction\":[{\"@type\":\"SearchAction\",\"target\":{\"@type\":\"EntryPoint\",\"urlTemplate\":\"https:\/\/nid.pl\/?s={search_term_string}\"},\"query-input\":{\"@type\":\"PropertyValueSpecification\",\"valueRequired\":true,\"valueName\":\"search_term_string\"}}],\"inLanguage\":\"en-GB\"},{\"@type\":\"Organization\",\"@id\":\"https:\/\/nid.pl\/#organization\",\"name\":\"Narodowy Instytut Dziedzictwa\",\"url\":\"https:\/\/nid.pl\/\",\"logo\":{\"@type\":\"ImageObject\",\"inLanguage\":\"en-GB\",\"@id\":\"https:\/\/nid.pl\/#\/schema\/logo\/image\/\",\"url\":\"https:\/\/nid.pl\/wp-content\/uploads\/2022\/10\/logoRedDark.png\",\"contentUrl\":\"https:\/\/nid.pl\/wp-content\/uploads\/2022\/10\/logoRedDark.png\",\"width\":200,\"height\":197,\"caption\":\"Narodowy Instytut Dziedzictwa\"},\"image\":{\"@id\":\"https:\/\/nid.pl\/#\/schema\/logo\/image\/\"},\"sameAs\":[\"https:\/\/www.facebook.com\/zabytek\",\"https:\/\/x.com\/NarIDpl\",\"https:\/\/www.instagram.com\/nid.pl\/?hl=pl\",\"https:\/\/www.linkedin.com\/company\/narodowy-instytut-dziedzictwa\",\"https:\/\/www.youtube.com\/channel\/UCQXuhKa2uHtmNvLRUSx40JA\"]},{\"@type\":\"Person\",\"@id\":\"https:\/\/nid.pl\/#\/schema\/person\/22437ee2856f28894f7088d83d4c8b81\",\"name\":\"nid\",\"image\":{\"@type\":\"ImageObject\",\"inLanguage\":\"en-GB\",\"@id\":\"https:\/\/nid.pl\/#\/schema\/person\/image\/\",\"url\":\"https:\/\/nid.pl\/wp-content\/litespeed\/avatar\/4bdd3c2c39f9c4a33f63a74a5b7eede3.jpg?ver=1777446232\",\"contentUrl\":\"https:\/\/nid.pl\/wp-content\/litespeed\/avatar\/4bdd3c2c39f9c4a33f63a74a5b7eede3.jpg?ver=1777446232\",\"caption\":\"nid\"},\"sameAs\":[\"https:\/\/nid.pl\"],\"url\":\"https:\/\/nid.pl\/en\/author\/nid\/\"}]}<\/script>\n<!-- \/ Yoast SEO plugin. -->","yoast_head_json":{"title":"Projekt \u201eEtnograficzna podr\u00f3\u017c Adolfa Dygacza\u201d - NID","robots":{"index":"index","follow":"follow","max-snippet":"max-snippet:-1","max-image-preview":"max-image-preview:large","max-video-preview":"max-video-preview:-1"},"canonical":"https:\/\/nid.pl\/en\/2021\/01\/14\/etnograficzna-podroz-adolfa-dygacza\/","og_locale":"en_GB","og_type":"article","og_title":"Projekt \u201eEtnograficzna podr\u00f3\u017c Adolfa Dygacza\u201d - NID","og_description":"Narodowy Instytut Dziedzictwa obj\u0105\u0142 patronat nad projektem ,,Etnograficzna podr\u00f3\u017c Adolfa Dygacza\u201d, kt\u00f3ry przybli\u017ca muzyczn\u0105 tw\u00f3rczo\u015b\u0107 ludow\u0105 zarchiwizowan\u0105 i zarejestrowan\u0105 przez profesora Dygacza. Zapraszamy do zapoznania si\u0119 z projektem \u201eEtnograficzna podr\u00f3\u017c [&hellip;]","og_url":"https:\/\/nid.pl\/en\/2021\/01\/14\/etnograficzna-podroz-adolfa-dygacza\/","og_site_name":"NID","article_publisher":"https:\/\/www.facebook.com\/zabytek","article_published_time":"2021-01-14T11:25:00+00:00","article_modified_time":"2021-11-18T14:05:55+00:00","og_image":[{"width":514,"height":600,"url":"https:\/\/nid.pl\/wp-content\/uploads\/2020\/12\/grafika1.jpg","type":"image\/jpeg"}],"author":"nid","twitter_card":"summary_large_image","twitter_creator":"@NarIDpl","twitter_site":"@NarIDpl","twitter_misc":{"Written by":"nid","Estimated reading time":"1 minute"},"schema":{"@context":"https:\/\/schema.org","@graph":[{"@type":"Article","@id":"https:\/\/nid.pl\/2021\/01\/14\/etnograficzna-podroz-adolfa-dygacza\/#article","isPartOf":{"@id":"https:\/\/nid.pl\/2021\/01\/14\/etnograficzna-podroz-adolfa-dygacza\/"},"author":{"name":"nid","@id":"https:\/\/nid.pl\/#\/schema\/person\/22437ee2856f28894f7088d83d4c8b81"},"headline":"Projekt \u201eEtnograficzna podr\u00f3\u017c Adolfa Dygacza\u201d","datePublished":"2021-01-14T11:25:00+00:00","dateModified":"2021-11-18T14:05:55+00:00","mainEntityOfPage":{"@id":"https:\/\/nid.pl\/2021\/01\/14\/etnograficzna-podroz-adolfa-dygacza\/"},"wordCount":275,"commentCount":0,"publisher":{"@id":"https:\/\/nid.pl\/#organization"},"image":{"@id":"https:\/\/nid.pl\/2021\/01\/14\/etnograficzna-podroz-adolfa-dygacza\/#primaryimage"},"thumbnailUrl":"https:\/\/nid.pl\/wp-content\/uploads\/2020\/12\/grafika1.jpg","articleSection":["Patronaty"],"inLanguage":"en-GB"},{"@type":"WebPage","@id":"https:\/\/nid.pl\/2021\/01\/14\/etnograficzna-podroz-adolfa-dygacza\/","url":"https:\/\/nid.pl\/2021\/01\/14\/etnograficzna-podroz-adolfa-dygacza\/","name":"Projekt \u201eEtnograficzna podr\u00f3\u017c Adolfa Dygacza\u201d - NID","isPartOf":{"@id":"https:\/\/nid.pl\/#website"},"primaryImageOfPage":{"@id":"https:\/\/nid.pl\/2021\/01\/14\/etnograficzna-podroz-adolfa-dygacza\/#primaryimage"},"image":{"@id":"https:\/\/nid.pl\/2021\/01\/14\/etnograficzna-podroz-adolfa-dygacza\/#primaryimage"},"thumbnailUrl":"https:\/\/nid.pl\/wp-content\/uploads\/2020\/12\/grafika1.jpg","datePublished":"2021-01-14T11:25:00+00:00","dateModified":"2021-11-18T14:05:55+00:00","breadcrumb":{"@id":"https:\/\/nid.pl\/2021\/01\/14\/etnograficzna-podroz-adolfa-dygacza\/#breadcrumb"},"inLanguage":"en-GB","potentialAction":[{"@type":"ReadAction","target":["https:\/\/nid.pl\/2021\/01\/14\/etnograficzna-podroz-adolfa-dygacza\/"]}]},{"@type":"ImageObject","inLanguage":"en-GB","@id":"https:\/\/nid.pl\/2021\/01\/14\/etnograficzna-podroz-adolfa-dygacza\/#primaryimage","url":"https:\/\/nid.pl\/wp-content\/uploads\/2020\/12\/grafika1.jpg","contentUrl":"https:\/\/nid.pl\/wp-content\/uploads\/2020\/12\/grafika1.jpg","width":514,"height":600,"caption":"grafika"},{"@type":"BreadcrumbList","@id":"https:\/\/nid.pl\/2021\/01\/14\/etnograficzna-podroz-adolfa-dygacza\/#breadcrumb","itemListElement":[{"@type":"ListItem","position":1,"name":"Home","item":"https:\/\/nid.pl\/"},{"@type":"ListItem","position":2,"name":"Projekt \u201eEtnograficzna podr\u00f3\u017c Adolfa Dygacza\u201d"}]},{"@type":"WebSite","@id":"https:\/\/nid.pl\/#website","url":"https:\/\/nid.pl\/","name":"NID","description":"Narodowy Instytut Dziedzictwa","publisher":{"@id":"https:\/\/nid.pl\/#organization"},"potentialAction":[{"@type":"SearchAction","target":{"@type":"EntryPoint","urlTemplate":"https:\/\/nid.pl\/?s={search_term_string}"},"query-input":{"@type":"PropertyValueSpecification","valueRequired":true,"valueName":"search_term_string"}}],"inLanguage":"en-GB"},{"@type":"Organization","@id":"https:\/\/nid.pl\/#organization","name":"Narodowy Instytut Dziedzictwa","url":"https:\/\/nid.pl\/","logo":{"@type":"ImageObject","inLanguage":"en-GB","@id":"https:\/\/nid.pl\/#\/schema\/logo\/image\/","url":"https:\/\/nid.pl\/wp-content\/uploads\/2022\/10\/logoRedDark.png","contentUrl":"https:\/\/nid.pl\/wp-content\/uploads\/2022\/10\/logoRedDark.png","width":200,"height":197,"caption":"Narodowy Instytut Dziedzictwa"},"image":{"@id":"https:\/\/nid.pl\/#\/schema\/logo\/image\/"},"sameAs":["https:\/\/www.facebook.com\/zabytek","https:\/\/x.com\/NarIDpl","https:\/\/www.instagram.com\/nid.pl\/?hl=pl","https:\/\/www.linkedin.com\/company\/narodowy-instytut-dziedzictwa","https:\/\/www.youtube.com\/channel\/UCQXuhKa2uHtmNvLRUSx40JA"]},{"@type":"Person","@id":"https:\/\/nid.pl\/#\/schema\/person\/22437ee2856f28894f7088d83d4c8b81","name":"nid","image":{"@type":"ImageObject","inLanguage":"en-GB","@id":"https:\/\/nid.pl\/#\/schema\/person\/image\/","url":"https:\/\/nid.pl\/wp-content\/litespeed\/avatar\/4bdd3c2c39f9c4a33f63a74a5b7eede3.jpg?ver=1777446232","contentUrl":"https:\/\/nid.pl\/wp-content\/litespeed\/avatar\/4bdd3c2c39f9c4a33f63a74a5b7eede3.jpg?ver=1777446232","caption":"nid"},"sameAs":["https:\/\/nid.pl"],"url":"https:\/\/nid.pl\/en\/author\/nid\/"}]}},"_links":{"self":[{"href":"https:\/\/nid.pl\/en\/wp-json\/wp\/v2\/posts\/1","targetHints":{"allow":["GET"]}}],"collection":[{"href":"https:\/\/nid.pl\/en\/wp-json\/wp\/v2\/posts"}],"about":[{"href":"https:\/\/nid.pl\/en\/wp-json\/wp\/v2\/types\/post"}],"author":[{"embeddable":true,"href":"https:\/\/nid.pl\/en\/wp-json\/wp\/v2\/users\/1"}],"replies":[{"embeddable":true,"href":"https:\/\/nid.pl\/en\/wp-json\/wp\/v2\/comments?post=1"}],"version-history":[{"count":0,"href":"https:\/\/nid.pl\/en\/wp-json\/wp\/v2\/posts\/1\/revisions"}],"wp:featuredmedia":[{"embeddable":true,"href":"https:\/\/nid.pl\/en\/wp-json\/wp\/v2\/media\/2062"}],"wp:attachment":[{"href":"https:\/\/nid.pl\/en\/wp-json\/wp\/v2\/media?parent=1"}],"wp:term":[{"taxonomy":"category","embeddable":true,"href":"https:\/\/nid.pl\/en\/wp-json\/wp\/v2\/categories?post=1"},{"taxonomy":"post_tag","embeddable":true,"href":"https:\/\/nid.pl\/en\/wp-json\/wp\/v2\/tags?post=1"}],"curies":[{"name":"wp","href":"https:\/\/api.w.org\/{rel}","templated":true}]}}