{"id":25479,"global_id":"nid.pl\/en?id=25479","global_id_lineage":["nid.pl\/en?id=25479"],"author":"15","status":"publish","date":"2025-02-12 17:25:47","date_utc":"2025-02-12 16:25:47","modified":"2025-06-03 11:13:24","modified_utc":"2025-06-03 09:13:24","url":"https:\/\/nid.pl\/en\/wydarzenie\/ii-zjazd-szkoly-ciesielskiej-nid-pogorze-izerskie-grabiszyce-dolne\/","rest_url":"https:\/\/nid.pl\/en\/wp-json\/tribe\/events\/v1\/events\/25479","title":"II zjazd Szko\u0142y Ciesielskiej NID &#8211; Pog\u00f3rze Izerskie \u2013 Grabiszyce Dolne","description":"<p><span data-contrast=\"auto\">Warsztaty po\u015bwi\u0119cone historycznym konstrukcjom drewnianym skierowane s\u0105 wy\u0142\u0105cznie <strong>do aktywnych cie\u015bli.<\/strong> Praca b\u0119dzie odbywa\u0142a si\u0119 cz\u0119\u015bciowo w terenie. <\/span><\/p>\n<p><strong><a href=\"https:\/\/nid.pl\/wp-content\/uploads\/2025\/06\/Harmonogram_Grabiszyce-Dolne_aktual.pdf\" target=\"_blank\" rel=\"noreferrer noopener\">Program zjazd\u00f3w<\/a><\/strong><br \/>\n<a href=\"https:\/\/rejestracja.nid.pl\/szkoly_ciesielskie_2025_grabiszyce_dolne\"><strong>Link do rejestracji<\/strong><\/a><\/p>\n<p><span data-contrast=\"auto\">Udzia\u0142 w warsztatach jest nieodp\u0142atny. Organizatorzy zapewniaj\u0105 zaplecze merytoryczne, materia\u0142y edukacyjne oraz szkolenie BHP. Organizatorzy nie pokrywaj\u0105 koszt\u00f3w zwi\u0105zanych z zakwaterowaniem, wy\u017cywieniem oraz dojazdem. Uczestnicy szkolenia otrzymaj\u0105 \u015bwiadectwa uko\u0144czenia Szko\u0142y Ciesielskiej NID.<\/span><span data-ccp-props=\"{&quot;335551550&quot;:6,&quot;335551620&quot;:6,&quot;335559685&quot;:0}\">\u00a0<\/span><\/p>\n<p><span data-contrast=\"auto\">Zasady dotycz\u0105ce zg\u0142osze\u0144:<\/span><span data-ccp-props=\"{&quot;134233117&quot;:false,&quot;134233118&quot;:false,&quot;201341983&quot;:0,&quot;335551550&quot;:6,&quot;335551620&quot;:6,&quot;335559685&quot;:0,&quot;335559737&quot;:0,&quot;335559738&quot;:0,&quot;335559739&quot;:160,&quot;335559740&quot;:259}\">\u00a0<\/span><\/p>\n<ul>\n<li><span data-contrast=\"auto\">Uczestnicy b\u0119d\u0105 wybierani na podstawie ich do\u015bwiadczenia w praktycznej pracy przy drewnianych konstrukcjach historycznych. Dob\u00f3r uczestnik\u00f3w ma na celu stworzenie grup o zbli\u017conych kompetencjach i umiej\u0119tno\u015bciach.<\/span><\/li>\n<li><span data-contrast=\"auto\">Dob\u00f3r uczestnik\u00f3w b\u0119dzie konsultowany z cie\u015blami prowadz\u0105cymi zaj\u0119cia.<\/span><\/li>\n<li><span data-contrast=\"auto\">Uczestnicy powinni mie\u0107 na uwadze, \u017ce warsztaty b\u0119d\u0105 polega\u0142y g\u0142\u00f3wnie na pracy fizycznej.<\/span><\/li>\n<li><span data-contrast=\"auto\">Przy zapisach NIE DECYDUJE kolejno\u015b\u0107 zg\u0142osze\u0144.<\/span><span data-ccp-props=\"{&quot;335551550&quot;:6,&quot;335551620&quot;:6}\">\u00a0<\/span><\/li>\n<\/ul>\n<p>&nbsp;<\/p>\n<p><span data-ccp-props=\"{&quot;335551550&quot;:6,&quot;335551620&quot;:6}\">\u00a0<\/span><\/p>","excerpt":"","slug":"ii-zjazd-szkoly-ciesielskiej-nid-pogorze-izerskie-grabiszyce-dolne","image":{"url":"https:\/\/nid.pl\/wp-content\/uploads\/2025\/02\/szkoly-ciesielskie-2025-miniatura-980x653-1.png","id":25500,"extension":"png","width":980,"height":653,"filesize":640190,"sizes":{"medium":{"width":300,"height":200,"mime-type":"image\/png","filesize":72552,"url":"https:\/\/nid.pl\/wp-content\/uploads\/2025\/02\/szkoly-ciesielskie-2025-miniatura-980x653-1-300x200.png"},"thumbnail":{"width":150,"height":150,"mime-type":"image\/png","filesize":32498,"url":"https:\/\/nid.pl\/wp-content\/uploads\/2025\/02\/szkoly-ciesielskie-2025-miniatura-980x653-1-150x150.png"},"medium_large":{"width":768,"height":512,"mime-type":"image\/png","filesize":368377,"url":"https:\/\/nid.pl\/wp-content\/uploads\/2025\/02\/szkoly-ciesielskie-2025-miniatura-980x653-1-768x512.png"},"trp-custom-language-flag":{"width":18,"height":12,"mime-type":"image\/png","filesize":749,"url":"https:\/\/nid.pl\/wp-content\/uploads\/2025\/02\/szkoly-ciesielskie-2025-miniatura-980x653-1-18x12.png"},"et-pb-post-main-image":{"width":400,"height":250,"mime-type":"image\/png","filesize":110698,"url":"https:\/\/nid.pl\/wp-content\/uploads\/2025\/02\/szkoly-ciesielskie-2025-miniatura-980x653-1-400x250.png"},"et-pb-portfolio-image":{"width":400,"height":284,"mime-type":"image\/png","filesize":123348,"url":"https:\/\/nid.pl\/wp-content\/uploads\/2025\/02\/szkoly-ciesielskie-2025-miniatura-980x653-1-400x284.png"},"et-pb-portfolio-module-image":{"width":510,"height":382,"mime-type":"image\/png","filesize":198218,"url":"https:\/\/nid.pl\/wp-content\/uploads\/2025\/02\/szkoly-ciesielskie-2025-miniatura-980x653-1-510x382.png"},"et-pb-gallery-module-image-portrait":{"width":400,"height":516,"mime-type":"image\/png","filesize":196567,"url":"https:\/\/nid.pl\/wp-content\/uploads\/2025\/02\/szkoly-ciesielskie-2025-miniatura-980x653-1-400x516.png"},"et-pb-image--responsive--phone":{"width":480,"height":320,"mime-type":"image\/png","filesize":160783,"url":"https:\/\/nid.pl\/wp-content\/uploads\/2025\/02\/szkoly-ciesielskie-2025-miniatura-980x653-1-480x320.png"}}},"all_day":false,"start_date":"2025-06-19 08:00:00","start_date_details":{"year":"2025","month":"06","day":"19","hour":"08","minutes":"00","seconds":"00"},"end_date":"2025-06-22 17:00:00","end_date_details":{"year":"2025","month":"06","day":"22","hour":"17","minutes":"00","seconds":"00"},"utc_start_date":"2025-06-19 06:00:00","utc_start_date_details":{"year":"2025","month":"06","day":"19","hour":"06","minutes":"00","seconds":"00"},"utc_end_date":"2025-06-22 15:00:00","utc_end_date_details":{"year":"2025","month":"06","day":"22","hour":"15","minutes":"00","seconds":"00"},"timezone":"Europe\/Warsaw","timezone_abbr":"CEST","cost":"","cost_details":{"currency_symbol":"z\u0142","currency_code":"PLN","currency_position":"suffix","values":[]},"website":"","show_map":true,"show_map_link":true,"hide_from_listings":false,"sticky":false,"featured":false,"categories":[{"name":"Warsztaty","slug":"warsztaty","term_group":0,"term_taxonomy_id":108,"taxonomy":"tribe_events_cat","description":"","parent":0,"count":10,"filter":"raw","id":108,"urls":{"self":"https:\/\/nid.pl\/en\/wp-json\/tribe\/events\/v1\/categories\/108","collection":"https:\/\/nid.pl\/en\/wp-json\/tribe\/events\/v1\/categories"}}],"tags":[{"name":"#CentrumArchitekturyDrewnianej","slug":"centrumarchitekturydrewnianej","term_group":0,"term_taxonomy_id":142,"taxonomy":"post_tag","description":"","parent":0,"count":4,"filter":"raw","id":142,"urls":{"self":"https:\/\/nid.pl\/en\/wp-json\/tribe\/events\/v1\/tags\/142","collection":"https:\/\/nid.pl\/en\/wp-json\/tribe\/events\/v1\/tags"}},{"name":"#Szko\u0142aCiesielskaNID","slug":"szkolaciesielskanid","term_group":0,"term_taxonomy_id":141,"taxonomy":"post_tag","description":"","parent":0,"count":4,"filter":"raw","id":141,"urls":{"self":"https:\/\/nid.pl\/en\/wp-json\/tribe\/events\/v1\/tags\/141","collection":"https:\/\/nid.pl\/en\/wp-json\/tribe\/events\/v1\/tags"}}],"venue":{"id":25476,"author":"15","status":"publish","date":"2025-02-12 12:52:45","date_utc":"2025-02-12 11:52:45","modified":"2025-02-14 10:23:28","modified_utc":"2025-02-14 09:23:28","url":"https:\/\/nid.pl\/en\/venue\/siedziba-fundacji-dziki-zachod-druzyna-ciesielska-rebarz-grabiszyce-dolne\/","venue":"Siedziba Fundacji Dziki Zach\u00f3d \u2013 Dru\u017cyna Ciesielska R\u0119barz","slug":"siedziba-fundacji-dziki-zachod-druzyna-ciesielska-rebarz-grabiszyce-dolne","city":"Grabiszyce Dolne","json_ld":{"@type":"Place","name":"Siedziba Fundacji Dziki Zach\u00f3d \u2013 Dru\u017cyna Ciesielska R\u0119barz","description":"","url":"","address":{"@type":"PostalAddress","addressLocality":"Grabiszyce Dolne"},"telephone":"","sameAs":""},"show_map":false,"show_map_link":false,"global_id":"nid.pl\/en?id=25476","global_id_lineage":["nid.pl\/en?id=25476"]},"organizer":[{"id":2684,"author":"1","status":"publish","date":"2021-11-18 12:22:43","date_utc":"2021-11-18 11:22:43","modified":"2024-05-17 10:16:50","modified_utc":"2024-05-17 08:16:50","url":"https:\/\/nid.pl\/en\/organiser\/narodowy-instytut-dziedzictwa\/","organizer":"Narodowy Instytut Dziedzictwa","slug":"narodowy-instytut-dziedzictwa","image":{"url":"https:\/\/nid.pl\/wp-content\/uploads\/2023\/12\/narodowy-instytut-dziedzictwa-logo.png","id":15472,"extension":"png","width":256,"height":62,"filesize":14133,"sizes":{"thumbnail":{"width":150,"height":62,"mime-type":"image\/png","filesize":9154,"url":"https:\/\/nid.pl\/wp-content\/uploads\/2023\/12\/narodowy-instytut-dziedzictwa-logo-150x62.png"},"trp-custom-language-flag":{"width":18,"height":4,"mime-type":"image\/png","filesize":221,"url":"https:\/\/nid.pl\/wp-content\/uploads\/2023\/12\/narodowy-instytut-dziedzictwa-logo-18x4.png"}}},"json_ld":{"@type":"Person","name":"Narodowy Instytut Dziedzictwa","description":"","image":"https:\/\/nid.pl\/wp-content\/uploads\/2023\/12\/narodowy-instytut-dziedzictwa-logo.png","url":"","telephone":"","email":"","sameAs":""},"global_id":"nid.pl\/en?id=2684","global_id_lineage":["nid.pl\/en?id=2684"]},{"id":25477,"author":"15","status":"publish","date":"2025-02-12 12:52:45","date_utc":"0000-00-00 00:00:00","modified":"2025-02-12 12:52:45","modified_utc":"0000-00-00 00:00:00","url":"https:\/\/nid.pl\/en\/organiser\/fundacja-dziki-zachod-druzyna-ciesielska-rebarz\/","organizer":"Fundacja Dziki Zach\u00f3d \u2013 Dru\u017cyna Ciesielska R\u0119barz","slug":"fundacja-dziki-zachod-druzyna-ciesielska-rebarz","json_ld":{"@type":"Person","name":"Fundacja Dziki Zach\u00f3d \u2013 Dru\u017cyna Ciesielska R\u0119barz","description":"","url":"","telephone":"","email":"","sameAs":""},"global_id":"nid.pl\/en?id=25477","global_id_lineage":["nid.pl\/en?id=25477"]}],"custom_fields":[],"json_ld":{"@context":"http:\/\/schema.org","@type":"Event","name":"II zjazd Szko\u0142y Ciesielskiej NID &#8211; Pog\u00f3rze Izerskie \u2013 Grabiszyce Dolne","description":"&lt;p&gt;Warsztaty po\u015bwi\u0119cone historycznym konstrukcjom drewnianym skierowane s\u0105 wy\u0142\u0105cznie do aktywnych cie\u015bli. Praca b\u0119dzie odbywa\u0142a si\u0119 cz\u0119\u015bciowo w terenie. Program zjazd\u00f3w Link do rejestracji Udzia\u0142 w warsztatach jest nieodp\u0142atny. Organizatorzy zapewniaj\u0105 [&hellip;]&lt;\/p&gt;\\n","image":"https:\/\/nid.pl\/wp-content\/uploads\/2025\/02\/szkoly-ciesielskie-2025-miniatura-980x653-1.png","url":"https:\/\/nid.pl\/en\/wydarzenie\/ii-zjazd-szkoly-ciesielskiej-nid-pogorze-izerskie-grabiszyce-dolne\/","eventAttendanceMode":"https:\/\/schema.org\/OfflineEventAttendanceMode","eventStatus":"https:\/\/schema.org\/EventScheduled","startDate":"2025-06-19T08:00:00+02:00","endDate":"2025-06-22T17:00:00+02:00","location":{"@type":"Place","name":"Siedziba Fundacji Dziki Zach\u00f3d \u2013 Dru\u017cyna Ciesielska R\u0119barz","description":"","url":"","address":{"@type":"PostalAddress","addressLocality":"Grabiszyce Dolne"},"telephone":"","sameAs":""},"organizer":{"@type":"Person","name":"Narodowy Instytut Dziedzictwa","description":"","image":"https:\/\/nid.pl\/wp-content\/uploads\/2023\/12\/narodowy-instytut-dziedzictwa-logo.png","url":"","telephone":"","email":"","sameAs":""},"performer":"Organization"}}