{"id":28198,"date":"2025-07-18T09:08:07","date_gmt":"2025-07-18T07:08:07","guid":{"rendered":"https:\/\/nid.pl\/?p=28198"},"modified":"2025-07-18T09:13:24","modified_gmt":"2025-07-18T07:13:24","slug":"polonika-retro-raj-rowerowy-2025","status":"publish","type":"post","link":"http:\/\/nid.pl\/en\/2025\/07\/18\/polonika-retro-raj-rowerowy-2025\/","title":{"rendered":"Polonika Retro Raj Rowerowy 2025"},"content":{"rendered":"<p class=\"has-medium-font-size\"><strong>W dniach 23\u201327 lipca 2025 roku Podlasie po raz trzeci stanie si\u0119 t\u0119tni\u0105c\u0105 \u017cyciem scen\u0105 polskiego retro kolarstwa. Polonika Retro Rajd Rowerowy to wyj\u0105tkowe wydarzenie, kt\u00f3re \u0142\u0105czy pasj\u0119 do zabytkowych rower\u00f3w, ho\u0142d dla bohater\u00f3w z\u0142otej ery peletonu oraz ducha sportowej rywalizacji \u2013 wszystko w otoczeniu malowniczych krajobraz\u00f3w i pod patronatem Narodowego Instytutu Dziedzictwa.<\/strong><\/p>\n\n\n\n<p><\/p>\n\n\n\n<p class=\"has-text-color has-link-color wp-elements-396e98e773717ef711f4912769feb66f\" style=\"color:#e12222\"><strong>Program wydarzenia<\/strong>:<\/p>\n\n\n\n<p><\/p>\n\n\n\n<p><strong>23.07.2025 (\u015broda): rodzinne otwarcie<\/strong><\/p>\n\n\n\n<p>Ju\u017c w \u015brod\u0119 na uczestnik\u00f3w czeka <strong>Rodzinny Rajd Rowerowy<\/strong>&nbsp;\u2013 lekka i integracyjna rozgrzewka, idealna dla ka\u017cdego, kto chce poczu\u0107 klimat Poloniki bez rywalizacji.<\/p>\n\n\n\n<p><\/p>\n\n\n\n<p><strong>24.07.2025 (czwartek), godz. 17.00: o zabytkach na dw\u00f3ch k\u00f3\u0142kach<\/strong><\/p>\n\n\n\n<p><strong>spotkanie autorskie z \u0141ukaszem Kubackim<\/strong>&nbsp;\u2013 autorem ksi\u0105\u017cki <em>\u201eZabytkowy rower. Poradnik dla u\u017cytkownik\u00f3w\u201d<\/em>. Dowiemy si\u0119, jak datowa\u0107 rowery, ocenia\u0107 ich stan i przygotowywa\u0107 do renowacji. Rozmow\u0119 poprowadzi historyczka sztuki Jola \u017bubrowska, a ksi\u0105\u017ck\u0119 b\u0119dzie mo\u017cna naby\u0107 na miejscu.<\/p>\n\n\n\n<p>Miejsce wydarzenia: Gminny O\u015brodek Kultury, Sportu i Rekreacji w Mielniku<\/p>\n\n\n\n<p><\/p>\n\n\n\n<p><strong>25.07.2025 (pi\u0105tek): prolog jak dawniej<\/strong><\/p>\n\n\n\n<p>W pi\u0105tkowe popo\u0142udnie ulice Mielnika wype\u0142ni\u0105 si\u0119 szumem klasycznych nap\u0119d\u00f3w. Retro peleton zmierzy si\u0119 w <strong>je\u017adzie na czas \u2013 prologu<\/strong>, nawi\u0105zuj\u0105cym do dawnych etap\u00f3w Tour de Pologne czy Wy\u015bcigu Pokoju.<\/p>\n\n\n\n<p><\/p>\n\n\n\n<p><strong>26.07.2025 (sobota): g\u0142\u00f3wna trasa rajdu<\/strong><\/p>\n\n\n\n<p>Sercem Poloniki b\u0119dzie sobotni rajd:<\/p>\n\n\n\n<ul class=\"wp-block-list\">\n<li><strong>75 km<\/strong>: trasa wiod\u0105ca przez szlak drewnianej architektury sakralnej \u2013 w tym \u015awi\u0119t\u0105 G\u00f3r\u0119 Grabark\u0119<\/li>\n\n\n\n<li><strong>150 km<\/strong>: rozszerzona wersja z przeprawami przez Bug, wizyt\u0105 w pa\u0142acu w Korczewie i regionalnymi degustacjami<\/li>\n<\/ul>\n\n\n\n<p><\/p>\n\n\n\n<p><strong>27.07.2025 (niedziela): szyk, styl i elegancja<\/strong><\/p>\n\n\n\n<p>Zwie\u0144czeniem wydarzenia b\u0119dzie <strong>Konkurs Elegancji Rowerowej<\/strong>, podczas kt\u00f3rego zostan\u0105 zaprezentowane najpi\u0119kniejsze i najbardziej unikatowe rowery retro. Styl, detale i pasja \u2014 tego dnia to one b\u0119d\u0105 najwa\u017cniejsze.<\/p>\n\n\n\n<p><\/p>\n\n\n\n<p>Wydarzenie odbywa si\u0119 pod patronatem m.in. Narodowego Instytutu Dziedzictwa, Towarzystwa Olimpijczyk\u00f3w Polskich, Starostwa Powiatu Siemiatyckiego, Podlaskiej Regionalnej Organizacji Turystycznej oraz Mazowieckiej Regionalnej Organizacji Turystycznej.<\/p>\n\n\n\n<p>Partnerem strategicznym wydarzenia jest Wojew\u00f3dztwo Podlaskie.<\/p>\n\n\n\n<p><\/p>\n\n\n\n<h6 class=\"wp-block-heading has-text-color has-link-color wp-elements-b2f34d36e473243b4a2fc512878d4bd0\" style=\"color:#e12222\"><\/h6>\n\n\n\n<figure class=\"wp-block-image aligncenter size-large is-resized\"><img loading=\"lazy\" decoding=\"async\" width=\"1024\" height=\"576\" src=\"https:\/\/nid.pl\/wp-content\/uploads\/2025\/07\/Polonika-Retro-Rajd-Rowerowy-2025-1024x576.jpg\" alt=\"\" class=\"wp-image-28199\" style=\"width:657px;height:auto\" srcset=\"https:\/\/nid.pl\/wp-content\/uploads\/2025\/07\/Polonika-Retro-Rajd-Rowerowy-2025-980x551.jpg 980w, https:\/\/nid.pl\/wp-content\/uploads\/2025\/07\/Polonika-Retro-Rajd-Rowerowy-2025-480x270.jpg 480w\" sizes=\"(min-width: 0px) and (max-width: 480px) 480px, (min-width: 481px) and (max-width: 980px) 980px, (min-width: 981px) 1024px, 100vw\" \/><\/figure>","protected":false},"excerpt":{"rendered":"<p>W dniach 23\u201327 lipca 2025 roku Podlasie po raz trzeci stanie si\u0119 t\u0119tni\u0105c\u0105 \u017cyciem scen\u0105 polskiego retro kolarstwa. Polonika Retro Rajd Rowerowy to wyj\u0105tkowe wydarzenie, kt\u00f3re \u0142\u0105czy pasj\u0119 do zabytkowych [&hellip;]<\/p>","protected":false},"author":7,"featured_media":28200,"comment_status":"open","ping_status":"open","sticky":false,"template":"","format":"standard","meta":{"_et_pb_use_builder":"off","_et_pb_old_content":"","_et_gb_content_width":"","_monsterinsights_skip_tracking":false,"_monsterinsights_sitenote_active":false,"_monsterinsights_sitenote_note":"","_monsterinsights_sitenote_category":0,"footnotes":""},"categories":[28],"tags":[],"class_list":["post-28198","post","type-post","status-publish","format-standard","has-post-thumbnail","hentry","category-patronaty"],"yoast_head":"<!-- This site is optimized with the Yoast SEO plugin v26.5 - https:\/\/yoast.com\/wordpress\/plugins\/seo\/ -->\n<title>Polonika Retro Raj Rowerowy 2025 - NID<\/title>\n<meta name=\"robots\" content=\"index, follow, max-snippet:-1, max-image-preview:large, max-video-preview:-1\" \/>\n<link rel=\"canonical\" href=\"https:\/\/nid.pl\/en\/2025\/07\/18\/polonika-retro-raj-rowerowy-2025\/\" \/>\n<meta property=\"og:locale\" content=\"en_GB\" \/>\n<meta property=\"og:type\" content=\"article\" \/>\n<meta property=\"og:title\" content=\"Polonika Retro Raj Rowerowy 2025 - NID\" \/>\n<meta property=\"og:description\" content=\"W dniach 23\u201327 lipca 2025 roku Podlasie po raz trzeci stanie si\u0119 t\u0119tni\u0105c\u0105 \u017cyciem scen\u0105 polskiego retro kolarstwa. Polonika Retro Rajd Rowerowy to wyj\u0105tkowe wydarzenie, kt\u00f3re \u0142\u0105czy pasj\u0119 do zabytkowych [&hellip;]\" \/>\n<meta property=\"og:url\" content=\"https:\/\/nid.pl\/en\/2025\/07\/18\/polonika-retro-raj-rowerowy-2025\/\" \/>\n<meta property=\"og:site_name\" content=\"NID\" \/>\n<meta property=\"article:publisher\" content=\"https:\/\/www.facebook.com\/zabytek\" \/>\n<meta property=\"article:published_time\" content=\"2025-07-18T07:08:07+00:00\" \/>\n<meta property=\"article:modified_time\" content=\"2025-07-18T07:13:24+00:00\" \/>\n<meta property=\"og:image\" content=\"https:\/\/nid.pl\/wp-content\/uploads\/2025\/07\/Polonika-Retro-Rajd-Rowerowy-miniatura.jpg\" \/>\n\t<meta property=\"og:image:width\" content=\"1400\" \/>\n\t<meta property=\"og:image:height\" content=\"875\" \/>\n\t<meta property=\"og:image:type\" content=\"image\/jpeg\" \/>\n<meta name=\"author\" content=\"Barbara Halliop\" \/>\n<meta name=\"twitter:card\" content=\"summary_large_image\" \/>\n<meta name=\"twitter:creator\" content=\"@NarIDpl\" \/>\n<meta name=\"twitter:site\" content=\"@NarIDpl\" \/>\n<meta name=\"twitter:label1\" content=\"Written by\" \/>\n\t<meta name=\"twitter:data1\" content=\"Barbara Halliop\" \/>\n\t<meta name=\"twitter:label2\" content=\"Estimated reading time\" \/>\n\t<meta name=\"twitter:data2\" content=\"3 minutes\" \/>\n<script type=\"application\/ld+json\" class=\"yoast-schema-graph\">{\"@context\":\"https:\/\/schema.org\",\"@graph\":[{\"@type\":\"Article\",\"@id\":\"https:\/\/nid.pl\/2025\/07\/18\/polonika-retro-raj-rowerowy-2025\/#article\",\"isPartOf\":{\"@id\":\"https:\/\/nid.pl\/2025\/07\/18\/polonika-retro-raj-rowerowy-2025\/\"},\"author\":{\"name\":\"Barbara Halliop\",\"@id\":\"https:\/\/nid.pl\/#\/schema\/person\/1b690a8998a5111cfb9f0ffe24195a15\"},\"headline\":\"Polonika Retro Raj Rowerowy 2025\",\"datePublished\":\"2025-07-18T07:08:07+00:00\",\"dateModified\":\"2025-07-18T07:13:24+00:00\",\"mainEntityOfPage\":{\"@id\":\"https:\/\/nid.pl\/2025\/07\/18\/polonika-retro-raj-rowerowy-2025\/\"},\"wordCount\":315,\"commentCount\":0,\"publisher\":{\"@id\":\"https:\/\/nid.pl\/#organization\"},\"image\":{\"@id\":\"https:\/\/nid.pl\/2025\/07\/18\/polonika-retro-raj-rowerowy-2025\/#primaryimage\"},\"thumbnailUrl\":\"https:\/\/nid.pl\/wp-content\/uploads\/2025\/07\/Polonika-Retro-Rajd-Rowerowy-miniatura.jpg\",\"articleSection\":[\"Patronaty\"],\"inLanguage\":\"en-GB\"},{\"@type\":\"WebPage\",\"@id\":\"https:\/\/nid.pl\/2025\/07\/18\/polonika-retro-raj-rowerowy-2025\/\",\"url\":\"https:\/\/nid.pl\/2025\/07\/18\/polonika-retro-raj-rowerowy-2025\/\",\"name\":\"Polonika Retro Raj Rowerowy 2025 - NID\",\"isPartOf\":{\"@id\":\"https:\/\/nid.pl\/#website\"},\"primaryImageOfPage\":{\"@id\":\"https:\/\/nid.pl\/2025\/07\/18\/polonika-retro-raj-rowerowy-2025\/#primaryimage\"},\"image\":{\"@id\":\"https:\/\/nid.pl\/2025\/07\/18\/polonika-retro-raj-rowerowy-2025\/#primaryimage\"},\"thumbnailUrl\":\"https:\/\/nid.pl\/wp-content\/uploads\/2025\/07\/Polonika-Retro-Rajd-Rowerowy-miniatura.jpg\",\"datePublished\":\"2025-07-18T07:08:07+00:00\",\"dateModified\":\"2025-07-18T07:13:24+00:00\",\"breadcrumb\":{\"@id\":\"https:\/\/nid.pl\/2025\/07\/18\/polonika-retro-raj-rowerowy-2025\/#breadcrumb\"},\"inLanguage\":\"en-GB\",\"potentialAction\":[{\"@type\":\"ReadAction\",\"target\":[\"https:\/\/nid.pl\/2025\/07\/18\/polonika-retro-raj-rowerowy-2025\/\"]}]},{\"@type\":\"ImageObject\",\"inLanguage\":\"en-GB\",\"@id\":\"https:\/\/nid.pl\/2025\/07\/18\/polonika-retro-raj-rowerowy-2025\/#primaryimage\",\"url\":\"https:\/\/nid.pl\/wp-content\/uploads\/2025\/07\/Polonika-Retro-Rajd-Rowerowy-miniatura.jpg\",\"contentUrl\":\"https:\/\/nid.pl\/wp-content\/uploads\/2025\/07\/Polonika-Retro-Rajd-Rowerowy-miniatura.jpg\",\"width\":1400,\"height\":875,\"caption\":\"grafika z rowerzyst\u0105\"},{\"@type\":\"BreadcrumbList\",\"@id\":\"https:\/\/nid.pl\/2025\/07\/18\/polonika-retro-raj-rowerowy-2025\/#breadcrumb\",\"itemListElement\":[{\"@type\":\"ListItem\",\"position\":1,\"name\":\"Home\",\"item\":\"https:\/\/nid.pl\/\"},{\"@type\":\"ListItem\",\"position\":2,\"name\":\"Polonika Retro Raj Rowerowy 2025\"}]},{\"@type\":\"WebSite\",\"@id\":\"https:\/\/nid.pl\/#website\",\"url\":\"https:\/\/nid.pl\/\",\"name\":\"NID\",\"description\":\"Narodowy Instytut Dziedzictwa\",\"publisher\":{\"@id\":\"https:\/\/nid.pl\/#organization\"},\"potentialAction\":[{\"@type\":\"SearchAction\",\"target\":{\"@type\":\"EntryPoint\",\"urlTemplate\":\"https:\/\/nid.pl\/?s={search_term_string}\"},\"query-input\":{\"@type\":\"PropertyValueSpecification\",\"valueRequired\":true,\"valueName\":\"search_term_string\"}}],\"inLanguage\":\"en-GB\"},{\"@type\":\"Organization\",\"@id\":\"https:\/\/nid.pl\/#organization\",\"name\":\"Narodowy Instytut Dziedzictwa\",\"url\":\"https:\/\/nid.pl\/\",\"logo\":{\"@type\":\"ImageObject\",\"inLanguage\":\"en-GB\",\"@id\":\"https:\/\/nid.pl\/#\/schema\/logo\/image\/\",\"url\":\"https:\/\/nid.pl\/wp-content\/uploads\/2022\/10\/logoRedDark.png\",\"contentUrl\":\"https:\/\/nid.pl\/wp-content\/uploads\/2022\/10\/logoRedDark.png\",\"width\":200,\"height\":197,\"caption\":\"Narodowy Instytut Dziedzictwa\"},\"image\":{\"@id\":\"https:\/\/nid.pl\/#\/schema\/logo\/image\/\"},\"sameAs\":[\"https:\/\/www.facebook.com\/zabytek\",\"https:\/\/x.com\/NarIDpl\",\"https:\/\/www.instagram.com\/nid.pl\/?hl=pl\",\"https:\/\/www.linkedin.com\/company\/narodowy-instytut-dziedzictwa\",\"https:\/\/www.youtube.com\/channel\/UCQXuhKa2uHtmNvLRUSx40JA\"]},{\"@type\":\"Person\",\"@id\":\"https:\/\/nid.pl\/#\/schema\/person\/1b690a8998a5111cfb9f0ffe24195a15\",\"name\":\"Barbara Halliop\",\"image\":{\"@type\":\"ImageObject\",\"inLanguage\":\"en-GB\",\"@id\":\"https:\/\/nid.pl\/#\/schema\/person\/image\/\",\"url\":\"https:\/\/nid.pl\/wp-content\/litespeed\/avatar\/924046d17dd0c842c9fa9ccf489bc6dc.jpg?ver=1777444967\",\"contentUrl\":\"https:\/\/nid.pl\/wp-content\/litespeed\/avatar\/924046d17dd0c842c9fa9ccf489bc6dc.jpg?ver=1777444967\",\"caption\":\"Barbara Halliop\"},\"url\":\"http:\/\/nid.pl\/en\/author\/bhalliop\/\"}]}<\/script>\n<!-- \/ Yoast SEO plugin. -->","yoast_head_json":{"title":"Polonika Retro Raj Rowerowy 2025 - NID","robots":{"index":"index","follow":"follow","max-snippet":"max-snippet:-1","max-image-preview":"max-image-preview:large","max-video-preview":"max-video-preview:-1"},"canonical":"https:\/\/nid.pl\/en\/2025\/07\/18\/polonika-retro-raj-rowerowy-2025\/","og_locale":"en_GB","og_type":"article","og_title":"Polonika Retro Raj Rowerowy 2025 - NID","og_description":"W dniach 23\u201327 lipca 2025 roku Podlasie po raz trzeci stanie si\u0119 t\u0119tni\u0105c\u0105 \u017cyciem scen\u0105 polskiego retro kolarstwa. Polonika Retro Rajd Rowerowy to wyj\u0105tkowe wydarzenie, kt\u00f3re \u0142\u0105czy pasj\u0119 do zabytkowych [&hellip;]","og_url":"https:\/\/nid.pl\/en\/2025\/07\/18\/polonika-retro-raj-rowerowy-2025\/","og_site_name":"NID","article_publisher":"https:\/\/www.facebook.com\/zabytek","article_published_time":"2025-07-18T07:08:07+00:00","article_modified_time":"2025-07-18T07:13:24+00:00","og_image":[{"width":1400,"height":875,"url":"https:\/\/nid.pl\/wp-content\/uploads\/2025\/07\/Polonika-Retro-Rajd-Rowerowy-miniatura.jpg","type":"image\/jpeg"}],"author":"Barbara Halliop","twitter_card":"summary_large_image","twitter_creator":"@NarIDpl","twitter_site":"@NarIDpl","twitter_misc":{"Written by":"Barbara Halliop","Estimated reading time":"3 minutes"},"schema":{"@context":"https:\/\/schema.org","@graph":[{"@type":"Article","@id":"https:\/\/nid.pl\/2025\/07\/18\/polonika-retro-raj-rowerowy-2025\/#article","isPartOf":{"@id":"https:\/\/nid.pl\/2025\/07\/18\/polonika-retro-raj-rowerowy-2025\/"},"author":{"name":"Barbara Halliop","@id":"https:\/\/nid.pl\/#\/schema\/person\/1b690a8998a5111cfb9f0ffe24195a15"},"headline":"Polonika Retro Raj Rowerowy 2025","datePublished":"2025-07-18T07:08:07+00:00","dateModified":"2025-07-18T07:13:24+00:00","mainEntityOfPage":{"@id":"https:\/\/nid.pl\/2025\/07\/18\/polonika-retro-raj-rowerowy-2025\/"},"wordCount":315,"commentCount":0,"publisher":{"@id":"https:\/\/nid.pl\/#organization"},"image":{"@id":"https:\/\/nid.pl\/2025\/07\/18\/polonika-retro-raj-rowerowy-2025\/#primaryimage"},"thumbnailUrl":"https:\/\/nid.pl\/wp-content\/uploads\/2025\/07\/Polonika-Retro-Rajd-Rowerowy-miniatura.jpg","articleSection":["Patronaty"],"inLanguage":"en-GB"},{"@type":"WebPage","@id":"https:\/\/nid.pl\/2025\/07\/18\/polonika-retro-raj-rowerowy-2025\/","url":"https:\/\/nid.pl\/2025\/07\/18\/polonika-retro-raj-rowerowy-2025\/","name":"Polonika Retro Raj Rowerowy 2025 - NID","isPartOf":{"@id":"https:\/\/nid.pl\/#website"},"primaryImageOfPage":{"@id":"https:\/\/nid.pl\/2025\/07\/18\/polonika-retro-raj-rowerowy-2025\/#primaryimage"},"image":{"@id":"https:\/\/nid.pl\/2025\/07\/18\/polonika-retro-raj-rowerowy-2025\/#primaryimage"},"thumbnailUrl":"https:\/\/nid.pl\/wp-content\/uploads\/2025\/07\/Polonika-Retro-Rajd-Rowerowy-miniatura.jpg","datePublished":"2025-07-18T07:08:07+00:00","dateModified":"2025-07-18T07:13:24+00:00","breadcrumb":{"@id":"https:\/\/nid.pl\/2025\/07\/18\/polonika-retro-raj-rowerowy-2025\/#breadcrumb"},"inLanguage":"en-GB","potentialAction":[{"@type":"ReadAction","target":["https:\/\/nid.pl\/2025\/07\/18\/polonika-retro-raj-rowerowy-2025\/"]}]},{"@type":"ImageObject","inLanguage":"en-GB","@id":"https:\/\/nid.pl\/2025\/07\/18\/polonika-retro-raj-rowerowy-2025\/#primaryimage","url":"https:\/\/nid.pl\/wp-content\/uploads\/2025\/07\/Polonika-Retro-Rajd-Rowerowy-miniatura.jpg","contentUrl":"https:\/\/nid.pl\/wp-content\/uploads\/2025\/07\/Polonika-Retro-Rajd-Rowerowy-miniatura.jpg","width":1400,"height":875,"caption":"grafika z rowerzyst\u0105"},{"@type":"BreadcrumbList","@id":"https:\/\/nid.pl\/2025\/07\/18\/polonika-retro-raj-rowerowy-2025\/#breadcrumb","itemListElement":[{"@type":"ListItem","position":1,"name":"Home","item":"https:\/\/nid.pl\/"},{"@type":"ListItem","position":2,"name":"Polonika Retro Raj Rowerowy 2025"}]},{"@type":"WebSite","@id":"https:\/\/nid.pl\/#website","url":"https:\/\/nid.pl\/","name":"NID","description":"Narodowy Instytut Dziedzictwa","publisher":{"@id":"https:\/\/nid.pl\/#organization"},"potentialAction":[{"@type":"SearchAction","target":{"@type":"EntryPoint","urlTemplate":"https:\/\/nid.pl\/?s={search_term_string}"},"query-input":{"@type":"PropertyValueSpecification","valueRequired":true,"valueName":"search_term_string"}}],"inLanguage":"en-GB"},{"@type":"Organization","@id":"https:\/\/nid.pl\/#organization","name":"Narodowy Instytut Dziedzictwa","url":"https:\/\/nid.pl\/","logo":{"@type":"ImageObject","inLanguage":"en-GB","@id":"https:\/\/nid.pl\/#\/schema\/logo\/image\/","url":"https:\/\/nid.pl\/wp-content\/uploads\/2022\/10\/logoRedDark.png","contentUrl":"https:\/\/nid.pl\/wp-content\/uploads\/2022\/10\/logoRedDark.png","width":200,"height":197,"caption":"Narodowy Instytut Dziedzictwa"},"image":{"@id":"https:\/\/nid.pl\/#\/schema\/logo\/image\/"},"sameAs":["https:\/\/www.facebook.com\/zabytek","https:\/\/x.com\/NarIDpl","https:\/\/www.instagram.com\/nid.pl\/?hl=pl","https:\/\/www.linkedin.com\/company\/narodowy-instytut-dziedzictwa","https:\/\/www.youtube.com\/channel\/UCQXuhKa2uHtmNvLRUSx40JA"]},{"@type":"Person","@id":"https:\/\/nid.pl\/#\/schema\/person\/1b690a8998a5111cfb9f0ffe24195a15","name":"Barbara Halliop","image":{"@type":"ImageObject","inLanguage":"en-GB","@id":"https:\/\/nid.pl\/#\/schema\/person\/image\/","url":"https:\/\/nid.pl\/wp-content\/litespeed\/avatar\/924046d17dd0c842c9fa9ccf489bc6dc.jpg?ver=1777444967","contentUrl":"https:\/\/nid.pl\/wp-content\/litespeed\/avatar\/924046d17dd0c842c9fa9ccf489bc6dc.jpg?ver=1777444967","caption":"Barbara Halliop"},"url":"http:\/\/nid.pl\/en\/author\/bhalliop\/"}]}},"_links":{"self":[{"href":"http:\/\/nid.pl\/en\/wp-json\/wp\/v2\/posts\/28198","targetHints":{"allow":["GET"]}}],"collection":[{"href":"http:\/\/nid.pl\/en\/wp-json\/wp\/v2\/posts"}],"about":[{"href":"http:\/\/nid.pl\/en\/wp-json\/wp\/v2\/types\/post"}],"author":[{"embeddable":true,"href":"http:\/\/nid.pl\/en\/wp-json\/wp\/v2\/users\/7"}],"replies":[{"embeddable":true,"href":"http:\/\/nid.pl\/en\/wp-json\/wp\/v2\/comments?post=28198"}],"version-history":[{"count":0,"href":"http:\/\/nid.pl\/en\/wp-json\/wp\/v2\/posts\/28198\/revisions"}],"wp:featuredmedia":[{"embeddable":true,"href":"http:\/\/nid.pl\/en\/wp-json\/wp\/v2\/media\/28200"}],"wp:attachment":[{"href":"http:\/\/nid.pl\/en\/wp-json\/wp\/v2\/media?parent=28198"}],"wp:term":[{"taxonomy":"category","embeddable":true,"href":"http:\/\/nid.pl\/en\/wp-json\/wp\/v2\/categories?post=28198"},{"taxonomy":"post_tag","embeddable":true,"href":"http:\/\/nid.pl\/en\/wp-json\/wp\/v2\/tags?post=28198"}],"curies":[{"name":"wp","href":"https:\/\/api.w.org\/{rel}","templated":true}]}}