{"id":28081,"date":"2025-07-11T15:09:50","date_gmt":"2025-07-11T13:09:50","guid":{"rendered":"https:\/\/nid.pl\/?p=28081"},"modified":"2025-07-11T15:48:57","modified_gmt":"2025-07-11T13:48:57","slug":"ogolnopolski-konkurs-fotograficzny-portret-z-kujawsko-pomorskim-zabytkiem-w-tle","status":"publish","type":"post","link":"http:\/\/nid.pl\/en\/2025\/07\/11\/ogolnopolski-konkurs-fotograficzny-portret-z-kujawsko-pomorskim-zabytkiem-w-tle\/","title":{"rendered":"Og\u00f3lnopolski Konkurs Fotograficzny \u201ePortret z kujawsko-pomorskim zabytkiem w tle&#8221;"},"content":{"rendered":"<p class=\"has-medium-font-size\">Trwa jedenasta edycja konkursu fotograficznego organizowanego przez Kujawsko-Pomorskie Centrum Kultury w Bydgoszczy, kt\u00f3ry odbywa si\u0119 pod patronatem Narodowego Instytutu Dziedzictwa. Wydarzenie adresowane jest do nieprofesjonalnych fotograf\u00f3w oraz mi\u0142o\u015bnik\u00f3w fotografii z ca\u0142ej Polski bez wzgl\u0119du na wiek.&nbsp;<\/p>\n\n\n\n<p>Konkurs ma na celu popularyzacj\u0119 dziedzictwa kulturowego wojew\u00f3dztwa kujawsko-pomorskiego. Na zdj\u0119ciu powinien znale\u017a\u0107 si\u0119 portret lub grupa os\u00f3b z zabytkiem naszego regionu. Mo\u017ce to by\u0107 pa\u0142ac, kamienica, ko\u015bci\u00f3\u0142, kaplica, most, rynek, pomnik, ogr\u00f3d itp. Interesuje nas Wasza kreatywno\u015b\u0107 i \u015bwie\u017ce spojrzenie na kujawsko-pomorskie skarby. <\/p>\n\n\n\n<p>Poprzednie edycje konkursu pokaza\u0142y, \u017ce uczestnicy maj\u0105 nieograniczon\u0105 wyobra\u017ani\u0119 i fantazj\u0119 wi\u0119c&#8230; i teraz na ni\u0105 liczymy! A Je\u015bli szukacie inspiracji, zapraszamy na stron\u0119 <a href=\"https:\/\/kpck.pl\/konkurs-portret-kujawsko-pomorskim-zabytkiem-tle\/\" target=\"_blank\" rel=\"noreferrer noopener\">Organizatora<\/a>, gdzie znajduj\u0105 si\u0119 archiwalne zdj\u0119cia.<\/p>\n\n\n\n<p><\/p>\n\n\n\n<p>Patronat Honorowy obj\u0119li: Minister Edukacji, Minister Kultury i Dziedzictwa Narodowego, Marsza\u0142ek Wojew\u00f3dztwa Kujawsko-Pomorskiego, Narodowy Instytut Dziedzictwa, Kujawsko-Pomorski Kurator O\u015bwiaty. Patronat medialny: Polskie Radio PiK.<\/p>\n\n\n\n<p>Patron: Winiarczyk S.C.<\/p>\n\n\n\n<p><strong>Szczeg\u00f3\u0142y i regulamin konkursu:<\/strong> &lt;<a href=\"https:\/\/kpck.pl\/ix-ogolnopolski-konkurs-fotograficzny-portret-kujawsko-pomorskim-zabytkiem-tle\/\" target=\"_blank\" rel=\"noreferrer noopener\">tutaj<\/a>><\/p>\n\n\n\n<p>Prace mo\u017cna przysy\u0142a\u0107 <strong>do 7 sierpnia 2025 r.<\/strong> na adres mailowy: <strong>zabytki@kpck.pl<\/strong>.<\/p>\n\n\n\n<p><\/p>\n\n\n\n<figure class=\"wp-block-image aligncenter size-large\"><a href=\"https:\/\/kpck.pl\/konkurs-portret-kujawsko-pomorskim-zabytkiem-tle\/\" target=\"_blank\" rel=\" noreferrer noopener\"><img loading=\"lazy\" decoding=\"async\" width=\"1024\" height=\"640\" src=\"https:\/\/nid.pl\/wp-content\/uploads\/2025\/07\/Patronaty-plakat-konkursu-foto-KPCK-w-Bydgoszczy-2025-1024x640.jpg\" alt=\"kobieta na tle kujawsko-pomorskiego zabytku\" class=\"wp-image-28082\" srcset=\"https:\/\/nid.pl\/wp-content\/uploads\/2025\/07\/Patronaty-plakat-konkursu-foto-KPCK-w-Bydgoszczy-2025-980x612.jpg 980w, https:\/\/nid.pl\/wp-content\/uploads\/2025\/07\/Patronaty-plakat-konkursu-foto-KPCK-w-Bydgoszczy-2025-480x300.jpg 480w\" sizes=\"(min-width: 0px) and (max-width: 480px) 480px, (min-width: 481px) and (max-width: 980px) 980px, (min-width: 981px) 1024px, 100vw\" \/><\/a><\/figure>","protected":false},"excerpt":{"rendered":"<p>Trwa jedenasta edycja konkursu fotograficznego organizowanego przez Kujawsko-Pomorskie Centrum Kultury w Bydgoszczy, kt\u00f3ry odbywa si\u0119 pod patronatem Narodowego Instytutu Dziedzictwa. Wydarzenie adresowane jest do nieprofesjonalnych fotograf\u00f3w oraz mi\u0142o\u015bnik\u00f3w fotografii z [&hellip;]<\/p>","protected":false},"author":7,"featured_media":28083,"comment_status":"open","ping_status":"open","sticky":false,"template":"","format":"standard","meta":{"_et_pb_use_builder":"off","_et_pb_old_content":"","_et_gb_content_width":"","_monsterinsights_skip_tracking":false,"_monsterinsights_sitenote_active":false,"_monsterinsights_sitenote_note":"","_monsterinsights_sitenote_category":0,"footnotes":""},"categories":[28],"tags":[],"class_list":["post-28081","post","type-post","status-publish","format-standard","has-post-thumbnail","hentry","category-patronaty"],"yoast_head":"<!-- This site is optimized with the Yoast SEO plugin v26.5 - https:\/\/yoast.com\/wordpress\/plugins\/seo\/ -->\n<title>Og\u00f3lnopolski Konkurs Fotograficzny \u201ePortret z kujawsko-pomorskim zabytkiem w tle&quot; - NID<\/title>\n<meta name=\"robots\" content=\"index, follow, max-snippet:-1, max-image-preview:large, max-video-preview:-1\" \/>\n<link rel=\"canonical\" href=\"https:\/\/nid.pl\/en\/2025\/07\/11\/ogolnopolski-konkurs-fotograficzny-portret-z-kujawsko-pomorskim-zabytkiem-w-tle\/\" \/>\n<meta property=\"og:locale\" content=\"en_GB\" \/>\n<meta property=\"og:type\" content=\"article\" \/>\n<meta property=\"og:title\" content=\"Og\u00f3lnopolski Konkurs Fotograficzny \u201ePortret z kujawsko-pomorskim zabytkiem w tle&quot; - NID\" \/>\n<meta property=\"og:description\" content=\"Trwa jedenasta edycja konkursu fotograficznego organizowanego przez Kujawsko-Pomorskie Centrum Kultury w Bydgoszczy, kt\u00f3ry odbywa si\u0119 pod patronatem Narodowego Instytutu Dziedzictwa. Wydarzenie adresowane jest do nieprofesjonalnych fotograf\u00f3w oraz mi\u0142o\u015bnik\u00f3w fotografii z [&hellip;]\" \/>\n<meta property=\"og:url\" content=\"https:\/\/nid.pl\/en\/2025\/07\/11\/ogolnopolski-konkurs-fotograficzny-portret-z-kujawsko-pomorskim-zabytkiem-w-tle\/\" \/>\n<meta property=\"og:site_name\" content=\"NID\" \/>\n<meta property=\"article:publisher\" content=\"https:\/\/www.facebook.com\/zabytek\" \/>\n<meta property=\"article:published_time\" content=\"2025-07-11T13:09:50+00:00\" \/>\n<meta property=\"article:modified_time\" content=\"2025-07-11T13:48:57+00:00\" \/>\n<meta property=\"og:image\" content=\"https:\/\/nid.pl\/wp-content\/uploads\/2025\/07\/Portret-z-kujawsko-pomorskim-zabytkiem-w-tle-2025.jpg\" \/>\n\t<meta property=\"og:image:width\" content=\"1400\" \/>\n\t<meta property=\"og:image:height\" content=\"875\" \/>\n\t<meta property=\"og:image:type\" content=\"image\/jpeg\" \/>\n<meta name=\"author\" content=\"Barbara Halliop\" \/>\n<meta name=\"twitter:card\" content=\"summary_large_image\" \/>\n<meta name=\"twitter:creator\" content=\"@NarIDpl\" \/>\n<meta name=\"twitter:site\" content=\"@NarIDpl\" \/>\n<meta name=\"twitter:label1\" content=\"Written by\" \/>\n\t<meta name=\"twitter:data1\" content=\"Barbara Halliop\" \/>\n\t<meta name=\"twitter:label2\" content=\"Estimated reading time\" \/>\n\t<meta name=\"twitter:data2\" content=\"2 minutes\" \/>\n<script type=\"application\/ld+json\" class=\"yoast-schema-graph\">{\"@context\":\"https:\/\/schema.org\",\"@graph\":[{\"@type\":\"Article\",\"@id\":\"https:\/\/nid.pl\/2025\/07\/11\/ogolnopolski-konkurs-fotograficzny-portret-z-kujawsko-pomorskim-zabytkiem-w-tle\/#article\",\"isPartOf\":{\"@id\":\"https:\/\/nid.pl\/2025\/07\/11\/ogolnopolski-konkurs-fotograficzny-portret-z-kujawsko-pomorskim-zabytkiem-w-tle\/\"},\"author\":{\"name\":\"Barbara Halliop\",\"@id\":\"https:\/\/nid.pl\/#\/schema\/person\/1b690a8998a5111cfb9f0ffe24195a15\"},\"headline\":\"Og\u00f3lnopolski Konkurs Fotograficzny \u201ePortret z kujawsko-pomorskim zabytkiem w tle&#8221;\",\"datePublished\":\"2025-07-11T13:09:50+00:00\",\"dateModified\":\"2025-07-11T13:48:57+00:00\",\"mainEntityOfPage\":{\"@id\":\"https:\/\/nid.pl\/2025\/07\/11\/ogolnopolski-konkurs-fotograficzny-portret-z-kujawsko-pomorskim-zabytkiem-w-tle\/\"},\"wordCount\":194,\"commentCount\":0,\"publisher\":{\"@id\":\"https:\/\/nid.pl\/#organization\"},\"image\":{\"@id\":\"https:\/\/nid.pl\/2025\/07\/11\/ogolnopolski-konkurs-fotograficzny-portret-z-kujawsko-pomorskim-zabytkiem-w-tle\/#primaryimage\"},\"thumbnailUrl\":\"https:\/\/nid.pl\/wp-content\/uploads\/2025\/07\/Portret-z-kujawsko-pomorskim-zabytkiem-w-tle-2025.jpg\",\"articleSection\":[\"Patronaty\"],\"inLanguage\":\"en-GB\"},{\"@type\":\"WebPage\",\"@id\":\"https:\/\/nid.pl\/2025\/07\/11\/ogolnopolski-konkurs-fotograficzny-portret-z-kujawsko-pomorskim-zabytkiem-w-tle\/\",\"url\":\"https:\/\/nid.pl\/2025\/07\/11\/ogolnopolski-konkurs-fotograficzny-portret-z-kujawsko-pomorskim-zabytkiem-w-tle\/\",\"name\":\"Og\u00f3lnopolski Konkurs Fotograficzny \u201ePortret z kujawsko-pomorskim zabytkiem w tle\\\" - NID\",\"isPartOf\":{\"@id\":\"https:\/\/nid.pl\/#website\"},\"primaryImageOfPage\":{\"@id\":\"https:\/\/nid.pl\/2025\/07\/11\/ogolnopolski-konkurs-fotograficzny-portret-z-kujawsko-pomorskim-zabytkiem-w-tle\/#primaryimage\"},\"image\":{\"@id\":\"https:\/\/nid.pl\/2025\/07\/11\/ogolnopolski-konkurs-fotograficzny-portret-z-kujawsko-pomorskim-zabytkiem-w-tle\/#primaryimage\"},\"thumbnailUrl\":\"https:\/\/nid.pl\/wp-content\/uploads\/2025\/07\/Portret-z-kujawsko-pomorskim-zabytkiem-w-tle-2025.jpg\",\"datePublished\":\"2025-07-11T13:09:50+00:00\",\"dateModified\":\"2025-07-11T13:48:57+00:00\",\"breadcrumb\":{\"@id\":\"https:\/\/nid.pl\/2025\/07\/11\/ogolnopolski-konkurs-fotograficzny-portret-z-kujawsko-pomorskim-zabytkiem-w-tle\/#breadcrumb\"},\"inLanguage\":\"en-GB\",\"potentialAction\":[{\"@type\":\"ReadAction\",\"target\":[\"https:\/\/nid.pl\/2025\/07\/11\/ogolnopolski-konkurs-fotograficzny-portret-z-kujawsko-pomorskim-zabytkiem-w-tle\/\"]}]},{\"@type\":\"ImageObject\",\"inLanguage\":\"en-GB\",\"@id\":\"https:\/\/nid.pl\/2025\/07\/11\/ogolnopolski-konkurs-fotograficzny-portret-z-kujawsko-pomorskim-zabytkiem-w-tle\/#primaryimage\",\"url\":\"https:\/\/nid.pl\/wp-content\/uploads\/2025\/07\/Portret-z-kujawsko-pomorskim-zabytkiem-w-tle-2025.jpg\",\"contentUrl\":\"https:\/\/nid.pl\/wp-content\/uploads\/2025\/07\/Portret-z-kujawsko-pomorskim-zabytkiem-w-tle-2025.jpg\",\"width\":1400,\"height\":875,\"caption\":\"kobieta na tle kujawsko-pomorskiego zabytku\"},{\"@type\":\"BreadcrumbList\",\"@id\":\"https:\/\/nid.pl\/2025\/07\/11\/ogolnopolski-konkurs-fotograficzny-portret-z-kujawsko-pomorskim-zabytkiem-w-tle\/#breadcrumb\",\"itemListElement\":[{\"@type\":\"ListItem\",\"position\":1,\"name\":\"Home\",\"item\":\"https:\/\/nid.pl\/\"},{\"@type\":\"ListItem\",\"position\":2,\"name\":\"Og\u00f3lnopolski Konkurs Fotograficzny \u201ePortret z kujawsko-pomorskim zabytkiem w tle&#8221;\"}]},{\"@type\":\"WebSite\",\"@id\":\"https:\/\/nid.pl\/#website\",\"url\":\"https:\/\/nid.pl\/\",\"name\":\"NID\",\"description\":\"Narodowy Instytut Dziedzictwa\",\"publisher\":{\"@id\":\"https:\/\/nid.pl\/#organization\"},\"potentialAction\":[{\"@type\":\"SearchAction\",\"target\":{\"@type\":\"EntryPoint\",\"urlTemplate\":\"https:\/\/nid.pl\/?s={search_term_string}\"},\"query-input\":{\"@type\":\"PropertyValueSpecification\",\"valueRequired\":true,\"valueName\":\"search_term_string\"}}],\"inLanguage\":\"en-GB\"},{\"@type\":\"Organization\",\"@id\":\"https:\/\/nid.pl\/#organization\",\"name\":\"Narodowy Instytut Dziedzictwa\",\"url\":\"https:\/\/nid.pl\/\",\"logo\":{\"@type\":\"ImageObject\",\"inLanguage\":\"en-GB\",\"@id\":\"https:\/\/nid.pl\/#\/schema\/logo\/image\/\",\"url\":\"https:\/\/nid.pl\/wp-content\/uploads\/2022\/10\/logoRedDark.png\",\"contentUrl\":\"https:\/\/nid.pl\/wp-content\/uploads\/2022\/10\/logoRedDark.png\",\"width\":200,\"height\":197,\"caption\":\"Narodowy Instytut Dziedzictwa\"},\"image\":{\"@id\":\"https:\/\/nid.pl\/#\/schema\/logo\/image\/\"},\"sameAs\":[\"https:\/\/www.facebook.com\/zabytek\",\"https:\/\/x.com\/NarIDpl\",\"https:\/\/www.instagram.com\/nid.pl\/?hl=pl\",\"https:\/\/www.linkedin.com\/company\/narodowy-instytut-dziedzictwa\",\"https:\/\/www.youtube.com\/channel\/UCQXuhKa2uHtmNvLRUSx40JA\"]},{\"@type\":\"Person\",\"@id\":\"https:\/\/nid.pl\/#\/schema\/person\/1b690a8998a5111cfb9f0ffe24195a15\",\"name\":\"Barbara Halliop\",\"image\":{\"@type\":\"ImageObject\",\"inLanguage\":\"en-GB\",\"@id\":\"https:\/\/nid.pl\/#\/schema\/person\/image\/\",\"url\":\"https:\/\/nid.pl\/wp-content\/litespeed\/avatar\/924046d17dd0c842c9fa9ccf489bc6dc.jpg?ver=1777444967\",\"contentUrl\":\"https:\/\/nid.pl\/wp-content\/litespeed\/avatar\/924046d17dd0c842c9fa9ccf489bc6dc.jpg?ver=1777444967\",\"caption\":\"Barbara Halliop\"},\"url\":\"http:\/\/nid.pl\/en\/author\/bhalliop\/\"}]}<\/script>\n<!-- \/ Yoast SEO plugin. -->","yoast_head_json":{"title":"Og\u00f3lnopolski Konkurs Fotograficzny \u201ePortret z kujawsko-pomorskim zabytkiem w tle\" - NID","robots":{"index":"index","follow":"follow","max-snippet":"max-snippet:-1","max-image-preview":"max-image-preview:large","max-video-preview":"max-video-preview:-1"},"canonical":"https:\/\/nid.pl\/en\/2025\/07\/11\/ogolnopolski-konkurs-fotograficzny-portret-z-kujawsko-pomorskim-zabytkiem-w-tle\/","og_locale":"en_GB","og_type":"article","og_title":"Og\u00f3lnopolski Konkurs Fotograficzny \u201ePortret z kujawsko-pomorskim zabytkiem w tle\" - NID","og_description":"Trwa jedenasta edycja konkursu fotograficznego organizowanego przez Kujawsko-Pomorskie Centrum Kultury w Bydgoszczy, kt\u00f3ry odbywa si\u0119 pod patronatem Narodowego Instytutu Dziedzictwa. Wydarzenie adresowane jest do nieprofesjonalnych fotograf\u00f3w oraz mi\u0142o\u015bnik\u00f3w fotografii z [&hellip;]","og_url":"https:\/\/nid.pl\/en\/2025\/07\/11\/ogolnopolski-konkurs-fotograficzny-portret-z-kujawsko-pomorskim-zabytkiem-w-tle\/","og_site_name":"NID","article_publisher":"https:\/\/www.facebook.com\/zabytek","article_published_time":"2025-07-11T13:09:50+00:00","article_modified_time":"2025-07-11T13:48:57+00:00","og_image":[{"width":1400,"height":875,"url":"https:\/\/nid.pl\/wp-content\/uploads\/2025\/07\/Portret-z-kujawsko-pomorskim-zabytkiem-w-tle-2025.jpg","type":"image\/jpeg"}],"author":"Barbara Halliop","twitter_card":"summary_large_image","twitter_creator":"@NarIDpl","twitter_site":"@NarIDpl","twitter_misc":{"Written by":"Barbara Halliop","Estimated reading time":"2 minutes"},"schema":{"@context":"https:\/\/schema.org","@graph":[{"@type":"Article","@id":"https:\/\/nid.pl\/2025\/07\/11\/ogolnopolski-konkurs-fotograficzny-portret-z-kujawsko-pomorskim-zabytkiem-w-tle\/#article","isPartOf":{"@id":"https:\/\/nid.pl\/2025\/07\/11\/ogolnopolski-konkurs-fotograficzny-portret-z-kujawsko-pomorskim-zabytkiem-w-tle\/"},"author":{"name":"Barbara Halliop","@id":"https:\/\/nid.pl\/#\/schema\/person\/1b690a8998a5111cfb9f0ffe24195a15"},"headline":"Og\u00f3lnopolski Konkurs Fotograficzny \u201ePortret z kujawsko-pomorskim zabytkiem w tle&#8221;","datePublished":"2025-07-11T13:09:50+00:00","dateModified":"2025-07-11T13:48:57+00:00","mainEntityOfPage":{"@id":"https:\/\/nid.pl\/2025\/07\/11\/ogolnopolski-konkurs-fotograficzny-portret-z-kujawsko-pomorskim-zabytkiem-w-tle\/"},"wordCount":194,"commentCount":0,"publisher":{"@id":"https:\/\/nid.pl\/#organization"},"image":{"@id":"https:\/\/nid.pl\/2025\/07\/11\/ogolnopolski-konkurs-fotograficzny-portret-z-kujawsko-pomorskim-zabytkiem-w-tle\/#primaryimage"},"thumbnailUrl":"https:\/\/nid.pl\/wp-content\/uploads\/2025\/07\/Portret-z-kujawsko-pomorskim-zabytkiem-w-tle-2025.jpg","articleSection":["Patronaty"],"inLanguage":"en-GB"},{"@type":"WebPage","@id":"https:\/\/nid.pl\/2025\/07\/11\/ogolnopolski-konkurs-fotograficzny-portret-z-kujawsko-pomorskim-zabytkiem-w-tle\/","url":"https:\/\/nid.pl\/2025\/07\/11\/ogolnopolski-konkurs-fotograficzny-portret-z-kujawsko-pomorskim-zabytkiem-w-tle\/","name":"Og\u00f3lnopolski Konkurs Fotograficzny \u201ePortret z kujawsko-pomorskim zabytkiem w tle\" - NID","isPartOf":{"@id":"https:\/\/nid.pl\/#website"},"primaryImageOfPage":{"@id":"https:\/\/nid.pl\/2025\/07\/11\/ogolnopolski-konkurs-fotograficzny-portret-z-kujawsko-pomorskim-zabytkiem-w-tle\/#primaryimage"},"image":{"@id":"https:\/\/nid.pl\/2025\/07\/11\/ogolnopolski-konkurs-fotograficzny-portret-z-kujawsko-pomorskim-zabytkiem-w-tle\/#primaryimage"},"thumbnailUrl":"https:\/\/nid.pl\/wp-content\/uploads\/2025\/07\/Portret-z-kujawsko-pomorskim-zabytkiem-w-tle-2025.jpg","datePublished":"2025-07-11T13:09:50+00:00","dateModified":"2025-07-11T13:48:57+00:00","breadcrumb":{"@id":"https:\/\/nid.pl\/2025\/07\/11\/ogolnopolski-konkurs-fotograficzny-portret-z-kujawsko-pomorskim-zabytkiem-w-tle\/#breadcrumb"},"inLanguage":"en-GB","potentialAction":[{"@type":"ReadAction","target":["https:\/\/nid.pl\/2025\/07\/11\/ogolnopolski-konkurs-fotograficzny-portret-z-kujawsko-pomorskim-zabytkiem-w-tle\/"]}]},{"@type":"ImageObject","inLanguage":"en-GB","@id":"https:\/\/nid.pl\/2025\/07\/11\/ogolnopolski-konkurs-fotograficzny-portret-z-kujawsko-pomorskim-zabytkiem-w-tle\/#primaryimage","url":"https:\/\/nid.pl\/wp-content\/uploads\/2025\/07\/Portret-z-kujawsko-pomorskim-zabytkiem-w-tle-2025.jpg","contentUrl":"https:\/\/nid.pl\/wp-content\/uploads\/2025\/07\/Portret-z-kujawsko-pomorskim-zabytkiem-w-tle-2025.jpg","width":1400,"height":875,"caption":"kobieta na tle kujawsko-pomorskiego zabytku"},{"@type":"BreadcrumbList","@id":"https:\/\/nid.pl\/2025\/07\/11\/ogolnopolski-konkurs-fotograficzny-portret-z-kujawsko-pomorskim-zabytkiem-w-tle\/#breadcrumb","itemListElement":[{"@type":"ListItem","position":1,"name":"Home","item":"https:\/\/nid.pl\/"},{"@type":"ListItem","position":2,"name":"Og\u00f3lnopolski Konkurs Fotograficzny \u201ePortret z kujawsko-pomorskim zabytkiem w tle&#8221;"}]},{"@type":"WebSite","@id":"https:\/\/nid.pl\/#website","url":"https:\/\/nid.pl\/","name":"NID","description":"Narodowy Instytut Dziedzictwa","publisher":{"@id":"https:\/\/nid.pl\/#organization"},"potentialAction":[{"@type":"SearchAction","target":{"@type":"EntryPoint","urlTemplate":"https:\/\/nid.pl\/?s={search_term_string}"},"query-input":{"@type":"PropertyValueSpecification","valueRequired":true,"valueName":"search_term_string"}}],"inLanguage":"en-GB"},{"@type":"Organization","@id":"https:\/\/nid.pl\/#organization","name":"Narodowy Instytut Dziedzictwa","url":"https:\/\/nid.pl\/","logo":{"@type":"ImageObject","inLanguage":"en-GB","@id":"https:\/\/nid.pl\/#\/schema\/logo\/image\/","url":"https:\/\/nid.pl\/wp-content\/uploads\/2022\/10\/logoRedDark.png","contentUrl":"https:\/\/nid.pl\/wp-content\/uploads\/2022\/10\/logoRedDark.png","width":200,"height":197,"caption":"Narodowy Instytut Dziedzictwa"},"image":{"@id":"https:\/\/nid.pl\/#\/schema\/logo\/image\/"},"sameAs":["https:\/\/www.facebook.com\/zabytek","https:\/\/x.com\/NarIDpl","https:\/\/www.instagram.com\/nid.pl\/?hl=pl","https:\/\/www.linkedin.com\/company\/narodowy-instytut-dziedzictwa","https:\/\/www.youtube.com\/channel\/UCQXuhKa2uHtmNvLRUSx40JA"]},{"@type":"Person","@id":"https:\/\/nid.pl\/#\/schema\/person\/1b690a8998a5111cfb9f0ffe24195a15","name":"Barbara Halliop","image":{"@type":"ImageObject","inLanguage":"en-GB","@id":"https:\/\/nid.pl\/#\/schema\/person\/image\/","url":"https:\/\/nid.pl\/wp-content\/litespeed\/avatar\/924046d17dd0c842c9fa9ccf489bc6dc.jpg?ver=1777444967","contentUrl":"https:\/\/nid.pl\/wp-content\/litespeed\/avatar\/924046d17dd0c842c9fa9ccf489bc6dc.jpg?ver=1777444967","caption":"Barbara Halliop"},"url":"http:\/\/nid.pl\/en\/author\/bhalliop\/"}]}},"_links":{"self":[{"href":"http:\/\/nid.pl\/en\/wp-json\/wp\/v2\/posts\/28081","targetHints":{"allow":["GET"]}}],"collection":[{"href":"http:\/\/nid.pl\/en\/wp-json\/wp\/v2\/posts"}],"about":[{"href":"http:\/\/nid.pl\/en\/wp-json\/wp\/v2\/types\/post"}],"author":[{"embeddable":true,"href":"http:\/\/nid.pl\/en\/wp-json\/wp\/v2\/users\/7"}],"replies":[{"embeddable":true,"href":"http:\/\/nid.pl\/en\/wp-json\/wp\/v2\/comments?post=28081"}],"version-history":[{"count":0,"href":"http:\/\/nid.pl\/en\/wp-json\/wp\/v2\/posts\/28081\/revisions"}],"wp:featuredmedia":[{"embeddable":true,"href":"http:\/\/nid.pl\/en\/wp-json\/wp\/v2\/media\/28083"}],"wp:attachment":[{"href":"http:\/\/nid.pl\/en\/wp-json\/wp\/v2\/media?parent=28081"}],"wp:term":[{"taxonomy":"category","embeddable":true,"href":"http:\/\/nid.pl\/en\/wp-json\/wp\/v2\/categories?post=28081"},{"taxonomy":"post_tag","embeddable":true,"href":"http:\/\/nid.pl\/en\/wp-json\/wp\/v2\/tags?post=28081"}],"curies":[{"name":"wp","href":"https:\/\/api.w.org\/{rel}","templated":true}]}}