{"id":18733,"date":"2024-04-29T13:13:17","date_gmt":"2024-04-29T11:13:17","guid":{"rendered":"https:\/\/nid.pl\/?p=18733"},"modified":"2024-04-30T16:13:21","modified_gmt":"2024-04-30T14:13:21","slug":"10-maja-zapraszamy-na-webinarium-dotyczace-programu-wspolnie-dla-dziedzictwa","status":"publish","type":"post","link":"http:\/\/nid.pl\/en\/2024\/04\/29\/10-maja-zapraszamy-na-webinarium-dotyczace-programu-wspolnie-dla-dziedzictwa\/","title":{"rendered":"10 maja zapraszamy na webinarium dotycz\u0105ce programu \u201eWsp\u00f3lnie dla dziedzictwa\u201d"},"content":{"rendered":"[et_pb_section][et_pb_row][et_pb_column type=&#8221;4_4&#8243;][et_pb_text]<!-- divi:paragraph -->\n<p><strong>Zapraszamy do udzia\u0142u w webinarium na temat przygotowania projekt\u00f3w w ramach programu dotacyjnego Narodowego Instytutu Dziedzictwa \u201eWsp\u00f3lnie dla dziedzictwa\u201d.<\/strong><\/p>\n<!-- \/divi:paragraph -->\n\n<!-- divi:paragraph -->\n<p>Celem programu \u201eWsp\u00f3lnie dla dziedzictwa\u201d jest tworzenie warunk\u00f3w do zr\u00f3wnowa\u017conej ochrony dziedzictwa kulturowego i wykorzystania jago warto\u015bci dla rozwoju spo\u0142ecznego obecnych i przysz\u0142ych pokole\u0144.<\/p>\n<!-- \/divi:paragraph -->\n\n<!-- divi:paragraph -->\n<p>Program kierowany jest wy\u0142\u0105cznie do organizacji pozarz\u0105dowych, w szczeg\u00f3lno\u015bci zaanga\u017cowanych w\u00a0 opiek\u0119 nad dziedzictwem kulturowym, ch\u0119tnie w\u0142\u0105czaj\u0105cych si\u0119 w aktywno\u015bci spo\u0142eczne i popularyzacj\u0119 wiedzy na temat warto\u015bci zabytk\u00f3w. Wa\u017cnymi uczestnikami projekt\u00f3w s\u0105 wolontariusze, kt\u00f3rzy dzi\u0119ki udzia\u0142owi w programie rozwijaj\u0105 w\u0142asne kompetencje, zdobywaj\u0105 wiedz\u0119, a przez swoj\u0105 aktywno\u015b\u0107 inspiruj\u0105 innych do podobnych dzia\u0142a\u0144.<\/p>\n<!-- \/divi:paragraph -->\n\n<!-- divi:paragraph -->\n<p>W ramach dotychczasowych o\u015bmiu edycji \u201eWsp\u00f3lnie dla dziedzictwa\u201d, o dotacje ubiega\u0142o si\u0119 ponad 1200 inicjatyw z ca\u0142ej Polski, z czego wsparcie otrzyma\u0142y 303 projekty, a uczestniczy\u0142o w nich ponad 5000 wolontariuszy.\u00a0 W tym roku bud\u017cet programu wynosi <strong>1 220 000 z\u0142.<\/strong> Nab\u00f3r wniosk\u00f3w rozpocz\u0105\u0142 si\u0119 <strong>25 kwietnia i potrwa do 27 maja 2024 roku, do godziny 15:00.<\/strong><\/p>\n<!-- \/divi:paragraph -->\n\n<!-- divi:paragraph -->\n<p><strong>10 maja o godz. 10:00 <\/strong>zapraszamy na webinarium wszystkich zainteresowanych z\u0142o\u017ceniem wniosku w aktualnej edycji programu.<\/p>\n<!-- \/divi:paragraph -->\n\n<!-- divi:paragraph -->\n<p><strong>Termin:<\/strong> 10 maja 2024 r. godz. 10.00<br><strong>Czas trwania:<\/strong> 1,5 godziny<br><strong>Link do rejestracji:<\/strong> &lt;<a href=\"https:\/\/events.teams.microsoft.com\/event\/89df4c20-6701-4911-9de0-01f8c7437702@263a2be6-39c0-4c4d-9b57-59437c69146e\">tutaj<\/a>><\/p>\n<!-- \/divi:paragraph -->\n\n<!-- divi:paragraph -->\n<p>Webinarium odb\u0119dzie si\u0119 na platformie Teams. Spotkanie ma charakter otwarty i bezp\u0142atny, obowi\u0105zuje wcze\u015bniejsza rejestracja.<\/p>\n<!-- \/divi:paragraph -->\n\n<!-- divi:paragraph -->\n<p><strong>Podczas spotkania:<\/strong><\/p>\n<!-- \/divi:paragraph -->\n\n<!-- divi:list -->\n<ul><!-- divi:list-item -->\n<li>przedstawimy za\u0142o\u017cenia i cele programu oraz struktur\u0119 wniosku o dofinansowanie,<\/li>\n<!-- \/divi:list-item -->\n\n<!-- divi:list-item -->\n<li>powiemy o czym nale\u017cy pami\u0119ta\u0107 planuj\u0105c zadania w ramach programu,<\/li>\n<!-- \/divi:list-item -->\n\n<!-- divi:list-item -->\n<li>wska\u017cemy zasady post\u0119powania przy realizacji zada\u0144 dotycz\u0105cych inwentaryzacji i dokumentacji zabytk\u00f3w,<\/li>\n<!-- \/divi:list-item -->\n\n<!-- divi:list-item -->\n<li>odpowiemy na pytania.<\/li>\n<!-- \/divi:list-item --><\/ul>\n<!-- \/divi:list -->\n\n<!-- divi:paragraph -->\n<p><strong>Webinarium adresowane jest w szczeg\u00f3lno\u015bci do:<\/strong><\/p>\n<!-- \/divi:paragraph -->\n\n<!-- divi:list -->\n<ul><!-- divi:list-item -->\n<li>organizacji pozarz\u0105dowych planuj\u0105cych z\u0142o\u017cy\u0107 wniosek o dofinansowanie projektu w ramach programu \u201eWsp\u00f3lnie dla dziedzictwa\u201d,<\/li>\n<!-- \/divi:list-item -->\n\n<!-- divi:list-item -->\n<li>partner\u00f3w i wsp\u00f3\u0142organizator\u00f3w projekt\u00f3w,<\/li>\n<!-- \/divi:list-item -->\n\n<!-- divi:list-item -->\n<li>spo\u0142ecznych opiekun\u00f3w zabytk\u00f3w,<\/li>\n<!-- \/divi:list-item -->\n\n<!-- divi:list-item -->\n<li>os\u00f3b i instytucji zaanga\u017cowanych w spo\u0142eczn\u0105 opiek\u0119 nad zabytkami,<\/li>\n<!-- \/divi:list-item -->\n\n<!-- divi:list-item -->\n<li>mi\u0142o\u015bnik\u00f3w dziedzictwa.<\/li>\n<!-- \/divi:list-item --><\/ul>\n<!-- \/divi:list -->\n\n<!-- divi:paragraph -->\n<p><strong>Program webinarium<\/strong>:<\/p>\n<!-- \/divi:paragraph -->\n\n<!-- divi:list -->\n<ul><!-- divi:list-item -->\n<li><strong>Otwarcie spotkania<\/strong> \u2013 dr hab. Katarzyna Zalasi\u0144ska, dyrektor Narodowego Instytutu Dziedzictwa<\/li>\n<!-- \/divi:list-item -->\n\n<!-- divi:list-item -->\n<li><strong>Zasady ubiegania si\u0119 o dofinansowanie projekt\u00f3w z programu Wsp\u00f3lnie dla dziedzictwa 2024<\/strong> \u2013 Renata Olech, koordynator programu \u201eWsp\u00f3lnie dla dziedzictwa\u201d NID<\/li>\n<!-- \/divi:list-item -->\n\n<!-- divi:list-item -->\n<li><strong>Niezb\u0119dne dzia\u0142ania w projekcie identyfikacji, inwentaryzacji i dokumentacji zabytk\u00f3w w programie \u201eWsp\u00f3lnie dla dziedzictwa\u201d oraz dobre praktyki ewidencjonowania zabytk\u00f3w<\/strong> &#8211; Ligia Kwiatkowska, Kierownik Dzia\u0142u Rejestru i Ewidencji Zabytk\u00f3w<\/li>\n<!-- \/divi:list-item -->\n\n<!-- divi:list-item -->\n<li><strong>Sesja pyta\u0144 i odpowiedzi.<\/strong><\/li>\n<!-- \/divi:list-item --><\/ul>\n<!-- \/divi:list -->\n\n<!-- divi:paragraph -->\n<p>Program \u201eWsp\u00f3lnie dla dziedzictwa\u201d realizowany jest ze \u015brodk\u00f3w Ministra Kultury i Dziedzictwa Narodowego.<\/p>\n<!-- \/divi:paragraph -->\n\n<!-- divi:image {\"id\":18358,\"width\":\"393px\",\"height\":\"auto\",\"sizeSlug\":\"full\",\"linkDestination\":\"none\"} -->\n<figure class=\"wp-block-image size-full is-resized\"><img loading=\"lazy\" decoding=\"async\" width=\"602\" height=\"112\" src=\"https:\/\/nid.pl\/wp-content\/uploads\/2024\/04\/logotyp-MKiDN-i-NID.jpg\" alt=\"\" class=\"wp-image-18358\" style=\"width:393px;height:auto\" srcset=\"https:\/\/nid.pl\/wp-content\/uploads\/2024\/04\/logotyp-MKiDN-i-NID.jpg 602w, https:\/\/nid.pl\/wp-content\/uploads\/2024\/04\/logotyp-MKiDN-i-NID-480x89.jpg 480w\" sizes=\"(min-width: 0px) and (max-width: 480px) 480px, (min-width: 481px) 602px, 100vw\" \/><\/figure>\n<!-- \/divi:image -->[\/et_pb_text][\/et_pb_column][\/et_pb_row][\/et_pb_section]","protected":false},"excerpt":{"rendered":"<p><div class=\"et_pb_section et_pb_section_0 et_section_regular\" >\n\t\t\t\t\n\t\t\t\t\n\t\t\t\t\n\t\t\t\t\n\t\t\t\t\n\t\t\t\t\n\t\t\t\t\n\t\t\t\t\n\t\t\t\t\n\t\t\t<\/div><div class=\"et_pb_row et_pb_row_0 et_pb_row_empty\">\n\t\t\t\t\n\t\t\t\t\n\t\t\t\t\n\t\t\t\t\n\t\t\t\t\n\t\t\t<\/div><div class=\"et_pb_module et_pb_text et_pb_text_0  et_pb_text_align_left et_pb_bg_layout_light\">\n\t\t\t\t\n\t\t\t\t\n\t\t\t\t\n\t\t\t\t\n\t\t\t\t\n\t\t\t<\/div> Zapraszamy do udzia\u0142u w webinarium na temat przygotowania projekt\u00f3w w ramach programu dotacyjnego Narodowego Instytutu Dziedzictwa \u201eWsp\u00f3lnie dla dziedzictwa\u201d. Celem programu \u201eWsp\u00f3lnie dla dziedzictwa\u201d jest tworzenie warunk\u00f3w do zr\u00f3wnowa\u017conej [&hellip;]<\/p>","protected":false},"author":7,"featured_media":18530,"comment_status":"closed","ping_status":"closed","sticky":false,"template":"","format":"standard","meta":{"_et_pb_use_builder":"on","_et_pb_old_content":"<!-- wp:paragraph -->\n<p><strong>Zapraszamy do udzia\u0142u w webinarium na temat przygotowania projekt\u00f3w w ramach programu dotacyjnego Narodowego Instytutu Dziedzictwa \u201eWsp\u00f3lnie dla dziedzictwa\u201d.<\/strong><\/p>\n<!-- \/wp:paragraph -->\n\n<!-- wp:paragraph -->\n<p>Celem programu \u201eWsp\u00f3lnie dla dziedzictwa\u201d jest tworzenie warunk\u00f3w do zr\u00f3wnowa\u017conej ochrony dziedzictwa kulturowego i wykorzystania jago warto\u015bci dla rozwoju spo\u0142ecznego obecnych i przysz\u0142ych pokole\u0144.<\/p>\n<!-- \/wp:paragraph -->\n\n<!-- wp:paragraph -->\n<p>Program kierowany jest wy\u0142\u0105cznie do organizacji pozarz\u0105dowych, w szczeg\u00f3lno\u015bci zaanga\u017cowanych w\u00a0 opiek\u0119 nad dziedzictwem kulturowym, ch\u0119tnie w\u0142\u0105czaj\u0105cych si\u0119 w aktywno\u015bci spo\u0142eczne i popularyzacj\u0119 wiedzy na temat warto\u015bci zabytk\u00f3w. Wa\u017cnymi uczestnikami projekt\u00f3w s\u0105 wolontariusze, kt\u00f3rzy dzi\u0119ki udzia\u0142owi w programie rozwijaj\u0105 w\u0142asne kompetencje, zdobywaj\u0105 wiedz\u0119, a przez swoj\u0105 aktywno\u015b\u0107 inspiruj\u0105 innych do podobnych dzia\u0142a\u0144.<\/p>\n<!-- \/wp:paragraph -->\n\n<!-- wp:paragraph -->\n<p>W ramach dotychczasowych o\u015bmiu edycji \u201eWsp\u00f3lnie dla dziedzictwa\u201d, o dotacje ubiega\u0142o si\u0119 ponad 1200 inicjatyw z ca\u0142ej Polski, z czego wsparcie otrzyma\u0142y 303 projekty, a uczestniczy\u0142o w nich ponad 5000 wolontariuszy.\u00a0 W tym roku bud\u017cet programu wynosi <strong>1 220 000 z\u0142.<\/strong> Nab\u00f3r wniosk\u00f3w rozpocz\u0105\u0142 si\u0119 <strong>25 kwietnia i potrwa do 27 maja 2024 roku, do godziny 15:00.<\/strong><\/p>\n<!-- \/wp:paragraph -->\n\n<!-- wp:paragraph -->\n<p><strong>10 maja o godz. 10:00 <\/strong>zapraszamy na webinarium wszystkich zainteresowanych z\u0142o\u017ceniem wniosku w aktualnej edycji programu.<\/p>\n<!-- \/wp:paragraph -->\n\n<!-- wp:paragraph -->\n<p><strong>Termin:<\/strong> 10 maja 2024 r. godz. 10.00<br><strong>Czas trwania:<\/strong> 1,5 godziny<br><strong>Link do rejestracji:<\/strong> &lt;<a href=\"https:\/\/events.teams.microsoft.com\/event\/89df4c20-6701-4911-9de0-01f8c7437702@263a2be6-39c0-4c4d-9b57-59437c69146e\">tutaj<\/a>><\/p>\n<!-- \/wp:paragraph -->\n\n<!-- wp:paragraph -->\n<p>Webinarium odb\u0119dzie si\u0119 na platformie Teams. Spotkanie ma charakter otwarty i bezp\u0142atny, obowi\u0105zuje wcze\u015bniejsza rejestracja.<\/p>\n<!-- \/wp:paragraph -->\n\n<!-- wp:paragraph -->\n<p><strong>Podczas spotkania:<\/strong><\/p>\n<!-- \/wp:paragraph -->\n\n<!-- wp:list -->\n<ul><!-- wp:list-item -->\n<li>przedstawimy za\u0142o\u017cenia i cele programu oraz struktur\u0119 wniosku o dofinansowanie,<\/li>\n<!-- \/wp:list-item -->\n\n<!-- wp:list-item -->\n<li>powiemy o czym nale\u017cy pami\u0119ta\u0107 planuj\u0105c zadania w ramach programu,<\/li>\n<!-- \/wp:list-item -->\n\n<!-- wp:list-item -->\n<li>wska\u017cemy zasady post\u0119powania przy realizacji zada\u0144 dotycz\u0105cych inwentaryzacji i dokumentacji zabytk\u00f3w,<\/li>\n<!-- \/wp:list-item -->\n\n<!-- wp:list-item -->\n<li>odpowiemy na pytania.<\/li>\n<!-- \/wp:list-item --><\/ul>\n<!-- \/wp:list -->\n\n<!-- wp:paragraph -->\n<p><strong>Webinarium adresowane jest w szczeg\u00f3lno\u015bci do:<\/strong><\/p>\n<!-- \/wp:paragraph -->\n\n<!-- wp:list -->\n<ul><!-- wp:list-item -->\n<li>organizacji pozarz\u0105dowych planuj\u0105cych z\u0142o\u017cy\u0107 wniosek o dofinansowanie projektu w ramach programu \u201eWsp\u00f3lnie dla dziedzictwa\u201d,<\/li>\n<!-- \/wp:list-item -->\n\n<!-- wp:list-item -->\n<li>partner\u00f3w i wsp\u00f3\u0142organizator\u00f3w projekt\u00f3w,<\/li>\n<!-- \/wp:list-item -->\n\n<!-- wp:list-item -->\n<li>spo\u0142ecznych opiekun\u00f3w zabytk\u00f3w,<\/li>\n<!-- \/wp:list-item -->\n\n<!-- wp:list-item -->\n<li>os\u00f3b i instytucji zaanga\u017cowanych w spo\u0142eczn\u0105 opiek\u0119 nad zabytkami,<\/li>\n<!-- \/wp:list-item -->\n\n<!-- wp:list-item -->\n<li>mi\u0142o\u015bnik\u00f3w dziedzictwa.<\/li>\n<!-- \/wp:list-item --><\/ul>\n<!-- \/wp:list -->\n\n<!-- wp:paragraph -->\n<p><strong>Program webinarium<\/strong>:<\/p>\n<!-- \/wp:paragraph -->\n\n<!-- wp:list -->\n<ul><!-- wp:list-item -->\n<li><strong>Otwarcie spotkania<\/strong> \u2013 dr hab. Katarzyna Zalasi\u0144ska, dyrektor Narodowego Instytutu Dziedzictwa<\/li>\n<!-- \/wp:list-item -->\n\n<!-- wp:list-item -->\n<li><strong>Zasady ubiegania si\u0119 o dofinansowanie projekt\u00f3w z programu Wsp\u00f3lnie dla dziedzictwa 2024<\/strong> \u2013 Renata Olech, koordynator programu \u201eWsp\u00f3lnie dla dziedzictwa\u201d NID<\/li>\n<!-- \/wp:list-item -->\n\n<!-- wp:list-item -->\n<li><strong>Niezb\u0119dne dzia\u0142ania w projekcie identyfikacji, inwentaryzacji i dokumentacji zabytk\u00f3w w programie \u201eWsp\u00f3lnie dla dziedzictwa\u201d oraz dobre praktyki ewidencjonowania zabytk\u00f3w<\/strong> - Ligia Kwiatkowska, Kierownik Dzia\u0142u Rejestru i Ewidencji Zabytk\u00f3w<\/li>\n<!-- \/wp:list-item -->\n\n<!-- wp:list-item -->\n<li><strong>Sesja pyta\u0144 i odpowiedzi.<\/strong><\/li>\n<!-- \/wp:list-item --><\/ul>\n<!-- \/wp:list -->\n\n<!-- wp:paragraph -->\n<p>Program \u201eWsp\u00f3lnie dla dziedzictwa\u201d realizowany jest ze \u015brodk\u00f3w Ministra Kultury i Dziedzictwa Narodowego.<\/p>\n<!-- \/wp:paragraph -->\n\n<!-- wp:image {\"id\":18358,\"width\":\"393px\",\"height\":\"auto\",\"sizeSlug\":\"full\",\"linkDestination\":\"none\"} -->\n<figure class=\"wp-block-image size-full is-resized\"><img src=\"https:\/\/nid.pl\/wp-content\/uploads\/2024\/04\/logotyp-MKiDN-i-NID.jpg\" alt=\"\" class=\"wp-image-18358\" style=\"width:393px;height:auto\"\/><\/figure>\n<!-- \/wp:image -->","_et_gb_content_width":"","_monsterinsights_skip_tracking":false,"_monsterinsights_sitenote_active":false,"_monsterinsights_sitenote_note":"","_monsterinsights_sitenote_category":0,"footnotes":""},"categories":[3,92,36],"tags":[],"class_list":["post-18733","post","type-post","status-publish","format-standard","has-post-thumbnail","hentry","category-aktualnosci","category-konferencje-i-webinary","category-wspolnie-dla-dziedzictwa"],"yoast_head":"<!-- This site is optimized with the Yoast SEO plugin v26.5 - https:\/\/yoast.com\/wordpress\/plugins\/seo\/ -->\n<title>10 maja zapraszamy na webinarium dotycz\u0105ce programu \u201eWsp\u00f3lnie dla dziedzictwa\u201d - NID<\/title>\n<meta name=\"robots\" content=\"index, follow, max-snippet:-1, max-image-preview:large, max-video-preview:-1\" \/>\n<link rel=\"canonical\" href=\"https:\/\/nid.pl\/en\/2024\/04\/29\/10-maja-zapraszamy-na-webinarium-dotyczace-programu-wspolnie-dla-dziedzictwa\/\" \/>\n<meta property=\"og:locale\" content=\"en_GB\" \/>\n<meta property=\"og:type\" content=\"article\" \/>\n<meta property=\"og:title\" content=\"10 maja zapraszamy na webinarium dotycz\u0105ce programu \u201eWsp\u00f3lnie dla dziedzictwa\u201d - NID\" \/>\n<meta property=\"og:description\" content=\"Zapraszamy do udzia\u0142u w webinarium na temat przygotowania projekt\u00f3w w ramach programu dotacyjnego Narodowego Instytutu Dziedzictwa \u201eWsp\u00f3lnie dla dziedzictwa\u201d. Celem programu \u201eWsp\u00f3lnie dla dziedzictwa\u201d jest tworzenie warunk\u00f3w do zr\u00f3wnowa\u017conej [&hellip;]\" \/>\n<meta property=\"og:url\" content=\"https:\/\/nid.pl\/en\/2024\/04\/29\/10-maja-zapraszamy-na-webinarium-dotyczace-programu-wspolnie-dla-dziedzictwa\/\" \/>\n<meta property=\"og:site_name\" content=\"NID\" \/>\n<meta property=\"article:publisher\" content=\"https:\/\/www.facebook.com\/zabytek\" \/>\n<meta property=\"article:published_time\" content=\"2024-04-29T11:13:17+00:00\" \/>\n<meta property=\"article:modified_time\" content=\"2024-04-30T14:13:21+00:00\" \/>\n<meta property=\"og:image\" content=\"https:\/\/nid.pl\/wp-content\/uploads\/2024\/04\/miniaturka-Dalsze-odkrywanie-Gory-Zamkowej-we-Wleniu-odslona-trzecia_Stowarzyszenie-Wieza-Ksiazeca-w-Siedlecinie.jpg\" \/>\n\t<meta property=\"og:image:width\" content=\"1850\" \/>\n\t<meta property=\"og:image:height\" content=\"1238\" \/>\n\t<meta property=\"og:image:type\" content=\"image\/jpeg\" \/>\n<meta name=\"author\" content=\"Barbara Halliop\" \/>\n<meta name=\"twitter:card\" content=\"summary_large_image\" \/>\n<meta name=\"twitter:creator\" content=\"@NarIDpl\" \/>\n<meta name=\"twitter:site\" content=\"@NarIDpl\" \/>\n<meta name=\"twitter:label1\" content=\"Written by\" \/>\n\t<meta name=\"twitter:data1\" content=\"Barbara Halliop\" \/>\n\t<meta name=\"twitter:label2\" content=\"Estimated reading time\" \/>\n\t<meta name=\"twitter:data2\" content=\"3 minutes\" \/>\n<script type=\"application\/ld+json\" class=\"yoast-schema-graph\">{\"@context\":\"https:\/\/schema.org\",\"@graph\":[{\"@type\":\"Article\",\"@id\":\"https:\/\/nid.pl\/2024\/04\/29\/10-maja-zapraszamy-na-webinarium-dotyczace-programu-wspolnie-dla-dziedzictwa\/#article\",\"isPartOf\":{\"@id\":\"https:\/\/nid.pl\/2024\/04\/29\/10-maja-zapraszamy-na-webinarium-dotyczace-programu-wspolnie-dla-dziedzictwa\/\"},\"author\":{\"name\":\"Barbara Halliop\",\"@id\":\"https:\/\/nid.pl\/#\/schema\/person\/1b690a8998a5111cfb9f0ffe24195a15\"},\"headline\":\"10 maja zapraszamy na webinarium dotycz\u0105ce programu \u201eWsp\u00f3lnie dla dziedzictwa\u201d\",\"datePublished\":\"2024-04-29T11:13:17+00:00\",\"dateModified\":\"2024-04-30T14:13:21+00:00\",\"mainEntityOfPage\":{\"@id\":\"https:\/\/nid.pl\/2024\/04\/29\/10-maja-zapraszamy-na-webinarium-dotyczace-programu-wspolnie-dla-dziedzictwa\/\"},\"wordCount\":455,\"publisher\":{\"@id\":\"https:\/\/nid.pl\/#organization\"},\"image\":{\"@id\":\"https:\/\/nid.pl\/2024\/04\/29\/10-maja-zapraszamy-na-webinarium-dotyczace-programu-wspolnie-dla-dziedzictwa\/#primaryimage\"},\"thumbnailUrl\":\"https:\/\/nid.pl\/wp-content\/uploads\/2024\/04\/miniaturka-Dalsze-odkrywanie-Gory-Zamkowej-we-Wleniu-odslona-trzecia_Stowarzyszenie-Wieza-Ksiazeca-w-Siedlecinie.jpg\",\"articleSection\":[\"Aktualno\u015bci\",\"Konferencje i webinary\",\"Wsp\u00f3lnie dla dziedzictwa\"],\"inLanguage\":\"en-GB\"},{\"@type\":\"WebPage\",\"@id\":\"https:\/\/nid.pl\/2024\/04\/29\/10-maja-zapraszamy-na-webinarium-dotyczace-programu-wspolnie-dla-dziedzictwa\/\",\"url\":\"https:\/\/nid.pl\/2024\/04\/29\/10-maja-zapraszamy-na-webinarium-dotyczace-programu-wspolnie-dla-dziedzictwa\/\",\"name\":\"10 maja zapraszamy na webinarium dotycz\u0105ce programu \u201eWsp\u00f3lnie dla dziedzictwa\u201d - NID\",\"isPartOf\":{\"@id\":\"https:\/\/nid.pl\/#website\"},\"primaryImageOfPage\":{\"@id\":\"https:\/\/nid.pl\/2024\/04\/29\/10-maja-zapraszamy-na-webinarium-dotyczace-programu-wspolnie-dla-dziedzictwa\/#primaryimage\"},\"image\":{\"@id\":\"https:\/\/nid.pl\/2024\/04\/29\/10-maja-zapraszamy-na-webinarium-dotyczace-programu-wspolnie-dla-dziedzictwa\/#primaryimage\"},\"thumbnailUrl\":\"https:\/\/nid.pl\/wp-content\/uploads\/2024\/04\/miniaturka-Dalsze-odkrywanie-Gory-Zamkowej-we-Wleniu-odslona-trzecia_Stowarzyszenie-Wieza-Ksiazeca-w-Siedlecinie.jpg\",\"datePublished\":\"2024-04-29T11:13:17+00:00\",\"dateModified\":\"2024-04-30T14:13:21+00:00\",\"breadcrumb\":{\"@id\":\"https:\/\/nid.pl\/2024\/04\/29\/10-maja-zapraszamy-na-webinarium-dotyczace-programu-wspolnie-dla-dziedzictwa\/#breadcrumb\"},\"inLanguage\":\"en-GB\",\"potentialAction\":[{\"@type\":\"ReadAction\",\"target\":[\"https:\/\/nid.pl\/2024\/04\/29\/10-maja-zapraszamy-na-webinarium-dotyczace-programu-wspolnie-dla-dziedzictwa\/\"]}]},{\"@type\":\"ImageObject\",\"inLanguage\":\"en-GB\",\"@id\":\"https:\/\/nid.pl\/2024\/04\/29\/10-maja-zapraszamy-na-webinarium-dotyczace-programu-wspolnie-dla-dziedzictwa\/#primaryimage\",\"url\":\"https:\/\/nid.pl\/wp-content\/uploads\/2024\/04\/miniaturka-Dalsze-odkrywanie-Gory-Zamkowej-we-Wleniu-odslona-trzecia_Stowarzyszenie-Wieza-Ksiazeca-w-Siedlecinie.jpg\",\"contentUrl\":\"https:\/\/nid.pl\/wp-content\/uploads\/2024\/04\/miniaturka-Dalsze-odkrywanie-Gory-Zamkowej-we-Wleniu-odslona-trzecia_Stowarzyszenie-Wieza-Ksiazeca-w-Siedlecinie.jpg\",\"width\":1850,\"height\":1238,\"caption\":\"Program \u201eWsp\u00f3lnie dla dziedzictwa\u201d\"},{\"@type\":\"BreadcrumbList\",\"@id\":\"https:\/\/nid.pl\/2024\/04\/29\/10-maja-zapraszamy-na-webinarium-dotyczace-programu-wspolnie-dla-dziedzictwa\/#breadcrumb\",\"itemListElement\":[{\"@type\":\"ListItem\",\"position\":1,\"name\":\"Home\",\"item\":\"https:\/\/nid.pl\/\"},{\"@type\":\"ListItem\",\"position\":2,\"name\":\"10 maja zapraszamy na webinarium dotycz\u0105ce programu \u201eWsp\u00f3lnie dla dziedzictwa\u201d\"}]},{\"@type\":\"WebSite\",\"@id\":\"https:\/\/nid.pl\/#website\",\"url\":\"https:\/\/nid.pl\/\",\"name\":\"NID\",\"description\":\"Narodowy Instytut Dziedzictwa\",\"publisher\":{\"@id\":\"https:\/\/nid.pl\/#organization\"},\"potentialAction\":[{\"@type\":\"SearchAction\",\"target\":{\"@type\":\"EntryPoint\",\"urlTemplate\":\"https:\/\/nid.pl\/?s={search_term_string}\"},\"query-input\":{\"@type\":\"PropertyValueSpecification\",\"valueRequired\":true,\"valueName\":\"search_term_string\"}}],\"inLanguage\":\"en-GB\"},{\"@type\":\"Organization\",\"@id\":\"https:\/\/nid.pl\/#organization\",\"name\":\"Narodowy Instytut Dziedzictwa\",\"url\":\"https:\/\/nid.pl\/\",\"logo\":{\"@type\":\"ImageObject\",\"inLanguage\":\"en-GB\",\"@id\":\"https:\/\/nid.pl\/#\/schema\/logo\/image\/\",\"url\":\"https:\/\/nid.pl\/wp-content\/uploads\/2022\/10\/logoRedDark.png\",\"contentUrl\":\"https:\/\/nid.pl\/wp-content\/uploads\/2022\/10\/logoRedDark.png\",\"width\":200,\"height\":197,\"caption\":\"Narodowy Instytut Dziedzictwa\"},\"image\":{\"@id\":\"https:\/\/nid.pl\/#\/schema\/logo\/image\/\"},\"sameAs\":[\"https:\/\/www.facebook.com\/zabytek\",\"https:\/\/x.com\/NarIDpl\",\"https:\/\/www.instagram.com\/nid.pl\/?hl=pl\",\"https:\/\/www.linkedin.com\/company\/narodowy-instytut-dziedzictwa\",\"https:\/\/www.youtube.com\/channel\/UCQXuhKa2uHtmNvLRUSx40JA\"]},{\"@type\":\"Person\",\"@id\":\"https:\/\/nid.pl\/#\/schema\/person\/1b690a8998a5111cfb9f0ffe24195a15\",\"name\":\"Barbara Halliop\",\"image\":{\"@type\":\"ImageObject\",\"inLanguage\":\"en-GB\",\"@id\":\"https:\/\/nid.pl\/#\/schema\/person\/image\/\",\"url\":\"https:\/\/nid.pl\/wp-content\/litespeed\/avatar\/924046d17dd0c842c9fa9ccf489bc6dc.jpg?ver=1777444967\",\"contentUrl\":\"https:\/\/nid.pl\/wp-content\/litespeed\/avatar\/924046d17dd0c842c9fa9ccf489bc6dc.jpg?ver=1777444967\",\"caption\":\"Barbara Halliop\"},\"url\":\"http:\/\/nid.pl\/en\/author\/bhalliop\/\"}]}<\/script>\n<!-- \/ Yoast SEO plugin. -->","yoast_head_json":{"title":"10 maja zapraszamy na webinarium dotycz\u0105ce programu \u201eWsp\u00f3lnie dla dziedzictwa\u201d - NID","robots":{"index":"index","follow":"follow","max-snippet":"max-snippet:-1","max-image-preview":"max-image-preview:large","max-video-preview":"max-video-preview:-1"},"canonical":"https:\/\/nid.pl\/en\/2024\/04\/29\/10-maja-zapraszamy-na-webinarium-dotyczace-programu-wspolnie-dla-dziedzictwa\/","og_locale":"en_GB","og_type":"article","og_title":"10 maja zapraszamy na webinarium dotycz\u0105ce programu \u201eWsp\u00f3lnie dla dziedzictwa\u201d - NID","og_description":"Zapraszamy do udzia\u0142u w webinarium na temat przygotowania projekt\u00f3w w ramach programu dotacyjnego Narodowego Instytutu Dziedzictwa \u201eWsp\u00f3lnie dla dziedzictwa\u201d. Celem programu \u201eWsp\u00f3lnie dla dziedzictwa\u201d jest tworzenie warunk\u00f3w do zr\u00f3wnowa\u017conej [&hellip;]","og_url":"https:\/\/nid.pl\/en\/2024\/04\/29\/10-maja-zapraszamy-na-webinarium-dotyczace-programu-wspolnie-dla-dziedzictwa\/","og_site_name":"NID","article_publisher":"https:\/\/www.facebook.com\/zabytek","article_published_time":"2024-04-29T11:13:17+00:00","article_modified_time":"2024-04-30T14:13:21+00:00","og_image":[{"width":1850,"height":1238,"url":"https:\/\/nid.pl\/wp-content\/uploads\/2024\/04\/miniaturka-Dalsze-odkrywanie-Gory-Zamkowej-we-Wleniu-odslona-trzecia_Stowarzyszenie-Wieza-Ksiazeca-w-Siedlecinie.jpg","type":"image\/jpeg"}],"author":"Barbara Halliop","twitter_card":"summary_large_image","twitter_creator":"@NarIDpl","twitter_site":"@NarIDpl","twitter_misc":{"Written by":"Barbara Halliop","Estimated reading time":"3 minutes"},"schema":{"@context":"https:\/\/schema.org","@graph":[{"@type":"Article","@id":"https:\/\/nid.pl\/2024\/04\/29\/10-maja-zapraszamy-na-webinarium-dotyczace-programu-wspolnie-dla-dziedzictwa\/#article","isPartOf":{"@id":"https:\/\/nid.pl\/2024\/04\/29\/10-maja-zapraszamy-na-webinarium-dotyczace-programu-wspolnie-dla-dziedzictwa\/"},"author":{"name":"Barbara Halliop","@id":"https:\/\/nid.pl\/#\/schema\/person\/1b690a8998a5111cfb9f0ffe24195a15"},"headline":"10 maja zapraszamy na webinarium dotycz\u0105ce programu \u201eWsp\u00f3lnie dla dziedzictwa\u201d","datePublished":"2024-04-29T11:13:17+00:00","dateModified":"2024-04-30T14:13:21+00:00","mainEntityOfPage":{"@id":"https:\/\/nid.pl\/2024\/04\/29\/10-maja-zapraszamy-na-webinarium-dotyczace-programu-wspolnie-dla-dziedzictwa\/"},"wordCount":455,"publisher":{"@id":"https:\/\/nid.pl\/#organization"},"image":{"@id":"https:\/\/nid.pl\/2024\/04\/29\/10-maja-zapraszamy-na-webinarium-dotyczace-programu-wspolnie-dla-dziedzictwa\/#primaryimage"},"thumbnailUrl":"https:\/\/nid.pl\/wp-content\/uploads\/2024\/04\/miniaturka-Dalsze-odkrywanie-Gory-Zamkowej-we-Wleniu-odslona-trzecia_Stowarzyszenie-Wieza-Ksiazeca-w-Siedlecinie.jpg","articleSection":["Aktualno\u015bci","Konferencje i webinary","Wsp\u00f3lnie dla dziedzictwa"],"inLanguage":"en-GB"},{"@type":"WebPage","@id":"https:\/\/nid.pl\/2024\/04\/29\/10-maja-zapraszamy-na-webinarium-dotyczace-programu-wspolnie-dla-dziedzictwa\/","url":"https:\/\/nid.pl\/2024\/04\/29\/10-maja-zapraszamy-na-webinarium-dotyczace-programu-wspolnie-dla-dziedzictwa\/","name":"10 maja zapraszamy na webinarium dotycz\u0105ce programu \u201eWsp\u00f3lnie dla dziedzictwa\u201d - NID","isPartOf":{"@id":"https:\/\/nid.pl\/#website"},"primaryImageOfPage":{"@id":"https:\/\/nid.pl\/2024\/04\/29\/10-maja-zapraszamy-na-webinarium-dotyczace-programu-wspolnie-dla-dziedzictwa\/#primaryimage"},"image":{"@id":"https:\/\/nid.pl\/2024\/04\/29\/10-maja-zapraszamy-na-webinarium-dotyczace-programu-wspolnie-dla-dziedzictwa\/#primaryimage"},"thumbnailUrl":"https:\/\/nid.pl\/wp-content\/uploads\/2024\/04\/miniaturka-Dalsze-odkrywanie-Gory-Zamkowej-we-Wleniu-odslona-trzecia_Stowarzyszenie-Wieza-Ksiazeca-w-Siedlecinie.jpg","datePublished":"2024-04-29T11:13:17+00:00","dateModified":"2024-04-30T14:13:21+00:00","breadcrumb":{"@id":"https:\/\/nid.pl\/2024\/04\/29\/10-maja-zapraszamy-na-webinarium-dotyczace-programu-wspolnie-dla-dziedzictwa\/#breadcrumb"},"inLanguage":"en-GB","potentialAction":[{"@type":"ReadAction","target":["https:\/\/nid.pl\/2024\/04\/29\/10-maja-zapraszamy-na-webinarium-dotyczace-programu-wspolnie-dla-dziedzictwa\/"]}]},{"@type":"ImageObject","inLanguage":"en-GB","@id":"https:\/\/nid.pl\/2024\/04\/29\/10-maja-zapraszamy-na-webinarium-dotyczace-programu-wspolnie-dla-dziedzictwa\/#primaryimage","url":"https:\/\/nid.pl\/wp-content\/uploads\/2024\/04\/miniaturka-Dalsze-odkrywanie-Gory-Zamkowej-we-Wleniu-odslona-trzecia_Stowarzyszenie-Wieza-Ksiazeca-w-Siedlecinie.jpg","contentUrl":"https:\/\/nid.pl\/wp-content\/uploads\/2024\/04\/miniaturka-Dalsze-odkrywanie-Gory-Zamkowej-we-Wleniu-odslona-trzecia_Stowarzyszenie-Wieza-Ksiazeca-w-Siedlecinie.jpg","width":1850,"height":1238,"caption":"Program \u201eWsp\u00f3lnie dla dziedzictwa\u201d"},{"@type":"BreadcrumbList","@id":"https:\/\/nid.pl\/2024\/04\/29\/10-maja-zapraszamy-na-webinarium-dotyczace-programu-wspolnie-dla-dziedzictwa\/#breadcrumb","itemListElement":[{"@type":"ListItem","position":1,"name":"Home","item":"https:\/\/nid.pl\/"},{"@type":"ListItem","position":2,"name":"10 maja zapraszamy na webinarium dotycz\u0105ce programu \u201eWsp\u00f3lnie dla dziedzictwa\u201d"}]},{"@type":"WebSite","@id":"https:\/\/nid.pl\/#website","url":"https:\/\/nid.pl\/","name":"NID","description":"Narodowy Instytut Dziedzictwa","publisher":{"@id":"https:\/\/nid.pl\/#organization"},"potentialAction":[{"@type":"SearchAction","target":{"@type":"EntryPoint","urlTemplate":"https:\/\/nid.pl\/?s={search_term_string}"},"query-input":{"@type":"PropertyValueSpecification","valueRequired":true,"valueName":"search_term_string"}}],"inLanguage":"en-GB"},{"@type":"Organization","@id":"https:\/\/nid.pl\/#organization","name":"Narodowy Instytut Dziedzictwa","url":"https:\/\/nid.pl\/","logo":{"@type":"ImageObject","inLanguage":"en-GB","@id":"https:\/\/nid.pl\/#\/schema\/logo\/image\/","url":"https:\/\/nid.pl\/wp-content\/uploads\/2022\/10\/logoRedDark.png","contentUrl":"https:\/\/nid.pl\/wp-content\/uploads\/2022\/10\/logoRedDark.png","width":200,"height":197,"caption":"Narodowy Instytut Dziedzictwa"},"image":{"@id":"https:\/\/nid.pl\/#\/schema\/logo\/image\/"},"sameAs":["https:\/\/www.facebook.com\/zabytek","https:\/\/x.com\/NarIDpl","https:\/\/www.instagram.com\/nid.pl\/?hl=pl","https:\/\/www.linkedin.com\/company\/narodowy-instytut-dziedzictwa","https:\/\/www.youtube.com\/channel\/UCQXuhKa2uHtmNvLRUSx40JA"]},{"@type":"Person","@id":"https:\/\/nid.pl\/#\/schema\/person\/1b690a8998a5111cfb9f0ffe24195a15","name":"Barbara Halliop","image":{"@type":"ImageObject","inLanguage":"en-GB","@id":"https:\/\/nid.pl\/#\/schema\/person\/image\/","url":"https:\/\/nid.pl\/wp-content\/litespeed\/avatar\/924046d17dd0c842c9fa9ccf489bc6dc.jpg?ver=1777444967","contentUrl":"https:\/\/nid.pl\/wp-content\/litespeed\/avatar\/924046d17dd0c842c9fa9ccf489bc6dc.jpg?ver=1777444967","caption":"Barbara Halliop"},"url":"http:\/\/nid.pl\/en\/author\/bhalliop\/"}]}},"_links":{"self":[{"href":"http:\/\/nid.pl\/en\/wp-json\/wp\/v2\/posts\/18733","targetHints":{"allow":["GET"]}}],"collection":[{"href":"http:\/\/nid.pl\/en\/wp-json\/wp\/v2\/posts"}],"about":[{"href":"http:\/\/nid.pl\/en\/wp-json\/wp\/v2\/types\/post"}],"author":[{"embeddable":true,"href":"http:\/\/nid.pl\/en\/wp-json\/wp\/v2\/users\/7"}],"replies":[{"embeddable":true,"href":"http:\/\/nid.pl\/en\/wp-json\/wp\/v2\/comments?post=18733"}],"version-history":[{"count":0,"href":"http:\/\/nid.pl\/en\/wp-json\/wp\/v2\/posts\/18733\/revisions"}],"wp:featuredmedia":[{"embeddable":true,"href":"http:\/\/nid.pl\/en\/wp-json\/wp\/v2\/media\/18530"}],"wp:attachment":[{"href":"http:\/\/nid.pl\/en\/wp-json\/wp\/v2\/media?parent=18733"}],"wp:term":[{"taxonomy":"category","embeddable":true,"href":"http:\/\/nid.pl\/en\/wp-json\/wp\/v2\/categories?post=18733"},{"taxonomy":"post_tag","embeddable":true,"href":"http:\/\/nid.pl\/en\/wp-json\/wp\/v2\/tags?post=18733"}],"curies":[{"name":"wp","href":"https:\/\/api.w.org\/{rel}","templated":true}]}}