{"id":15075,"date":"2023-12-11T15:56:38","date_gmt":"2023-12-11T14:56:38","guid":{"rendered":"https:\/\/nid.pl\/?p=15075"},"modified":"2023-12-15T11:48:07","modified_gmt":"2023-12-15T10:48:07","slug":"podsumowanie-konferencji-naukowej-dziedzictwo-przemyslowe-w-sercu-zielonej-europy-16-17-listopada-2023-r","status":"publish","type":"post","link":"http:\/\/nid.pl\/en\/2023\/12\/11\/podsumowanie-konferencji-naukowej-dziedzictwo-przemyslowe-w-sercu-zielonej-europy-16-17-listopada-2023-r\/","title":{"rendered":"Podsumowanie konferencji naukowej \u201eDziedzictwo przemys\u0142owe w sercu Zielonej Europy\u201d, 16-17 listopada 2023 r."},"content":{"rendered":"<p><strong>Muzeum \u015al\u0105skie oraz Muzeum Hutnictwa Cynku Walcownia w Katowicach go\u015bci\u0142y w listopadzie prelegent\u00f3w i s\u0142uchaczy, kt\u00f3rym nieoboj\u0119tny jest los dziedzictwa przemys\u0142owego w Europie. W konferencji pt. \u201eDziedzictwo przemys\u0142owe w sercu Zielonej Europy\u201d, zorganizowanej przez Narodowy Instytut Dziedzictwa, Fundacj\u0119 Ochrony Dziedzictwa Przemys\u0142owego oraz Polski Komitet Ochrony Dziedzictwa Przemys\u0142owego TICCIH wzi\u0119\u0142o udzia\u0142 stu trzydziestu uczestnik\u00f3w.<\/strong><\/p>\n\n\n\n<p>Podczas wyk\u0142ad\u00f3w i paneli dyskusyjnych poruszono tematyk\u0119 wsp\u00f3\u0142czesnych metod ochrony dziedzictwa przemys\u0142owego, wykorzystania dziedzictwa przemys\u0142owego w redukcji CO2, popularyzacji zagadnie\u0144 zwi\u0105zanych z dziedzictwem przemys\u0142owym w Polsce i w Europie, wykorzystania dziedzictwa przemys\u0142owego w integracji spo\u0142eczno\u015bci lokalnych oraz wykorzystania paliw kopalnych do prezentacji ruchomych zabytk\u00f3w techniki. Mo\u017cliwo\u015bci ponownego u\u017cytkowania obiekt\u00f3w dziedzictwa przemys\u0142owego om\u00f3wiono mi\u0119dzy innymi na przyk\u0142adzie dzia\u0142a\u0144 zmierzaj\u0105cych do zachowania obiekt\u00f3w Stoczni Gda\u0144skiej. Osobny panel dyskusyjny po\u015bwi\u0119cono do\u015bwiadczeniom zwi\u0105zanym ze wsp\u00f3\u0142prac\u0105 z mediami w procesie zachowania dziedzictwa przemys\u0142owego.<\/p>\n\n\n\n<p>Istotnym zagadnieniem z perspektywy ochrony polskiego dziedzictwa przemys\u0142owego jest fakt, \u017ce nie zosta\u0142o ono uwzgl\u0119dnione w polskim prawodawstwie. Dyrektor Narodowego Instytutu Dziedzictwa, dr hab. Katarzyna Zalasi\u0144ska w rozmowie z portalem \u015al\u0105zag zwr\u00f3ci\u0142a uwag\u0119 na to, \u017ce \u201e<em>dziedzictwo przemys\u0142owe i obiekty, kt\u00f3re do tej kategorii kwalifikujemy s\u0105 ogromnym wyzwaniem dla systemu ochrony zabytk\u00f3w w Polsce, kt\u00f3ry zacz\u0105\u0142 by\u0107 budowany w 1918 r. z nastawieniem przede wszystkim na obiekty architektury, w tym zw\u0142aszcza murowanej.<\/em>&nbsp;<em>Tymczasem od 20 \u2013 30 lat pojawiaj\u0105 si\u0119 nowe wyzwania zwi\u0105zane z ochron\u0105 m.in. dziedzictwa przemys\u0142owego, kt\u00f3re do tej pory ochron\u0105 nie by\u0142y obejmowane. Zatem zabytki techniki s\u0105 dzisiaj wyzwaniem nie tyle dla konserwator\u00f3w, co dla systemu ochrony, kt\u00f3ry nie do ko\u0144ca jest adekwatny do ochrony tego zasobu\u201d <\/em><a id=\"_ftnref1\" href=\"#_ftn1\">[1]<\/a><em>. <\/em>Temat aspekt\u00f3w prawnych adaptacji postindustrialnych obiekt\u00f3w do nowych funkcji by\u0142 r\u00f3wnie\u017c tematem prelekcji dyrektor Katarzyny Zalasi\u0144skiej.<\/p>\n\n\n\n<p>Drugi dzie\u0144 konferencji otworzono prezentacj\u0105 i debat\u0105 na temat powstania nowej organizacji maj\u0105cej aktywnie wspiera\u0107 ochron\u0119 i badania nad dziedzictwem przemys\u0142owym \u2013 TICCIH Europa. Na koniec &nbsp;uczestnicy mogli zetkn\u0105\u0107 si\u0119 bezpo\u015brednio z polskim dziedzictwem przemys\u0142owym podczas wyjazdu studyjnego i zwiedzania Kopalni W\u0119gla Kamiennego \u201eWujek\u201d, \u015al\u0105skiego Centrum Wolno\u015bci i Solidarno\u015bci w Katowicach oraz Walcowni Cynku SILESIA w \u015awi\u0119toch\u0142owicach-Lipinach.<\/p>\n\n\n\n<p><strong>Nagranie z konferencji dost\u0119pne jest na kanale YouTube, TV NID<\/strong>:<\/p>\n\n\n\n<p><\/p>\n\n\n\n<figure class=\"wp-block-embed is-type-video is-provider-youtube wp-block-embed-youtube wp-embed-aspect-16-9 wp-has-aspect-ratio\"><div class=\"wp-block-embed__wrapper\">\n<iframe loading=\"lazy\" title=\"Mi\u0119dzynarodowa konferencja naukowa \u201eDziedzictwo przemys\u0142owe w sercu Zielonej Europy\u201d\" width=\"1080\" height=\"608\" src=\"https:\/\/www.youtube.com\/embed\/lNgY9yfjmD4?feature=oembed\"  allow=\"accelerometer; autoplay; clipboard-write; encrypted-media; gyroscope; picture-in-picture; web-share\" allowfullscreen><\/iframe>\n<\/div><\/figure>\n\n\n\n<p><\/p>\n\n\n\n<p><a href=\"https:\/\/nid.pl\/wp-content\/uploads\/2023\/12\/Program_Konferencja-naukowa-Dziedzictwo-przemyslowe-w-sercu-Zielonej-Europy.pdf\">P<\/a><a href=\"https:\/\/nid.pl\/wp-content\/uploads\/2023\/11\/MKN-Dziedzictwo-Przemyslowe-w-sercu-Zielonej-Europy-PROGRAM_11.11.2023.pdf\">rogram konferencji<\/a><\/p>\n\n\n\n<p><strong>Rekomendacje z konferencji naukowej \u201eDziedzictwo przemys\u0142owe w sercu Zielonej Europy\u201d<\/strong><\/p>\n\n\n\n<p>Wnioski p\u0142yn\u0105ce z dyskusji zosta\u0142y uj\u0119te w formie rekomendacji zredagowanych przez cz\u0142onk\u00f3w Rady Naukowej i Komitetu Honorowego konferencji: Hildebrand\u2019a de Boer\u2019a, Sekretarza Komitetu Dziedzictwa Przemys\u0142owego Europa Nostra, Tiddo Bresters\u2019a, Prezydenta FIVA (Mi\u0119dzynarodowej Federacji Pojazd\u00f3w Zabytkowych, Piotra Gerbera, Prezesa Zarz\u0105du PK TICCIH oraz Fundacji Ochrony Dziedzictwa Przemys\u0142owego \u015al\u0105ska, Jaap\u2019a Nieweg\u2019a, Prezydenta FEDECRAIL (Europejskiej Federacji Muze\u00f3w i Kolei Turystycznych) oraz Miles\u2019a Oglethorpe, Prezydenta Mi\u0119dzynarodowego Komitetu Ochrony Dziedzictwa Przemys\u0142owego TICCIH. W rekomendacjach podkre\u015blono m.in. rol\u0119 dziedzictwa przemys\u0142owego jako cz\u0119\u015bci wsp\u00f3lnej to\u017csamo\u015bci mieszka\u0144c\u00f3w Europy, kt\u00f3rego adaptacja i ponowne wykorzystanie mog\u0105 by\u0107 przyjazne dla \u015brodowiska. Uznano te\u017c w\u0119giel jako sk\u0142adnik dziedzictwa przemys\u0142owego Europy, kt\u00f3rego wydobycie powinno by\u0107 utrzymane w stopniu zapewniaj\u0105cym dzia\u0142anie obiekt\u00f3w dziedzictwa przemys\u0142owego. Rekomendacje zostan\u0105 wys\u0142ane do instytucji zaanga\u017cowanych w ochron\u0119 dziedzictwa przemys\u0142owego w Polsce i w Europie.<\/p>\n\n\n\n<p>Pe\u0142ny tekst rekomendacji z Konferencji \u201eDziedzictwo Przemys\u0142owe w sercu Zielonej Europy\u201d <a href=\"https:\/\/nid.pl\/wp-content\/uploads\/2023\/12\/Recommendations-from-the-Conference-in-Katowice.pdf\">&lt;tutaj&gt;<\/a>.<\/p>\n\n\n\n<p>Wybrane artyku\u0142y zostan\u0105 przekazane do publikacji w wydawnictwie \u201eArchitectus\u201d.<\/p>\n\n\n\n<p>Konferencja zosta\u0142a obj\u0119ta honorowym patronatemsekretarza stanu w Ministerstwie Kultury i Dziedzictwa Narodowego, Generalnego Konserwatora Zabytk\u00f3w dr. Jaros\u0142awa Sellina, Marsza\u0142ka Wojew\u00f3dztwa \u015al\u0105skiego Jakuba Che\u0142stowskiego, Prezydenta Miasta Katowice Marcina Krupy, Polskiego Komitetu UNESCO.<\/p>\n\n\n\n<p>Organizacja konferencji zosta\u0142a dofinansowana ze \u015brodk\u00f3w Ministerstwa Kultury i Dziedzictwa Narodowego, w ramach realizacji zadania \u201eDziedzictwo przemys\u0142owe wspiera Zielon\u0105 Europ\u0119\u201d.<\/p>\n\n\n\n<p><\/p>\n\n\n\n<figure class=\"wp-block-image aligncenter size-large is-resized\"><img loading=\"lazy\" decoding=\"async\" width=\"1024\" height=\"768\" src=\"https:\/\/nid.pl\/wp-content\/uploads\/2023\/12\/Konferencja-dziedzictwo-przemyslowe-1-fot.-NID-Jakub-Pawl-6-1024x768.png\" alt=\"\" class=\"wp-image-15077\" style=\"width:685px;height:auto\" srcset=\"https:\/\/nid.pl\/wp-content\/uploads\/2023\/12\/Konferencja-dziedzictwo-przemyslowe-1-fot.-NID-Jakub-Pawl-6-980x735.png 980w, https:\/\/nid.pl\/wp-content\/uploads\/2023\/12\/Konferencja-dziedzictwo-przemyslowe-1-fot.-NID-Jakub-Pawl-6-480x360.png 480w\" sizes=\"(min-width: 0px) and (max-width: 480px) 480px, (min-width: 481px) and (max-width: 980px) 980px, (min-width: 981px) 1024px, 100vw\" \/><figcaption class=\"wp-element-caption\">dr hab. Katarzyna Zalasi\u0144ska, dyrektor Narodowego Instytutu Dziedzictwa, konferencja naukowa &#8220;Dziedzictwo przemys\u0142owe w sercu Zielonej Europy, fot. NID\/Jakub Pawlak<\/figcaption><\/figure>\n\n\n\n<figure class=\"wp-block-image aligncenter size-large is-resized\"><img loading=\"lazy\" decoding=\"async\" width=\"1024\" height=\"768\" src=\"https:\/\/nid.pl\/wp-content\/uploads\/2023\/12\/Konferencja-dziedzictwo-przemyslowe-1-fot.-NID-Jakub-Pawl-4-1024x768.png\" alt=\"\" class=\"wp-image-15078\" style=\"width:687px;height:auto\" srcset=\"https:\/\/nid.pl\/wp-content\/uploads\/2023\/12\/Konferencja-dziedzictwo-przemyslowe-1-fot.-NID-Jakub-Pawl-4-980x735.png 980w, https:\/\/nid.pl\/wp-content\/uploads\/2023\/12\/Konferencja-dziedzictwo-przemyslowe-1-fot.-NID-Jakub-Pawl-4-480x360.png 480w\" sizes=\"(min-width: 0px) and (max-width: 480px) 480px, (min-width: 481px) and (max-width: 980px) 980px, (min-width: 981px) 1024px, 100vw\" \/><figcaption class=\"wp-element-caption\">dr Katarzyna Pa\u0142ubska, dyrektor Departamentu Ochrony Zabytk\u00f3w w Ministerstwie Kultury i Dziedzictwa Narodowego, konferencja naukowa &#8220;Dziedzictwo przemys\u0142owe w sercu Zielonej Europy, fot. NID\/Jakub Pawlak<\/figcaption><\/figure>\n\n\n\n<figure class=\"wp-block-image aligncenter size-large is-resized\"><img loading=\"lazy\" decoding=\"async\" width=\"1024\" height=\"768\" src=\"https:\/\/nid.pl\/wp-content\/uploads\/2023\/12\/Konferencja-dziedzictwo-przemyslowe-1-fot.-NID-Jakub-Pawl-5-1024x768.png\" alt=\"\" class=\"wp-image-15079\" style=\"width:689px;height:auto\" srcset=\"https:\/\/nid.pl\/wp-content\/uploads\/2023\/12\/Konferencja-dziedzictwo-przemyslowe-1-fot.-NID-Jakub-Pawl-5-980x735.png 980w, https:\/\/nid.pl\/wp-content\/uploads\/2023\/12\/Konferencja-dziedzictwo-przemyslowe-1-fot.-NID-Jakub-Pawl-5-480x360.png 480w\" sizes=\"(min-width: 0px) and (max-width: 480px) 480px, (min-width: 481px) and (max-width: 980px) 980px, (min-width: 981px) 1024px, 100vw\" \/><figcaption class=\"wp-element-caption\">Tiddo Bresters, prezydent Mi\u0119dzynarodowej Federacji Pojazd\u00f3w Zabytkowych, konferencja naukowa &#8220;Dziedzictwo przemys\u0142owe w sercu Zielonej Europy, fot. NID\/Jakub Pawlak<\/figcaption><\/figure>\n\n\n\n<figure class=\"wp-block-image aligncenter size-large is-resized\"><img loading=\"lazy\" decoding=\"async\" width=\"1024\" height=\"768\" src=\"https:\/\/nid.pl\/wp-content\/uploads\/2023\/12\/Konferencja-dziedzictwo-przemyslowe-1-fot.-NID-Jakub-Pawl-7-1024x768.png\" alt=\"\" class=\"wp-image-15080\" style=\"width:691px;height:auto\" srcset=\"https:\/\/nid.pl\/wp-content\/uploads\/2023\/12\/Konferencja-dziedzictwo-przemyslowe-1-fot.-NID-Jakub-Pawl-7-980x735.png 980w, https:\/\/nid.pl\/wp-content\/uploads\/2023\/12\/Konferencja-dziedzictwo-przemyslowe-1-fot.-NID-Jakub-Pawl-7-480x360.png 480w\" sizes=\"(min-width: 0px) and (max-width: 480px) 480px, (min-width: 481px) and (max-width: 980px) 980px, (min-width: 981px) 1024px, 100vw\" \/><figcaption class=\"wp-element-caption\">Massimo Preite, cz\u0142onek zarz\u0105du TICCIH oraz ERIH, konferencja naukowa &#8220;Dziedzictwo przemys\u0142owe w sercu Zielonej Europy, fot. NID\/Jakub Pawlak<\/figcaption><\/figure>\n\n\n\n<figure class=\"wp-block-image aligncenter size-large is-resized\"><img loading=\"lazy\" decoding=\"async\" width=\"1024\" height=\"768\" src=\"https:\/\/nid.pl\/wp-content\/uploads\/2023\/12\/Konferencja-dziedzictwo-przemyslowe-1-fot.-NID-Jakub-Pawl-8-1024x768.png\" alt=\"\" class=\"wp-image-15081\" style=\"width:691px;height:auto\" srcset=\"https:\/\/nid.pl\/wp-content\/uploads\/2023\/12\/Konferencja-dziedzictwo-przemyslowe-1-fot.-NID-Jakub-Pawl-8-980x735.png 980w, https:\/\/nid.pl\/wp-content\/uploads\/2023\/12\/Konferencja-dziedzictwo-przemyslowe-1-fot.-NID-Jakub-Pawl-8-480x360.png 480w\" sizes=\"(min-width: 0px) and (max-width: 480px) 480px, (min-width: 481px) and (max-width: 980px) 980px, (min-width: 981px) 1024px, 100vw\" \/><figcaption class=\"wp-element-caption\">Bartosz Walczak, w-ce prezes PK TICCIH, konferencja naukowa &#8220;Dziedzictwo przemys\u0142owe w sercu Zielonej Europy, fot. NID\/Jakub Pawlak<\/figcaption><\/figure>\n\n\n\n<figure class=\"wp-block-image aligncenter size-large is-resized\"><img loading=\"lazy\" decoding=\"async\" width=\"1024\" height=\"768\" src=\"https:\/\/nid.pl\/wp-content\/uploads\/2023\/12\/Konferencja-dziedzictwo-przemyslowe-1-fot.-NID-Jakub-Pawl-9-1024x768.png\" alt=\"\" class=\"wp-image-15082\" style=\"width:689px;height:auto\" srcset=\"https:\/\/nid.pl\/wp-content\/uploads\/2023\/12\/Konferencja-dziedzictwo-przemyslowe-1-fot.-NID-Jakub-Pawl-9-980x735.png 980w, https:\/\/nid.pl\/wp-content\/uploads\/2023\/12\/Konferencja-dziedzictwo-przemyslowe-1-fot.-NID-Jakub-Pawl-9-480x360.png 480w\" sizes=\"(min-width: 0px) and (max-width: 480px) 480px, (min-width: 481px) and (max-width: 980px) 980px, (min-width: 981px) 1024px, 100vw\" \/><figcaption class=\"wp-element-caption\">Hildebrand de Boer, sekretarz Komitetu Dziedzictwa Przemys\u0142owego Europa Nostra, wsp\u00f3\u0142za\u0142o\u017cyciel ERIH, konferencja naukowa &#8220;Dziedzictwo przemys\u0142owe w sercu Zielonej Europy, fot. NID\/Jakub Pawlak<\/figcaption><\/figure>\n\n\n\n<figure class=\"wp-block-image aligncenter size-large is-resized\"><img loading=\"lazy\" decoding=\"async\" width=\"1024\" height=\"768\" src=\"https:\/\/nid.pl\/wp-content\/uploads\/2023\/12\/Konferencja-dziedzictwo-przemyslowe-1-fot.-NID-Jakub-Pawl-10-1024x768.png\" alt=\"\" class=\"wp-image-15083\" style=\"width:691px;height:auto\" srcset=\"https:\/\/nid.pl\/wp-content\/uploads\/2023\/12\/Konferencja-dziedzictwo-przemyslowe-1-fot.-NID-Jakub-Pawl-10-980x735.png 980w, https:\/\/nid.pl\/wp-content\/uploads\/2023\/12\/Konferencja-dziedzictwo-przemyslowe-1-fot.-NID-Jakub-Pawl-10-480x360.png 480w\" sizes=\"(min-width: 0px) and (max-width: 480px) 480px, (min-width: 481px) and (max-width: 980px) 980px, (min-width: 981px) 1024px, 100vw\" \/><figcaption class=\"wp-element-caption\">Konferencja naukowa &#8220;Dziedzictwo przemys\u0142owe w sercu Zielonej Europy, fot. NID\/Jakub Pawlak<\/figcaption><\/figure>\n\n\n\n<figure class=\"wp-block-image aligncenter size-large is-resized\"><img loading=\"lazy\" decoding=\"async\" width=\"1024\" height=\"768\" src=\"https:\/\/nid.pl\/wp-content\/uploads\/2023\/12\/Konferencja-dziedzictwo-przemyslowe-1-fot.-NID-Jakub-Pawl-11-1024x768.png\" alt=\"\" class=\"wp-image-15084\" style=\"width:689px;height:auto\" srcset=\"https:\/\/nid.pl\/wp-content\/uploads\/2023\/12\/Konferencja-dziedzictwo-przemyslowe-1-fot.-NID-Jakub-Pawl-11-980x735.png 980w, https:\/\/nid.pl\/wp-content\/uploads\/2023\/12\/Konferencja-dziedzictwo-przemyslowe-1-fot.-NID-Jakub-Pawl-11-480x360.png 480w\" sizes=\"(min-width: 0px) and (max-width: 480px) 480px, (min-width: 481px) and (max-width: 980px) 980px, (min-width: 981px) 1024px, 100vw\" \/><figcaption class=\"wp-element-caption\">Andrzej Adamczyk, odznaczony Z\u0142ot\u0105 odznak\u0105 za opiek\u0119 nad zabytkami, konferencja naukowa &#8220;Dziedzictwo przemys\u0142owe w sercu Zielonej Europy, fot. NID\/Jakub Pawlak<\/figcaption><\/figure>\n\n\n\n<figure class=\"wp-block-image aligncenter size-large is-resized\"><img loading=\"lazy\" decoding=\"async\" width=\"1024\" height=\"714\" src=\"https:\/\/nid.pl\/wp-content\/uploads\/2023\/12\/Konferencja-dziedzictwo-przemyslowe-1-fot.-NID-Jakub-Pawl-12-1024x714.png\" alt=\"\" class=\"wp-image-15085\" style=\"width:691px;height:auto\" srcset=\"https:\/\/nid.pl\/wp-content\/uploads\/2023\/12\/Konferencja-dziedzictwo-przemyslowe-1-fot.-NID-Jakub-Pawl-12-980x683.png 980w, https:\/\/nid.pl\/wp-content\/uploads\/2023\/12\/Konferencja-dziedzictwo-przemyslowe-1-fot.-NID-Jakub-Pawl-12-480x334.png 480w\" sizes=\"(min-width: 0px) and (max-width: 480px) 480px, (min-width: 481px) and (max-width: 980px) 980px, (min-width: 981px) 1024px, 100vw\" \/><figcaption class=\"wp-element-caption\">Konferencja naukowa &#8220;Dziedzictwo przemys\u0142owe w sercu Zielonej Europy, fot. NID\/Jakub Pawlak<\/figcaption><\/figure>\n\n\n\n<figure class=\"wp-block-image aligncenter size-large is-resized\"><img loading=\"lazy\" decoding=\"async\" width=\"1024\" height=\"819\" src=\"https:\/\/nid.pl\/wp-content\/uploads\/2023\/12\/Konferencja-dziedzictwo-przemyslowe-1-fot.-NID-Jakub-Pawl-13-1024x819.png\" alt=\"\" class=\"wp-image-15087\" style=\"width:691px;height:auto\" srcset=\"https:\/\/nid.pl\/wp-content\/uploads\/2023\/12\/Konferencja-dziedzictwo-przemyslowe-1-fot.-NID-Jakub-Pawl-13-980x784.png 980w, https:\/\/nid.pl\/wp-content\/uploads\/2023\/12\/Konferencja-dziedzictwo-przemyslowe-1-fot.-NID-Jakub-Pawl-13-480x384.png 480w\" sizes=\"(min-width: 0px) and (max-width: 480px) 480px, (min-width: 481px) and (max-width: 980px) 980px, (min-width: 981px) 1024px, 100vw\" \/><figcaption class=\"wp-element-caption\">Tomasz B\u0142yskosz, Narodowy Instytut Dziedzictwa, konferencja naukowa &#8220;Dziedzictwo przemys\u0142owe w sercu Zielonej Europy, fot. NID\/Jakub Pawlak<\/figcaption><\/figure>\n\n\n\n<figure class=\"wp-block-image aligncenter size-large is-resized\"><img loading=\"lazy\" decoding=\"async\" width=\"1024\" height=\"819\" src=\"https:\/\/nid.pl\/wp-content\/uploads\/2023\/12\/Konferencja-dziedzictwo-przemyslowe-1-fot.-NID-Jakub-Pawl-14-1024x819.png\" alt=\"\" class=\"wp-image-15088\" style=\"width:691px;height:auto\" srcset=\"https:\/\/nid.pl\/wp-content\/uploads\/2023\/12\/Konferencja-dziedzictwo-przemyslowe-1-fot.-NID-Jakub-Pawl-14-980x784.png 980w, https:\/\/nid.pl\/wp-content\/uploads\/2023\/12\/Konferencja-dziedzictwo-przemyslowe-1-fot.-NID-Jakub-Pawl-14-480x384.png 480w\" sizes=\"(min-width: 0px) and (max-width: 480px) 480px, (min-width: 481px) and (max-width: 980px) 980px, (min-width: 981px) 1024px, 100vw\" \/><figcaption class=\"wp-element-caption\">Igor Strzok, Pomorski Wojew\u00f3dzki Konserwator Zabytk\u00f3w, konferencja naukowa &#8220;Dziedzictwo przemys\u0142owe w sercu Zielonej Europy, fot. NID\/Jakub Pawlak<\/figcaption><\/figure>\n\n\n\n<figure class=\"wp-block-image aligncenter size-large is-resized\"><img loading=\"lazy\" decoding=\"async\" width=\"1024\" height=\"819\" src=\"https:\/\/nid.pl\/wp-content\/uploads\/2023\/12\/Konferencja-dziedzictwo-przemyslowe-1-fot.-NID-Jakub-Pawl-15-1024x819.png\" alt=\"\" class=\"wp-image-15089\" style=\"width:693px;height:auto\" srcset=\"https:\/\/nid.pl\/wp-content\/uploads\/2023\/12\/Konferencja-dziedzictwo-przemyslowe-1-fot.-NID-Jakub-Pawl-15-980x784.png 980w, https:\/\/nid.pl\/wp-content\/uploads\/2023\/12\/Konferencja-dziedzictwo-przemyslowe-1-fot.-NID-Jakub-Pawl-15-480x384.png 480w\" sizes=\"(min-width: 0px) and (max-width: 480px) 480px, (min-width: 481px) and (max-width: 980px) 980px, (min-width: 981px) 1024px, 100vw\" \/><figcaption class=\"wp-element-caption\">Robert Hirsch, Politechnika Gda\u0144ska, konferencja naukowa &#8220;Dziedzictwo przemys\u0142owe w sercu Zielonej Europy, fot. NID\/Jakub Pawlak<\/figcaption><\/figure>\n\n\n\n<figure class=\"wp-block-image aligncenter size-large is-resized\"><img loading=\"lazy\" decoding=\"async\" width=\"1024\" height=\"819\" src=\"https:\/\/nid.pl\/wp-content\/uploads\/2023\/12\/Konferencja-dziedzictwo-przemyslowe-1-fot.-NID-Jakub-Pawl-16-1024x819.png\" alt=\"\" class=\"wp-image-15090\" style=\"width:697px;height:auto\" srcset=\"https:\/\/nid.pl\/wp-content\/uploads\/2023\/12\/Konferencja-dziedzictwo-przemyslowe-1-fot.-NID-Jakub-Pawl-16-980x784.png 980w, https:\/\/nid.pl\/wp-content\/uploads\/2023\/12\/Konferencja-dziedzictwo-przemyslowe-1-fot.-NID-Jakub-Pawl-16-480x384.png 480w\" sizes=\"(min-width: 0px) and (max-width: 480px) 480px, (min-width: 481px) and (max-width: 980px) 980px, (min-width: 981px) 1024px, 100vw\" \/><figcaption class=\"wp-element-caption\">Maciej M\u0105dry, dyrektor Muzeum Hutnictwa Cynku WALCOWNIA w Katowicach, konferencja naukowa &#8220;Dziedzictwo przemys\u0142owe w sercu Zielonej Europy, fot. NID\/Jakub Pawlak<\/figcaption><\/figure>\n\n\n\n<figure class=\"wp-block-image aligncenter size-large is-resized\"><img loading=\"lazy\" decoding=\"async\" width=\"1024\" height=\"819\" src=\"https:\/\/nid.pl\/wp-content\/uploads\/2023\/12\/Konferencja-dziedzictwo-przemyslowe-1-fot.-NID-Jakub-Pawl-17-1024x819.png\" alt=\"\" class=\"wp-image-15091\" style=\"width:695px;height:auto\" srcset=\"https:\/\/nid.pl\/wp-content\/uploads\/2023\/12\/Konferencja-dziedzictwo-przemyslowe-1-fot.-NID-Jakub-Pawl-17-980x784.png 980w, https:\/\/nid.pl\/wp-content\/uploads\/2023\/12\/Konferencja-dziedzictwo-przemyslowe-1-fot.-NID-Jakub-Pawl-17-480x384.png 480w\" sizes=\"(min-width: 0px) and (max-width: 480px) 480px, (min-width: 481px) and (max-width: 980px) 980px, (min-width: 981px) 1024px, 100vw\" \/><figcaption class=\"wp-element-caption\">Konferencja naukowa &#8220;Dziedzictwo przemys\u0142owe w sercu Zielonej Europy, fot. NID\/Jakub Pawlak<\/figcaption><\/figure>\n\n\n\n<figure class=\"wp-block-image aligncenter size-large is-resized\"><img loading=\"lazy\" decoding=\"async\" width=\"1024\" height=\"768\" src=\"https:\/\/nid.pl\/wp-content\/uploads\/2023\/12\/Konferencja-dziedzictwo-przemyslowe-1-fot.-NID-Jakub-Pawl-18-1024x768.png\" alt=\"\" class=\"wp-image-15086\" style=\"width:697px;height:auto\" srcset=\"https:\/\/nid.pl\/wp-content\/uploads\/2023\/12\/Konferencja-dziedzictwo-przemyslowe-1-fot.-NID-Jakub-Pawl-18-980x735.png 980w, https:\/\/nid.pl\/wp-content\/uploads\/2023\/12\/Konferencja-dziedzictwo-przemyslowe-1-fot.-NID-Jakub-Pawl-18-480x360.png 480w\" sizes=\"(min-width: 0px) and (max-width: 480px) 480px, (min-width: 481px) and (max-width: 980px) 980px, (min-width: 981px) 1024px, 100vw\" \/><figcaption class=\"wp-element-caption\">Miles Olgethorpe, prezydent Mi\u0119dzynarodowego Komitetu Ochrony Dziedzictwa Przemys\u0142owego TICCIH, konferencja naukowa &#8220;Dziedzictwo przemys\u0142owe w sercu Zielonej Europy, fot. NID\/Jakub Pawlak<\/figcaption><\/figure>\n\n\n\n<figure class=\"wp-block-image aligncenter size-large is-resized\"><img loading=\"lazy\" decoding=\"async\" width=\"1024\" height=\"768\" src=\"https:\/\/nid.pl\/wp-content\/uploads\/2023\/12\/Konferencja-dziedzictwo-przemyslowe-1-fot.-NID-Jakub-Pawl-19-1024x768.png\" alt=\"\" class=\"wp-image-15092\" style=\"width:695px;height:auto\" srcset=\"https:\/\/nid.pl\/wp-content\/uploads\/2023\/12\/Konferencja-dziedzictwo-przemyslowe-1-fot.-NID-Jakub-Pawl-19-980x735.png 980w, https:\/\/nid.pl\/wp-content\/uploads\/2023\/12\/Konferencja-dziedzictwo-przemyslowe-1-fot.-NID-Jakub-Pawl-19-480x360.png 480w\" sizes=\"(min-width: 0px) and (max-width: 480px) 480px, (min-width: 481px) and (max-width: 980px) 980px, (min-width: 981px) 1024px, 100vw\" \/><figcaption class=\"wp-element-caption\">prof. Jerzy Jasie\u0144ko, Politechnika Wroc\u0142awska, konferencja naukowa &#8220;Dziedzictwo przemys\u0142owe w sercu Zielonej Europy, fot. NID\/Jakub Pawlak<\/figcaption><\/figure>\n\n\n\n<figure class=\"wp-block-image aligncenter size-large is-resized\"><img loading=\"lazy\" decoding=\"async\" width=\"1024\" height=\"768\" src=\"https:\/\/nid.pl\/wp-content\/uploads\/2023\/12\/Konferencja-dziedzictwo-przemyslowe-1-fot.-NID-Jakub-Pawl-20-1024x768.png\" alt=\"\" class=\"wp-image-15093\" style=\"width:697px;height:auto\" srcset=\"https:\/\/nid.pl\/wp-content\/uploads\/2023\/12\/Konferencja-dziedzictwo-przemyslowe-1-fot.-NID-Jakub-Pawl-20-980x735.png 980w, https:\/\/nid.pl\/wp-content\/uploads\/2023\/12\/Konferencja-dziedzictwo-przemyslowe-1-fot.-NID-Jakub-Pawl-20-480x360.png 480w\" sizes=\"(min-width: 0px) and (max-width: 480px) 480px, (min-width: 481px) and (max-width: 980px) 980px, (min-width: 981px) 1024px, 100vw\" \/><figcaption class=\"wp-element-caption\">Pierre Laconte, przewodnicz\u0105cy Komitetu Dziedzictwa Przemys\u0142owego i In\u017cynieryjnego Europa Nostra, konferencja naukowa &#8220;Dziedzictwo przemys\u0142owe w sercu Zielonej Europy, fot. NID\/Jakub Pawlak<\/figcaption><\/figure>\n\n\n\n<figure class=\"wp-block-image aligncenter size-large is-resized\"><img loading=\"lazy\" decoding=\"async\" width=\"1024\" height=\"588\" src=\"https:\/\/nid.pl\/wp-content\/uploads\/2023\/12\/Konferencja-dziedzictwo-przemyslowe-1-fot.-NID-Jakub-Pawlak-1-1024x588.jpg\" alt=\"\" class=\"wp-image-15094\" style=\"width:697px;height:auto\" srcset=\"https:\/\/nid.pl\/wp-content\/uploads\/2023\/12\/Konferencja-dziedzictwo-przemyslowe-1-fot.-NID-Jakub-Pawlak-1-980x563.jpg 980w, https:\/\/nid.pl\/wp-content\/uploads\/2023\/12\/Konferencja-dziedzictwo-przemyslowe-1-fot.-NID-Jakub-Pawlak-1-480x276.jpg 480w\" sizes=\"(min-width: 0px) and (max-width: 480px) 480px, (min-width: 481px) and (max-width: 980px) 980px, (min-width: 981px) 1024px, 100vw\" \/><figcaption class=\"wp-element-caption\">Uczestnicy konferencji naukowej &#8220;Dziedzictwo przemys\u0142owe w sercu Zielonej Europy, fot. NID\/Jakub Pawlak<\/figcaption><\/figure>\n\n\n\n<figure class=\"wp-block-image aligncenter size-large is-resized\"><img loading=\"lazy\" decoding=\"async\" width=\"1024\" height=\"690\" src=\"https:\/\/nid.pl\/wp-content\/uploads\/2023\/12\/Konferencja-dziedzictwo-przemyslowe-2-fot.-NID-Jakub-Pawlak-37-1024x690.jpg\" alt=\"\" class=\"wp-image-15096\" style=\"width:697px;height:auto\" srcset=\"https:\/\/nid.pl\/wp-content\/uploads\/2023\/12\/Konferencja-dziedzictwo-przemyslowe-2-fot.-NID-Jakub-Pawlak-37-980x660.jpg 980w, https:\/\/nid.pl\/wp-content\/uploads\/2023\/12\/Konferencja-dziedzictwo-przemyslowe-2-fot.-NID-Jakub-Pawlak-37-480x323.jpg 480w\" sizes=\"(min-width: 0px) and (max-width: 480px) 480px, (min-width: 481px) and (max-width: 980px) 980px, (min-width: 981px) 1024px, 100vw\" \/><figcaption class=\"wp-element-caption\">Konferencja naukowa &#8220;Dziedzictwo przemys\u0142owe w sercu Zielonej Europy, fot. NID\/Jakub Pawlak<\/figcaption><\/figure>\n\n\n\n<figure class=\"wp-block-image aligncenter size-large is-resized\"><img loading=\"lazy\" decoding=\"async\" width=\"1024\" height=\"690\" src=\"https:\/\/nid.pl\/wp-content\/uploads\/2023\/12\/Konferencja-dziedzictwo-przemyslowe-2-fot.-NID-Jakub-Pawlak-49-1024x690.jpg\" alt=\"\" class=\"wp-image-15095\" style=\"width:695px;height:auto\" srcset=\"https:\/\/nid.pl\/wp-content\/uploads\/2023\/12\/Konferencja-dziedzictwo-przemyslowe-2-fot.-NID-Jakub-Pawlak-49-980x660.jpg 980w, https:\/\/nid.pl\/wp-content\/uploads\/2023\/12\/Konferencja-dziedzictwo-przemyslowe-2-fot.-NID-Jakub-Pawlak-49-480x323.jpg 480w\" sizes=\"(min-width: 0px) and (max-width: 480px) 480px, (min-width: 481px) and (max-width: 980px) 980px, (min-width: 981px) 1024px, 100vw\" \/><figcaption class=\"wp-element-caption\">Konferencja naukowa &#8220;Dziedzictwo przemys\u0142owe w sercu Zielonej Europy, fot. NID\/Jakub Pawlak<\/figcaption><\/figure>\n\n\n\n<p><\/p>\n\n\n\n<p><\/p>\n\n\n\n<hr class=\"wp-block-separator has-alpha-channel-opacity\"\/>\n\n\n\n<p><a id=\"_ftn1\" href=\"#_ftnref1\">[1]<\/a> Ca\u0142y wywiad dost\u0119pny na portalu \u015al\u0105zag <a href=\"https:\/\/www.slazag.pl\/polskie-prawo-nie-widzi-zabytkow-przemyslu-pisano-je-z-mysla-o-katedrach-i-zamkach\">https:\/\/www.slazag.pl\/polskie-prawo-nie-widzi-zabytkow-przemyslu-pisano-je-z-mysla-o-katedrach-i-zamkach<\/a><\/p>","protected":false},"excerpt":{"rendered":"<p>Muzeum \u015al\u0105skie oraz Muzeum Hutnictwa Cynku Walcownia w Katowicach go\u015bci\u0142y w listopadzie prelegent\u00f3w i s\u0142uchaczy, kt\u00f3rym nieoboj\u0119tny jest los dziedzictwa przemys\u0142owego w Europie. W konferencji pt. \u201eDziedzictwo przemys\u0142owe w sercu [&hellip;]<\/p>","protected":false},"author":7,"featured_media":15099,"comment_status":"closed","ping_status":"closed","sticky":false,"template":"","format":"standard","meta":{"_et_pb_use_builder":"off","_et_pb_old_content":"<!-- wp:paragraph -->\n<p><strong>Muzeum \u015al\u0105skie oraz Muzeum Hutnictwa Cynku Walcownia w Katowicach go\u015bci\u0142y w listopadzie prelegent\u00f3w i s\u0142uchaczy, kt\u00f3rym nieoboj\u0119tny jest los dziedzictwa przemys\u0142owego w Europie. W konferencji pt. \u201eDziedzictwo przemys\u0142owe w sercu Zielonej Europy\u201d, zorganizowanej przez Narodowy Instytut Dziedzictwa, Fundacj\u0119 Ochrony Dziedzictwa Przemys\u0142owego oraz Polski Komitet Ochrony Dziedzictwa Przemys\u0142owego TICCIH wzi\u0119\u0142o udzia\u0142 stu trzydziestu uczestnik\u00f3w.<\/strong><\/p>\n<!-- \/wp:paragraph -->\n\n<!-- wp:paragraph -->\n<p>Podczas wyk\u0142ad\u00f3w i paneli dyskusyjnych poruszono tematyk\u0119 wsp\u00f3\u0142czesnych metod ochrony dziedzictwa przemys\u0142owego, wykorzystania dziedzictwa przemys\u0142owego w redukcji CO2, popularyzacji zagadnie\u0144 zwi\u0105zanych z dziedzictwem przemys\u0142owym w Polsce i w Europie, wykorzystania dziedzictwa przemys\u0142owego w integracji spo\u0142eczno\u015bci lokalnych oraz wykorzystania paliw kopalnych do prezentacji ruchomych zabytk\u00f3w techniki. Mo\u017cliwo\u015bci ponownego u\u017cytkowania obiekt\u00f3w dziedzictwa przemys\u0142owego om\u00f3wiono mi\u0119dzy innymi na przyk\u0142adzie dzia\u0142a\u0144 zmierzaj\u0105cych do zachowania obiekt\u00f3w Stoczni Gda\u0144skiej. Osobny panel dyskusyjny po\u015bwi\u0119cono do\u015bwiadczeniom zwi\u0105zanym ze wsp\u00f3\u0142prac\u0105 z mediami w procesie zachowania dziedzictwa przemys\u0142owego.<\/p>\n<!-- \/wp:paragraph -->\n\n<!-- wp:paragraph -->\n<p>Istotnym zagadnieniem z perspektywy ochrony polskiego dziedzictwa przemys\u0142owego jest fakt, \u017ce nie zosta\u0142o ono uwzgl\u0119dnione w polskim prawodawstwie. Dyrektor Narodowego Instytutu Dziedzictwa, dr hab. Katarzyna Zalasi\u0144ska w rozmowie z portalem \u015al\u0105zag zwr\u00f3ci\u0142a uwag\u0119 na to, \u017ce \u201e<em>dziedzictwo przemys\u0142owe i obiekty, kt\u00f3re do tej kategorii kwalifikujemy s\u0105 ogromnym wyzwaniem dla systemu ochrony zabytk\u00f3w w Polsce, kt\u00f3ry zacz\u0105\u0142 by\u0107 budowany w 1918 r. z nastawieniem przede wszystkim na obiekty architektury, w tym zw\u0142aszcza murowanej.<\/em>&nbsp;<em>Tymczasem od 20 \u2013 30 lat pojawiaj\u0105 si\u0119 nowe wyzwania zwi\u0105zane z ochron\u0105 m.in. dziedzictwa przemys\u0142owego, kt\u00f3re do tej pory ochron\u0105 nie by\u0142y obejmowane. Zatem zabytki techniki s\u0105 dzisiaj wyzwaniem nie tyle dla konserwator\u00f3w, co dla systemu ochrony, kt\u00f3ry nie do ko\u0144ca jest adekwatny do ochrony tego zasobu\u201d <\/em><a id=\"_ftnref1\" href=\"#_ftn1\">[1]<\/a><em>. <\/em>Temat aspekt\u00f3w prawnych adaptacji postindustrialnych obiekt\u00f3w do nowych funkcji by\u0142 r\u00f3wnie\u017c tematem prelekcji dyrektor Katarzyny Zalasi\u0144skiej.<\/p>\n<!-- \/wp:paragraph -->\n\n<!-- wp:paragraph -->\n<p>Drugi dzie\u0144 konferencji otworzono prezentacj\u0105 i debat\u0105 na temat powstania nowej organizacji maj\u0105cej aktywnie wspiera\u0107 ochron\u0119 i badania nad dziedzictwem przemys\u0142owym \u2013 TICCIH Europa. Na koniec &nbsp;uczestnicy mogli zetkn\u0105\u0107 si\u0119 bezpo\u015brednio z polskim dziedzictwem przemys\u0142owym podczas wyjazdu studyjnego i zwiedzania Kopalni W\u0119gla Kamiennego \u201eWujek\u201d, \u015al\u0105skiego Centrum Wolno\u015bci i Solidarno\u015bci w Katowicach oraz Walcowni Cynku SILESIA w \u015awi\u0119toch\u0142owicach-Lipinach.<\/p>\n<!-- \/wp:paragraph -->\n\n<!-- wp:paragraph -->\n<p><strong>Nagranie z konferencji dost\u0119pne jest na kanale YouTube, TV NID<\/strong>:<\/p>\n<!-- \/wp:paragraph -->\n\n<!-- wp:paragraph -->\n<p><\/p>\n<!-- \/wp:paragraph -->\n\n<!-- wp:embed {\"url\":\"https:\/\/www.youtube.com\/watch?v=lNgY9yfjmD4\",\"type\":\"video\",\"providerNameSlug\":\"youtube\",\"responsive\":true,\"className\":\"wp-embed-aspect-16-9 wp-has-aspect-ratio\"} -->\n<figure class=\"wp-block-embed is-type-video is-provider-youtube wp-block-embed-youtube wp-embed-aspect-16-9 wp-has-aspect-ratio\"><div class=\"wp-block-embed__wrapper\">\nhttps:\/\/www.youtube.com\/watch?v=lNgY9yfjmD4\n<\/div><\/figure>\n<!-- \/wp:embed -->\n\n<!-- wp:paragraph -->\n<p><\/p>\n<!-- \/wp:paragraph -->\n\n<!-- wp:paragraph -->\n<p><a href=\"https:\/\/nid.pl\/wp-content\/uploads\/2023\/12\/Program_Konferencja-naukowa-Dziedzictwo-przemyslowe-w-sercu-Zielonej-Europy.pdf\">P<\/a><a href=\"https:\/\/nid.pl\/wp-content\/uploads\/2023\/11\/MKN-Dziedzictwo-Przemyslowe-w-sercu-Zielonej-Europy-PROGRAM_11.11.2023.pdf\">rogram konferencji<\/a><\/p>\n<!-- \/wp:paragraph -->\n\n<!-- wp:paragraph -->\n<p><strong>Rekomendacje z konferencji naukowej \u201eDziedzictwo przemys\u0142owe w sercu Zielonej Europy\u201d<\/strong><\/p>\n<!-- \/wp:paragraph -->\n\n<!-- wp:paragraph -->\n<p>Wnioski p\u0142yn\u0105ce z dyskusji zosta\u0142y uj\u0119te w formie rekomendacji zredagowanych przez cz\u0142onk\u00f3w Rady Naukowej i Komitetu Honorowego konferencji: Hildebrand\u2019a de Boer\u2019a, Sekretarza Komitetu Dziedzictwa Przemys\u0142owego Europa Nostra, Tiddo Bresters\u2019a, Prezydenta FIVA (Mi\u0119dzynarodowej Federacji Pojazd\u00f3w Zabytkowych, Piotra Gerbera, Prezesa Zarz\u0105du PK TICCIH oraz Fundacji Ochrony Dziedzictwa Przemys\u0142owego \u015al\u0105ska, Jaap\u2019a Nieweg\u2019a, Prezydenta FEDECRAIL (Europejskiej Federacji Muze\u00f3w i Kolei Turystycznych) oraz Miles\u2019a Oglethorpe, Prezydenta Mi\u0119dzynarodowego Komitetu Ochrony Dziedzictwa Przemys\u0142owego TICCIH. W rekomendacjach podkre\u015blono m.in. rol\u0119 dziedzictwa przemys\u0142owego jako cz\u0119\u015bci wsp\u00f3lnej to\u017csamo\u015bci mieszka\u0144c\u00f3w Europy, kt\u00f3rego adaptacja i ponowne wykorzystanie mog\u0105 by\u0107 przyjazne dla \u015brodowiska. Uznano te\u017c w\u0119giel jako sk\u0142adnik dziedzictwa przemys\u0142owego Europy, kt\u00f3rego wydobycie powinno by\u0107 utrzymane w stopniu zapewniaj\u0105cym dzia\u0142anie obiekt\u00f3w dziedzictwa przemys\u0142owego. Rekomendacje zostan\u0105 wys\u0142ane do instytucji zaanga\u017cowanych w ochron\u0119 dziedzictwa przemys\u0142owego w Polsce i w Europie.<\/p>\n<!-- \/wp:paragraph -->\n\n<!-- wp:paragraph -->\n<p>Pe\u0142ny tekst rekomendacji z Konferencji \u201eDziedzictwo Przemys\u0142owe w sercu Zielonej Europy\u201d <a href=\"https:\/\/nid.pl\/wp-content\/uploads\/2023\/12\/Recommendations-from-the-Conference-in-Katowice.pdf\">&lt;tutaj&gt;<\/a>.<\/p>\n<!-- \/wp:paragraph -->\n\n<!-- wp:paragraph -->\n<p>Wybrane artyku\u0142y zostan\u0105 przekazane do publikacji w wydawnictwie \u201eArchitectus\u201d.<\/p>\n<!-- \/wp:paragraph -->\n\n<!-- wp:paragraph -->\n<p>Konferencja zosta\u0142a obj\u0119ta honorowym patronatemsekretarza stanu w Ministerstwie Kultury i Dziedzictwa Narodowego, Generalnego Konserwatora Zabytk\u00f3w dr. Jaros\u0142awa Sellina, Marsza\u0142ka Wojew\u00f3dztwa \u015al\u0105skiego Jakuba Che\u0142stowskiego, Prezydenta Miasta Katowice Marcina Krupy, Polskiego Komitetu UNESCO.<\/p>\n<!-- \/wp:paragraph -->\n\n<!-- wp:paragraph -->\n<p>Organizacja konferencji zosta\u0142a dofinansowana ze \u015brodk\u00f3w Ministerstwa Kultury i Dziedzictwa Narodowego, w ramach realizacji zadania \u201eDziedzictwo przemys\u0142owe wspiera Zielon\u0105 Europ\u0119\u201d.<\/p>\n<!-- \/wp:paragraph -->\n\n<!-- wp:paragraph -->\n<p><\/p>\n<!-- \/wp:paragraph -->\n\n<!-- wp:image {\"align\":\"center\",\"id\":15077,\"width\":\"685px\",\"height\":\"auto\",\"sizeSlug\":\"large\",\"linkDestination\":\"none\"} -->\n<figure class=\"wp-block-image aligncenter size-large is-resized\"><img src=\"https:\/\/nid.pl\/wp-content\/uploads\/2023\/12\/Konferencja-dziedzictwo-przemyslowe-1-fot.-NID-Jakub-Pawl-6-1024x768.png\" alt=\"\" class=\"wp-image-15077\" style=\"width:685px;height:auto\"\/><figcaption class=\"wp-element-caption\">dr hab. Katarzyna Zalasi\u0144ska, dyrektor Narodowego Instytutu Dziedzictwa, konferencja naukowa \"Dziedzictwo przemys\u0142owe w sercu Zielonej Europy, fot. NID\/Jakub Pawlak<\/figcaption><\/figure>\n<!-- \/wp:image -->\n\n<!-- wp:image {\"align\":\"center\",\"id\":15078,\"width\":\"687px\",\"height\":\"auto\",\"sizeSlug\":\"large\",\"linkDestination\":\"none\"} -->\n<figure class=\"wp-block-image aligncenter size-large is-resized\"><img src=\"https:\/\/nid.pl\/wp-content\/uploads\/2023\/12\/Konferencja-dziedzictwo-przemyslowe-1-fot.-NID-Jakub-Pawl-4-1024x768.png\" alt=\"\" class=\"wp-image-15078\" style=\"width:687px;height:auto\"\/><figcaption class=\"wp-element-caption\">dr Katarzyna Pa\u0142ubska, dyrektor Departamentu Ochrony Zabytk\u00f3w w Ministerstwie Kultury i Dziedzictwa Narodowego, konferencja naukowa \"Dziedzictwo przemys\u0142owe w sercu Zielonej Europy, fot. NID\/Jakub Pawlak<\/figcaption><\/figure>\n<!-- \/wp:image -->\n\n<!-- wp:image {\"align\":\"center\",\"id\":15079,\"width\":\"689px\",\"height\":\"auto\",\"sizeSlug\":\"large\",\"linkDestination\":\"none\"} -->\n<figure class=\"wp-block-image aligncenter size-large is-resized\"><img src=\"https:\/\/nid.pl\/wp-content\/uploads\/2023\/12\/Konferencja-dziedzictwo-przemyslowe-1-fot.-NID-Jakub-Pawl-5-1024x768.png\" alt=\"\" class=\"wp-image-15079\" style=\"width:689px;height:auto\"\/><figcaption class=\"wp-element-caption\">Tiddo Bresters, prezydent Mi\u0119dzynarodowej Federacji Pojazd\u00f3w Zabytkowych, konferencja naukowa \"Dziedzictwo przemys\u0142owe w sercu Zielonej Europy, fot. NID\/Jakub Pawlak<\/figcaption><\/figure>\n<!-- \/wp:image -->\n\n<!-- wp:image {\"align\":\"center\",\"id\":15080,\"width\":\"691px\",\"height\":\"auto\",\"sizeSlug\":\"large\",\"linkDestination\":\"none\"} -->\n<figure class=\"wp-block-image aligncenter size-large is-resized\"><img src=\"https:\/\/nid.pl\/wp-content\/uploads\/2023\/12\/Konferencja-dziedzictwo-przemyslowe-1-fot.-NID-Jakub-Pawl-7-1024x768.png\" alt=\"\" class=\"wp-image-15080\" style=\"width:691px;height:auto\"\/><figcaption class=\"wp-element-caption\">Massimo Preite, cz\u0142onek zarz\u0105du TICCIH oraz ERIH, konferencja naukowa \"Dziedzictwo przemys\u0142owe w sercu Zielonej Europy, fot. NID\/Jakub Pawlak<\/figcaption><\/figure>\n<!-- \/wp:image -->\n\n<!-- wp:image {\"align\":\"center\",\"id\":15081,\"width\":\"691px\",\"height\":\"auto\",\"sizeSlug\":\"large\",\"linkDestination\":\"none\"} -->\n<figure class=\"wp-block-image aligncenter size-large is-resized\"><img src=\"https:\/\/nid.pl\/wp-content\/uploads\/2023\/12\/Konferencja-dziedzictwo-przemyslowe-1-fot.-NID-Jakub-Pawl-8-1024x768.png\" alt=\"\" class=\"wp-image-15081\" style=\"width:691px;height:auto\"\/><figcaption class=\"wp-element-caption\">Bartosz Walczak, w-ce prezes PK TICCIH, konferencja naukowa \"Dziedzictwo przemys\u0142owe w sercu Zielonej Europy, fot. NID\/Jakub Pawlak<\/figcaption><\/figure>\n<!-- \/wp:image -->\n\n<!-- wp:image {\"align\":\"center\",\"id\":15082,\"width\":\"689px\",\"height\":\"auto\",\"sizeSlug\":\"large\",\"linkDestination\":\"none\"} -->\n<figure class=\"wp-block-image aligncenter size-large is-resized\"><img src=\"https:\/\/nid.pl\/wp-content\/uploads\/2023\/12\/Konferencja-dziedzictwo-przemyslowe-1-fot.-NID-Jakub-Pawl-9-1024x768.png\" alt=\"\" class=\"wp-image-15082\" style=\"width:689px;height:auto\"\/><figcaption class=\"wp-element-caption\">Hildebrand de Boer, sekretarz Komitetu Dziedzictwa Przemys\u0142owego Europa Nostra, wsp\u00f3\u0142za\u0142o\u017cyciel ERIH, konferencja naukowa \"Dziedzictwo przemys\u0142owe w sercu Zielonej Europy, fot. NID\/Jakub Pawlak<\/figcaption><\/figure>\n<!-- \/wp:image -->\n\n<!-- wp:image {\"align\":\"center\",\"id\":15083,\"width\":\"691px\",\"height\":\"auto\",\"sizeSlug\":\"large\",\"linkDestination\":\"none\"} -->\n<figure class=\"wp-block-image aligncenter size-large is-resized\"><img src=\"https:\/\/nid.pl\/wp-content\/uploads\/2023\/12\/Konferencja-dziedzictwo-przemyslowe-1-fot.-NID-Jakub-Pawl-10-1024x768.png\" alt=\"\" class=\"wp-image-15083\" style=\"width:691px;height:auto\"\/><figcaption class=\"wp-element-caption\">Konferencja naukowa \"Dziedzictwo przemys\u0142owe w sercu Zielonej Europy, fot. NID\/Jakub Pawlak<\/figcaption><\/figure>\n<!-- \/wp:image -->\n\n<!-- wp:image {\"align\":\"center\",\"id\":15084,\"width\":\"689px\",\"height\":\"auto\",\"sizeSlug\":\"large\",\"linkDestination\":\"none\"} -->\n<figure class=\"wp-block-image aligncenter size-large is-resized\"><img src=\"https:\/\/nid.pl\/wp-content\/uploads\/2023\/12\/Konferencja-dziedzictwo-przemyslowe-1-fot.-NID-Jakub-Pawl-11-1024x768.png\" alt=\"\" class=\"wp-image-15084\" style=\"width:689px;height:auto\"\/><figcaption class=\"wp-element-caption\">Andrzej Adamczyk, odznaczony Z\u0142ot\u0105 odznak\u0105 za opiek\u0119 nad zabytkami, konferencja naukowa \"Dziedzictwo przemys\u0142owe w sercu Zielonej Europy, fot. NID\/Jakub Pawlak<\/figcaption><\/figure>\n<!-- \/wp:image -->\n\n<!-- wp:image {\"align\":\"center\",\"id\":15085,\"width\":\"691px\",\"height\":\"auto\",\"sizeSlug\":\"large\",\"linkDestination\":\"none\"} -->\n<figure class=\"wp-block-image aligncenter size-large is-resized\"><img src=\"https:\/\/nid.pl\/wp-content\/uploads\/2023\/12\/Konferencja-dziedzictwo-przemyslowe-1-fot.-NID-Jakub-Pawl-12-1024x714.png\" alt=\"\" class=\"wp-image-15085\" style=\"width:691px;height:auto\"\/><figcaption class=\"wp-element-caption\">Konferencja naukowa \"Dziedzictwo przemys\u0142owe w sercu Zielonej Europy, fot. NID\/Jakub Pawlak<\/figcaption><\/figure>\n<!-- \/wp:image -->\n\n<!-- wp:image {\"align\":\"center\",\"id\":15087,\"width\":\"691px\",\"height\":\"auto\",\"sizeSlug\":\"large\",\"linkDestination\":\"none\"} -->\n<figure class=\"wp-block-image aligncenter size-large is-resized\"><img src=\"https:\/\/nid.pl\/wp-content\/uploads\/2023\/12\/Konferencja-dziedzictwo-przemyslowe-1-fot.-NID-Jakub-Pawl-13-1024x819.png\" alt=\"\" class=\"wp-image-15087\" style=\"width:691px;height:auto\"\/><figcaption class=\"wp-element-caption\">Tomasz B\u0142yskosz, Narodowy Instytut Dziedzictwa, konferencja naukowa \"Dziedzictwo przemys\u0142owe w sercu Zielonej Europy, fot. NID\/Jakub Pawlak<\/figcaption><\/figure>\n<!-- \/wp:image -->\n\n<!-- wp:image {\"align\":\"center\",\"id\":15088,\"width\":\"691px\",\"height\":\"auto\",\"sizeSlug\":\"large\",\"linkDestination\":\"none\"} -->\n<figure class=\"wp-block-image aligncenter size-large is-resized\"><img src=\"https:\/\/nid.pl\/wp-content\/uploads\/2023\/12\/Konferencja-dziedzictwo-przemyslowe-1-fot.-NID-Jakub-Pawl-14-1024x819.png\" alt=\"\" class=\"wp-image-15088\" style=\"width:691px;height:auto\"\/><figcaption class=\"wp-element-caption\">Igor Strzok, Pomorski Wojew\u00f3dzki Konserwator Zabytk\u00f3w, konferencja naukowa \"Dziedzictwo przemys\u0142owe w sercu Zielonej Europy, fot. NID\/Jakub Pawlak<\/figcaption><\/figure>\n<!-- \/wp:image -->\n\n<!-- wp:image {\"align\":\"center\",\"id\":15089,\"width\":\"693px\",\"height\":\"auto\",\"sizeSlug\":\"large\",\"linkDestination\":\"none\"} -->\n<figure class=\"wp-block-image aligncenter size-large is-resized\"><img src=\"https:\/\/nid.pl\/wp-content\/uploads\/2023\/12\/Konferencja-dziedzictwo-przemyslowe-1-fot.-NID-Jakub-Pawl-15-1024x819.png\" alt=\"\" class=\"wp-image-15089\" style=\"width:693px;height:auto\"\/><figcaption class=\"wp-element-caption\">Robert Hirsch, Politechnika Gda\u0144ska, konferencja naukowa \"Dziedzictwo przemys\u0142owe w sercu Zielonej Europy, fot. NID\/Jakub Pawlak<\/figcaption><\/figure>\n<!-- \/wp:image -->\n\n<!-- wp:image {\"align\":\"center\",\"id\":15090,\"width\":\"697px\",\"height\":\"auto\",\"sizeSlug\":\"large\",\"linkDestination\":\"none\"} -->\n<figure class=\"wp-block-image aligncenter size-large is-resized\"><img src=\"https:\/\/nid.pl\/wp-content\/uploads\/2023\/12\/Konferencja-dziedzictwo-przemyslowe-1-fot.-NID-Jakub-Pawl-16-1024x819.png\" alt=\"\" class=\"wp-image-15090\" style=\"width:697px;height:auto\"\/><figcaption class=\"wp-element-caption\">Maciej M\u0105dry, dyrektor Muzeum Hutnictwa Cynku WALCOWNIA w Katowicach, konferencja naukowa \"Dziedzictwo przemys\u0142owe w sercu Zielonej Europy, fot. NID\/Jakub Pawlak<\/figcaption><\/figure>\n<!-- \/wp:image -->\n\n<!-- wp:image {\"align\":\"center\",\"id\":15091,\"width\":\"695px\",\"height\":\"auto\",\"sizeSlug\":\"large\",\"linkDestination\":\"none\"} -->\n<figure class=\"wp-block-image aligncenter size-large is-resized\"><img src=\"https:\/\/nid.pl\/wp-content\/uploads\/2023\/12\/Konferencja-dziedzictwo-przemyslowe-1-fot.-NID-Jakub-Pawl-17-1024x819.png\" alt=\"\" class=\"wp-image-15091\" style=\"width:695px;height:auto\"\/><figcaption class=\"wp-element-caption\">Konferencja naukowa \"Dziedzictwo przemys\u0142owe w sercu Zielonej Europy, fot. NID\/Jakub Pawlak<\/figcaption><\/figure>\n<!-- \/wp:image -->\n\n<!-- wp:image {\"align\":\"center\",\"id\":15086,\"width\":\"697px\",\"height\":\"auto\",\"sizeSlug\":\"large\",\"linkDestination\":\"none\"} -->\n<figure class=\"wp-block-image aligncenter size-large is-resized\"><img src=\"https:\/\/nid.pl\/wp-content\/uploads\/2023\/12\/Konferencja-dziedzictwo-przemyslowe-1-fot.-NID-Jakub-Pawl-18-1024x768.png\" alt=\"\" class=\"wp-image-15086\" style=\"width:697px;height:auto\"\/><figcaption class=\"wp-element-caption\">Miles Olgethorpe, prezydent Mi\u0119dzynarodowego Komitetu Ochrony Dziedzictwa Przemys\u0142owego TICCIH, konferencja naukowa \"Dziedzictwo przemys\u0142owe w sercu Zielonej Europy, fot. NID\/Jakub Pawlak<\/figcaption><\/figure>\n<!-- \/wp:image -->\n\n<!-- wp:image {\"align\":\"center\",\"id\":15092,\"width\":\"695px\",\"height\":\"auto\",\"sizeSlug\":\"large\",\"linkDestination\":\"none\"} -->\n<figure class=\"wp-block-image aligncenter size-large is-resized\"><img src=\"https:\/\/nid.pl\/wp-content\/uploads\/2023\/12\/Konferencja-dziedzictwo-przemyslowe-1-fot.-NID-Jakub-Pawl-19-1024x768.png\" alt=\"\" class=\"wp-image-15092\" style=\"width:695px;height:auto\"\/><figcaption class=\"wp-element-caption\">prof. Jerzy Jasie\u0144ko, Politechnika Wroc\u0142awska, konferencja naukowa \"Dziedzictwo przemys\u0142owe w sercu Zielonej Europy, fot. NID\/Jakub Pawlak<\/figcaption><\/figure>\n<!-- \/wp:image -->\n\n<!-- wp:image {\"align\":\"center\",\"id\":15093,\"width\":\"697px\",\"height\":\"auto\",\"sizeSlug\":\"large\",\"linkDestination\":\"none\"} -->\n<figure class=\"wp-block-image aligncenter size-large is-resized\"><img src=\"https:\/\/nid.pl\/wp-content\/uploads\/2023\/12\/Konferencja-dziedzictwo-przemyslowe-1-fot.-NID-Jakub-Pawl-20-1024x768.png\" alt=\"\" class=\"wp-image-15093\" style=\"width:697px;height:auto\"\/><figcaption class=\"wp-element-caption\">Pierre Laconte, przewodnicz\u0105cy Komitetu Dziedzictwa Przemys\u0142owego i In\u017cynieryjnego Europa Nostra, konferencja naukowa \"Dziedzictwo przemys\u0142owe w sercu Zielonej Europy, fot. NID\/Jakub Pawlak<\/figcaption><\/figure>\n<!-- \/wp:image -->\n\n<!-- wp:image {\"align\":\"center\",\"id\":15094,\"width\":\"697px\",\"height\":\"auto\",\"sizeSlug\":\"large\",\"linkDestination\":\"none\"} -->\n<figure class=\"wp-block-image aligncenter size-large is-resized\"><img src=\"https:\/\/nid.pl\/wp-content\/uploads\/2023\/12\/Konferencja-dziedzictwo-przemyslowe-1-fot.-NID-Jakub-Pawlak-1-1024x588.jpg\" alt=\"\" class=\"wp-image-15094\" style=\"width:697px;height:auto\"\/><figcaption class=\"wp-element-caption\">Uczestnicy konferencji naukowej \"Dziedzictwo przemys\u0142owe w sercu Zielonej Europy, fot. NID\/Jakub Pawlak<\/figcaption><\/figure>\n<!-- \/wp:image -->\n\n<!-- wp:image {\"align\":\"center\",\"id\":15096,\"width\":\"697px\",\"height\":\"auto\",\"sizeSlug\":\"large\",\"linkDestination\":\"none\"} -->\n<figure class=\"wp-block-image aligncenter size-large is-resized\"><img src=\"https:\/\/nid.pl\/wp-content\/uploads\/2023\/12\/Konferencja-dziedzictwo-przemyslowe-2-fot.-NID-Jakub-Pawlak-37-1024x690.jpg\" alt=\"\" class=\"wp-image-15096\" style=\"width:697px;height:auto\"\/><figcaption class=\"wp-element-caption\">Konferencja naukowa \"Dziedzictwo przemys\u0142owe w sercu Zielonej Europy, fot. NID\/Jakub Pawlak<\/figcaption><\/figure>\n<!-- \/wp:image -->\n\n<!-- wp:image {\"align\":\"center\",\"id\":15095,\"width\":\"695px\",\"height\":\"auto\",\"sizeSlug\":\"large\",\"linkDestination\":\"none\"} -->\n<figure class=\"wp-block-image aligncenter size-large is-resized\"><img src=\"https:\/\/nid.pl\/wp-content\/uploads\/2023\/12\/Konferencja-dziedzictwo-przemyslowe-2-fot.-NID-Jakub-Pawlak-49-1024x690.jpg\" alt=\"\" class=\"wp-image-15095\" style=\"width:695px;height:auto\"\/><figcaption class=\"wp-element-caption\">Konferencja naukowa \"Dziedzictwo przemys\u0142owe w sercu Zielonej Europy, fot. NID\/Jakub Pawlak<\/figcaption><\/figure>\n<!-- \/wp:image -->\n\n<!-- wp:paragraph -->\n<p><\/p>\n<!-- \/wp:paragraph -->\n\n<!-- wp:paragraph -->\n<p><\/p>\n<!-- \/wp:paragraph -->\n\n<!-- wp:separator -->\n<hr class=\"wp-block-separator has-alpha-channel-opacity\"\/>\n<!-- \/wp:separator -->\n\n<!-- wp:paragraph -->\n<p><a id=\"_ftn1\" href=\"#_ftnref1\">[1]<\/a> Ca\u0142y wywiad dost\u0119pny na portalu \u015al\u0105zag <a href=\"https:\/\/www.slazag.pl\/polskie-prawo-nie-widzi-zabytkow-przemyslu-pisano-je-z-mysla-o-katedrach-i-zamkach\">https:\/\/www.slazag.pl\/polskie-prawo-nie-widzi-zabytkow-przemyslu-pisano-je-z-mysla-o-katedrach-i-zamkach<\/a><\/p>\n<!-- \/wp:paragraph -->","_et_gb_content_width":"","_monsterinsights_skip_tracking":false,"_monsterinsights_sitenote_active":false,"_monsterinsights_sitenote_note":"","_monsterinsights_sitenote_category":0,"footnotes":""},"categories":[3],"tags":[],"class_list":["post-15075","post","type-post","status-publish","format-standard","has-post-thumbnail","hentry","category-aktualnosci"],"yoast_head":"<!-- This site is optimized with the Yoast SEO plugin v26.5 - https:\/\/yoast.com\/wordpress\/plugins\/seo\/ -->\n<title>Podsumowanie konferencji naukowej \u201eDziedzictwo przemys\u0142owe w sercu Zielonej Europy\u201d, 16-17 listopada 2023 r. - NID<\/title>\n<meta name=\"robots\" content=\"index, follow, max-snippet:-1, max-image-preview:large, max-video-preview:-1\" \/>\n<link rel=\"canonical\" href=\"https:\/\/nid.pl\/en\/2023\/12\/11\/podsumowanie-konferencji-naukowej-dziedzictwo-przemyslowe-w-sercu-zielonej-europy-16-17-listopada-2023-r\/\" \/>\n<meta property=\"og:locale\" content=\"en_GB\" \/>\n<meta property=\"og:type\" content=\"article\" \/>\n<meta property=\"og:title\" content=\"Podsumowanie konferencji naukowej \u201eDziedzictwo przemys\u0142owe w sercu Zielonej Europy\u201d, 16-17 listopada 2023 r. - NID\" \/>\n<meta property=\"og:description\" content=\"Muzeum \u015al\u0105skie oraz Muzeum Hutnictwa Cynku Walcownia w Katowicach go\u015bci\u0142y w listopadzie prelegent\u00f3w i s\u0142uchaczy, kt\u00f3rym nieoboj\u0119tny jest los dziedzictwa przemys\u0142owego w Europie. W konferencji pt. \u201eDziedzictwo przemys\u0142owe w sercu [&hellip;]\" \/>\n<meta property=\"og:url\" content=\"https:\/\/nid.pl\/en\/2023\/12\/11\/podsumowanie-konferencji-naukowej-dziedzictwo-przemyslowe-w-sercu-zielonej-europy-16-17-listopada-2023-r\/\" \/>\n<meta property=\"og:site_name\" content=\"NID\" \/>\n<meta property=\"article:publisher\" content=\"https:\/\/www.facebook.com\/zabytek\" \/>\n<meta property=\"article:published_time\" content=\"2023-12-11T14:56:38+00:00\" \/>\n<meta property=\"article:modified_time\" content=\"2023-12-15T10:48:07+00:00\" \/>\n<meta property=\"og:image\" content=\"https:\/\/nid.pl\/wp-content\/uploads\/2023\/12\/miniaturka-aktualnosci-NID8-2.jpg\" \/>\n\t<meta property=\"og:image:width\" content=\"1850\" \/>\n\t<meta property=\"og:image:height\" content=\"1238\" \/>\n\t<meta property=\"og:image:type\" content=\"image\/jpeg\" \/>\n<meta name=\"author\" content=\"Barbara Halliop\" \/>\n<meta name=\"twitter:card\" content=\"summary_large_image\" \/>\n<meta name=\"twitter:creator\" content=\"@NarIDpl\" \/>\n<meta name=\"twitter:site\" content=\"@NarIDpl\" \/>\n<meta name=\"twitter:label1\" content=\"Written by\" \/>\n\t<meta name=\"twitter:data1\" content=\"Barbara Halliop\" \/>\n\t<meta name=\"twitter:label2\" content=\"Estimated reading time\" \/>\n\t<meta name=\"twitter:data2\" content=\"8 minutes\" \/>\n<script type=\"application\/ld+json\" class=\"yoast-schema-graph\">{\"@context\":\"https:\/\/schema.org\",\"@graph\":[{\"@type\":\"Article\",\"@id\":\"https:\/\/nid.pl\/2023\/12\/11\/podsumowanie-konferencji-naukowej-dziedzictwo-przemyslowe-w-sercu-zielonej-europy-16-17-listopada-2023-r\/#article\",\"isPartOf\":{\"@id\":\"https:\/\/nid.pl\/2023\/12\/11\/podsumowanie-konferencji-naukowej-dziedzictwo-przemyslowe-w-sercu-zielonej-europy-16-17-listopada-2023-r\/\"},\"author\":{\"name\":\"Barbara Halliop\",\"@id\":\"https:\/\/nid.pl\/#\/schema\/person\/1b690a8998a5111cfb9f0ffe24195a15\"},\"headline\":\"Podsumowanie konferencji naukowej \u201eDziedzictwo przemys\u0142owe w sercu Zielonej Europy\u201d, 16-17 listopada 2023 r.\",\"datePublished\":\"2023-12-11T14:56:38+00:00\",\"dateModified\":\"2023-12-15T10:48:07+00:00\",\"mainEntityOfPage\":{\"@id\":\"https:\/\/nid.pl\/2023\/12\/11\/podsumowanie-konferencji-naukowej-dziedzictwo-przemyslowe-w-sercu-zielonej-europy-16-17-listopada-2023-r\/\"},\"wordCount\":1106,\"publisher\":{\"@id\":\"https:\/\/nid.pl\/#organization\"},\"image\":{\"@id\":\"https:\/\/nid.pl\/2023\/12\/11\/podsumowanie-konferencji-naukowej-dziedzictwo-przemyslowe-w-sercu-zielonej-europy-16-17-listopada-2023-r\/#primaryimage\"},\"thumbnailUrl\":\"https:\/\/nid.pl\/wp-content\/uploads\/2023\/12\/miniaturka-aktualnosci-NID8-2.jpg\",\"articleSection\":[\"Aktualno\u015bci\"],\"inLanguage\":\"en-GB\"},{\"@type\":\"WebPage\",\"@id\":\"https:\/\/nid.pl\/2023\/12\/11\/podsumowanie-konferencji-naukowej-dziedzictwo-przemyslowe-w-sercu-zielonej-europy-16-17-listopada-2023-r\/\",\"url\":\"https:\/\/nid.pl\/2023\/12\/11\/podsumowanie-konferencji-naukowej-dziedzictwo-przemyslowe-w-sercu-zielonej-europy-16-17-listopada-2023-r\/\",\"name\":\"Podsumowanie konferencji naukowej \u201eDziedzictwo przemys\u0142owe w sercu Zielonej Europy\u201d, 16-17 listopada 2023 r. - NID\",\"isPartOf\":{\"@id\":\"https:\/\/nid.pl\/#website\"},\"primaryImageOfPage\":{\"@id\":\"https:\/\/nid.pl\/2023\/12\/11\/podsumowanie-konferencji-naukowej-dziedzictwo-przemyslowe-w-sercu-zielonej-europy-16-17-listopada-2023-r\/#primaryimage\"},\"image\":{\"@id\":\"https:\/\/nid.pl\/2023\/12\/11\/podsumowanie-konferencji-naukowej-dziedzictwo-przemyslowe-w-sercu-zielonej-europy-16-17-listopada-2023-r\/#primaryimage\"},\"thumbnailUrl\":\"https:\/\/nid.pl\/wp-content\/uploads\/2023\/12\/miniaturka-aktualnosci-NID8-2.jpg\",\"datePublished\":\"2023-12-11T14:56:38+00:00\",\"dateModified\":\"2023-12-15T10:48:07+00:00\",\"breadcrumb\":{\"@id\":\"https:\/\/nid.pl\/2023\/12\/11\/podsumowanie-konferencji-naukowej-dziedzictwo-przemyslowe-w-sercu-zielonej-europy-16-17-listopada-2023-r\/#breadcrumb\"},\"inLanguage\":\"en-GB\",\"potentialAction\":[{\"@type\":\"ReadAction\",\"target\":[\"https:\/\/nid.pl\/2023\/12\/11\/podsumowanie-konferencji-naukowej-dziedzictwo-przemyslowe-w-sercu-zielonej-europy-16-17-listopada-2023-r\/\"]}]},{\"@type\":\"ImageObject\",\"inLanguage\":\"en-GB\",\"@id\":\"https:\/\/nid.pl\/2023\/12\/11\/podsumowanie-konferencji-naukowej-dziedzictwo-przemyslowe-w-sercu-zielonej-europy-16-17-listopada-2023-r\/#primaryimage\",\"url\":\"https:\/\/nid.pl\/wp-content\/uploads\/2023\/12\/miniaturka-aktualnosci-NID8-2.jpg\",\"contentUrl\":\"https:\/\/nid.pl\/wp-content\/uploads\/2023\/12\/miniaturka-aktualnosci-NID8-2.jpg\",\"width\":1850,\"height\":1238,\"caption\":\"Podsumowanie konferencji naukowej \u201eDziedzictwo przemys\u0142owe w sercu Zielonej Europy\u201d, 16-17 listopada 2023 r. , fot. NID\/ Jakub Pawlak\"},{\"@type\":\"BreadcrumbList\",\"@id\":\"https:\/\/nid.pl\/2023\/12\/11\/podsumowanie-konferencji-naukowej-dziedzictwo-przemyslowe-w-sercu-zielonej-europy-16-17-listopada-2023-r\/#breadcrumb\",\"itemListElement\":[{\"@type\":\"ListItem\",\"position\":1,\"name\":\"Home\",\"item\":\"https:\/\/nid.pl\/\"},{\"@type\":\"ListItem\",\"position\":2,\"name\":\"Podsumowanie konferencji naukowej \u201eDziedzictwo przemys\u0142owe w sercu Zielonej Europy\u201d, 16-17 listopada 2023 r.\"}]},{\"@type\":\"WebSite\",\"@id\":\"https:\/\/nid.pl\/#website\",\"url\":\"https:\/\/nid.pl\/\",\"name\":\"NID\",\"description\":\"Narodowy Instytut Dziedzictwa\",\"publisher\":{\"@id\":\"https:\/\/nid.pl\/#organization\"},\"potentialAction\":[{\"@type\":\"SearchAction\",\"target\":{\"@type\":\"EntryPoint\",\"urlTemplate\":\"https:\/\/nid.pl\/?s={search_term_string}\"},\"query-input\":{\"@type\":\"PropertyValueSpecification\",\"valueRequired\":true,\"valueName\":\"search_term_string\"}}],\"inLanguage\":\"en-GB\"},{\"@type\":\"Organization\",\"@id\":\"https:\/\/nid.pl\/#organization\",\"name\":\"Narodowy Instytut Dziedzictwa\",\"url\":\"https:\/\/nid.pl\/\",\"logo\":{\"@type\":\"ImageObject\",\"inLanguage\":\"en-GB\",\"@id\":\"https:\/\/nid.pl\/#\/schema\/logo\/image\/\",\"url\":\"https:\/\/nid.pl\/wp-content\/uploads\/2022\/10\/logoRedDark.png\",\"contentUrl\":\"https:\/\/nid.pl\/wp-content\/uploads\/2022\/10\/logoRedDark.png\",\"width\":200,\"height\":197,\"caption\":\"Narodowy Instytut Dziedzictwa\"},\"image\":{\"@id\":\"https:\/\/nid.pl\/#\/schema\/logo\/image\/\"},\"sameAs\":[\"https:\/\/www.facebook.com\/zabytek\",\"https:\/\/x.com\/NarIDpl\",\"https:\/\/www.instagram.com\/nid.pl\/?hl=pl\",\"https:\/\/www.linkedin.com\/company\/narodowy-instytut-dziedzictwa\",\"https:\/\/www.youtube.com\/channel\/UCQXuhKa2uHtmNvLRUSx40JA\"]},{\"@type\":\"Person\",\"@id\":\"https:\/\/nid.pl\/#\/schema\/person\/1b690a8998a5111cfb9f0ffe24195a15\",\"name\":\"Barbara Halliop\",\"image\":{\"@type\":\"ImageObject\",\"inLanguage\":\"en-GB\",\"@id\":\"https:\/\/nid.pl\/#\/schema\/person\/image\/\",\"url\":\"https:\/\/nid.pl\/wp-content\/litespeed\/avatar\/924046d17dd0c842c9fa9ccf489bc6dc.jpg?ver=1777444967\",\"contentUrl\":\"https:\/\/nid.pl\/wp-content\/litespeed\/avatar\/924046d17dd0c842c9fa9ccf489bc6dc.jpg?ver=1777444967\",\"caption\":\"Barbara Halliop\"},\"url\":\"http:\/\/nid.pl\/en\/author\/bhalliop\/\"}]}<\/script>\n<!-- \/ Yoast SEO plugin. -->","yoast_head_json":{"title":"Podsumowanie konferencji naukowej \u201eDziedzictwo przemys\u0142owe w sercu Zielonej Europy\u201d, 16-17 listopada 2023 r. - NID","robots":{"index":"index","follow":"follow","max-snippet":"max-snippet:-1","max-image-preview":"max-image-preview:large","max-video-preview":"max-video-preview:-1"},"canonical":"https:\/\/nid.pl\/en\/2023\/12\/11\/podsumowanie-konferencji-naukowej-dziedzictwo-przemyslowe-w-sercu-zielonej-europy-16-17-listopada-2023-r\/","og_locale":"en_GB","og_type":"article","og_title":"Podsumowanie konferencji naukowej \u201eDziedzictwo przemys\u0142owe w sercu Zielonej Europy\u201d, 16-17 listopada 2023 r. - NID","og_description":"Muzeum \u015al\u0105skie oraz Muzeum Hutnictwa Cynku Walcownia w Katowicach go\u015bci\u0142y w listopadzie prelegent\u00f3w i s\u0142uchaczy, kt\u00f3rym nieoboj\u0119tny jest los dziedzictwa przemys\u0142owego w Europie. W konferencji pt. \u201eDziedzictwo przemys\u0142owe w sercu [&hellip;]","og_url":"https:\/\/nid.pl\/en\/2023\/12\/11\/podsumowanie-konferencji-naukowej-dziedzictwo-przemyslowe-w-sercu-zielonej-europy-16-17-listopada-2023-r\/","og_site_name":"NID","article_publisher":"https:\/\/www.facebook.com\/zabytek","article_published_time":"2023-12-11T14:56:38+00:00","article_modified_time":"2023-12-15T10:48:07+00:00","og_image":[{"width":1850,"height":1238,"url":"https:\/\/nid.pl\/wp-content\/uploads\/2023\/12\/miniaturka-aktualnosci-NID8-2.jpg","type":"image\/jpeg"}],"author":"Barbara Halliop","twitter_card":"summary_large_image","twitter_creator":"@NarIDpl","twitter_site":"@NarIDpl","twitter_misc":{"Written by":"Barbara Halliop","Estimated reading time":"8 minutes"},"schema":{"@context":"https:\/\/schema.org","@graph":[{"@type":"Article","@id":"https:\/\/nid.pl\/2023\/12\/11\/podsumowanie-konferencji-naukowej-dziedzictwo-przemyslowe-w-sercu-zielonej-europy-16-17-listopada-2023-r\/#article","isPartOf":{"@id":"https:\/\/nid.pl\/2023\/12\/11\/podsumowanie-konferencji-naukowej-dziedzictwo-przemyslowe-w-sercu-zielonej-europy-16-17-listopada-2023-r\/"},"author":{"name":"Barbara Halliop","@id":"https:\/\/nid.pl\/#\/schema\/person\/1b690a8998a5111cfb9f0ffe24195a15"},"headline":"Podsumowanie konferencji naukowej \u201eDziedzictwo przemys\u0142owe w sercu Zielonej Europy\u201d, 16-17 listopada 2023 r.","datePublished":"2023-12-11T14:56:38+00:00","dateModified":"2023-12-15T10:48:07+00:00","mainEntityOfPage":{"@id":"https:\/\/nid.pl\/2023\/12\/11\/podsumowanie-konferencji-naukowej-dziedzictwo-przemyslowe-w-sercu-zielonej-europy-16-17-listopada-2023-r\/"},"wordCount":1106,"publisher":{"@id":"https:\/\/nid.pl\/#organization"},"image":{"@id":"https:\/\/nid.pl\/2023\/12\/11\/podsumowanie-konferencji-naukowej-dziedzictwo-przemyslowe-w-sercu-zielonej-europy-16-17-listopada-2023-r\/#primaryimage"},"thumbnailUrl":"https:\/\/nid.pl\/wp-content\/uploads\/2023\/12\/miniaturka-aktualnosci-NID8-2.jpg","articleSection":["Aktualno\u015bci"],"inLanguage":"en-GB"},{"@type":"WebPage","@id":"https:\/\/nid.pl\/2023\/12\/11\/podsumowanie-konferencji-naukowej-dziedzictwo-przemyslowe-w-sercu-zielonej-europy-16-17-listopada-2023-r\/","url":"https:\/\/nid.pl\/2023\/12\/11\/podsumowanie-konferencji-naukowej-dziedzictwo-przemyslowe-w-sercu-zielonej-europy-16-17-listopada-2023-r\/","name":"Podsumowanie konferencji naukowej \u201eDziedzictwo przemys\u0142owe w sercu Zielonej Europy\u201d, 16-17 listopada 2023 r. - NID","isPartOf":{"@id":"https:\/\/nid.pl\/#website"},"primaryImageOfPage":{"@id":"https:\/\/nid.pl\/2023\/12\/11\/podsumowanie-konferencji-naukowej-dziedzictwo-przemyslowe-w-sercu-zielonej-europy-16-17-listopada-2023-r\/#primaryimage"},"image":{"@id":"https:\/\/nid.pl\/2023\/12\/11\/podsumowanie-konferencji-naukowej-dziedzictwo-przemyslowe-w-sercu-zielonej-europy-16-17-listopada-2023-r\/#primaryimage"},"thumbnailUrl":"https:\/\/nid.pl\/wp-content\/uploads\/2023\/12\/miniaturka-aktualnosci-NID8-2.jpg","datePublished":"2023-12-11T14:56:38+00:00","dateModified":"2023-12-15T10:48:07+00:00","breadcrumb":{"@id":"https:\/\/nid.pl\/2023\/12\/11\/podsumowanie-konferencji-naukowej-dziedzictwo-przemyslowe-w-sercu-zielonej-europy-16-17-listopada-2023-r\/#breadcrumb"},"inLanguage":"en-GB","potentialAction":[{"@type":"ReadAction","target":["https:\/\/nid.pl\/2023\/12\/11\/podsumowanie-konferencji-naukowej-dziedzictwo-przemyslowe-w-sercu-zielonej-europy-16-17-listopada-2023-r\/"]}]},{"@type":"ImageObject","inLanguage":"en-GB","@id":"https:\/\/nid.pl\/2023\/12\/11\/podsumowanie-konferencji-naukowej-dziedzictwo-przemyslowe-w-sercu-zielonej-europy-16-17-listopada-2023-r\/#primaryimage","url":"https:\/\/nid.pl\/wp-content\/uploads\/2023\/12\/miniaturka-aktualnosci-NID8-2.jpg","contentUrl":"https:\/\/nid.pl\/wp-content\/uploads\/2023\/12\/miniaturka-aktualnosci-NID8-2.jpg","width":1850,"height":1238,"caption":"Podsumowanie konferencji naukowej \u201eDziedzictwo przemys\u0142owe w sercu Zielonej Europy\u201d, 16-17 listopada 2023 r. , fot. NID\/ Jakub Pawlak"},{"@type":"BreadcrumbList","@id":"https:\/\/nid.pl\/2023\/12\/11\/podsumowanie-konferencji-naukowej-dziedzictwo-przemyslowe-w-sercu-zielonej-europy-16-17-listopada-2023-r\/#breadcrumb","itemListElement":[{"@type":"ListItem","position":1,"name":"Home","item":"https:\/\/nid.pl\/"},{"@type":"ListItem","position":2,"name":"Podsumowanie konferencji naukowej \u201eDziedzictwo przemys\u0142owe w sercu Zielonej Europy\u201d, 16-17 listopada 2023 r."}]},{"@type":"WebSite","@id":"https:\/\/nid.pl\/#website","url":"https:\/\/nid.pl\/","name":"NID","description":"Narodowy Instytut Dziedzictwa","publisher":{"@id":"https:\/\/nid.pl\/#organization"},"potentialAction":[{"@type":"SearchAction","target":{"@type":"EntryPoint","urlTemplate":"https:\/\/nid.pl\/?s={search_term_string}"},"query-input":{"@type":"PropertyValueSpecification","valueRequired":true,"valueName":"search_term_string"}}],"inLanguage":"en-GB"},{"@type":"Organization","@id":"https:\/\/nid.pl\/#organization","name":"Narodowy Instytut Dziedzictwa","url":"https:\/\/nid.pl\/","logo":{"@type":"ImageObject","inLanguage":"en-GB","@id":"https:\/\/nid.pl\/#\/schema\/logo\/image\/","url":"https:\/\/nid.pl\/wp-content\/uploads\/2022\/10\/logoRedDark.png","contentUrl":"https:\/\/nid.pl\/wp-content\/uploads\/2022\/10\/logoRedDark.png","width":200,"height":197,"caption":"Narodowy Instytut Dziedzictwa"},"image":{"@id":"https:\/\/nid.pl\/#\/schema\/logo\/image\/"},"sameAs":["https:\/\/www.facebook.com\/zabytek","https:\/\/x.com\/NarIDpl","https:\/\/www.instagram.com\/nid.pl\/?hl=pl","https:\/\/www.linkedin.com\/company\/narodowy-instytut-dziedzictwa","https:\/\/www.youtube.com\/channel\/UCQXuhKa2uHtmNvLRUSx40JA"]},{"@type":"Person","@id":"https:\/\/nid.pl\/#\/schema\/person\/1b690a8998a5111cfb9f0ffe24195a15","name":"Barbara Halliop","image":{"@type":"ImageObject","inLanguage":"en-GB","@id":"https:\/\/nid.pl\/#\/schema\/person\/image\/","url":"https:\/\/nid.pl\/wp-content\/litespeed\/avatar\/924046d17dd0c842c9fa9ccf489bc6dc.jpg?ver=1777444967","contentUrl":"https:\/\/nid.pl\/wp-content\/litespeed\/avatar\/924046d17dd0c842c9fa9ccf489bc6dc.jpg?ver=1777444967","caption":"Barbara Halliop"},"url":"http:\/\/nid.pl\/en\/author\/bhalliop\/"}]}},"_links":{"self":[{"href":"http:\/\/nid.pl\/en\/wp-json\/wp\/v2\/posts\/15075","targetHints":{"allow":["GET"]}}],"collection":[{"href":"http:\/\/nid.pl\/en\/wp-json\/wp\/v2\/posts"}],"about":[{"href":"http:\/\/nid.pl\/en\/wp-json\/wp\/v2\/types\/post"}],"author":[{"embeddable":true,"href":"http:\/\/nid.pl\/en\/wp-json\/wp\/v2\/users\/7"}],"replies":[{"embeddable":true,"href":"http:\/\/nid.pl\/en\/wp-json\/wp\/v2\/comments?post=15075"}],"version-history":[{"count":0,"href":"http:\/\/nid.pl\/en\/wp-json\/wp\/v2\/posts\/15075\/revisions"}],"wp:featuredmedia":[{"embeddable":true,"href":"http:\/\/nid.pl\/en\/wp-json\/wp\/v2\/media\/15099"}],"wp:attachment":[{"href":"http:\/\/nid.pl\/en\/wp-json\/wp\/v2\/media?parent=15075"}],"wp:term":[{"taxonomy":"category","embeddable":true,"href":"http:\/\/nid.pl\/en\/wp-json\/wp\/v2\/categories?post=15075"},{"taxonomy":"post_tag","embeddable":true,"href":"http:\/\/nid.pl\/en\/wp-json\/wp\/v2\/tags?post=15075"}],"curies":[{"name":"wp","href":"https:\/\/api.w.org\/{rel}","templated":true}]}}